{"id":8259,"date":"2017-11-29T16:45:01","date_gmt":"2017-11-29T15:45:01","guid":{"rendered":"http:\/\/www.asajacyl.com\/leon\/?p=8259"},"modified":"2017-11-29T16:45:01","modified_gmt":"2017-11-29T15:45:01","slug":"cotizaciones-de-la-lonja-agropecuaria-de-leon-29-11-2017","status":"publish","type":"post","link":"https:\/\/www.asajacyl.com\/leon\/servicios-socio\/lonjas-mercados\/cotizaciones-de-la-lonja-agropecuaria-de-leon-29-11-2017","title":{"rendered":"Cotizaciones de la Lonja Agropecuaria de Le\u00f3n 29\/11\/2017"},"content":{"rendered":"<h2><strong><u>A pesar de la subida de hoy, creemos que el ma\u00edz sigue infravalorado en los mercados<\/u><\/strong><\/h2>\n<h6>\u00a0\u00a0\u00a0\u00a0\u00a0\u00a0\u00a0\u00a0\u00a0\u00a0\u00a0\u00a0\u00a0\u00a0\u00a0\u00a0\u00a0\u00a0\u00a0\u00a0\u00a0\u00a0 Subida de 2 euros tonelada del ma\u00edz en la sesi\u00f3n de hoy de la lonja de le\u00f3n celebra en Santa Maria del Paramo.<\/h6>\n<h6>\u00a0\u00a0\u00a0\u00a0\u00a0\u00a0\u00a0\u00a0\u00a0\u00a0\u00a0 A pesar de esta subida creemos que este cereal sigue infravalorado en los mercados, puesto que tiene un diferencial de 18 euros tonelada respecto al trigo y la cebada y lo que es pr\u00e1cticamente inaudito que valga 10 euros m\u00e1s la tonelada de centeno que la de ma\u00edz.<\/h6>\n<h6>\u00a0\u00a0\u00a0\u00a0\u00a0\u00a0\u00a0\u00a0\u00a0\u00a0\u00a0 Esperamos que estas diferencias se vayan acortando en el medio plazo puesto que las f\u00e1bricas de piensos aumentar\u00e1n la formulaci\u00f3n de ma\u00edz y las industrias dedicadas al etanol prev\u00e9n un aumento de utilizaci\u00f3n de ma\u00edz y m\u00e1s si el petr\u00f3leo se consolida en los precios actuales.<\/h6>\n<h6>\u00a0\u00a0\u00a0\u00a0\u00a0\u00a0\u00a0\u00a0\u00a0\u00a0\u00a0 Respecto al resto de cereales seguimos viendo fuerte a la cebada que muy posiblemente llegue a cotizar por encima del trigo ya que \u00e9ste se est\u00e1 viendo muy presionado por las exportaciones rusas que se est\u00e1n apuntando todas las licitaciones de exportaci\u00f3n hacia los principales pa\u00edses importadores de \u00c1frica y Asia en detrimento de las de EEUU.<\/h6>\n<h6>\u00a0En Le\u00f3n a 29 de noviembre de 2.017.<\/h6>\n<h6><strong>\u00a0<\/strong><\/h6>\n<p>Precios Orientativos Euros\/Tonelada en <strong><u>Origen Almac\u00e9n Agricultor<\/u><\/strong><\/p>\n<p>(Condiciones de Calidad O.C.M. Cereales-F.E.G.A. Campa\u00f1a 2015\/2016)<\/p>\n<table>\n<tbody>\n<tr>\n<td width=\"198\"><strong>CEREALES<\/strong><\/td>\n<td width=\"213\"><strong>COTIZACION<\/strong><\/p>\n<p><strong>ANTERIOR<\/strong><\/td>\n<td width=\"165\"><strong>COTIZACION<\/strong><\/p>\n<p><strong>ACTUAL<\/strong><\/td>\n<td width=\"142\"><strong>DIF.<\/strong><\/td>\n<\/tr>\n<tr>\n<td width=\"198\"><\/td>\n<td width=\"213\"><strong>\u20ac\/t<\/strong><\/td>\n<td width=\"165\"><strong>\u20ac\/t<\/strong><\/td>\n<td width=\"142\"><strong>\u00a0<\/strong><\/td>\n<\/tr>\n<tr>\n<td width=\"198\">Trigo Pienso<\/td>\n<td width=\"213\">180,00<\/td>\n<td width=\"165\">180,00<\/td>\n<td width=\"142\">=<\/td>\n<\/tr>\n<tr>\n<td width=\"198\">Cebada<\/td>\n<td width=\"213\">180,00<\/td>\n<td width=\"165\">180,00<\/td>\n<td width=\"142\">=<\/td>\n<\/tr>\n<tr>\n<td width=\"198\">Triticale<\/td>\n<td width=\"213\">S\/C<\/td>\n<td width=\"165\">S\/C<\/td>\n<td width=\"142\"><\/td>\n<\/tr>\n<tr>\n<td width=\"198\">Centeno<\/td>\n<td width=\"213\">168,00<\/td>\n<td width=\"165\">170,00<\/td>\n<td width=\"142\">\u25b2<\/td>\n<\/tr>\n<tr>\n<td width=\"198\">Avena<\/td>\n<td width=\"213\">152,00<\/td>\n<td width=\"165\">152,00<\/td>\n<td width=\"142\">=<\/td>\n<\/tr>\n<tr>\n<td width=\"198\">Ma\u00edz<\/td>\n<td width=\"213\">160,00<\/td>\n<td width=\"165\">162,00<\/td>\n<td width=\"142\">\u25b2<\/td>\n<\/tr>\n<\/tbody>\n<\/table>\n<p>&nbsp;<\/p>\n<p>* Ma\u00edz con menos del 15% de humedad<\/p>\n<p>Actividad subvencionada por la Diputaci\u00f3n Provincial de Le\u00f3n.<\/p>\n<table>\n<tbody>\n<tr>\n<td width=\"198\"><strong>GIRASOL<\/strong><\/td>\n<td width=\"213\"><strong>COTIZACION<\/strong><\/p>\n<p><strong>ANTERIOR<\/strong><\/td>\n<td width=\"165\"><strong>COTIZACION<\/strong><\/p>\n<p><strong>ACTUAL<\/strong><\/td>\n<td width=\"142\"><strong>DIF.<\/strong><\/td>\n<\/tr>\n<tr>\n<td width=\"198\"><\/td>\n<td width=\"213\"><strong>\u20ac\/t<\/strong><\/td>\n<td width=\"165\"><strong>\u20ac\/t<\/strong><\/td>\n<td width=\"142\"><strong>\u00a0<\/strong><\/td>\n<\/tr>\n<tr>\n<td width=\"198\">Girasol*<\/td>\n<td width=\"213\">310<\/td>\n<td width=\"165\">310<\/td>\n<td width=\"142\">=<\/td>\n<\/tr>\n<tr>\n<td width=\"198\">Girasol alto oleico**<\/td>\n<td width=\"213\">340<\/td>\n<td width=\"165\">340<\/td>\n<td width=\"142\">=<\/td>\n<\/tr>\n<\/tbody>\n<\/table>\n<p>* Calidad Tipo 9-2-44<\/p>\n<p>** 80% m\u00ednimo de \u00e1cido oleico<\/p>\n<p>Actividad subvencionada por la Diputaci\u00f3n Provincial de Le\u00f3n.<\/p>\n<table>\n<tbody>\n<tr>\n<td width=\"198\"><strong>ALUBIAS<\/strong><\/td>\n<td width=\"213\"><strong>COTIZACION<\/strong><\/p>\n<p><strong>ANTERIOR<\/strong><\/td>\n<td width=\"165\"><strong>COTIZACION<\/strong><\/p>\n<p><strong>ACTUAL<\/strong><\/td>\n<td width=\"142\"><strong>DIF.<\/strong><\/td>\n<\/tr>\n<tr>\n<td width=\"198\"><\/td>\n<td width=\"213\"><strong>\u20ac\/kg<\/strong><\/td>\n<td width=\"165\"><strong>\u20ac\/kg<\/strong><\/td>\n<td width=\"142\"><\/td>\n<\/tr>\n<tr>\n<td width=\"198\">Canela<\/td>\n<td width=\"213\">1,30<\/td>\n<td width=\"165\">1,20<\/td>\n<td width=\"142\">\u25bc<\/td>\n<\/tr>\n<tr>\n<td width=\"198\">Negra<\/td>\n<td width=\"213\">2,80<\/td>\n<td width=\"165\">2,80<\/td>\n<td width=\"142\">=<\/td>\n<\/tr>\n<tr>\n<td width=\"198\">Palme\u00f1a Redonda<\/td>\n<td width=\"213\">1,60<\/td>\n<td width=\"165\">1,60<\/td>\n<td width=\"142\">=<\/td>\n<\/tr>\n<tr>\n<td width=\"198\">Planchada<\/td>\n<td width=\"213\">1,30<\/td>\n<td width=\"165\">1,30<\/td>\n<td width=\"142\">=<\/td>\n<\/tr>\n<tr>\n<td width=\"198\">Plancheta<\/td>\n<td width=\"213\">1,55<\/td>\n<td width=\"165\">1,55<\/td>\n<td width=\"142\">=<\/td>\n<\/tr>\n<tr>\n<td width=\"198\">Pinta<\/td>\n<td width=\"213\">0,85<\/td>\n<td width=\"165\">0,85<\/td>\n<td width=\"142\">=<\/td>\n<\/tr>\n<tr>\n<td width=\"198\">Ri\u00f1\u00f3n de Le\u00f3n<\/td>\n<td width=\"213\">0,90<\/td>\n<td width=\"165\">0,90<\/td>\n<td width=\"142\">=<\/td>\n<\/tr>\n<tr>\n<td width=\"198\">Redonda<\/td>\n<td width=\"213\">0,90<\/td>\n<td width=\"165\">0,90<\/td>\n<td width=\"142\">=<\/td>\n<\/tr>\n<\/tbody>\n<\/table>\n<p>Actividad subvencionada por la Diputaci\u00f3n Provincial de Le\u00f3n.<\/p>\n","protected":false},"excerpt":{"rendered":"<p>A pesar de la subida de hoy, creemos que el ma\u00edz sigue infravalorado en los mercados \u00a0\u00a0\u00a0\u00a0\u00a0\u00a0\u00a0\u00a0\u00a0\u00a0\u00a0\u00a0\u00a0\u00a0\u00a0\u00a0\u00a0\u00a0\u00a0\u00a0\u00a0\u00a0 Subida de 2 euros tonelada del ma\u00edz en la sesi\u00f3n de hoy de la lonja de le\u00f3n celebra en Santa Maria del Paramo. \u00a0\u00a0\u00a0\u00a0\u00a0\u00a0\u00a0\u00a0\u00a0\u00a0\u00a0 A pesar de esta subida creemos que este cereal sigue infravalorado en los mercados, [&hellip;]<\/p>\n","protected":false},"author":8,"featured_media":8174,"comment_status":"open","ping_status":"open","sticky":false,"template":"","format":"standard","meta":{"footnotes":""},"categories":[34,67],"tags":[],"yoast_head":"<!-- This site is optimized with the Yoast SEO plugin v24.5 - https:\/\/yoast.com\/wordpress\/plugins\/seo\/ -->\n<title>Cotizaciones de la Lonja Agropecuaria de Le\u00f3n 29\/11\/2017 - ASAJA Le\u00f3n<\/title>\n<meta name=\"description\" content=\"A pesar de la subida de hoy, creemos que el ma\u00edz sigue infravalorado en los mercados \u00a0\u00a0\u00a0\u00a0\u00a0\u00a0\u00a0\u00a0\u00a0\u00a0\u00a0\u00a0\u00a0\u00a0\u00a0\u00a0\u00a0\u00a0\u00a0\u00a0\u00a0\u00a0 Subida de 2 euros tonelada del ma\u00edz en la\" \/>\n<meta name=\"robots\" content=\"index, follow, max-snippet:-1, max-image-preview:large, max-video-preview:-1\" \/>\n<link rel=\"canonical\" href=\"https:\/\/www.asajacyl.com\/leon\/servicios-socio\/lonjas-mercados\/cotizaciones-de-la-lonja-agropecuaria-de-leon-29-11-2017\" \/>\n<meta property=\"og:locale\" content=\"es_ES\" \/>\n<meta property=\"og:type\" content=\"article\" \/>\n<meta property=\"og:title\" content=\"Cotizaciones de la Lonja Agropecuaria de Le\u00f3n 29\/11\/2017 - ASAJA Le\u00f3n\" \/>\n<meta property=\"og:description\" content=\"A pesar de la subida de hoy, creemos que el ma\u00edz sigue infravalorado en los mercados \u00a0\u00a0\u00a0\u00a0\u00a0\u00a0\u00a0\u00a0\u00a0\u00a0\u00a0\u00a0\u00a0\u00a0\u00a0\u00a0\u00a0\u00a0\u00a0\u00a0\u00a0\u00a0 Subida de 2 euros tonelada del ma\u00edz en la\" \/>\n<meta property=\"og:url\" content=\"https:\/\/www.asajacyl.com\/leon\/servicios-socio\/lonjas-mercados\/cotizaciones-de-la-lonja-agropecuaria-de-leon-29-11-2017\" \/>\n<meta property=\"og:site_name\" content=\"ASAJA Le\u00f3n\" \/>\n<meta property=\"article:published_time\" content=\"2017-11-29T15:45:01+00:00\" \/>\n<meta property=\"og:image\" content=\"https:\/\/www.asajacyl.com\/leon\/wp-content\/uploads\/sites\/6\/2017\/11\/im_predefinida_1920x1080.jpg\" \/>\n\t<meta property=\"og:image:width\" content=\"1920\" \/>\n\t<meta property=\"og:image:height\" content=\"1080\" \/>\n\t<meta property=\"og:image:type\" content=\"image\/jpeg\" \/>\n<meta name=\"author\" content=\"Eduardo\" \/>\n<meta name=\"twitter:card\" content=\"summary_large_image\" \/>\n<meta name=\"twitter:label1\" content=\"Escrito por\" \/>\n\t<meta name=\"twitter:data1\" content=\"Eduardo\" \/>\n\t<meta name=\"twitter:label2\" content=\"Tiempo de lectura\" \/>\n\t<meta name=\"twitter:data2\" content=\"2 minutos\" \/>\n<script type=\"application\/ld+json\" class=\"yoast-schema-graph\">{\"@context\":\"https:\/\/schema.org\",\"@graph\":[{\"@type\":\"WebPage\",\"@id\":\"https:\/\/www.asajacyl.com\/leon\/servicios-socio\/lonjas-mercados\/cotizaciones-de-la-lonja-agropecuaria-de-leon-29-11-2017\",\"url\":\"https:\/\/www.asajacyl.com\/leon\/servicios-socio\/lonjas-mercados\/cotizaciones-de-la-lonja-agropecuaria-de-leon-29-11-2017\",\"name\":\"Cotizaciones de la Lonja Agropecuaria de Le\u00f3n 29\/11\/2017 - ASAJA Le\u00f3n\",\"isPartOf\":{\"@id\":\"https:\/\/www.asajacyl.com\/leon\/#website\"},\"primaryImageOfPage\":{\"@id\":\"https:\/\/www.asajacyl.com\/leon\/servicios-socio\/lonjas-mercados\/cotizaciones-de-la-lonja-agropecuaria-de-leon-29-11-2017#primaryimage\"},\"image\":{\"@id\":\"https:\/\/www.asajacyl.com\/leon\/servicios-socio\/lonjas-mercados\/cotizaciones-de-la-lonja-agropecuaria-de-leon-29-11-2017#primaryimage\"},\"thumbnailUrl\":\"https:\/\/www.asajacyl.com\/leon\/wp-content\/uploads\/sites\/6\/2017\/11\/im_predefinida_1920x1080.jpg\",\"datePublished\":\"2017-11-29T15:45:01+00:00\",\"author\":{\"@id\":\"https:\/\/www.asajacyl.com\/leon\/#\/schema\/person\/a39ff3609fc182e4c789ab486e865d32\"},\"description\":\"A pesar de la subida de hoy, creemos que el ma\u00edz sigue infravalorado en los mercados \u00a0\u00a0\u00a0\u00a0\u00a0\u00a0\u00a0\u00a0\u00a0\u00a0\u00a0\u00a0\u00a0\u00a0\u00a0\u00a0\u00a0\u00a0\u00a0\u00a0\u00a0\u00a0 Subida de 2 euros tonelada del ma\u00edz en la\",\"breadcrumb\":{\"@id\":\"https:\/\/www.asajacyl.com\/leon\/servicios-socio\/lonjas-mercados\/cotizaciones-de-la-lonja-agropecuaria-de-leon-29-11-2017#breadcrumb\"},\"inLanguage\":\"es\",\"potentialAction\":[{\"@type\":\"ReadAction\",\"target\":[\"https:\/\/www.asajacyl.com\/leon\/servicios-socio\/lonjas-mercados\/cotizaciones-de-la-lonja-agropecuaria-de-leon-29-11-2017\"]}]},{\"@type\":\"ImageObject\",\"inLanguage\":\"es\",\"@id\":\"https:\/\/www.asajacyl.com\/leon\/servicios-socio\/lonjas-mercados\/cotizaciones-de-la-lonja-agropecuaria-de-leon-29-11-2017#primaryimage\",\"url\":\"https:\/\/www.asajacyl.com\/leon\/wp-content\/uploads\/sites\/6\/2017\/11\/im_predefinida_1920x1080.jpg\",\"contentUrl\":\"https:\/\/www.asajacyl.com\/leon\/wp-content\/uploads\/sites\/6\/2017\/11\/im_predefinida_1920x1080.jpg\",\"width\":1920,\"height\":1080,\"caption\":\"Logotipo ASAJA Le\u00f3n\"},{\"@type\":\"BreadcrumbList\",\"@id\":\"https:\/\/www.asajacyl.com\/leon\/servicios-socio\/lonjas-mercados\/cotizaciones-de-la-lonja-agropecuaria-de-leon-29-11-2017#breadcrumb\",\"itemListElement\":[{\"@type\":\"ListItem\",\"position\":1,\"name\":\"Portada\",\"item\":\"https:\/\/www.asajacyl.com\/leon\/\"},{\"@type\":\"ListItem\",\"position\":2,\"name\":\"Cotizaciones de la Lonja Agropecuaria de Le\u00f3n 29\/11\/2017\"}]},{\"@type\":\"WebSite\",\"@id\":\"https:\/\/www.asajacyl.com\/leon\/#website\",\"url\":\"https:\/\/www.asajacyl.com\/leon\/\",\"name\":\"ASAJA Le\u00f3n\",\"description\":\"Otro sitio m\u00e1s de Provincias ASAJA Castilla y Le\u00f3n\",\"potentialAction\":[{\"@type\":\"SearchAction\",\"target\":{\"@type\":\"EntryPoint\",\"urlTemplate\":\"https:\/\/www.asajacyl.com\/leon\/?s={search_term_string}\"},\"query-input\":{\"@type\":\"PropertyValueSpecification\",\"valueRequired\":true,\"valueName\":\"search_term_string\"}}],\"inLanguage\":\"es\"},{\"@type\":\"Person\",\"@id\":\"https:\/\/www.asajacyl.com\/leon\/#\/schema\/person\/a39ff3609fc182e4c789ab486e865d32\",\"name\":\"Eduardo\",\"image\":{\"@type\":\"ImageObject\",\"inLanguage\":\"es\",\"@id\":\"https:\/\/www.asajacyl.com\/leon\/#\/schema\/person\/image\/\",\"url\":\"https:\/\/secure.gravatar.com\/avatar\/9ebd6aba21d817dcf9595bc9ca505af5?s=96&d=mm&r=g\",\"contentUrl\":\"https:\/\/secure.gravatar.com\/avatar\/9ebd6aba21d817dcf9595bc9ca505af5?s=96&d=mm&r=g\",\"caption\":\"Eduardo\"},\"url\":\"https:\/\/www.asajacyl.com\/leon\/author\/eduardovv\"}]}<\/script>\n<!-- \/ Yoast SEO plugin. -->","yoast_head_json":{"title":"Cotizaciones de la Lonja Agropecuaria de Le\u00f3n 29\/11\/2017 - ASAJA Le\u00f3n","description":"A pesar de la subida de hoy, creemos que el ma\u00edz sigue infravalorado en los mercados \u00a0\u00a0\u00a0\u00a0\u00a0\u00a0\u00a0\u00a0\u00a0\u00a0\u00a0\u00a0\u00a0\u00a0\u00a0\u00a0\u00a0\u00a0\u00a0\u00a0\u00a0\u00a0 Subida de 2 euros tonelada del ma\u00edz en la","robots":{"index":"index","follow":"follow","max-snippet":"max-snippet:-1","max-image-preview":"max-image-preview:large","max-video-preview":"max-video-preview:-1"},"canonical":"https:\/\/www.asajacyl.com\/leon\/servicios-socio\/lonjas-mercados\/cotizaciones-de-la-lonja-agropecuaria-de-leon-29-11-2017","og_locale":"es_ES","og_type":"article","og_title":"Cotizaciones de la Lonja Agropecuaria de Le\u00f3n 29\/11\/2017 - ASAJA Le\u00f3n","og_description":"A pesar de la subida de hoy, creemos que el ma\u00edz sigue infravalorado en los mercados \u00a0\u00a0\u00a0\u00a0\u00a0\u00a0\u00a0\u00a0\u00a0\u00a0\u00a0\u00a0\u00a0\u00a0\u00a0\u00a0\u00a0\u00a0\u00a0\u00a0\u00a0\u00a0 Subida de 2 euros tonelada del ma\u00edz en la","og_url":"https:\/\/www.asajacyl.com\/leon\/servicios-socio\/lonjas-mercados\/cotizaciones-de-la-lonja-agropecuaria-de-leon-29-11-2017","og_site_name":"ASAJA Le\u00f3n","article_published_time":"2017-11-29T15:45:01+00:00","og_image":[{"width":1920,"height":1080,"url":"https:\/\/www.asajacyl.com\/leon\/wp-content\/uploads\/sites\/6\/2017\/11\/im_predefinida_1920x1080.jpg","type":"image\/jpeg"}],"author":"Eduardo","twitter_card":"summary_large_image","twitter_misc":{"Escrito por":"Eduardo","Tiempo de lectura":"2 minutos"},"schema":{"@context":"https:\/\/schema.org","@graph":[{"@type":"WebPage","@id":"https:\/\/www.asajacyl.com\/leon\/servicios-socio\/lonjas-mercados\/cotizaciones-de-la-lonja-agropecuaria-de-leon-29-11-2017","url":"https:\/\/www.asajacyl.com\/leon\/servicios-socio\/lonjas-mercados\/cotizaciones-de-la-lonja-agropecuaria-de-leon-29-11-2017","name":"Cotizaciones de la Lonja Agropecuaria de Le\u00f3n 29\/11\/2017 - ASAJA Le\u00f3n","isPartOf":{"@id":"https:\/\/www.asajacyl.com\/leon\/#website"},"primaryImageOfPage":{"@id":"https:\/\/www.asajacyl.com\/leon\/servicios-socio\/lonjas-mercados\/cotizaciones-de-la-lonja-agropecuaria-de-leon-29-11-2017#primaryimage"},"image":{"@id":"https:\/\/www.asajacyl.com\/leon\/servicios-socio\/lonjas-mercados\/cotizaciones-de-la-lonja-agropecuaria-de-leon-29-11-2017#primaryimage"},"thumbnailUrl":"https:\/\/www.asajacyl.com\/leon\/wp-content\/uploads\/sites\/6\/2017\/11\/im_predefinida_1920x1080.jpg","datePublished":"2017-11-29T15:45:01+00:00","author":{"@id":"https:\/\/www.asajacyl.com\/leon\/#\/schema\/person\/a39ff3609fc182e4c789ab486e865d32"},"description":"A pesar de la subida de hoy, creemos que el ma\u00edz sigue infravalorado en los mercados \u00a0\u00a0\u00a0\u00a0\u00a0\u00a0\u00a0\u00a0\u00a0\u00a0\u00a0\u00a0\u00a0\u00a0\u00a0\u00a0\u00a0\u00a0\u00a0\u00a0\u00a0\u00a0 Subida de 2 euros tonelada del ma\u00edz en la","breadcrumb":{"@id":"https:\/\/www.asajacyl.com\/leon\/servicios-socio\/lonjas-mercados\/cotizaciones-de-la-lonja-agropecuaria-de-leon-29-11-2017#breadcrumb"},"inLanguage":"es","potentialAction":[{"@type":"ReadAction","target":["https:\/\/www.asajacyl.com\/leon\/servicios-socio\/lonjas-mercados\/cotizaciones-de-la-lonja-agropecuaria-de-leon-29-11-2017"]}]},{"@type":"ImageObject","inLanguage":"es","@id":"https:\/\/www.asajacyl.com\/leon\/servicios-socio\/lonjas-mercados\/cotizaciones-de-la-lonja-agropecuaria-de-leon-29-11-2017#primaryimage","url":"https:\/\/www.asajacyl.com\/leon\/wp-content\/uploads\/sites\/6\/2017\/11\/im_predefinida_1920x1080.jpg","contentUrl":"https:\/\/www.asajacyl.com\/leon\/wp-content\/uploads\/sites\/6\/2017\/11\/im_predefinida_1920x1080.jpg","width":1920,"height":1080,"caption":"Logotipo ASAJA Le\u00f3n"},{"@type":"BreadcrumbList","@id":"https:\/\/www.asajacyl.com\/leon\/servicios-socio\/lonjas-mercados\/cotizaciones-de-la-lonja-agropecuaria-de-leon-29-11-2017#breadcrumb","itemListElement":[{"@type":"ListItem","position":1,"name":"Portada","item":"https:\/\/www.asajacyl.com\/leon\/"},{"@type":"ListItem","position":2,"name":"Cotizaciones de la Lonja Agropecuaria de Le\u00f3n 29\/11\/2017"}]},{"@type":"WebSite","@id":"https:\/\/www.asajacyl.com\/leon\/#website","url":"https:\/\/www.asajacyl.com\/leon\/","name":"ASAJA Le\u00f3n","description":"Otro sitio m\u00e1s de Provincias ASAJA Castilla y Le\u00f3n","potentialAction":[{"@type":"SearchAction","target":{"@type":"EntryPoint","urlTemplate":"https:\/\/www.asajacyl.com\/leon\/?s={search_term_string}"},"query-input":{"@type":"PropertyValueSpecification","valueRequired":true,"valueName":"search_term_string"}}],"inLanguage":"es"},{"@type":"Person","@id":"https:\/\/www.asajacyl.com\/leon\/#\/schema\/person\/a39ff3609fc182e4c789ab486e865d32","name":"Eduardo","image":{"@type":"ImageObject","inLanguage":"es","@id":"https:\/\/www.asajacyl.com\/leon\/#\/schema\/person\/image\/","url":"https:\/\/secure.gravatar.com\/avatar\/9ebd6aba21d817dcf9595bc9ca505af5?s=96&d=mm&r=g","contentUrl":"https:\/\/secure.gravatar.com\/avatar\/9ebd6aba21d817dcf9595bc9ca505af5?s=96&d=mm&r=g","caption":"Eduardo"},"url":"https:\/\/www.asajacyl.com\/leon\/author\/eduardovv"}]}},"_links":{"self":[{"href":"https:\/\/www.asajacyl.com\/leon\/wp-json\/wp\/v2\/posts\/8259"}],"collection":[{"href":"https:\/\/www.asajacyl.com\/leon\/wp-json\/wp\/v2\/posts"}],"about":[{"href":"https:\/\/www.asajacyl.com\/leon\/wp-json\/wp\/v2\/types\/post"}],"author":[{"embeddable":true,"href":"https:\/\/www.asajacyl.com\/leon\/wp-json\/wp\/v2\/users\/8"}],"replies":[{"embeddable":true,"href":"https:\/\/www.asajacyl.com\/leon\/wp-json\/wp\/v2\/comments?post=8259"}],"version-history":[{"count":2,"href":"https:\/\/www.asajacyl.com\/leon\/wp-json\/wp\/v2\/posts\/8259\/revisions"}],"predecessor-version":[{"id":8261,"href":"https:\/\/www.asajacyl.com\/leon\/wp-json\/wp\/v2\/posts\/8259\/revisions\/8261"}],"wp:featuredmedia":[{"embeddable":true,"href":"https:\/\/www.asajacyl.com\/leon\/wp-json\/wp\/v2\/media\/8174"}],"wp:attachment":[{"href":"https:\/\/www.asajacyl.com\/leon\/wp-json\/wp\/v2\/media?parent=8259"}],"wp:term":[{"taxonomy":"category","embeddable":true,"href":"https:\/\/www.asajacyl.com\/leon\/wp-json\/wp\/v2\/categories?post=8259"},{"taxonomy":"post_tag","embeddable":true,"href":"https:\/\/www.asajacyl.com\/leon\/wp-json\/wp\/v2\/tags?post=8259"}],"curies":[{"name":"wp","href":"https:\/\/api.w.org\/{rel}","templated":true}]}}