{"id":832,"date":"2012-12-17T00:00:00","date_gmt":"2012-12-16T23:00:00","guid":{"rendered":"https:\/\/www.asajacyl.com\/leon\/2012\/12\/17\/hoy-toca-defender-la-crnica\/"},"modified":"2017-11-15T10:02:26","modified_gmt":"2017-11-15T09:02:26","slug":"hoy-toca-defender-la-crnica","status":"publish","type":"post","link":"https:\/\/www.asajacyl.com\/leon\/asaja-leon-informa\/hoy-toca-defender-la-crnica","title":{"rendered":"HOY TOCA DEFENDER LA CR&#211;NICA"},"content":{"rendered":"<h2>Hoy mis prioridades para opinar sobre la actualidad leonesa pasan precisamente por este medio de comunicaci&#243;n, La Cr&#243;nica de Le&#243;n,  que me da la oportunidad, cada viernes, de escribir lo que pienso con absoluta libertad.<\/h2>\n<div align=\"center\"><font color=\"#003300\" size=\"2\"><strong>HOY TOCA DEFENDER LA CR&#211;NICA<\/strong><\/font><\/div>\n<div>&#160;<\/div>\n<div align=\"justify\">Hoy mis prioridades para opinar sobre la actualidad leonesa pasan precisamente por este medio de comunicaci&#243;n, La Cr&#243;nica de Le&#243;n,&#160; que me da la oportunidad, cada viernes, de escribir lo que pienso con absoluta libertad. Me solidarizo con la plantilla de trabajadores en unas reivindicaciones que seguramente son justas, sobre todo en lo que tiene que ver con el cobro de salarios devengados, y no entro en las razones de la empresa editora, que las tendr&#225;, y que seguramente se circunscriben a&#160; una situaci&#243;n de p&#233;rdidas que espero sea coyuntural y pueda remontar lo antes posible. Porque de lo que no tengo duda alguna es de la importancia para la sociedad leonesa, de que el proyecto editorial de La Cr&#243;nica tenga un largo y fruct&#237;fero futuro. Entiendo la informaci&#243;n desde la independencia y la pluralidad y creo que para mantener un alto est&#225;ndar de calidad es imprescindible trabajar en competencia con otros, es decir, tener otro en la acera de enfrente al que mirar de reojo para ver si tiene m&#225;s lectores o m&#225;s anunciantes, o ambas cosas a la vez.<\/div>\n<div align=\"justify\">&#160;<\/div>\n<div align=\"justify\">No tengo capacidad para opinar sobre el futuro de los medios de comunicaci&#243;n de la provincia, pero s&#237; para valorar su pasado, su contribuci&#243;n al desarrollo econ&#243;mico, social y cultural leon&#233;s. Hemos tenido medios plurales en prensa escrita, radio, televisi&#243;n, y en los &#250;ltimos a&#241;os medios digitales que han estado al servicio de la sociedad leonesa y en los que han trabajado grandes profesionales posiblemente con pocos privilegios laborales. Teniendo asumido que son tiempos de recortes para todos, de estrecheces en las empresas y en las familias, uno desear&#237;a el entendimiento entre empresas y trabajadores para que no cierren medios de comunicaci&#243;n en la provincia, para que no se recorten puestos de trabajo o sean los menos posibles, y para que cada trabajador pueda ver lo m&#225;s colmadas posible sus aspiraciones profesionales y econ&#243;micas en el puesto de trabajo que desempe&#241;a. Quienes formamos parte de una sociedad civil organizada y tenemos responsabilidades en las organizaciones sociales que representan intereses sectoriales o generales, sabemos que nuestro papel, nuestra capacidad de influencia, necesita de la complicidad de unos medios de comunicaci&#243;n comprometidos, independientes, plurales y con profesionales de val&#237;a suficientemente motivados.<\/div>\n<div align=\"justify\">&#160;<\/div>\n<div align=\"justify\">Art&#237;culo de opini&#243;n de Jos&#233; Antonio Turrado publicado en La Cr&#243;nica del viernes 14 de diciembre de 2012.<\/div>\n","protected":false},"excerpt":{"rendered":"<p>Hoy mis prioridades para opinar sobre la actualidad leonesa pasan precisamente por este medio de comunicaci&#243;n, La Cr&#243;nica de Le&#243;n,  que me da la oportunidad, cada viernes, de escribir lo que pienso con absoluta libertad.<\/p>\n","protected":false},"author":3,"featured_media":8174,"comment_status":"open","ping_status":"open","sticky":false,"template":"","format":"standard","meta":{"footnotes":""},"categories":[4,11],"tags":[],"yoast_head":"<!-- This site is optimized with the Yoast SEO plugin v24.5 - https:\/\/yoast.com\/wordpress\/plugins\/seo\/ -->\n<title>HOY TOCA DEFENDER LA CR&#211;NICA - ASAJA Le\u00f3n<\/title>\n<meta name=\"description\" content=\"Hoy mis prioridades para opinar sobre la actualidad leonesa pasan precisamente por este medio de comunicaci&#243;n, La Cr&#243;nica de Le&#243;n, que me da la oportunidad, cada viernes, de escribir lo que pienso con absoluta libertad.\" \/>\n<meta name=\"robots\" content=\"index, follow, max-snippet:-1, max-image-preview:large, max-video-preview:-1\" \/>\n<link rel=\"canonical\" href=\"https:\/\/www.asajacyl.com\/leon\/asaja-leon-informa\/hoy-toca-defender-la-crnica\" \/>\n<meta property=\"og:locale\" content=\"es_ES\" \/>\n<meta property=\"og:type\" content=\"article\" \/>\n<meta property=\"og:title\" content=\"HOY TOCA DEFENDER LA CR&#211;NICA - ASAJA Le\u00f3n\" \/>\n<meta property=\"og:description\" content=\"Hoy mis prioridades para opinar sobre la actualidad leonesa pasan precisamente por este medio de comunicaci&#243;n, La Cr&#243;nica de Le&#243;n, que me da la oportunidad, cada viernes, de escribir lo que pienso con absoluta libertad.\" \/>\n<meta property=\"og:url\" content=\"https:\/\/www.asajacyl.com\/leon\/asaja-leon-informa\/hoy-toca-defender-la-crnica\" \/>\n<meta property=\"og:site_name\" content=\"ASAJA Le\u00f3n\" \/>\n<meta property=\"article:published_time\" content=\"2012-12-16T23:00:00+00:00\" \/>\n<meta property=\"article:modified_time\" content=\"2017-11-15T09:02:26+00:00\" \/>\n<meta property=\"og:image\" content=\"https:\/\/www.asajacyl.com\/leon\/wp-content\/uploads\/sites\/6\/2017\/11\/im_predefinida_1920x1080.jpg\" \/>\n\t<meta property=\"og:image:width\" content=\"1920\" \/>\n\t<meta property=\"og:image:height\" content=\"1080\" \/>\n\t<meta property=\"og:image:type\" content=\"image\/jpeg\" \/>\n<meta name=\"author\" content=\"Editor\" \/>\n<meta name=\"twitter:card\" content=\"summary_large_image\" \/>\n<meta name=\"twitter:label1\" content=\"Escrito por\" \/>\n\t<meta name=\"twitter:data1\" content=\"Editor\" \/>\n\t<meta name=\"twitter:label2\" content=\"Tiempo de lectura\" \/>\n\t<meta name=\"twitter:data2\" content=\"2 minutos\" \/>\n<script type=\"application\/ld+json\" class=\"yoast-schema-graph\">{\"@context\":\"https:\/\/schema.org\",\"@graph\":[{\"@type\":\"WebPage\",\"@id\":\"https:\/\/www.asajacyl.com\/leon\/asaja-leon-informa\/hoy-toca-defender-la-crnica\",\"url\":\"https:\/\/www.asajacyl.com\/leon\/asaja-leon-informa\/hoy-toca-defender-la-crnica\",\"name\":\"HOY TOCA DEFENDER LA CR&#211;NICA - ASAJA Le\u00f3n\",\"isPartOf\":{\"@id\":\"https:\/\/www.asajacyl.com\/leon\/#website\"},\"primaryImageOfPage\":{\"@id\":\"https:\/\/www.asajacyl.com\/leon\/asaja-leon-informa\/hoy-toca-defender-la-crnica#primaryimage\"},\"image\":{\"@id\":\"https:\/\/www.asajacyl.com\/leon\/asaja-leon-informa\/hoy-toca-defender-la-crnica#primaryimage\"},\"thumbnailUrl\":\"https:\/\/www.asajacyl.com\/leon\/wp-content\/uploads\/sites\/6\/2017\/11\/im_predefinida_1920x1080.jpg\",\"datePublished\":\"2012-12-16T23:00:00+00:00\",\"dateModified\":\"2017-11-15T09:02:26+00:00\",\"author\":{\"@id\":\"https:\/\/www.asajacyl.com\/leon\/#\/schema\/person\/7e884476cee132331142e8ac9689f20c\"},\"description\":\"Hoy mis prioridades para opinar sobre la actualidad leonesa pasan precisamente por este medio de comunicaci&#243;n, La Cr&#243;nica de Le&#243;n, que me da la oportunidad, cada viernes, de escribir lo que pienso con absoluta libertad.\",\"breadcrumb\":{\"@id\":\"https:\/\/www.asajacyl.com\/leon\/asaja-leon-informa\/hoy-toca-defender-la-crnica#breadcrumb\"},\"inLanguage\":\"es\",\"potentialAction\":[{\"@type\":\"ReadAction\",\"target\":[\"https:\/\/www.asajacyl.com\/leon\/asaja-leon-informa\/hoy-toca-defender-la-crnica\"]}]},{\"@type\":\"ImageObject\",\"inLanguage\":\"es\",\"@id\":\"https:\/\/www.asajacyl.com\/leon\/asaja-leon-informa\/hoy-toca-defender-la-crnica#primaryimage\",\"url\":\"https:\/\/www.asajacyl.com\/leon\/wp-content\/uploads\/sites\/6\/2017\/11\/im_predefinida_1920x1080.jpg\",\"contentUrl\":\"https:\/\/www.asajacyl.com\/leon\/wp-content\/uploads\/sites\/6\/2017\/11\/im_predefinida_1920x1080.jpg\",\"width\":1920,\"height\":1080,\"caption\":\"Logotipo ASAJA Le\u00f3n\"},{\"@type\":\"BreadcrumbList\",\"@id\":\"https:\/\/www.asajacyl.com\/leon\/asaja-leon-informa\/hoy-toca-defender-la-crnica#breadcrumb\",\"itemListElement\":[{\"@type\":\"ListItem\",\"position\":1,\"name\":\"Portada\",\"item\":\"https:\/\/www.asajacyl.com\/leon\/\"},{\"@type\":\"ListItem\",\"position\":2,\"name\":\"HOY TOCA DEFENDER LA CR&#211;NICA\"}]},{\"@type\":\"WebSite\",\"@id\":\"https:\/\/www.asajacyl.com\/leon\/#website\",\"url\":\"https:\/\/www.asajacyl.com\/leon\/\",\"name\":\"ASAJA Le\u00f3n\",\"description\":\"Otro sitio m\u00e1s de Provincias ASAJA Castilla y Le\u00f3n\",\"potentialAction\":[{\"@type\":\"SearchAction\",\"target\":{\"@type\":\"EntryPoint\",\"urlTemplate\":\"https:\/\/www.asajacyl.com\/leon\/?s={search_term_string}\"},\"query-input\":{\"@type\":\"PropertyValueSpecification\",\"valueRequired\":true,\"valueName\":\"search_term_string\"}}],\"inLanguage\":\"es\"},{\"@type\":\"Person\",\"@id\":\"https:\/\/www.asajacyl.com\/leon\/#\/schema\/person\/7e884476cee132331142e8ac9689f20c\",\"name\":\"Editor\",\"image\":{\"@type\":\"ImageObject\",\"inLanguage\":\"es\",\"@id\":\"https:\/\/www.asajacyl.com\/leon\/#\/schema\/person\/image\/\",\"url\":\"https:\/\/secure.gravatar.com\/avatar\/a2ef43c165669686cfcfb0e1ffa59869?s=96&d=mm&r=g\",\"contentUrl\":\"https:\/\/secure.gravatar.com\/avatar\/a2ef43c165669686cfcfb0e1ffa59869?s=96&d=mm&r=g\",\"caption\":\"Editor\"},\"url\":\"https:\/\/www.asajacyl.com\/leon\/author\/oscargg\"}]}<\/script>\n<!-- \/ Yoast SEO plugin. -->","yoast_head_json":{"title":"HOY TOCA DEFENDER LA CR&#211;NICA - ASAJA Le\u00f3n","description":"Hoy mis prioridades para opinar sobre la actualidad leonesa pasan precisamente por este medio de comunicaci&#243;n, La Cr&#243;nica de Le&#243;n, que me da la oportunidad, cada viernes, de escribir lo que pienso con absoluta libertad.","robots":{"index":"index","follow":"follow","max-snippet":"max-snippet:-1","max-image-preview":"max-image-preview:large","max-video-preview":"max-video-preview:-1"},"canonical":"https:\/\/www.asajacyl.com\/leon\/asaja-leon-informa\/hoy-toca-defender-la-crnica","og_locale":"es_ES","og_type":"article","og_title":"HOY TOCA DEFENDER LA CR&#211;NICA - ASAJA Le\u00f3n","og_description":"Hoy mis prioridades para opinar sobre la actualidad leonesa pasan precisamente por este medio de comunicaci&#243;n, La Cr&#243;nica de Le&#243;n, que me da la oportunidad, cada viernes, de escribir lo que pienso con absoluta libertad.","og_url":"https:\/\/www.asajacyl.com\/leon\/asaja-leon-informa\/hoy-toca-defender-la-crnica","og_site_name":"ASAJA Le\u00f3n","article_published_time":"2012-12-16T23:00:00+00:00","article_modified_time":"2017-11-15T09:02:26+00:00","og_image":[{"width":1920,"height":1080,"url":"https:\/\/www.asajacyl.com\/leon\/wp-content\/uploads\/sites\/6\/2017\/11\/im_predefinida_1920x1080.jpg","type":"image\/jpeg"}],"author":"Editor","twitter_card":"summary_large_image","twitter_misc":{"Escrito por":"Editor","Tiempo de lectura":"2 minutos"},"schema":{"@context":"https:\/\/schema.org","@graph":[{"@type":"WebPage","@id":"https:\/\/www.asajacyl.com\/leon\/asaja-leon-informa\/hoy-toca-defender-la-crnica","url":"https:\/\/www.asajacyl.com\/leon\/asaja-leon-informa\/hoy-toca-defender-la-crnica","name":"HOY TOCA DEFENDER LA CR&#211;NICA - ASAJA Le\u00f3n","isPartOf":{"@id":"https:\/\/www.asajacyl.com\/leon\/#website"},"primaryImageOfPage":{"@id":"https:\/\/www.asajacyl.com\/leon\/asaja-leon-informa\/hoy-toca-defender-la-crnica#primaryimage"},"image":{"@id":"https:\/\/www.asajacyl.com\/leon\/asaja-leon-informa\/hoy-toca-defender-la-crnica#primaryimage"},"thumbnailUrl":"https:\/\/www.asajacyl.com\/leon\/wp-content\/uploads\/sites\/6\/2017\/11\/im_predefinida_1920x1080.jpg","datePublished":"2012-12-16T23:00:00+00:00","dateModified":"2017-11-15T09:02:26+00:00","author":{"@id":"https:\/\/www.asajacyl.com\/leon\/#\/schema\/person\/7e884476cee132331142e8ac9689f20c"},"description":"Hoy mis prioridades para opinar sobre la actualidad leonesa pasan precisamente por este medio de comunicaci&#243;n, La Cr&#243;nica de Le&#243;n, que me da la oportunidad, cada viernes, de escribir lo que pienso con absoluta libertad.","breadcrumb":{"@id":"https:\/\/www.asajacyl.com\/leon\/asaja-leon-informa\/hoy-toca-defender-la-crnica#breadcrumb"},"inLanguage":"es","potentialAction":[{"@type":"ReadAction","target":["https:\/\/www.asajacyl.com\/leon\/asaja-leon-informa\/hoy-toca-defender-la-crnica"]}]},{"@type":"ImageObject","inLanguage":"es","@id":"https:\/\/www.asajacyl.com\/leon\/asaja-leon-informa\/hoy-toca-defender-la-crnica#primaryimage","url":"https:\/\/www.asajacyl.com\/leon\/wp-content\/uploads\/sites\/6\/2017\/11\/im_predefinida_1920x1080.jpg","contentUrl":"https:\/\/www.asajacyl.com\/leon\/wp-content\/uploads\/sites\/6\/2017\/11\/im_predefinida_1920x1080.jpg","width":1920,"height":1080,"caption":"Logotipo ASAJA Le\u00f3n"},{"@type":"BreadcrumbList","@id":"https:\/\/www.asajacyl.com\/leon\/asaja-leon-informa\/hoy-toca-defender-la-crnica#breadcrumb","itemListElement":[{"@type":"ListItem","position":1,"name":"Portada","item":"https:\/\/www.asajacyl.com\/leon\/"},{"@type":"ListItem","position":2,"name":"HOY TOCA DEFENDER LA CR&#211;NICA"}]},{"@type":"WebSite","@id":"https:\/\/www.asajacyl.com\/leon\/#website","url":"https:\/\/www.asajacyl.com\/leon\/","name":"ASAJA Le\u00f3n","description":"Otro sitio m\u00e1s de Provincias ASAJA Castilla y Le\u00f3n","potentialAction":[{"@type":"SearchAction","target":{"@type":"EntryPoint","urlTemplate":"https:\/\/www.asajacyl.com\/leon\/?s={search_term_string}"},"query-input":{"@type":"PropertyValueSpecification","valueRequired":true,"valueName":"search_term_string"}}],"inLanguage":"es"},{"@type":"Person","@id":"https:\/\/www.asajacyl.com\/leon\/#\/schema\/person\/7e884476cee132331142e8ac9689f20c","name":"Editor","image":{"@type":"ImageObject","inLanguage":"es","@id":"https:\/\/www.asajacyl.com\/leon\/#\/schema\/person\/image\/","url":"https:\/\/secure.gravatar.com\/avatar\/a2ef43c165669686cfcfb0e1ffa59869?s=96&d=mm&r=g","contentUrl":"https:\/\/secure.gravatar.com\/avatar\/a2ef43c165669686cfcfb0e1ffa59869?s=96&d=mm&r=g","caption":"Editor"},"url":"https:\/\/www.asajacyl.com\/leon\/author\/oscargg"}]}},"_links":{"self":[{"href":"https:\/\/www.asajacyl.com\/leon\/wp-json\/wp\/v2\/posts\/832"}],"collection":[{"href":"https:\/\/www.asajacyl.com\/leon\/wp-json\/wp\/v2\/posts"}],"about":[{"href":"https:\/\/www.asajacyl.com\/leon\/wp-json\/wp\/v2\/types\/post"}],"author":[{"embeddable":true,"href":"https:\/\/www.asajacyl.com\/leon\/wp-json\/wp\/v2\/users\/3"}],"replies":[{"embeddable":true,"href":"https:\/\/www.asajacyl.com\/leon\/wp-json\/wp\/v2\/comments?post=832"}],"version-history":[{"count":1,"href":"https:\/\/www.asajacyl.com\/leon\/wp-json\/wp\/v2\/posts\/832\/revisions"}],"predecessor-version":[{"id":1197,"href":"https:\/\/www.asajacyl.com\/leon\/wp-json\/wp\/v2\/posts\/832\/revisions\/1197"}],"wp:featuredmedia":[{"embeddable":true,"href":"https:\/\/www.asajacyl.com\/leon\/wp-json\/wp\/v2\/media\/8174"}],"wp:attachment":[{"href":"https:\/\/www.asajacyl.com\/leon\/wp-json\/wp\/v2\/media?parent=832"}],"wp:term":[{"taxonomy":"category","embeddable":true,"href":"https:\/\/www.asajacyl.com\/leon\/wp-json\/wp\/v2\/categories?post=832"},{"taxonomy":"post_tag","embeddable":true,"href":"https:\/\/www.asajacyl.com\/leon\/wp-json\/wp\/v2\/tags?post=832"}],"curies":[{"name":"wp","href":"https:\/\/api.w.org\/{rel}","templated":true}]}}