{"id":8343,"date":"2017-12-15T14:29:54","date_gmt":"2017-12-15T13:29:54","guid":{"rendered":"http:\/\/www.asajacyl.com\/leon\/?p=8343"},"modified":"2018-01-05T12:33:18","modified_gmt":"2018-01-05T11:33:18","slug":"las-seis-noticias-agrarias-de-la-semana-15-12-2017","status":"publish","type":"post","link":"https:\/\/www.asajacyl.com\/leon\/asaja-leon-informa\/noticias\/las-seis-noticias-agrarias-de-la-semana-15-12-2017","title":{"rendered":"Las seis noticias agrarias de la semana &#8211; 15\/12\/2017"},"content":{"rendered":"<p>Pleno del Patronato del Parque Nacional de Picos de Europa, edad de jubilaci\u00f3n, Cooperativa ACOR, Consejo de Agua de la Cuenca del Duero, Comit\u00e9 Ejecutivo ASAJA Le\u00f3n y seguro de rendimientos<\/p>\n<ol>\n<li>\n<h6>\u00a0El lunes 18 de diciembre se celebrar\u00e1 en Le\u00f3n capital la reuni\u00f3n del <strong>Pleno del Patronato del Parque Nacional de Picos de Europa<\/strong>. Entre otras cuestiones se aprobar\u00e1 la Memoria de Actividades de 2016, el informe de gesti\u00f3n de la direcci\u00f3n del parque, el informe del presupuesto y actividades de 2017, as\u00ed como el desarrollo de los trabajos de la redacci\u00f3n del borrador del Plan Rector de Uso y Gesti\u00f3n del Parque Nacional Picos de Europa, entre otras cuestiones.<\/h6>\n<\/li>\n<li>\n<h6>A partir del mes de enero <strong>la edad de jubilaci\u00f3n se retrasa hasta los 65 a\u00f1os y seis meses<\/strong>, salvo para quienes hayan cotizado 36 a\u00f1os y seis meses o m\u00e1s, en cuyo caso podr\u00edan retirarse a los 65 a\u00f1os. La mayor\u00eda de los agricultores y agricultoras que ahora se jubilan comenzaron a cotizar muy pronto, por lo que suelen estar dentro del grupo de quienes se jubilan con 65 a\u00f1os. Para quienes se jubilen en el 2018, se le calcula el importe de la pensi\u00f3n teniendo en cuenta la cotizaci\u00f3n de los \u00faltimos 21 a\u00f1os. El incremento de las pensiones para el a\u00f1o 2018 es de tan solo el 0,25 por ciento.<\/h6>\n<\/li>\n<li>\n<h6>La <strong>cooperativa ACOR<\/strong> ha anunciado que en los pr\u00f3ximos d\u00eda proceder\u00e1 a la liquidaci\u00f3n definitiva de las oleaginosas entregadas por los socios en la campa\u00f1a 2017.La pipa de girasol se liquidar\u00e1 a 333 euros la tonelada, salvo a de alto oleico que se pagar\u00e1 a 370 euros la tonelada. La colza entregada por los socios se ha liquidado a un precio promedio de 355 euros la tonelada, partiendo de un precio en contrato de 315 euros tonelada.<\/h6>\n<\/li>\n<li>\n<h6>El pasado martes se reuni\u00f3n en Valladolid el <strong>Consejo del Agua de la Cuenca del Duero<\/strong>, un organismo de consulta y colaboraci\u00f3n en materia de agua creado por la Confederaci\u00f3n Hidrogr\u00e1fica del Duero, en cuya sesi\u00f3n se inform\u00f3 de la ejecuci\u00f3n del plan en el a\u00f1o 2017. En dicho acto el secretario general de ASAJA, Jos\u00e9 Antonio Turrado, si interes\u00f3 por el procedimiento para la exoneraci\u00f3n del pago de las tarifas de riego y el canon de regulaci\u00f3n aprobado por el Gobierno con motivo de la sequ\u00eda. Ser\u00e1n las Comunidades de Regantes las que se encarguen de hacer la solicitud y acreditar p\u00e9rdidas en cosecha superiores al 20 por ciento.<\/h6>\n<\/li>\n<li>\n<h6>El pasado mi\u00e9rcoles la organizaci\u00f3n agraria ASAJA de Le\u00f3n celebr\u00f3 reuni\u00f3n de su <strong>Comit\u00e9 Ejecutivo<\/strong>. Los responsables de la organizaci\u00f3n analizaron y valoraron de forma muy cr\u00edtica es escaso alcance de las medidas contra la sequ\u00eda y las heladas puestas en marcha tanto por la Junta de Castilla y Le\u00f3n como por el ministerio de Agricultura. Se valor\u00f3 con preocupaci\u00f3n el mal estado de las siembras de cereal de invierno en la provincia, y se critic\u00f3 la pasividad de las autoridades agrarias por permitir que, siendo Espa\u00f1a un pa\u00eds deficitario en la producci\u00f3n de leche, los precios en origen est\u00e9n 5 c\u00e9ntimos de euro por debajo de los que perciben como media el resto de ganaderos europeos.<\/h6>\n<\/li>\n<li>\n<h6>El pr\u00f3ximo mi\u00e9rcoles d\u00eda 20 de diciembre finaliza el plazo para suscribir el <strong>seguro de rendimientos<\/strong> en los cereales y otros cultivos herb\u00e1ceos, aunque no obstante se podr\u00eda ampliar el plazo a \u00faltima hora, como es habitual casi todos los a\u00f1os. Se ha constatado un mayor inter\u00e9s de los agricultores por hacer este seguro que cubre da\u00f1os integrales, como son la no nascencia, los da\u00f1os por la fauna salvaje, inundaci\u00f3n del cultivo, heladas, sequ\u00eda, pedrisco, incendio y da\u00f1os excepcionales. Los agricultores que tuvieron este seguro en la pasada campa\u00f1a 2016-2017 se han mostrado satisfechos con la respuesta ante los da\u00f1os por sequ\u00eda y heladas.<\/h6>\n<\/li>\n<\/ol>\n","protected":false},"excerpt":{"rendered":"<p>Pleno del Patronato del Parque Nacional de Picos de Europa, edad de jubilaci\u00f3n, Cooperativa ACOR, Consejo de Agua de la Cuenca del Duero, Comit\u00e9 Ejecutivo ASAJA Le\u00f3n y seguro de rendimientos \u00a0El lunes 18 de diciembre se celebrar\u00e1 en Le\u00f3n capital la reuni\u00f3n del Pleno del Patronato del Parque Nacional de Picos de Europa. Entre [&hellip;]<\/p>\n","protected":false},"author":8,"featured_media":8345,"comment_status":"open","ping_status":"open","sticky":false,"template":"","format":"standard","meta":{"footnotes":""},"categories":[4,9,1],"tags":[],"yoast_head":"<!-- This site is optimized with the Yoast SEO plugin v24.5 - https:\/\/yoast.com\/wordpress\/plugins\/seo\/ -->\n<title>Las seis noticias agrarias de la semana - 15\/12\/2017 - ASAJA Le\u00f3n<\/title>\n<meta name=\"description\" content=\"Pleno del Patronato del Parque Nacional de Picos de Europa, edad de jubilaci\u00f3n, Cooperativa ACOR, Consejo de Agua de la Cuenca del Duero, Comit\u00e9 Ejecutivo\" \/>\n<meta name=\"robots\" content=\"index, follow, max-snippet:-1, max-image-preview:large, max-video-preview:-1\" \/>\n<link rel=\"canonical\" href=\"https:\/\/www.asajacyl.com\/leon\/asaja-leon-informa\/noticias\/las-seis-noticias-agrarias-de-la-semana-15-12-2017\" \/>\n<meta property=\"og:locale\" content=\"es_ES\" \/>\n<meta property=\"og:type\" content=\"article\" \/>\n<meta property=\"og:title\" content=\"Las seis noticias agrarias de la semana - 15\/12\/2017 - ASAJA Le\u00f3n\" \/>\n<meta property=\"og:description\" content=\"Pleno del Patronato del Parque Nacional de Picos de Europa, edad de jubilaci\u00f3n, Cooperativa ACOR, Consejo de Agua de la Cuenca del Duero, Comit\u00e9 Ejecutivo\" \/>\n<meta property=\"og:url\" content=\"https:\/\/www.asajacyl.com\/leon\/asaja-leon-informa\/noticias\/las-seis-noticias-agrarias-de-la-semana-15-12-2017\" \/>\n<meta property=\"og:site_name\" content=\"ASAJA Le\u00f3n\" \/>\n<meta property=\"article:published_time\" content=\"2017-12-15T13:29:54+00:00\" \/>\n<meta property=\"article:modified_time\" content=\"2018-01-05T11:33:18+00:00\" \/>\n<meta property=\"og:image\" content=\"https:\/\/www.asajacyl.com\/leon\/wp-content\/uploads\/sites\/6\/2017\/12\/PICOS_DE_EUROPA.jpg\" \/>\n\t<meta property=\"og:image:width\" content=\"1280\" \/>\n\t<meta property=\"og:image:height\" content=\"719\" \/>\n\t<meta property=\"og:image:type\" content=\"image\/jpeg\" \/>\n<meta name=\"author\" content=\"Eduardo\" \/>\n<meta name=\"twitter:card\" content=\"summary_large_image\" \/>\n<meta name=\"twitter:label1\" content=\"Escrito por\" \/>\n\t<meta name=\"twitter:data1\" content=\"Eduardo\" \/>\n\t<meta name=\"twitter:label2\" content=\"Tiempo de lectura\" \/>\n\t<meta name=\"twitter:data2\" content=\"3 minutos\" \/>\n<script type=\"application\/ld+json\" class=\"yoast-schema-graph\">{\"@context\":\"https:\/\/schema.org\",\"@graph\":[{\"@type\":\"WebPage\",\"@id\":\"https:\/\/www.asajacyl.com\/leon\/asaja-leon-informa\/noticias\/las-seis-noticias-agrarias-de-la-semana-15-12-2017\",\"url\":\"https:\/\/www.asajacyl.com\/leon\/asaja-leon-informa\/noticias\/las-seis-noticias-agrarias-de-la-semana-15-12-2017\",\"name\":\"Las seis noticias agrarias de la semana - 15\/12\/2017 - ASAJA Le\u00f3n\",\"isPartOf\":{\"@id\":\"https:\/\/www.asajacyl.com\/leon\/#website\"},\"primaryImageOfPage\":{\"@id\":\"https:\/\/www.asajacyl.com\/leon\/asaja-leon-informa\/noticias\/las-seis-noticias-agrarias-de-la-semana-15-12-2017#primaryimage\"},\"image\":{\"@id\":\"https:\/\/www.asajacyl.com\/leon\/asaja-leon-informa\/noticias\/las-seis-noticias-agrarias-de-la-semana-15-12-2017#primaryimage\"},\"thumbnailUrl\":\"https:\/\/www.asajacyl.com\/leon\/wp-content\/uploads\/sites\/6\/2017\/12\/PICOS_DE_EUROPA.jpg\",\"datePublished\":\"2017-12-15T13:29:54+00:00\",\"dateModified\":\"2018-01-05T11:33:18+00:00\",\"author\":{\"@id\":\"https:\/\/www.asajacyl.com\/leon\/#\/schema\/person\/a39ff3609fc182e4c789ab486e865d32\"},\"description\":\"Pleno del Patronato del Parque Nacional de Picos de Europa, edad de jubilaci\u00f3n, Cooperativa ACOR, Consejo de Agua de la Cuenca del Duero, Comit\u00e9 Ejecutivo\",\"breadcrumb\":{\"@id\":\"https:\/\/www.asajacyl.com\/leon\/asaja-leon-informa\/noticias\/las-seis-noticias-agrarias-de-la-semana-15-12-2017#breadcrumb\"},\"inLanguage\":\"es\",\"potentialAction\":[{\"@type\":\"ReadAction\",\"target\":[\"https:\/\/www.asajacyl.com\/leon\/asaja-leon-informa\/noticias\/las-seis-noticias-agrarias-de-la-semana-15-12-2017\"]}]},{\"@type\":\"ImageObject\",\"inLanguage\":\"es\",\"@id\":\"https:\/\/www.asajacyl.com\/leon\/asaja-leon-informa\/noticias\/las-seis-noticias-agrarias-de-la-semana-15-12-2017#primaryimage\",\"url\":\"https:\/\/www.asajacyl.com\/leon\/wp-content\/uploads\/sites\/6\/2017\/12\/PICOS_DE_EUROPA.jpg\",\"contentUrl\":\"https:\/\/www.asajacyl.com\/leon\/wp-content\/uploads\/sites\/6\/2017\/12\/PICOS_DE_EUROPA.jpg\",\"width\":1280,\"height\":719},{\"@type\":\"BreadcrumbList\",\"@id\":\"https:\/\/www.asajacyl.com\/leon\/asaja-leon-informa\/noticias\/las-seis-noticias-agrarias-de-la-semana-15-12-2017#breadcrumb\",\"itemListElement\":[{\"@type\":\"ListItem\",\"position\":1,\"name\":\"Portada\",\"item\":\"https:\/\/www.asajacyl.com\/leon\/\"},{\"@type\":\"ListItem\",\"position\":2,\"name\":\"Las seis noticias agrarias de la semana &#8211; 15\/12\/2017\"}]},{\"@type\":\"WebSite\",\"@id\":\"https:\/\/www.asajacyl.com\/leon\/#website\",\"url\":\"https:\/\/www.asajacyl.com\/leon\/\",\"name\":\"ASAJA Le\u00f3n\",\"description\":\"Otro sitio m\u00e1s de Provincias ASAJA Castilla y Le\u00f3n\",\"potentialAction\":[{\"@type\":\"SearchAction\",\"target\":{\"@type\":\"EntryPoint\",\"urlTemplate\":\"https:\/\/www.asajacyl.com\/leon\/?s={search_term_string}\"},\"query-input\":{\"@type\":\"PropertyValueSpecification\",\"valueRequired\":true,\"valueName\":\"search_term_string\"}}],\"inLanguage\":\"es\"},{\"@type\":\"Person\",\"@id\":\"https:\/\/www.asajacyl.com\/leon\/#\/schema\/person\/a39ff3609fc182e4c789ab486e865d32\",\"name\":\"Eduardo\",\"image\":{\"@type\":\"ImageObject\",\"inLanguage\":\"es\",\"@id\":\"https:\/\/www.asajacyl.com\/leon\/#\/schema\/person\/image\/\",\"url\":\"https:\/\/secure.gravatar.com\/avatar\/9ebd6aba21d817dcf9595bc9ca505af5?s=96&d=mm&r=g\",\"contentUrl\":\"https:\/\/secure.gravatar.com\/avatar\/9ebd6aba21d817dcf9595bc9ca505af5?s=96&d=mm&r=g\",\"caption\":\"Eduardo\"},\"url\":\"https:\/\/www.asajacyl.com\/leon\/author\/eduardovv\"}]}<\/script>\n<!-- \/ Yoast SEO plugin. -->","yoast_head_json":{"title":"Las seis noticias agrarias de la semana - 15\/12\/2017 - ASAJA Le\u00f3n","description":"Pleno del Patronato del Parque Nacional de Picos de Europa, edad de jubilaci\u00f3n, Cooperativa ACOR, Consejo de Agua de la Cuenca del Duero, Comit\u00e9 Ejecutivo","robots":{"index":"index","follow":"follow","max-snippet":"max-snippet:-1","max-image-preview":"max-image-preview:large","max-video-preview":"max-video-preview:-1"},"canonical":"https:\/\/www.asajacyl.com\/leon\/asaja-leon-informa\/noticias\/las-seis-noticias-agrarias-de-la-semana-15-12-2017","og_locale":"es_ES","og_type":"article","og_title":"Las seis noticias agrarias de la semana - 15\/12\/2017 - ASAJA Le\u00f3n","og_description":"Pleno del Patronato del Parque Nacional de Picos de Europa, edad de jubilaci\u00f3n, Cooperativa ACOR, Consejo de Agua de la Cuenca del Duero, Comit\u00e9 Ejecutivo","og_url":"https:\/\/www.asajacyl.com\/leon\/asaja-leon-informa\/noticias\/las-seis-noticias-agrarias-de-la-semana-15-12-2017","og_site_name":"ASAJA Le\u00f3n","article_published_time":"2017-12-15T13:29:54+00:00","article_modified_time":"2018-01-05T11:33:18+00:00","og_image":[{"width":1280,"height":719,"url":"https:\/\/www.asajacyl.com\/leon\/wp-content\/uploads\/sites\/6\/2017\/12\/PICOS_DE_EUROPA.jpg","type":"image\/jpeg"}],"author":"Eduardo","twitter_card":"summary_large_image","twitter_misc":{"Escrito por":"Eduardo","Tiempo de lectura":"3 minutos"},"schema":{"@context":"https:\/\/schema.org","@graph":[{"@type":"WebPage","@id":"https:\/\/www.asajacyl.com\/leon\/asaja-leon-informa\/noticias\/las-seis-noticias-agrarias-de-la-semana-15-12-2017","url":"https:\/\/www.asajacyl.com\/leon\/asaja-leon-informa\/noticias\/las-seis-noticias-agrarias-de-la-semana-15-12-2017","name":"Las seis noticias agrarias de la semana - 15\/12\/2017 - ASAJA Le\u00f3n","isPartOf":{"@id":"https:\/\/www.asajacyl.com\/leon\/#website"},"primaryImageOfPage":{"@id":"https:\/\/www.asajacyl.com\/leon\/asaja-leon-informa\/noticias\/las-seis-noticias-agrarias-de-la-semana-15-12-2017#primaryimage"},"image":{"@id":"https:\/\/www.asajacyl.com\/leon\/asaja-leon-informa\/noticias\/las-seis-noticias-agrarias-de-la-semana-15-12-2017#primaryimage"},"thumbnailUrl":"https:\/\/www.asajacyl.com\/leon\/wp-content\/uploads\/sites\/6\/2017\/12\/PICOS_DE_EUROPA.jpg","datePublished":"2017-12-15T13:29:54+00:00","dateModified":"2018-01-05T11:33:18+00:00","author":{"@id":"https:\/\/www.asajacyl.com\/leon\/#\/schema\/person\/a39ff3609fc182e4c789ab486e865d32"},"description":"Pleno del Patronato del Parque Nacional de Picos de Europa, edad de jubilaci\u00f3n, Cooperativa ACOR, Consejo de Agua de la Cuenca del Duero, Comit\u00e9 Ejecutivo","breadcrumb":{"@id":"https:\/\/www.asajacyl.com\/leon\/asaja-leon-informa\/noticias\/las-seis-noticias-agrarias-de-la-semana-15-12-2017#breadcrumb"},"inLanguage":"es","potentialAction":[{"@type":"ReadAction","target":["https:\/\/www.asajacyl.com\/leon\/asaja-leon-informa\/noticias\/las-seis-noticias-agrarias-de-la-semana-15-12-2017"]}]},{"@type":"ImageObject","inLanguage":"es","@id":"https:\/\/www.asajacyl.com\/leon\/asaja-leon-informa\/noticias\/las-seis-noticias-agrarias-de-la-semana-15-12-2017#primaryimage","url":"https:\/\/www.asajacyl.com\/leon\/wp-content\/uploads\/sites\/6\/2017\/12\/PICOS_DE_EUROPA.jpg","contentUrl":"https:\/\/www.asajacyl.com\/leon\/wp-content\/uploads\/sites\/6\/2017\/12\/PICOS_DE_EUROPA.jpg","width":1280,"height":719},{"@type":"BreadcrumbList","@id":"https:\/\/www.asajacyl.com\/leon\/asaja-leon-informa\/noticias\/las-seis-noticias-agrarias-de-la-semana-15-12-2017#breadcrumb","itemListElement":[{"@type":"ListItem","position":1,"name":"Portada","item":"https:\/\/www.asajacyl.com\/leon\/"},{"@type":"ListItem","position":2,"name":"Las seis noticias agrarias de la semana &#8211; 15\/12\/2017"}]},{"@type":"WebSite","@id":"https:\/\/www.asajacyl.com\/leon\/#website","url":"https:\/\/www.asajacyl.com\/leon\/","name":"ASAJA Le\u00f3n","description":"Otro sitio m\u00e1s de Provincias ASAJA Castilla y Le\u00f3n","potentialAction":[{"@type":"SearchAction","target":{"@type":"EntryPoint","urlTemplate":"https:\/\/www.asajacyl.com\/leon\/?s={search_term_string}"},"query-input":{"@type":"PropertyValueSpecification","valueRequired":true,"valueName":"search_term_string"}}],"inLanguage":"es"},{"@type":"Person","@id":"https:\/\/www.asajacyl.com\/leon\/#\/schema\/person\/a39ff3609fc182e4c789ab486e865d32","name":"Eduardo","image":{"@type":"ImageObject","inLanguage":"es","@id":"https:\/\/www.asajacyl.com\/leon\/#\/schema\/person\/image\/","url":"https:\/\/secure.gravatar.com\/avatar\/9ebd6aba21d817dcf9595bc9ca505af5?s=96&d=mm&r=g","contentUrl":"https:\/\/secure.gravatar.com\/avatar\/9ebd6aba21d817dcf9595bc9ca505af5?s=96&d=mm&r=g","caption":"Eduardo"},"url":"https:\/\/www.asajacyl.com\/leon\/author\/eduardovv"}]}},"_links":{"self":[{"href":"https:\/\/www.asajacyl.com\/leon\/wp-json\/wp\/v2\/posts\/8343"}],"collection":[{"href":"https:\/\/www.asajacyl.com\/leon\/wp-json\/wp\/v2\/posts"}],"about":[{"href":"https:\/\/www.asajacyl.com\/leon\/wp-json\/wp\/v2\/types\/post"}],"author":[{"embeddable":true,"href":"https:\/\/www.asajacyl.com\/leon\/wp-json\/wp\/v2\/users\/8"}],"replies":[{"embeddable":true,"href":"https:\/\/www.asajacyl.com\/leon\/wp-json\/wp\/v2\/comments?post=8343"}],"version-history":[{"count":1,"href":"https:\/\/www.asajacyl.com\/leon\/wp-json\/wp\/v2\/posts\/8343\/revisions"}],"predecessor-version":[{"id":8344,"href":"https:\/\/www.asajacyl.com\/leon\/wp-json\/wp\/v2\/posts\/8343\/revisions\/8344"}],"wp:featuredmedia":[{"embeddable":true,"href":"https:\/\/www.asajacyl.com\/leon\/wp-json\/wp\/v2\/media\/8345"}],"wp:attachment":[{"href":"https:\/\/www.asajacyl.com\/leon\/wp-json\/wp\/v2\/media?parent=8343"}],"wp:term":[{"taxonomy":"category","embeddable":true,"href":"https:\/\/www.asajacyl.com\/leon\/wp-json\/wp\/v2\/categories?post=8343"},{"taxonomy":"post_tag","embeddable":true,"href":"https:\/\/www.asajacyl.com\/leon\/wp-json\/wp\/v2\/tags?post=8343"}],"curies":[{"name":"wp","href":"https:\/\/api.w.org\/{rel}","templated":true}]}}