{"id":8369,"date":"2017-12-22T09:05:22","date_gmt":"2017-12-22T08:05:22","guid":{"rendered":"http:\/\/www.asajacyl.com\/leon\/?p=8369"},"modified":"2018-01-05T12:34:38","modified_gmt":"2018-01-05T11:34:38","slug":"las-seis-noticias-agrarias-de-la-semana-22-12-2017","status":"publish","type":"post","link":"https:\/\/www.asajacyl.com\/leon\/sin-categoria\/las-seis-noticias-agrarias-de-la-semana-22-12-2017","title":{"rendered":"Las seis noticias agrarias de la semana &#8211; 22\/12\/2017"},"content":{"rendered":"<h2><strong>Presa de la Tierra, Denominaciones de Origen, modificaci\u00f3n del Programa del Plan de Desarrollo Rural, consumir productos de Castilla y Le\u00f3n, f\u00e1brica azucarera de la Ba\u00f1eza y Agencia Estatal de Meteorolog\u00eda <\/strong><strong>\u00a0<\/strong><\/h2>\n<ol>\n<li>\n<h6>\u00a0Contin\u00faa el goteo de comunidades de regantes de la provincia de Le\u00f3n que someten a la consideraci\u00f3n de sus socios o comuneros la conveniencia de modernizar los sistemas de riego y reconcentrar la propiedad. La \u00faltima de ellas ha sido la <strong>Presa de la Tierra<\/strong>, con domicilio social en Benavides de \u00d3rbigo, que tom\u00f3 el pasado domingo el acuerdo con 390 votos a favor y 190 votos en contra.<\/h6>\n<\/li>\n<li>\n<h6>La Consejer\u00eda de Agricultura y Ganader\u00eda de la Junta de Castilla y Le\u00f3n, que \u00faltimamente se prodiga por el Bierzo en reuniones con los consejos reguladores de las <strong>Denominaciones de Origen<\/strong>, no se ha pronunciado sobre la intenci\u00f3n de la cementera Cosmos de alimentar sus hornos con la quema de neum\u00e1ticos, lo que podr\u00eda tener consecuencias sobre la calidad de las cosechas. Un informe de la Universidad de Le\u00f3n avala a la Cementera en su pr\u00e1ctica contraria a los intereses de los hortofruticultores bercianos.<\/h6>\n<\/li>\n<li>\n<h6>La Consejer\u00eda de Agricultura y Ganader\u00eda de la Junta de Castilla y Le\u00f3n ha propuesto una <strong>modificaci\u00f3n del Programa de Desarrollo Rural<\/strong> que supone un trasvase de fondos de l\u00edneas que no se han desarrollado como se esperaba, a otras l\u00edneas con d\u00e9ficit de financiaci\u00f3n. Adem\u00e1s, se va a proponer a la Uni\u00f3n Europea modificaciones t\u00e9cnicas en determinadas ayudas, como por ejemplo una mayor puntuaci\u00f3n en expedientes de incorporaci\u00f3n de\u00a0 j\u00f3venes agricultores que reciban la explotaci\u00f3n de otro agricultor que se jubile.<\/h6>\n<\/li>\n<li>\n<h6>La organizaci\u00f3n agraria ASAJA ha hecho un llamamiento a los consumidores para que en estas fiestas navide\u00f1as, y a ser posible a lo largo de todo el a\u00f1o, <strong>se consuman productos de Castilla y Le\u00f3n<\/strong>, y con preferencia los m\u00e1s pr\u00f3ximos al lugar de residencia de cada uno. Castilla y Le\u00f3n, y en el caso que nos ocupa la provincia leonesa, tiene una amplia carta de productos de calidad, como por ejemplo los vinos, quesos y otros l\u00e1cteos, embutidos, salazones, pasteler\u00eda y panader\u00eda, frutas y verduras, carnes, l\u00e1cteos, miel, conservas y legumbres, entre otras.<\/h6>\n<\/li>\n<li>\n<h6>La <strong>f\u00e1brica azucarera de La Ba\u00f1eza<\/strong>\u00a0 cerr\u00f3 su primera parte de la campa\u00f1a de recepci\u00f3n 2017\/2018, que se reanudar\u00e1 de nuevo a finales de invierno para recoger el resto de remolacha que ahora se ha dejado en el campo a la espera de una mejor\u00eda en producci\u00f3n y riqueza. Se han recogido 405.322 toneladas de remolacha l\u00edquida, despu\u00e9s de aplicado un descuento del 9.85% en corona e impurezas, y con una riqueza en sacarosa de 17,12 grados polarim\u00e9tricos. Para la segunda parte de campa\u00f1a se espera recoger unas 180.000 toneladas de ra\u00edz.<\/h6>\n<\/li>\n<li>\n<h6>La <strong>Agencia Estatal de Meteorolog\u00eda<\/strong> ha pronosticado un invierno con una alta probabilidad de que la temperatura alcance valores superiores a la media del periodo de referencia 1981-2010 en toda Espa\u00f1a, seg\u00fan la \u00faltima predicci\u00f3n estacional que se ha presentado el pasado mi\u00e9rcoles a los medios de comunicaci\u00f3n por parte de la portavoz de AEMET, Ana Casals.\u00a0Para los meses de enero, febrero y marzo de 2017 no se aprecian se\u00f1ales concluyentes sobre el valor que pueden alcanzar las precipitaciones, ya que los tres rangos (normal, seco y h\u00famedo) son igualmente probables<\/h6>\n<\/li>\n<\/ol>\n","protected":false},"excerpt":{"rendered":"<p>Presa de la Tierra, Denominaciones de Origen, modificaci\u00f3n del Programa del Plan de Desarrollo Rural, consumir productos de Castilla y Le\u00f3n, f\u00e1brica azucarera de la Ba\u00f1eza y Agencia Estatal de Meteorolog\u00eda \u00a0 \u00a0Contin\u00faa el goteo de comunidades de regantes de la provincia de Le\u00f3n que someten a la consideraci\u00f3n de sus socios o comuneros la [&hellip;]<\/p>\n","protected":false},"author":8,"featured_media":8371,"comment_status":"open","ping_status":"open","sticky":false,"template":"","format":"standard","meta":{"footnotes":""},"categories":[4,9,1],"tags":[],"yoast_head":"<!-- This site is optimized with the Yoast SEO plugin v24.5 - https:\/\/yoast.com\/wordpress\/plugins\/seo\/ -->\n<title>Las seis noticias agrarias de la semana - 22\/12\/2017 - ASAJA Le\u00f3n<\/title>\n<meta name=\"description\" content=\"Presa de la Tierra, Denominaciones de Origen, modificaci\u00f3n del Programa del Plan de Desarrollo Rural, consumir productos de Castilla y Le\u00f3n, f\u00e1brica\" \/>\n<meta name=\"robots\" content=\"index, follow, max-snippet:-1, max-image-preview:large, max-video-preview:-1\" \/>\n<link rel=\"canonical\" href=\"https:\/\/www.asajacyl.com\/leon\/sin-categoria\/las-seis-noticias-agrarias-de-la-semana-22-12-2017\" \/>\n<meta property=\"og:locale\" content=\"es_ES\" \/>\n<meta property=\"og:type\" content=\"article\" \/>\n<meta property=\"og:title\" content=\"Las seis noticias agrarias de la semana - 22\/12\/2017 - ASAJA Le\u00f3n\" \/>\n<meta property=\"og:description\" content=\"Presa de la Tierra, Denominaciones de Origen, modificaci\u00f3n del Programa del Plan de Desarrollo Rural, consumir productos de Castilla y Le\u00f3n, f\u00e1brica\" \/>\n<meta property=\"og:url\" content=\"https:\/\/www.asajacyl.com\/leon\/sin-categoria\/las-seis-noticias-agrarias-de-la-semana-22-12-2017\" \/>\n<meta property=\"og:site_name\" content=\"ASAJA Le\u00f3n\" \/>\n<meta property=\"article:published_time\" content=\"2017-12-22T08:05:22+00:00\" \/>\n<meta property=\"article:modified_time\" content=\"2018-01-05T11:34:38+00:00\" \/>\n<meta property=\"og:image\" content=\"https:\/\/www.asajacyl.com\/leon\/wp-content\/uploads\/sites\/6\/2017\/12\/cordero_merino.jpg\" \/>\n\t<meta property=\"og:image:width\" content=\"1920\" \/>\n\t<meta property=\"og:image:height\" content=\"1279\" \/>\n\t<meta property=\"og:image:type\" content=\"image\/jpeg\" \/>\n<meta name=\"author\" content=\"Eduardo\" \/>\n<meta name=\"twitter:card\" content=\"summary_large_image\" \/>\n<meta name=\"twitter:label1\" content=\"Escrito por\" \/>\n\t<meta name=\"twitter:data1\" content=\"Eduardo\" \/>\n\t<meta name=\"twitter:label2\" content=\"Tiempo de lectura\" \/>\n\t<meta name=\"twitter:data2\" content=\"3 minutos\" \/>\n<script type=\"application\/ld+json\" class=\"yoast-schema-graph\">{\"@context\":\"https:\/\/schema.org\",\"@graph\":[{\"@type\":\"WebPage\",\"@id\":\"https:\/\/www.asajacyl.com\/leon\/sin-categoria\/las-seis-noticias-agrarias-de-la-semana-22-12-2017\",\"url\":\"https:\/\/www.asajacyl.com\/leon\/sin-categoria\/las-seis-noticias-agrarias-de-la-semana-22-12-2017\",\"name\":\"Las seis noticias agrarias de la semana - 22\/12\/2017 - ASAJA Le\u00f3n\",\"isPartOf\":{\"@id\":\"https:\/\/www.asajacyl.com\/leon\/#website\"},\"primaryImageOfPage\":{\"@id\":\"https:\/\/www.asajacyl.com\/leon\/sin-categoria\/las-seis-noticias-agrarias-de-la-semana-22-12-2017#primaryimage\"},\"image\":{\"@id\":\"https:\/\/www.asajacyl.com\/leon\/sin-categoria\/las-seis-noticias-agrarias-de-la-semana-22-12-2017#primaryimage\"},\"thumbnailUrl\":\"https:\/\/www.asajacyl.com\/leon\/wp-content\/uploads\/sites\/6\/2017\/12\/cordero_merino.jpg\",\"datePublished\":\"2017-12-22T08:05:22+00:00\",\"dateModified\":\"2018-01-05T11:34:38+00:00\",\"author\":{\"@id\":\"https:\/\/www.asajacyl.com\/leon\/#\/schema\/person\/a39ff3609fc182e4c789ab486e865d32\"},\"description\":\"Presa de la Tierra, Denominaciones de Origen, modificaci\u00f3n del Programa del Plan de Desarrollo Rural, consumir productos de Castilla y Le\u00f3n, f\u00e1brica\",\"breadcrumb\":{\"@id\":\"https:\/\/www.asajacyl.com\/leon\/sin-categoria\/las-seis-noticias-agrarias-de-la-semana-22-12-2017#breadcrumb\"},\"inLanguage\":\"es\",\"potentialAction\":[{\"@type\":\"ReadAction\",\"target\":[\"https:\/\/www.asajacyl.com\/leon\/sin-categoria\/las-seis-noticias-agrarias-de-la-semana-22-12-2017\"]}]},{\"@type\":\"ImageObject\",\"inLanguage\":\"es\",\"@id\":\"https:\/\/www.asajacyl.com\/leon\/sin-categoria\/las-seis-noticias-agrarias-de-la-semana-22-12-2017#primaryimage\",\"url\":\"https:\/\/www.asajacyl.com\/leon\/wp-content\/uploads\/sites\/6\/2017\/12\/cordero_merino.jpg\",\"contentUrl\":\"https:\/\/www.asajacyl.com\/leon\/wp-content\/uploads\/sites\/6\/2017\/12\/cordero_merino.jpg\",\"width\":1920,\"height\":1279},{\"@type\":\"BreadcrumbList\",\"@id\":\"https:\/\/www.asajacyl.com\/leon\/sin-categoria\/las-seis-noticias-agrarias-de-la-semana-22-12-2017#breadcrumb\",\"itemListElement\":[{\"@type\":\"ListItem\",\"position\":1,\"name\":\"Portada\",\"item\":\"https:\/\/www.asajacyl.com\/leon\/\"},{\"@type\":\"ListItem\",\"position\":2,\"name\":\"Las seis noticias agrarias de la semana &#8211; 22\/12\/2017\"}]},{\"@type\":\"WebSite\",\"@id\":\"https:\/\/www.asajacyl.com\/leon\/#website\",\"url\":\"https:\/\/www.asajacyl.com\/leon\/\",\"name\":\"ASAJA Le\u00f3n\",\"description\":\"Otro sitio m\u00e1s de Provincias ASAJA Castilla y Le\u00f3n\",\"potentialAction\":[{\"@type\":\"SearchAction\",\"target\":{\"@type\":\"EntryPoint\",\"urlTemplate\":\"https:\/\/www.asajacyl.com\/leon\/?s={search_term_string}\"},\"query-input\":{\"@type\":\"PropertyValueSpecification\",\"valueRequired\":true,\"valueName\":\"search_term_string\"}}],\"inLanguage\":\"es\"},{\"@type\":\"Person\",\"@id\":\"https:\/\/www.asajacyl.com\/leon\/#\/schema\/person\/a39ff3609fc182e4c789ab486e865d32\",\"name\":\"Eduardo\",\"image\":{\"@type\":\"ImageObject\",\"inLanguage\":\"es\",\"@id\":\"https:\/\/www.asajacyl.com\/leon\/#\/schema\/person\/image\/\",\"url\":\"https:\/\/secure.gravatar.com\/avatar\/9ebd6aba21d817dcf9595bc9ca505af5?s=96&d=mm&r=g\",\"contentUrl\":\"https:\/\/secure.gravatar.com\/avatar\/9ebd6aba21d817dcf9595bc9ca505af5?s=96&d=mm&r=g\",\"caption\":\"Eduardo\"},\"url\":\"https:\/\/www.asajacyl.com\/leon\/author\/eduardovv\"}]}<\/script>\n<!-- \/ Yoast SEO plugin. -->","yoast_head_json":{"title":"Las seis noticias agrarias de la semana - 22\/12\/2017 - ASAJA Le\u00f3n","description":"Presa de la Tierra, Denominaciones de Origen, modificaci\u00f3n del Programa del Plan de Desarrollo Rural, consumir productos de Castilla y Le\u00f3n, f\u00e1brica","robots":{"index":"index","follow":"follow","max-snippet":"max-snippet:-1","max-image-preview":"max-image-preview:large","max-video-preview":"max-video-preview:-1"},"canonical":"https:\/\/www.asajacyl.com\/leon\/sin-categoria\/las-seis-noticias-agrarias-de-la-semana-22-12-2017","og_locale":"es_ES","og_type":"article","og_title":"Las seis noticias agrarias de la semana - 22\/12\/2017 - ASAJA Le\u00f3n","og_description":"Presa de la Tierra, Denominaciones de Origen, modificaci\u00f3n del Programa del Plan de Desarrollo Rural, consumir productos de Castilla y Le\u00f3n, f\u00e1brica","og_url":"https:\/\/www.asajacyl.com\/leon\/sin-categoria\/las-seis-noticias-agrarias-de-la-semana-22-12-2017","og_site_name":"ASAJA Le\u00f3n","article_published_time":"2017-12-22T08:05:22+00:00","article_modified_time":"2018-01-05T11:34:38+00:00","og_image":[{"width":1920,"height":1279,"url":"https:\/\/www.asajacyl.com\/leon\/wp-content\/uploads\/sites\/6\/2017\/12\/cordero_merino.jpg","type":"image\/jpeg"}],"author":"Eduardo","twitter_card":"summary_large_image","twitter_misc":{"Escrito por":"Eduardo","Tiempo de lectura":"3 minutos"},"schema":{"@context":"https:\/\/schema.org","@graph":[{"@type":"WebPage","@id":"https:\/\/www.asajacyl.com\/leon\/sin-categoria\/las-seis-noticias-agrarias-de-la-semana-22-12-2017","url":"https:\/\/www.asajacyl.com\/leon\/sin-categoria\/las-seis-noticias-agrarias-de-la-semana-22-12-2017","name":"Las seis noticias agrarias de la semana - 22\/12\/2017 - ASAJA Le\u00f3n","isPartOf":{"@id":"https:\/\/www.asajacyl.com\/leon\/#website"},"primaryImageOfPage":{"@id":"https:\/\/www.asajacyl.com\/leon\/sin-categoria\/las-seis-noticias-agrarias-de-la-semana-22-12-2017#primaryimage"},"image":{"@id":"https:\/\/www.asajacyl.com\/leon\/sin-categoria\/las-seis-noticias-agrarias-de-la-semana-22-12-2017#primaryimage"},"thumbnailUrl":"https:\/\/www.asajacyl.com\/leon\/wp-content\/uploads\/sites\/6\/2017\/12\/cordero_merino.jpg","datePublished":"2017-12-22T08:05:22+00:00","dateModified":"2018-01-05T11:34:38+00:00","author":{"@id":"https:\/\/www.asajacyl.com\/leon\/#\/schema\/person\/a39ff3609fc182e4c789ab486e865d32"},"description":"Presa de la Tierra, Denominaciones de Origen, modificaci\u00f3n del Programa del Plan de Desarrollo Rural, consumir productos de Castilla y Le\u00f3n, f\u00e1brica","breadcrumb":{"@id":"https:\/\/www.asajacyl.com\/leon\/sin-categoria\/las-seis-noticias-agrarias-de-la-semana-22-12-2017#breadcrumb"},"inLanguage":"es","potentialAction":[{"@type":"ReadAction","target":["https:\/\/www.asajacyl.com\/leon\/sin-categoria\/las-seis-noticias-agrarias-de-la-semana-22-12-2017"]}]},{"@type":"ImageObject","inLanguage":"es","@id":"https:\/\/www.asajacyl.com\/leon\/sin-categoria\/las-seis-noticias-agrarias-de-la-semana-22-12-2017#primaryimage","url":"https:\/\/www.asajacyl.com\/leon\/wp-content\/uploads\/sites\/6\/2017\/12\/cordero_merino.jpg","contentUrl":"https:\/\/www.asajacyl.com\/leon\/wp-content\/uploads\/sites\/6\/2017\/12\/cordero_merino.jpg","width":1920,"height":1279},{"@type":"BreadcrumbList","@id":"https:\/\/www.asajacyl.com\/leon\/sin-categoria\/las-seis-noticias-agrarias-de-la-semana-22-12-2017#breadcrumb","itemListElement":[{"@type":"ListItem","position":1,"name":"Portada","item":"https:\/\/www.asajacyl.com\/leon\/"},{"@type":"ListItem","position":2,"name":"Las seis noticias agrarias de la semana &#8211; 22\/12\/2017"}]},{"@type":"WebSite","@id":"https:\/\/www.asajacyl.com\/leon\/#website","url":"https:\/\/www.asajacyl.com\/leon\/","name":"ASAJA Le\u00f3n","description":"Otro sitio m\u00e1s de Provincias ASAJA Castilla y Le\u00f3n","potentialAction":[{"@type":"SearchAction","target":{"@type":"EntryPoint","urlTemplate":"https:\/\/www.asajacyl.com\/leon\/?s={search_term_string}"},"query-input":{"@type":"PropertyValueSpecification","valueRequired":true,"valueName":"search_term_string"}}],"inLanguage":"es"},{"@type":"Person","@id":"https:\/\/www.asajacyl.com\/leon\/#\/schema\/person\/a39ff3609fc182e4c789ab486e865d32","name":"Eduardo","image":{"@type":"ImageObject","inLanguage":"es","@id":"https:\/\/www.asajacyl.com\/leon\/#\/schema\/person\/image\/","url":"https:\/\/secure.gravatar.com\/avatar\/9ebd6aba21d817dcf9595bc9ca505af5?s=96&d=mm&r=g","contentUrl":"https:\/\/secure.gravatar.com\/avatar\/9ebd6aba21d817dcf9595bc9ca505af5?s=96&d=mm&r=g","caption":"Eduardo"},"url":"https:\/\/www.asajacyl.com\/leon\/author\/eduardovv"}]}},"_links":{"self":[{"href":"https:\/\/www.asajacyl.com\/leon\/wp-json\/wp\/v2\/posts\/8369"}],"collection":[{"href":"https:\/\/www.asajacyl.com\/leon\/wp-json\/wp\/v2\/posts"}],"about":[{"href":"https:\/\/www.asajacyl.com\/leon\/wp-json\/wp\/v2\/types\/post"}],"author":[{"embeddable":true,"href":"https:\/\/www.asajacyl.com\/leon\/wp-json\/wp\/v2\/users\/8"}],"replies":[{"embeddable":true,"href":"https:\/\/www.asajacyl.com\/leon\/wp-json\/wp\/v2\/comments?post=8369"}],"version-history":[{"count":1,"href":"https:\/\/www.asajacyl.com\/leon\/wp-json\/wp\/v2\/posts\/8369\/revisions"}],"predecessor-version":[{"id":8370,"href":"https:\/\/www.asajacyl.com\/leon\/wp-json\/wp\/v2\/posts\/8369\/revisions\/8370"}],"wp:featuredmedia":[{"embeddable":true,"href":"https:\/\/www.asajacyl.com\/leon\/wp-json\/wp\/v2\/media\/8371"}],"wp:attachment":[{"href":"https:\/\/www.asajacyl.com\/leon\/wp-json\/wp\/v2\/media?parent=8369"}],"wp:term":[{"taxonomy":"category","embeddable":true,"href":"https:\/\/www.asajacyl.com\/leon\/wp-json\/wp\/v2\/categories?post=8369"},{"taxonomy":"post_tag","embeddable":true,"href":"https:\/\/www.asajacyl.com\/leon\/wp-json\/wp\/v2\/tags?post=8369"}],"curies":[{"name":"wp","href":"https:\/\/api.w.org\/{rel}","templated":true}]}}