{"id":8394,"date":"2018-01-04T10:41:00","date_gmt":"2018-01-04T09:41:00","guid":{"rendered":"http:\/\/www.asajacyl.com\/leon\/?p=8394"},"modified":"2018-01-05T08:53:09","modified_gmt":"2018-01-05T07:53:09","slug":"cotizaciones-la-lonja-agropecuaria-leon-sesion-03-01-2018","status":"publish","type":"post","link":"https:\/\/www.asajacyl.com\/leon\/servicios-socio\/cotizaciones-la-lonja-agropecuaria-leon-sesion-03-01-2018","title":{"rendered":"Cotizaciones de la Lonja Agropecuaria de Le\u00f3n \u2013 Sesi\u00f3n 03\/01\/2018"},"content":{"rendered":"<h2><strong><u><span style=\"color: #008000\">Solo las condiciones clim\u00e1ticas adversas podr\u00edan afectar a los precios de los cereales en el futuro<\/span> <\/u><\/strong><\/h2>\n<p>Un reciente estudio de la UE indica una disminuci\u00f3n progresiva de la tierra para fines agr\u00edcolas como resultado del aumento de la organizaci\u00f3n en Europa, pudiendo pasar en el corto plazo de los 106,5 millones de hect\u00e1reas cultivables a 104 millones de hect\u00e1reas.<\/p>\n<p>Tambi\u00e9n se prev\u00e9 un aumento significativo en el empleo de cereales en la alimentaci\u00f3n animal, dado por el incremento en el consumo de carne (principalmente de pollo) y en derivados l\u00e1cteos.<\/p>\n<p>Por el contrario se espera una disminuci\u00f3n en el empleo para bioetanol y biodiesel puesto que los veh\u00edculos que utilizan gasolina y gas\u00f3leo se ir\u00e1n reduciendo y ganar\u00e1n terreno los el\u00e9ctricos e h\u00edbridos.<\/p>\n<p>Para la campa\u00f1a 2017\/2018 se espera una disminuci\u00f3n de la producci\u00f3n mundial de cereales del 3% respecto al r\u00e9cord de la pasada campa\u00f1a que fue de 2.100 millones de toneladas, principalmente por la disminuci\u00f3n de ma\u00edz en EEUU ya que la producci\u00f3n de trigo continuar\u00e1 alta.<\/p>\n<p>A pesar de esta gran producci\u00f3n, la demanda superar\u00e1 a la oferta y empujar\u00e1 a la baja los stocks finales por debajo de los 500 millones de toneladas, sobre todo se espera un nuevo r\u00e9cord de consumo de ma\u00edz impulsado por la alimentaci\u00f3n y la demanda industrial.<\/p>\n<p>En el caso del trigo, pese a la demanda creciente aumentar\u00e1n los stocks y para la cebada se espera que el consumo disminuya debido a que el uso alimentario estimado en China ser\u00e1 m\u00e1s bajo.<\/p>\n<p>Por lo tanto la conclusi\u00f3n de este estudio es que s\u00f3lo extremos agroclim\u00e1ticos podr\u00edan provocar impactos significativos en los mercados de cereales de la UE en cualquier direcci\u00f3n.<\/p>\n<p>Para Europa en condiciones desfavorables los precios se mover\u00edan en el entorno de 191 \u20ac\/t para el trigo, 166 \u20ac\/t para la ma\u00edz y 164 \u20ac\/t para la cebada.<\/p>\n<p>En condiciones muy favorables y de sobreproducci\u00f3n los precios se mover\u00edan en el entorno de 150 \u20ac\/t para el trigo, 145 \u20ac\/t para la ma\u00edz y 127 \u20ac\/t para la cebada.<\/p>\n<p>Se puede consultar esta informaci\u00f3n m\u00e1s detallada a trav\u00e9s de la p\u00e1gina web <span style=\"color: #000000\">www.lonjadeleon.es.<\/span><\/p>\n<p>Le\u00f3n,\u00a003 de enero de 2.018.<\/p>\n<p><strong>\u00a0<\/strong><\/p>\n<p style=\"text-align: center\"><strong>LONJA AGROPECUARIA DE\u00a0<\/strong><b>LE\u00d3N<\/b><\/p>\n<p style=\"text-align: center\"><strong>COTIZACIONES DE LAS MESAS\u00a0AGR\u00cdCOLA\u00a0Y GANADERA 03-01-18<\/strong><\/p>\n<p style=\"text-align: center\"><strong>Precios Orientativos Euros\/Tonelada en Origen Almac\u00e9n Agricultor<\/strong><\/p>\n<p style=\"text-align: center\"><strong>(Condiciones de Calidad O.C.M. Cereales-F.E.G.A. Campa\u00f1a 2013\/2014) <\/strong><\/p>\n<table>\n<tbody>\n<tr>\n<td width=\"196\"><strong>CEREALES<\/strong><\/td>\n<td style=\"text-align: center\" width=\"132\"><strong>COTIZACI\u00d3N\u00a0<\/strong><strong>ANTERIOR<\/strong><\/td>\n<td style=\"text-align: center\" width=\"123\"><strong>COTIZACI\u00d3N\u00a0<\/strong><strong>ACTUAL<\/strong><\/td>\n<td style=\"text-align: center\" width=\"72\"><strong>DIF.<\/strong><\/td>\n<\/tr>\n<tr>\n<td width=\"196\"><\/td>\n<td style=\"text-align: center\" width=\"132\"><strong>\u20ac\/t<\/strong><\/td>\n<td style=\"text-align: center\" width=\"123\"><strong>\u20ac\/t<\/strong><\/td>\n<td style=\"text-align: center\" width=\"72\"><\/td>\n<\/tr>\n<tr>\n<td width=\"196\">Trigo Pienso<\/td>\n<td style=\"text-align: center\" width=\"132\">180,00<\/td>\n<td style=\"text-align: center\" width=\"123\">180,00<\/td>\n<td style=\"text-align: center\" width=\"72\">=<\/td>\n<\/tr>\n<tr>\n<td width=\"196\">Cebada<\/td>\n<td style=\"text-align: center\" width=\"132\">179,00<\/td>\n<td style=\"text-align: center\" width=\"123\">179,00<\/td>\n<td style=\"text-align: center\" width=\"72\">=<\/td>\n<\/tr>\n<tr>\n<td width=\"196\">Triticale<\/td>\n<td style=\"text-align: center\" width=\"132\">S\/C<\/td>\n<td style=\"text-align: center\" width=\"123\">S\/C<\/td>\n<td style=\"text-align: center\" width=\"72\"><\/td>\n<\/tr>\n<tr>\n<td width=\"196\">Centeno<\/td>\n<td style=\"text-align: center\" width=\"132\">170,00<\/td>\n<td style=\"text-align: center\" width=\"123\">170,00<\/td>\n<td style=\"text-align: center\" width=\"72\">=<\/td>\n<\/tr>\n<tr>\n<td width=\"196\">Avena<\/td>\n<td style=\"text-align: center\" width=\"132\">153,00<\/td>\n<td style=\"text-align: center\" width=\"123\">153,00<\/td>\n<td style=\"text-align: center\" width=\"72\">=<\/td>\n<\/tr>\n<tr>\n<td width=\"196\">Ma\u00edz<\/td>\n<td style=\"text-align: center\" width=\"132\">163,00<\/td>\n<td style=\"text-align: center\" width=\"123\">163,00<\/td>\n<td style=\"text-align: center\" width=\"72\">=<\/td>\n<\/tr>\n<\/tbody>\n<\/table>\n<p style=\"padding-left: 30px\">*\u00a0 Ma\u00edz\u00a0 con menos del 15% de humedad<\/p>\n<p style=\"padding-left: 30px\">Actividad subvencionada por la Diputaci\u00f3n Provincial de Le\u00f3n.<\/p>\n<table>\n<tbody>\n<tr>\n<td width=\"206\">&nbsp;<\/p>\n<p><strong>FORRAJES<\/strong><\/td>\n<td style=\"text-align: center\" width=\"123\">&nbsp;<\/p>\n<p style=\"text-align: center\"><b>COTIZACI\u00d3N\u00a0<\/b><strong>ANTERIOR<\/strong><\/p>\n<\/td>\n<td style=\"text-align: center\" width=\"132\">&nbsp;<\/p>\n<p style=\"text-align: center\"><b>COTIZACI\u00d3N\u00a0<\/b><strong>ACTUAL<\/strong><\/p>\n<\/td>\n<td style=\"text-align: center\" width=\"66\">&nbsp;<\/p>\n<p><strong>DIF.<\/strong><\/td>\n<\/tr>\n<tr>\n<td width=\"206\"><\/td>\n<td style=\"text-align: center\" width=\"123\"><strong>\u20ac\/t<\/strong><\/td>\n<td style=\"text-align: center\" width=\"132\"><strong>\u20ac\/t<\/strong><\/td>\n<td style=\"text-align: center\" width=\"66\"><\/td>\n<\/tr>\n<tr>\n<td width=\"206\">Alfalfa paquete rama<\/td>\n<td style=\"text-align: center\" width=\"123\">180,00<\/td>\n<td style=\"text-align: center\" width=\"132\">180,00<\/td>\n<td style=\"text-align: center\" width=\"66\">=<\/td>\n<\/tr>\n<tr>\n<td width=\"206\">Alfalfa paquete deshidratado<\/td>\n<td style=\"text-align: center\" width=\"123\">210,00<\/td>\n<td style=\"text-align: center\" width=\"132\">210,00<\/td>\n<td style=\"text-align: center\" width=\"66\">=<\/td>\n<\/tr>\n<tr>\n<td width=\"206\">Paja 1\u00aa (Cebada)<\/td>\n<td style=\"text-align: center\" width=\"123\">72,00<\/td>\n<td style=\"text-align: center\" width=\"132\">72,00<\/td>\n<td style=\"text-align: center\" width=\"66\">=<\/td>\n<\/tr>\n<tr>\n<td width=\"206\">Veza forraje de 1\u00aa<\/td>\n<td style=\"text-align: center\" width=\"123\">156,00<\/td>\n<td style=\"text-align: center\" width=\"132\">156,00<\/td>\n<td style=\"text-align: center\" width=\"66\">=<\/td>\n<\/tr>\n<tr>\n<td width=\"206\">Forraje<\/td>\n<td style=\"text-align: center\" width=\"123\">120,00<\/td>\n<td style=\"text-align: center\" width=\"132\">120,00<\/td>\n<td style=\"text-align: center\" width=\"66\">=<\/td>\n<\/tr>\n<\/tbody>\n<\/table>\n<p style=\"padding-left: 30px\">Actividad subvencionada por la Diputaci\u00f3n Provincial de Le\u00f3n.<\/p>\n<table>\n<tbody>\n<tr>\n<td width=\"206\">&nbsp;<\/p>\n<p><strong>ALUBIAS<\/strong><\/td>\n<td style=\"text-align: center\" width=\"123\">&nbsp;<\/p>\n<p style=\"text-align: center\"><b>COTIZACI\u00d3N\u00a0<\/b><strong>ANTERIOR<\/strong><\/p>\n<\/td>\n<td style=\"text-align: center\" width=\"132\">&nbsp;<\/p>\n<p style=\"text-align: center\"><b>COTIZACI\u00d3N\u00a0<\/b><strong>ACTUAL<\/strong><\/p>\n<\/td>\n<td style=\"text-align: center\" width=\"66\">&nbsp;<\/p>\n<p><strong>DIF.<\/strong><\/td>\n<\/tr>\n<tr>\n<td width=\"206\"><\/td>\n<td style=\"text-align: center\" width=\"123\"><strong>\u20ac\/kg<\/strong><\/td>\n<td style=\"text-align: center\" width=\"132\"><strong>\u20ac\/kg<\/strong><\/td>\n<td style=\"text-align: center\" width=\"66\"><\/td>\n<\/tr>\n<tr>\n<td width=\"206\">Canela<\/td>\n<td style=\"text-align: center\" width=\"123\">1,20<\/td>\n<td style=\"text-align: center\" width=\"132\">1,20<\/td>\n<td style=\"text-align: center\" width=\"66\">=<\/td>\n<\/tr>\n<tr>\n<td width=\"206\">Negra<\/td>\n<td style=\"text-align: center\" width=\"123\">2,80<\/td>\n<td style=\"text-align: center\" width=\"132\">2,80<\/td>\n<td style=\"text-align: center\" width=\"66\">=<\/td>\n<\/tr>\n<tr>\n<td width=\"206\">Palme\u00f1a Redonda<\/td>\n<td style=\"text-align: center\" width=\"123\">1,60<\/td>\n<td style=\"text-align: center\" width=\"132\">1,60<\/td>\n<td style=\"text-align: center\" width=\"66\">=<\/td>\n<\/tr>\n<tr>\n<td width=\"206\">Planchada<\/td>\n<td style=\"text-align: center\" width=\"123\">1,30<\/td>\n<td style=\"text-align: center\" width=\"132\">1,30<\/td>\n<td style=\"text-align: center\" width=\"66\">=<\/td>\n<\/tr>\n<tr>\n<td width=\"206\">Plancheta<\/td>\n<td style=\"text-align: center\" width=\"123\">1,55<\/td>\n<td style=\"text-align: center\" width=\"132\">1,55<\/td>\n<td style=\"text-align: center\" width=\"66\">=<\/td>\n<\/tr>\n<tr>\n<td width=\"206\">Pinta<\/td>\n<td style=\"text-align: center\" width=\"123\">0,85<\/td>\n<td style=\"text-align: center\" width=\"132\">0,85<\/td>\n<td style=\"text-align: center\" width=\"66\">=<\/td>\n<\/tr>\n<tr>\n<td width=\"206\">Ri\u00f1\u00f3n de Le\u00f3n<\/td>\n<td style=\"text-align: center\" width=\"123\">0,90<\/td>\n<td style=\"text-align: center\" width=\"132\">0,90<\/td>\n<td style=\"text-align: center\" width=\"66\">=<\/td>\n<\/tr>\n<tr>\n<td width=\"206\">Redonda<\/td>\n<td style=\"text-align: center\" width=\"123\">0,90<\/td>\n<td style=\"text-align: center\" width=\"132\">0,90<\/td>\n<td style=\"text-align: center\" width=\"66\">=<\/td>\n<\/tr>\n<\/tbody>\n<\/table>\n<p style=\"padding-left: 30px\">Actividad subvencionada por la Diputaci\u00f3n Provincial de Le\u00f3n.<\/p>\n<table>\n<tbody>\n<tr>\n<td width=\"206\"><strong>PATATAS<\/strong><\/td>\n<td style=\"text-align: center\" width=\"123\"><b>COTIZACI\u00d3N\u00a0<\/b><strong>ANTERIOR<\/strong><\/td>\n<td style=\"text-align: center\" width=\"132\"><b>COTIZACI\u00d3N\u00a0<\/b><strong>ACTUAL<\/strong><\/td>\n<td style=\"text-align: center\" width=\"62\"><strong>DIF.<\/strong><\/td>\n<\/tr>\n<tr>\n<td width=\"206\"><\/td>\n<td style=\"text-align: center\" width=\"123\"><strong>\u20ac\/t<\/strong><\/td>\n<td style=\"text-align: center\" width=\"132\"><strong>\u20ac\/t<\/strong><\/td>\n<td style=\"text-align: center\" width=\"62\"><strong>\u00a0<\/strong><\/td>\n<\/tr>\n<tr>\n<td width=\"206\">Agria<\/td>\n<td style=\"text-align: center\" width=\"123\">90<\/td>\n<td style=\"text-align: center\" width=\"132\">90<\/td>\n<td style=\"text-align: center\" width=\"62\">=<\/td>\n<\/tr>\n<tr>\n<td width=\"206\">Jaerla<\/td>\n<td style=\"text-align: center\" width=\"123\">S\/C<\/td>\n<td style=\"text-align: center\" width=\"132\">S\/C<\/td>\n<td style=\"text-align: center\" width=\"62\"><\/td>\n<\/tr>\n<tr>\n<td width=\"206\">Kennebec<\/td>\n<td style=\"text-align: center\" width=\"123\">90<\/td>\n<td style=\"text-align: center\" width=\"132\">90<\/td>\n<td style=\"text-align: center\" width=\"62\">=<\/td>\n<\/tr>\n<tr>\n<td width=\"206\">Red Pontiac<\/td>\n<td style=\"text-align: center\" width=\"123\">90<\/td>\n<td style=\"text-align: center\" width=\"132\">90<\/td>\n<td style=\"text-align: center\" width=\"62\">=<\/td>\n<\/tr>\n<tr>\n<td width=\"206\">Red Scarlett<\/td>\n<td style=\"text-align: center\" width=\"123\">40<\/td>\n<td style=\"text-align: center\" width=\"132\">40<\/td>\n<td style=\"text-align: center\" width=\"62\">=<\/td>\n<\/tr>\n<tr>\n<td width=\"206\">Hermes<\/td>\n<td style=\"text-align: center\" width=\"123\">70<\/td>\n<td style=\"text-align: center\" width=\"132\">70<\/td>\n<td style=\"text-align: center\" width=\"62\">=<\/td>\n<\/tr>\n<tr>\n<td width=\"206\">Desir\u00e9e<\/td>\n<td style=\"text-align: center\" width=\"123\">40<\/td>\n<td style=\"text-align: center\" width=\"132\">40<\/td>\n<td style=\"text-align: center\" width=\"62\">=<\/td>\n<\/tr>\n<tr>\n<td width=\"206\">Ast\u00e9rix<\/td>\n<td style=\"text-align: center\" width=\"123\">40<\/td>\n<td style=\"text-align: center\" width=\"132\">40<\/td>\n<td style=\"text-align: center\" width=\"62\">=<\/td>\n<\/tr>\n<\/tbody>\n<\/table>\n<p style=\"padding-left: 30px\">Actividad subvencionada por la Diputaci\u00f3n Provincial de Le\u00f3n.<\/p>\n<table>\n<tbody>\n<tr>\n<td width=\"206\"><strong>LECHE DE VACA<\/strong><\/td>\n<td style=\"text-align: center\" width=\"123\"><b>COTIZACI\u00d3N\u00a0<\/b><strong>ANTERIOR<\/strong><\/td>\n<td style=\"text-align: center\" width=\"132\"><b>COTIZACI\u00d3N\u00a0<\/b><strong>ACTUAL<\/strong><\/td>\n<td style=\"text-align: center\" width=\"66\"><strong>DIF.<\/strong><\/td>\n<\/tr>\n<tr>\n<td width=\"206\"><\/td>\n<td style=\"text-align: center\" width=\"123\"><strong>\u20ac\/Litro<\/strong><\/td>\n<td style=\"text-align: center\" width=\"132\"><strong>\u20ac\/Litro<\/strong><\/td>\n<td style=\"text-align: center\" width=\"66\"><\/td>\n<\/tr>\n<tr>\n<td width=\"206\">Hasta 15.000 Litros\/Mes<\/td>\n<td style=\"text-align: center\" width=\"123\">0,30*<\/td>\n<td style=\"text-align: center\" width=\"132\">0,30*<\/td>\n<td style=\"text-align: center\" width=\"66\">=<\/td>\n<\/tr>\n<\/tbody>\n<\/table>\n<p><span style=\"font-size: 10pt\">*Prima de 3 \u20ac\/t\u00a0 por cada incremento de 15.000 litros\/Mes * Precio leche entregada oct-nov-dic<\/span><br \/>\n<span style=\"font-size: 10pt\">3,7\u00a0\u00a0\u00a0 Materia Grasa<\/span><br \/>\n<span style=\"font-size: 10pt\">3,10\u00a0 Prote\u00edna<\/span><\/p>\n<p style=\"padding-left: 30px\">Actividad subvencionada por la Diputaci\u00f3n Provincial de Le\u00f3n.<\/p>\n<table>\n<tbody>\n<tr>\n<td width=\"206\"><strong>LECHE DE OVEJA\u00a0<\/strong><strong>Y DE CABRA<\/strong><\/td>\n<td style=\"text-align: center\" width=\"123\"><b>COTIZACI\u00d3N\u00a0<\/b><strong>ANTERIOR<\/strong><\/td>\n<td style=\"text-align: center\" width=\"132\"><b>COTIZACI\u00d3N\u00a0<\/b><strong>ACTUAL<\/strong><\/td>\n<td style=\"text-align: center\" width=\"76\"><strong>DIF.<\/strong><\/td>\n<\/tr>\n<tr>\n<td width=\"206\"><\/td>\n<td style=\"text-align: center\" width=\"123\"><strong>Euros\/E.Q.<\/strong><\/td>\n<td style=\"text-align: center\" width=\"132\"><strong>Euros\/E.Q.<\/strong><\/td>\n<td style=\"text-align: center\" width=\"76\"><\/td>\n<\/tr>\n<tr>\n<td width=\"206\">Leche de oveja<\/td>\n<td style=\"text-align: center\" width=\"123\">\u00a0\u00a0\u00a0 0,0631<\/td>\n<td style=\"text-align: center\" width=\"132\">\u00a0\u00a0\u00a0 0,0631*<\/td>\n<td style=\"text-align: center\" width=\"76\">=<\/td>\n<\/tr>\n<tr>\n<td width=\"206\">Leche de cabra<\/td>\n<td style=\"text-align: center\" width=\"123\">\u00a0\u00a0\u00a0 0,0691<\/td>\n<td style=\"text-align: center\" width=\"132\">\u00a0\u00a0\u00a0 0,0691*<\/td>\n<td style=\"text-align: center\" width=\"76\">=<\/td>\n<\/tr>\n<\/tbody>\n<\/table>\n<p style=\"padding-left: 30px\">E.Q.\u00a0 Extracto quesero\u00a0 en litro\/ * Precio leche mes noviembre<\/p>\n<p style=\"padding-left: 30px\"><u>Media provincia Le\u00f3n E.Q. mes \u00a0noviembre \u00a0leche oveja 13,41 \u00a0y leche cabra 9,54\u00a0 (Datos Laboratorio Interprofesional L\u00e1cteo CyL)<\/u><\/p>\n<p style=\"padding-left: 30px\">Actividad subvencionada por la Diputaci\u00f3n Provincial de Le\u00f3n.<\/p>\n<table>\n<tbody>\n<tr>\n<td width=\"196\"><strong>OVINO <\/strong><\/td>\n<td style=\"text-align: center\" width=\"123\"><strong>COTIZACI\u00d3N\u00a0<\/strong><strong>ANTERIOR<\/strong><\/td>\n<td style=\"text-align: center\" width=\"142\"><strong>COTIZACI\u00d3N\u00a0<\/strong><strong>ACTUAL<\/strong><\/td>\n<td style=\"text-align: center\" width=\"76\"><strong>DIF.<\/strong><\/td>\n<\/tr>\n<tr>\n<td width=\"196\"><\/td>\n<td style=\"text-align: center\" width=\"123\"><strong>\u20ac\/kg Vivo<\/strong><\/td>\n<td style=\"text-align: center\" width=\"142\"><strong>\u20ac\/kg Vivo<\/strong><\/td>\n<td style=\"text-align: center\" width=\"76\"><\/td>\n<\/tr>\n<tr>\n<td width=\"196\">Lechazos hasta 12 kg.<\/td>\n<td style=\"text-align: center\" width=\"123\">5,30<\/td>\n<td style=\"text-align: center\" width=\"142\">3,50<\/td>\n<td style=\"text-align: center\" width=\"76\">\u25bc<\/td>\n<\/tr>\n<tr>\n<td width=\"196\">Cabritos hasta 11 kg<\/td>\n<td style=\"text-align: center\" width=\"123\">5,30<\/td>\n<td style=\"text-align: center\" width=\"142\">3,50<\/td>\n<td style=\"text-align: center\" width=\"76\">\u25bc<\/td>\n<\/tr>\n<tr>\n<td width=\"196\"><\/td>\n<td style=\"text-align: center\" width=\"123\"><strong>\u20ac\/Unidad<\/strong><\/td>\n<td style=\"text-align: center\" width=\"142\"><strong>\u20ac\/Unidad<\/strong><\/td>\n<td style=\"text-align: center\" width=\"76\"><\/td>\n<\/tr>\n<tr>\n<td width=\"196\">Corderos 12,1-15 kg<\/td>\n<td style=\"text-align: center\" width=\"123\">64,00<\/td>\n<td style=\"text-align: center\" width=\"142\">42,00<\/td>\n<td style=\"text-align: center\" width=\"76\">\u25bc<\/td>\n<\/tr>\n<tr>\n<td width=\"196\">Corderos 15,1-18 kg<\/td>\n<td style=\"text-align: center\" width=\"123\">65,00<\/td>\n<td style=\"text-align: center\" width=\"142\">65,00<\/td>\n<td style=\"text-align: center\" width=\"76\">=<\/td>\n<\/tr>\n<tr>\n<td width=\"196\">Corderos 18,1-23 kg<\/td>\n<td style=\"text-align: center\" width=\"123\">70,00<\/td>\n<td style=\"text-align: center\" width=\"142\">70,00<\/td>\n<td style=\"text-align: center\" width=\"76\">=<\/td>\n<\/tr>\n<tr>\n<td width=\"196\">Corderos 23,1-27 kg<\/td>\n<td style=\"text-align: center\" width=\"123\">77,00<\/td>\n<td style=\"text-align: center\" width=\"142\">77,00<\/td>\n<td style=\"text-align: center\" width=\"76\">=<\/td>\n<\/tr>\n<tr>\n<td width=\"196\">Corderos 27,1-35 kg<\/td>\n<td style=\"text-align: center\" width=\"123\">80,00<\/td>\n<td style=\"text-align: center\" width=\"142\">80,00<\/td>\n<td style=\"text-align: center\" width=\"76\">=<\/td>\n<\/tr>\n<tr>\n<td width=\"196\">Ovejas vida merino<\/td>\n<td style=\"text-align: center\" width=\"123\">125,00<\/td>\n<td style=\"text-align: center\" width=\"142\">125,00<\/td>\n<td style=\"text-align: center\" width=\"76\">=<\/td>\n<\/tr>\n<tr>\n<td width=\"196\">Ovejas vida leche<\/td>\n<td style=\"text-align: center\" width=\"123\">125,00<\/td>\n<td style=\"text-align: center\" width=\"142\">125,00<\/td>\n<td style=\"text-align: center\" width=\"76\">=<\/td>\n<\/tr>\n<tr>\n<td width=\"196\">Ovejas vida Assaf *<\/td>\n<td style=\"text-align: center\" width=\"123\">165,00<\/td>\n<td style=\"text-align: center\" width=\"142\">165,00<\/td>\n<td style=\"text-align: center\" width=\"76\">=<\/td>\n<\/tr>\n<tr>\n<td width=\"196\">Ovejas sacrificio 1\u00aa<\/td>\n<td style=\"text-align: center\" width=\"123\">50,00<\/td>\n<td style=\"text-align: center\" width=\"142\">50,00<\/td>\n<td style=\"text-align: center\" width=\"76\">=<\/td>\n<\/tr>\n<tr>\n<td width=\"196\">Ovejas sacrificio 2\u00aa<\/td>\n<td style=\"text-align: center\" width=\"123\">20,00<\/td>\n<td style=\"text-align: center\" width=\"142\">20,00<\/td>\n<td style=\"text-align: center\" width=\"76\">=<\/td>\n<\/tr>\n<\/tbody>\n<\/table>\n<p style=\"padding-left: 30px\">* Sin carta<\/p>\n<p style=\"padding-left: 30px\">Actividad subvencionada por la Diputaci\u00f3n Provincial de Le\u00f3n.<\/p>\n<table>\n<tbody>\n<tr>\n<td style=\"text-align: center\" width=\"206\">&nbsp;<\/p>\n<p style=\"text-align: left\"><strong>VACUNO <\/strong><\/p>\n<\/td>\n<td style=\"text-align: center\" width=\"126\">&nbsp;<\/p>\n<p style=\"text-align: center\"><strong>COTIZACI\u00d3N\u00a0<\/strong><strong>ANTERIOR<\/strong><\/p>\n<\/td>\n<td style=\"text-align: center\" width=\"129\">&nbsp;<\/p>\n<p><strong>COTIZACI\u00d3N\u00a0<\/strong><strong>ACTUAL<\/strong><\/td>\n<td style=\"text-align: center\" width=\"79\">&nbsp;<\/p>\n<p><strong>\u00a0DIF.<\/strong><\/td>\n<\/tr>\n<tr>\n<td width=\"206\"><strong>GANADO VIDA<\/strong><\/td>\n<td style=\"text-align: center\" width=\"126\"><strong>\u20ac\/Unidad<\/strong><\/td>\n<td style=\"text-align: center\" width=\"129\"><strong>\u20ac\/Unidad<\/strong><\/td>\n<td style=\"text-align: center\" width=\"79\"><strong>\u00a0<\/strong><\/td>\n<\/tr>\n<tr>\n<td width=\"206\">Mamones pinto<\/td>\n<td style=\"text-align: center\" width=\"126\">\u00a0100,00<\/td>\n<td style=\"text-align: center\" width=\"129\">\u00a0115,00<\/td>\n<td style=\"text-align: center\" width=\"79\">\u25b2<\/td>\n<\/tr>\n<tr>\n<td width=\"206\">Mamones macho cruzado<\/td>\n<td style=\"text-align: center\" width=\"126\">280,00<\/td>\n<td style=\"text-align: center\" width=\"129\">280,00<\/td>\n<td style=\"text-align: center\" width=\"79\">=<\/td>\n<\/tr>\n<tr>\n<td width=\"206\">Mamones hembra cruzado<\/td>\n<td style=\"text-align: center\" width=\"126\">180,00<\/td>\n<td style=\"text-align: center\" width=\"129\">180,00<\/td>\n<td style=\"text-align: center\" width=\"79\">=<\/td>\n<\/tr>\n<tr>\n<td width=\"206\">Pasteros macho\u00a0 ( 200 kg)<\/td>\n<td style=\"text-align: center\" width=\"126\">640,00<\/td>\n<td style=\"text-align: center\" width=\"129\">650,00<\/td>\n<td style=\"text-align: center\" width=\"79\">\u25b2<\/td>\n<\/tr>\n<tr>\n<td width=\"206\">Pasteros hembra ( 200 kg)<\/td>\n<td style=\"text-align: center\" width=\"126\">480,00<\/td>\n<td style=\"text-align: center\" width=\"129\">480,00<\/td>\n<td style=\"text-align: center\" width=\"79\">=<\/td>\n<\/tr>\n<tr>\n<td width=\"206\"><strong>BOVINO CARNE<\/strong><\/td>\n<td style=\"text-align: center\" width=\"126\"><strong>\u20ac\/Kg. Canal<\/strong><\/td>\n<td style=\"text-align: center\" width=\"129\"><strong>\u20ac\/Kg. Canal<\/strong><\/td>\n<td style=\"text-align: center\" width=\"79\"><\/td>\n<\/tr>\n<tr>\n<td width=\"206\">Hembras 150-180 kg.<\/td>\n<td style=\"text-align: center\" width=\"126\"><\/td>\n<td style=\"text-align: center\" width=\"129\"><\/td>\n<td style=\"text-align: center\" width=\"79\"><\/td>\n<\/tr>\n<tr>\n<td width=\"206\">U<\/td>\n<td style=\"text-align: center\" width=\"126\">4,20<\/td>\n<td style=\"text-align: center\" width=\"129\">4,20<\/td>\n<td style=\"text-align: center\" width=\"79\">=<\/td>\n<\/tr>\n<tr>\n<td width=\"206\">R<\/td>\n<td style=\"text-align: center\" width=\"126\">4,10<\/td>\n<td style=\"text-align: center\" width=\"129\">4,10<\/td>\n<td style=\"text-align: center\" width=\"79\">=<\/td>\n<\/tr>\n<tr>\n<td width=\"206\">O<\/td>\n<td style=\"text-align: center\" width=\"126\">3,30<\/td>\n<td style=\"text-align: center\" width=\"129\">3,35<\/td>\n<td style=\"text-align: center\" width=\"79\">\u25b2<\/td>\n<\/tr>\n<tr>\n<td width=\"206\">Hembras 181-200 kg.<\/td>\n<td style=\"text-align: center\" width=\"126\"><\/td>\n<td style=\"text-align: center\" width=\"129\"><\/td>\n<td style=\"text-align: center\" width=\"79\"><\/td>\n<\/tr>\n<tr>\n<td width=\"206\">U<\/td>\n<td style=\"text-align: center\" width=\"126\">4,20<\/td>\n<td style=\"text-align: center\" width=\"129\">4,20<\/td>\n<td style=\"text-align: center\" width=\"79\">=<\/td>\n<\/tr>\n<tr>\n<td width=\"206\">R<\/td>\n<td style=\"text-align: center\" width=\"126\">4,10<\/td>\n<td style=\"text-align: center\" width=\"129\">4,10<\/td>\n<td style=\"text-align: center\" width=\"79\">=<\/td>\n<\/tr>\n<tr>\n<td width=\"206\">O<\/td>\n<td style=\"text-align: center\" width=\"126\">3,30<\/td>\n<td style=\"text-align: center\" width=\"129\">3,35<\/td>\n<td style=\"text-align: center\" width=\"79\">\u25b2<\/td>\n<\/tr>\n<tr>\n<td width=\"206\">Hembras 201-250 kg.<\/td>\n<td style=\"text-align: center\" width=\"126\"><\/td>\n<td style=\"text-align: center\" width=\"129\"><\/td>\n<td style=\"text-align: center\" width=\"79\"><\/td>\n<\/tr>\n<tr>\n<td width=\"206\">U<\/td>\n<td style=\"text-align: center\" width=\"126\">4,20<\/td>\n<td style=\"text-align: center\" width=\"129\">4,20<\/td>\n<td style=\"text-align: center\" width=\"79\">=<\/td>\n<\/tr>\n<tr>\n<td width=\"206\">R<\/td>\n<td style=\"text-align: center\" width=\"126\">4,10<\/td>\n<td style=\"text-align: center\" width=\"129\">4,10<\/td>\n<td style=\"text-align: center\" width=\"79\">=<\/td>\n<\/tr>\n<tr>\n<td width=\"206\">O<\/td>\n<td style=\"text-align: center\" width=\"126\">3,30<\/td>\n<td style=\"text-align: center\" width=\"129\">3,35<\/td>\n<td style=\"text-align: center\" width=\"79\">\u25b2<\/td>\n<\/tr>\n<tr>\n<td width=\"206\">Hembras m\u00e1s 251 kg.<\/td>\n<td style=\"text-align: center\" width=\"126\"><\/td>\n<td style=\"text-align: center\" width=\"129\"><\/td>\n<td style=\"text-align: center\" width=\"79\"><\/td>\n<\/tr>\n<tr>\n<td width=\"206\">U<\/td>\n<td style=\"text-align: center\" width=\"126\">4,20<\/td>\n<td style=\"text-align: center\" width=\"129\">4,20<\/td>\n<td style=\"text-align: center\" width=\"79\">=<\/td>\n<\/tr>\n<tr>\n<td width=\"206\">R<\/td>\n<td style=\"text-align: center\" width=\"126\">4,10<\/td>\n<td style=\"text-align: center\" width=\"129\">4,10<\/td>\n<td style=\"text-align: center\" width=\"79\">=<\/td>\n<\/tr>\n<tr>\n<td width=\"206\">O<\/td>\n<td style=\"text-align: center\" width=\"126\">3,30<\/td>\n<td style=\"text-align: center\" width=\"129\">3,35<\/td>\n<td style=\"text-align: center\" width=\"79\">\u25b2<\/td>\n<\/tr>\n<tr>\n<td width=\"206\">Machos 150-200 kg.<\/td>\n<td style=\"text-align: center\" width=\"126\"><\/td>\n<td style=\"text-align: center\" width=\"129\"><\/td>\n<td style=\"text-align: center\" width=\"79\"><\/td>\n<\/tr>\n<tr>\n<td width=\"206\">U<\/td>\n<td style=\"text-align: center\" width=\"126\">4,20<\/td>\n<td style=\"text-align: center\" width=\"129\">4,20<\/td>\n<td style=\"text-align: center\" width=\"79\">=<\/td>\n<\/tr>\n<tr>\n<td width=\"206\">R<\/td>\n<td style=\"text-align: center\" width=\"126\">4,05<\/td>\n<td style=\"text-align: center\" width=\"129\">4,05<\/td>\n<td style=\"text-align: center\" width=\"79\">=<\/td>\n<\/tr>\n<tr>\n<td width=\"206\">O<\/td>\n<td style=\"text-align: center\" width=\"126\">3,30<\/td>\n<td style=\"text-align: center\" width=\"129\">3,35<\/td>\n<td style=\"text-align: center\" width=\"79\">\u25b2<\/td>\n<\/tr>\n<tr>\n<td width=\"206\">Machos 201-250 kg.<\/td>\n<td style=\"text-align: center\" width=\"126\"><\/td>\n<td style=\"text-align: center\" width=\"129\"><\/td>\n<td style=\"text-align: center\" width=\"79\"><\/td>\n<\/tr>\n<tr>\n<td width=\"206\">U<\/td>\n<td style=\"text-align: center\" width=\"126\">4,00<\/td>\n<td style=\"text-align: center\" width=\"129\">4,00<\/td>\n<td style=\"text-align: center\" width=\"79\">=<\/td>\n<\/tr>\n<tr>\n<td width=\"206\">R<\/td>\n<td style=\"text-align: center\" width=\"126\">3,90<\/td>\n<td style=\"text-align: center\" width=\"129\">3,90<\/td>\n<td style=\"text-align: center\" width=\"79\">=<\/td>\n<\/tr>\n<tr>\n<td width=\"206\">O<\/td>\n<td style=\"text-align: center\" width=\"126\">3,30<\/td>\n<td style=\"text-align: center\" width=\"129\">3,35<\/td>\n<td style=\"text-align: center\" width=\"79\">\u25b2<\/td>\n<\/tr>\n<tr>\n<td width=\"206\">Machos 251-300 kg.<\/td>\n<td style=\"text-align: center\" width=\"126\"><\/td>\n<td style=\"text-align: center\" width=\"129\"><\/td>\n<td style=\"text-align: center\" width=\"79\"><\/td>\n<\/tr>\n<tr>\n<td width=\"206\">U<\/td>\n<td style=\"text-align: center\" width=\"126\">4,00<\/td>\n<td style=\"text-align: center\" width=\"129\">4,00<\/td>\n<td style=\"text-align: center\" width=\"79\">=<\/td>\n<\/tr>\n<tr>\n<td width=\"206\">R<\/td>\n<td style=\"text-align: center\" width=\"126\">3,90<\/td>\n<td style=\"text-align: center\" width=\"129\">3,90<\/td>\n<td style=\"text-align: center\" width=\"79\">=<\/td>\n<\/tr>\n<tr>\n<td width=\"206\">O<\/td>\n<td style=\"text-align: center\" width=\"126\">3,30<\/td>\n<td style=\"text-align: center\" width=\"129\">3,35<\/td>\n<td style=\"text-align: center\" width=\"79\">\u25b2<\/td>\n<\/tr>\n<tr>\n<td width=\"206\">Machos m\u00e1s de 301 kg.<\/td>\n<td style=\"text-align: center\" width=\"126\"><\/td>\n<td style=\"text-align: center\" width=\"129\"><\/td>\n<td style=\"text-align: center\" width=\"79\"><\/td>\n<\/tr>\n<tr>\n<td width=\"206\">U<\/td>\n<td style=\"text-align: center\" width=\"126\">4,00<\/td>\n<td style=\"text-align: center\" width=\"129\">4,00<\/td>\n<td style=\"text-align: center\" width=\"79\">=<\/td>\n<\/tr>\n<tr>\n<td width=\"206\">R<\/td>\n<td style=\"text-align: center\" width=\"126\">3,90<\/td>\n<td style=\"text-align: center\" width=\"129\">3,90<\/td>\n<td style=\"text-align: center\" width=\"79\">=<\/td>\n<\/tr>\n<tr>\n<td width=\"206\">O<\/td>\n<td style=\"text-align: center\" width=\"126\">3,30<\/td>\n<td style=\"text-align: center\" width=\"129\">3,35<\/td>\n<td style=\"text-align: center\" width=\"79\">\u25b2<\/td>\n<\/tr>\n<tr>\n<td width=\"206\"><strong>VACAS SACRIFICIO<\/strong><\/td>\n<td style=\"text-align: center\" width=\"126\"><strong>\u20ac\/Kg. Canal<\/strong><\/td>\n<td style=\"text-align: center\" width=\"129\"><strong>\u20ac\/Kg. Canal<\/strong><\/td>\n<td style=\"text-align: center\" width=\"79\"><\/td>\n<\/tr>\n<tr>\n<td width=\"206\">F\u00e1brica y Segunda<\/td>\n<td style=\"text-align: center\" width=\"126\">1,60\/2,60<\/td>\n<td style=\"text-align: center\" width=\"129\">1,60\/2,60<\/td>\n<td style=\"text-align: center\" width=\"79\">=<\/td>\n<\/tr>\n<tr>\n<td width=\"206\">Primera y Extra (Engrasada)<\/td>\n<td style=\"text-align: center\" width=\"126\">2,70\/3,30<\/td>\n<td style=\"text-align: center\" width=\"129\">2,70\/3,30<\/td>\n<td style=\"text-align: center\" width=\"79\">=<\/td>\n<\/tr>\n<\/tbody>\n<\/table>\n<p style=\"padding-left: 30px\">Actividad subvencionada por la Diputaci\u00f3n Provincial de Le\u00f3n<\/p>\n","protected":false},"excerpt":{"rendered":"<p>Solo las condiciones clim\u00e1ticas adversas podr\u00edan afectar a los precios de los cereales en el futuro Un reciente estudio de la UE indica una disminuci\u00f3n progresiva de la tierra para fines agr\u00edcolas como resultado del aumento de la organizaci\u00f3n en Europa, pudiendo pasar en el corto plazo de los 106,5 millones de hect\u00e1reas cultivables a [&hellip;]<\/p>\n","protected":false},"author":17,"featured_media":8399,"comment_status":"open","ping_status":"open","sticky":false,"template":"","format":"standard","meta":{"footnotes":""},"categories":[34,67,5],"tags":[],"yoast_head":"<!-- This site is optimized with the Yoast SEO plugin v24.5 - https:\/\/yoast.com\/wordpress\/plugins\/seo\/ -->\n<title>Cotizaciones de la Lonja Agropecuaria de Le\u00f3n \u2013 Sesi\u00f3n 03\/01\/2018 - ASAJA Le\u00f3n<\/title>\n<meta name=\"description\" content=\"Solo las condiciones clim\u00e1ticas adversas podr\u00edan afectar a los precios de los cereales en el futuro Un reciente estudio de la UE indica una disminuci\u00f3n\" \/>\n<meta name=\"robots\" content=\"index, follow, max-snippet:-1, max-image-preview:large, max-video-preview:-1\" \/>\n<link rel=\"canonical\" href=\"https:\/\/www.asajacyl.com\/leon\/servicios-socio\/cotizaciones-la-lonja-agropecuaria-leon-sesion-03-01-2018\" \/>\n<meta property=\"og:locale\" content=\"es_ES\" \/>\n<meta property=\"og:type\" content=\"article\" \/>\n<meta property=\"og:title\" content=\"Cotizaciones de la Lonja Agropecuaria de Le\u00f3n \u2013 Sesi\u00f3n 03\/01\/2018 - ASAJA Le\u00f3n\" \/>\n<meta property=\"og:description\" content=\"Solo las condiciones clim\u00e1ticas adversas podr\u00edan afectar a los precios de los cereales en el futuro Un reciente estudio de la UE indica una disminuci\u00f3n\" \/>\n<meta property=\"og:url\" content=\"https:\/\/www.asajacyl.com\/leon\/servicios-socio\/cotizaciones-la-lonja-agropecuaria-leon-sesion-03-01-2018\" \/>\n<meta property=\"og:site_name\" content=\"ASAJA Le\u00f3n\" \/>\n<meta property=\"article:published_time\" content=\"2018-01-04T09:41:00+00:00\" \/>\n<meta property=\"article:modified_time\" content=\"2018-01-05T07:53:09+00:00\" \/>\n<meta property=\"og:image\" content=\"https:\/\/www.asajacyl.com\/leon\/wp-content\/uploads\/sites\/6\/2018\/01\/TRIGO.jpg\" \/>\n\t<meta property=\"og:image:width\" content=\"960\" \/>\n\t<meta property=\"og:image:height\" content=\"685\" \/>\n\t<meta property=\"og:image:type\" content=\"image\/jpeg\" \/>\n<meta name=\"author\" content=\"gonzalofa\" \/>\n<meta name=\"twitter:card\" content=\"summary_large_image\" \/>\n<meta name=\"twitter:label1\" content=\"Escrito por\" \/>\n\t<meta name=\"twitter:data1\" content=\"gonzalofa\" \/>\n\t<meta name=\"twitter:label2\" content=\"Tiempo de lectura\" \/>\n\t<meta name=\"twitter:data2\" content=\"4 minutos\" \/>\n<script type=\"application\/ld+json\" class=\"yoast-schema-graph\">{\"@context\":\"https:\/\/schema.org\",\"@graph\":[{\"@type\":\"WebPage\",\"@id\":\"https:\/\/www.asajacyl.com\/leon\/servicios-socio\/cotizaciones-la-lonja-agropecuaria-leon-sesion-03-01-2018\",\"url\":\"https:\/\/www.asajacyl.com\/leon\/servicios-socio\/cotizaciones-la-lonja-agropecuaria-leon-sesion-03-01-2018\",\"name\":\"Cotizaciones de la Lonja Agropecuaria de Le\u00f3n \u2013 Sesi\u00f3n 03\/01\/2018 - ASAJA Le\u00f3n\",\"isPartOf\":{\"@id\":\"https:\/\/www.asajacyl.com\/leon\/#website\"},\"primaryImageOfPage\":{\"@id\":\"https:\/\/www.asajacyl.com\/leon\/servicios-socio\/cotizaciones-la-lonja-agropecuaria-leon-sesion-03-01-2018#primaryimage\"},\"image\":{\"@id\":\"https:\/\/www.asajacyl.com\/leon\/servicios-socio\/cotizaciones-la-lonja-agropecuaria-leon-sesion-03-01-2018#primaryimage\"},\"thumbnailUrl\":\"https:\/\/www.asajacyl.com\/leon\/wp-content\/uploads\/sites\/6\/2018\/01\/TRIGO.jpg\",\"datePublished\":\"2018-01-04T09:41:00+00:00\",\"dateModified\":\"2018-01-05T07:53:09+00:00\",\"author\":{\"@id\":\"https:\/\/www.asajacyl.com\/leon\/#\/schema\/person\/061f8efaa09cf43f8868e57fe9592bfa\"},\"description\":\"Solo las condiciones clim\u00e1ticas adversas podr\u00edan afectar a los precios de los cereales en el futuro Un reciente estudio de la UE indica una disminuci\u00f3n\",\"breadcrumb\":{\"@id\":\"https:\/\/www.asajacyl.com\/leon\/servicios-socio\/cotizaciones-la-lonja-agropecuaria-leon-sesion-03-01-2018#breadcrumb\"},\"inLanguage\":\"es\",\"potentialAction\":[{\"@type\":\"ReadAction\",\"target\":[\"https:\/\/www.asajacyl.com\/leon\/servicios-socio\/cotizaciones-la-lonja-agropecuaria-leon-sesion-03-01-2018\"]}]},{\"@type\":\"ImageObject\",\"inLanguage\":\"es\",\"@id\":\"https:\/\/www.asajacyl.com\/leon\/servicios-socio\/cotizaciones-la-lonja-agropecuaria-leon-sesion-03-01-2018#primaryimage\",\"url\":\"https:\/\/www.asajacyl.com\/leon\/wp-content\/uploads\/sites\/6\/2018\/01\/TRIGO.jpg\",\"contentUrl\":\"https:\/\/www.asajacyl.com\/leon\/wp-content\/uploads\/sites\/6\/2018\/01\/TRIGO.jpg\",\"width\":960,\"height\":685},{\"@type\":\"BreadcrumbList\",\"@id\":\"https:\/\/www.asajacyl.com\/leon\/servicios-socio\/cotizaciones-la-lonja-agropecuaria-leon-sesion-03-01-2018#breadcrumb\",\"itemListElement\":[{\"@type\":\"ListItem\",\"position\":1,\"name\":\"Portada\",\"item\":\"https:\/\/www.asajacyl.com\/leon\/\"},{\"@type\":\"ListItem\",\"position\":2,\"name\":\"Cotizaciones de la Lonja Agropecuaria de Le\u00f3n \u2013 Sesi\u00f3n 03\/01\/2018\"}]},{\"@type\":\"WebSite\",\"@id\":\"https:\/\/www.asajacyl.com\/leon\/#website\",\"url\":\"https:\/\/www.asajacyl.com\/leon\/\",\"name\":\"ASAJA Le\u00f3n\",\"description\":\"Otro sitio m\u00e1s de Provincias ASAJA Castilla y Le\u00f3n\",\"potentialAction\":[{\"@type\":\"SearchAction\",\"target\":{\"@type\":\"EntryPoint\",\"urlTemplate\":\"https:\/\/www.asajacyl.com\/leon\/?s={search_term_string}\"},\"query-input\":{\"@type\":\"PropertyValueSpecification\",\"valueRequired\":true,\"valueName\":\"search_term_string\"}}],\"inLanguage\":\"es\"},{\"@type\":\"Person\",\"@id\":\"https:\/\/www.asajacyl.com\/leon\/#\/schema\/person\/061f8efaa09cf43f8868e57fe9592bfa\",\"name\":\"gonzalofa\",\"image\":{\"@type\":\"ImageObject\",\"inLanguage\":\"es\",\"@id\":\"https:\/\/www.asajacyl.com\/leon\/#\/schema\/person\/image\/\",\"url\":\"https:\/\/secure.gravatar.com\/avatar\/ae85559b262be23fe1587f91beb8e527?s=96&d=mm&r=g\",\"contentUrl\":\"https:\/\/secure.gravatar.com\/avatar\/ae85559b262be23fe1587f91beb8e527?s=96&d=mm&r=g\",\"caption\":\"gonzalofa\"},\"url\":\"https:\/\/www.asajacyl.com\/leon\/author\/gonzalofa\"}]}<\/script>\n<!-- \/ Yoast SEO plugin. -->","yoast_head_json":{"title":"Cotizaciones de la Lonja Agropecuaria de Le\u00f3n \u2013 Sesi\u00f3n 03\/01\/2018 - ASAJA Le\u00f3n","description":"Solo las condiciones clim\u00e1ticas adversas podr\u00edan afectar a los precios de los cereales en el futuro Un reciente estudio de la UE indica una disminuci\u00f3n","robots":{"index":"index","follow":"follow","max-snippet":"max-snippet:-1","max-image-preview":"max-image-preview:large","max-video-preview":"max-video-preview:-1"},"canonical":"https:\/\/www.asajacyl.com\/leon\/servicios-socio\/cotizaciones-la-lonja-agropecuaria-leon-sesion-03-01-2018","og_locale":"es_ES","og_type":"article","og_title":"Cotizaciones de la Lonja Agropecuaria de Le\u00f3n \u2013 Sesi\u00f3n 03\/01\/2018 - ASAJA Le\u00f3n","og_description":"Solo las condiciones clim\u00e1ticas adversas podr\u00edan afectar a los precios de los cereales en el futuro Un reciente estudio de la UE indica una disminuci\u00f3n","og_url":"https:\/\/www.asajacyl.com\/leon\/servicios-socio\/cotizaciones-la-lonja-agropecuaria-leon-sesion-03-01-2018","og_site_name":"ASAJA Le\u00f3n","article_published_time":"2018-01-04T09:41:00+00:00","article_modified_time":"2018-01-05T07:53:09+00:00","og_image":[{"width":960,"height":685,"url":"https:\/\/www.asajacyl.com\/leon\/wp-content\/uploads\/sites\/6\/2018\/01\/TRIGO.jpg","type":"image\/jpeg"}],"author":"gonzalofa","twitter_card":"summary_large_image","twitter_misc":{"Escrito por":"gonzalofa","Tiempo de lectura":"4 minutos"},"schema":{"@context":"https:\/\/schema.org","@graph":[{"@type":"WebPage","@id":"https:\/\/www.asajacyl.com\/leon\/servicios-socio\/cotizaciones-la-lonja-agropecuaria-leon-sesion-03-01-2018","url":"https:\/\/www.asajacyl.com\/leon\/servicios-socio\/cotizaciones-la-lonja-agropecuaria-leon-sesion-03-01-2018","name":"Cotizaciones de la Lonja Agropecuaria de Le\u00f3n \u2013 Sesi\u00f3n 03\/01\/2018 - ASAJA Le\u00f3n","isPartOf":{"@id":"https:\/\/www.asajacyl.com\/leon\/#website"},"primaryImageOfPage":{"@id":"https:\/\/www.asajacyl.com\/leon\/servicios-socio\/cotizaciones-la-lonja-agropecuaria-leon-sesion-03-01-2018#primaryimage"},"image":{"@id":"https:\/\/www.asajacyl.com\/leon\/servicios-socio\/cotizaciones-la-lonja-agropecuaria-leon-sesion-03-01-2018#primaryimage"},"thumbnailUrl":"https:\/\/www.asajacyl.com\/leon\/wp-content\/uploads\/sites\/6\/2018\/01\/TRIGO.jpg","datePublished":"2018-01-04T09:41:00+00:00","dateModified":"2018-01-05T07:53:09+00:00","author":{"@id":"https:\/\/www.asajacyl.com\/leon\/#\/schema\/person\/061f8efaa09cf43f8868e57fe9592bfa"},"description":"Solo las condiciones clim\u00e1ticas adversas podr\u00edan afectar a los precios de los cereales en el futuro Un reciente estudio de la UE indica una disminuci\u00f3n","breadcrumb":{"@id":"https:\/\/www.asajacyl.com\/leon\/servicios-socio\/cotizaciones-la-lonja-agropecuaria-leon-sesion-03-01-2018#breadcrumb"},"inLanguage":"es","potentialAction":[{"@type":"ReadAction","target":["https:\/\/www.asajacyl.com\/leon\/servicios-socio\/cotizaciones-la-lonja-agropecuaria-leon-sesion-03-01-2018"]}]},{"@type":"ImageObject","inLanguage":"es","@id":"https:\/\/www.asajacyl.com\/leon\/servicios-socio\/cotizaciones-la-lonja-agropecuaria-leon-sesion-03-01-2018#primaryimage","url":"https:\/\/www.asajacyl.com\/leon\/wp-content\/uploads\/sites\/6\/2018\/01\/TRIGO.jpg","contentUrl":"https:\/\/www.asajacyl.com\/leon\/wp-content\/uploads\/sites\/6\/2018\/01\/TRIGO.jpg","width":960,"height":685},{"@type":"BreadcrumbList","@id":"https:\/\/www.asajacyl.com\/leon\/servicios-socio\/cotizaciones-la-lonja-agropecuaria-leon-sesion-03-01-2018#breadcrumb","itemListElement":[{"@type":"ListItem","position":1,"name":"Portada","item":"https:\/\/www.asajacyl.com\/leon\/"},{"@type":"ListItem","position":2,"name":"Cotizaciones de la Lonja Agropecuaria de Le\u00f3n \u2013 Sesi\u00f3n 03\/01\/2018"}]},{"@type":"WebSite","@id":"https:\/\/www.asajacyl.com\/leon\/#website","url":"https:\/\/www.asajacyl.com\/leon\/","name":"ASAJA Le\u00f3n","description":"Otro sitio m\u00e1s de Provincias ASAJA Castilla y Le\u00f3n","potentialAction":[{"@type":"SearchAction","target":{"@type":"EntryPoint","urlTemplate":"https:\/\/www.asajacyl.com\/leon\/?s={search_term_string}"},"query-input":{"@type":"PropertyValueSpecification","valueRequired":true,"valueName":"search_term_string"}}],"inLanguage":"es"},{"@type":"Person","@id":"https:\/\/www.asajacyl.com\/leon\/#\/schema\/person\/061f8efaa09cf43f8868e57fe9592bfa","name":"gonzalofa","image":{"@type":"ImageObject","inLanguage":"es","@id":"https:\/\/www.asajacyl.com\/leon\/#\/schema\/person\/image\/","url":"https:\/\/secure.gravatar.com\/avatar\/ae85559b262be23fe1587f91beb8e527?s=96&d=mm&r=g","contentUrl":"https:\/\/secure.gravatar.com\/avatar\/ae85559b262be23fe1587f91beb8e527?s=96&d=mm&r=g","caption":"gonzalofa"},"url":"https:\/\/www.asajacyl.com\/leon\/author\/gonzalofa"}]}},"_links":{"self":[{"href":"https:\/\/www.asajacyl.com\/leon\/wp-json\/wp\/v2\/posts\/8394"}],"collection":[{"href":"https:\/\/www.asajacyl.com\/leon\/wp-json\/wp\/v2\/posts"}],"about":[{"href":"https:\/\/www.asajacyl.com\/leon\/wp-json\/wp\/v2\/types\/post"}],"author":[{"embeddable":true,"href":"https:\/\/www.asajacyl.com\/leon\/wp-json\/wp\/v2\/users\/17"}],"replies":[{"embeddable":true,"href":"https:\/\/www.asajacyl.com\/leon\/wp-json\/wp\/v2\/comments?post=8394"}],"version-history":[{"count":14,"href":"https:\/\/www.asajacyl.com\/leon\/wp-json\/wp\/v2\/posts\/8394\/revisions"}],"predecessor-version":[{"id":8410,"href":"https:\/\/www.asajacyl.com\/leon\/wp-json\/wp\/v2\/posts\/8394\/revisions\/8410"}],"wp:featuredmedia":[{"embeddable":true,"href":"https:\/\/www.asajacyl.com\/leon\/wp-json\/wp\/v2\/media\/8399"}],"wp:attachment":[{"href":"https:\/\/www.asajacyl.com\/leon\/wp-json\/wp\/v2\/media?parent=8394"}],"wp:term":[{"taxonomy":"category","embeddable":true,"href":"https:\/\/www.asajacyl.com\/leon\/wp-json\/wp\/v2\/categories?post=8394"},{"taxonomy":"post_tag","embeddable":true,"href":"https:\/\/www.asajacyl.com\/leon\/wp-json\/wp\/v2\/tags?post=8394"}],"curies":[{"name":"wp","href":"https:\/\/api.w.org\/{rel}","templated":true}]}}