{"id":8433,"date":"2018-01-10T19:11:52","date_gmt":"2018-01-10T18:11:52","guid":{"rendered":"http:\/\/www.asajacyl.com\/leon\/?p=8433"},"modified":"2018-01-12T13:54:14","modified_gmt":"2018-01-12T12:54:14","slug":"asaja-denuncia-incompetencia-y-mala-fe-en-la-elaboracion-de-los-censos-de-las-elecciones-agrarias","status":"publish","type":"post","link":"https:\/\/www.asajacyl.com\/leon\/sin-categoria\/asaja-denuncia-incompetencia-y-mala-fe-en-la-elaboracion-de-los-censos-de-las-elecciones-agrarias","title":{"rendered":"ASAJA denuncia incompetencia y mala fe en la elaboraci\u00f3n de los censos de las elecciones agrarias"},"content":{"rendered":"<h2><u>El censo definitivo de personas f\u00edsicas es un calco del provisional, y no se han tenido en cuenta las alegaciones efectuadas<\/u><\/h2>\n<h6>La organizaci\u00f3n agraria ASAJA, que denunci\u00f3 en su d\u00eda que faltaban centenares de agricultores y ganaderos leoneses en el censo provisional de las elecciones para medir la representatividad de las organizaciones profesionales agrarias, que se celebrar\u00e1n el domingo 11 de febrero, muestra su m\u00e1s absoluta indignaci\u00f3n al comprobar ahora que el censo definitivo sigue caracteriz\u00e1ndose por las mismas ausencias. Si bien en el censo de personas jur\u00eddicas se han incorporado bien de oficio o a petici\u00f3n de parte algunas sociedades, en el caso de las personas f\u00edsicas tan solo se han incorporado 11 nuevos votantes, pasando de 5.703 del censo provisional a 5.714 en el censo definitivo.<\/h6>\n<h6><\/h6>\n<h6>Si el requisito fijado por la Ley para poder votar es el de cotizar a la Seguridad Social como aut\u00f3nomo de la agricultura, el n\u00famero medio de cotizantes en el mes de diciembre, seg\u00fan datos publicados por la Seguridad Social, fue de 6.977, por lo tanto el desfase entre cotizantes y votantes es de 1.263, una cifra suficientemente abultada como para hacer pensar a cualquier responsable pol\u00edtico si fuera medianamente sensato. Los ausentes, como ya ha denunciado ASAJA en otras ocasiones, son por lo general uno de ambos c\u00f3nyuges en explotaciones en las que cotiza el matrimonio (hecho com\u00fan en Le\u00f3n y que resulta menos frecuente en otras provincias), y son tambi\u00e9n agricultores cotizantes que gestionan su explotaci\u00f3n con una figura societaria. Por estos motivos, el censo en la provincia se ha reducido en 1.150 votantes con respecto a 2012, representando la mitad de toda la ca\u00edda de votantes de Castilla y Le\u00f3n. <strong>\u00bfNadie se ha parado a pensar que no es posible que en la reducci\u00f3n de un censo en nueve provincias la mitad sean de la provincia de Le\u00f3n?<\/strong><\/h6>\n<h6><\/h6>\n<h6>ASAJA de Le\u00f3n se siente impotente defendiendo la limpieza de un proceso electoral que tiene que partir de un censo en el que est\u00e9n todos los que deben estar, algo que no va a ocurrir. Aunque los errores han ocurrido en todas las provincias, el caso de la de Le\u00f3n no tiene parang\u00f3n, y no ha sido posible conseguir de los responsables de la Junta en Le\u00f3n o en Valladolid la m\u00e1s m\u00ednima intenci\u00f3n de rectificar. De hecho, y a pesar de todas las dificultades y de lo dif\u00edcil que es motivar para ir a votar, se han presentado en la provincia de Le\u00f3n 330 alegaciones al censo, que por lo visto, no han servido para nada.<\/h6>\n<h6><\/h6>\n<h6>Para ahondar m\u00e1s en la herida, es en Le\u00f3n donde se han suprimido la mayor\u00eda de mesas electorales respecto a 2012, castigando a las zonas de monta\u00f1a y en particular la comarca de El Bierzo. Por si fuera poco, no se puede votar por correo y el voto anticipado es un voto presencial ante el Servicio Territorial de Agricultura y Ganader\u00eda de Le\u00f3n, obligando al desplazamiento a la capital, pues no se ha habilitado la Delegaci\u00f3n de la Junta en Ponferrada.<\/h6>\n<h6><\/h6>\n<h6>Le\u00f3n, 10 de enero de 2018<\/h6>\n<p>&nbsp;<\/p>\n","protected":false},"excerpt":{"rendered":"<p>El censo definitivo de personas f\u00edsicas es un calco del provisional, y no se han tenido en cuenta las alegaciones efectuadas La organizaci\u00f3n agraria ASAJA, que denunci\u00f3 en su d\u00eda que faltaban centenares de agricultores y ganaderos leoneses en el censo provisional de las elecciones para medir la representatividad de las organizaciones profesionales agrarias, que [&hellip;]<\/p>\n","protected":false},"author":8,"featured_media":4153,"comment_status":"open","ping_status":"open","sticky":false,"template":"","format":"standard","meta":{"footnotes":""},"categories":[9,1],"tags":[],"yoast_head":"<!-- This site is optimized with the Yoast SEO plugin v24.5 - https:\/\/yoast.com\/wordpress\/plugins\/seo\/ -->\n<title>ASAJA denuncia incompetencia y mala fe en la elaboraci\u00f3n de los censos de las elecciones agrarias - ASAJA Le\u00f3n<\/title>\n<meta name=\"description\" content=\"El censo definitivo de personas f\u00edsicas es un calco del provisional, y no se han tenido en cuenta las alegaciones efectuadas La organizaci\u00f3n agraria\" \/>\n<meta name=\"robots\" content=\"index, follow, max-snippet:-1, max-image-preview:large, max-video-preview:-1\" \/>\n<link rel=\"canonical\" href=\"https:\/\/www.asajacyl.com\/leon\/sin-categoria\/asaja-denuncia-incompetencia-y-mala-fe-en-la-elaboracion-de-los-censos-de-las-elecciones-agrarias\" \/>\n<meta property=\"og:locale\" content=\"es_ES\" \/>\n<meta property=\"og:type\" content=\"article\" \/>\n<meta property=\"og:title\" content=\"ASAJA denuncia incompetencia y mala fe en la elaboraci\u00f3n de los censos de las elecciones agrarias - ASAJA Le\u00f3n\" \/>\n<meta property=\"og:description\" content=\"El censo definitivo de personas f\u00edsicas es un calco del provisional, y no se han tenido en cuenta las alegaciones efectuadas La organizaci\u00f3n agraria\" \/>\n<meta property=\"og:url\" content=\"https:\/\/www.asajacyl.com\/leon\/sin-categoria\/asaja-denuncia-incompetencia-y-mala-fe-en-la-elaboracion-de-los-censos-de-las-elecciones-agrarias\" \/>\n<meta property=\"og:site_name\" content=\"ASAJA Le\u00f3n\" \/>\n<meta property=\"article:published_time\" content=\"2018-01-10T18:11:52+00:00\" \/>\n<meta property=\"article:modified_time\" content=\"2018-01-12T12:54:14+00:00\" \/>\n<meta property=\"og:image\" content=\"https:\/\/www.asajacyl.com\/leon\/wp-content\/uploads\/sites\/6\/2017\/11\/leon-1024x683.jpg\" \/>\n\t<meta property=\"og:image:width\" content=\"1024\" \/>\n\t<meta property=\"og:image:height\" content=\"683\" \/>\n\t<meta property=\"og:image:type\" content=\"image\/jpeg\" \/>\n<meta name=\"author\" content=\"Eduardo\" \/>\n<meta name=\"twitter:card\" content=\"summary_large_image\" \/>\n<meta name=\"twitter:label1\" content=\"Escrito por\" \/>\n\t<meta name=\"twitter:data1\" content=\"Eduardo\" \/>\n\t<meta name=\"twitter:label2\" content=\"Tiempo de lectura\" \/>\n\t<meta name=\"twitter:data2\" content=\"3 minutos\" \/>\n<script type=\"application\/ld+json\" class=\"yoast-schema-graph\">{\"@context\":\"https:\/\/schema.org\",\"@graph\":[{\"@type\":\"WebPage\",\"@id\":\"https:\/\/www.asajacyl.com\/leon\/sin-categoria\/asaja-denuncia-incompetencia-y-mala-fe-en-la-elaboracion-de-los-censos-de-las-elecciones-agrarias\",\"url\":\"https:\/\/www.asajacyl.com\/leon\/sin-categoria\/asaja-denuncia-incompetencia-y-mala-fe-en-la-elaboracion-de-los-censos-de-las-elecciones-agrarias\",\"name\":\"ASAJA denuncia incompetencia y mala fe en la elaboraci\u00f3n de los censos de las elecciones agrarias - ASAJA Le\u00f3n\",\"isPartOf\":{\"@id\":\"https:\/\/www.asajacyl.com\/leon\/#website\"},\"primaryImageOfPage\":{\"@id\":\"https:\/\/www.asajacyl.com\/leon\/sin-categoria\/asaja-denuncia-incompetencia-y-mala-fe-en-la-elaboracion-de-los-censos-de-las-elecciones-agrarias#primaryimage\"},\"image\":{\"@id\":\"https:\/\/www.asajacyl.com\/leon\/sin-categoria\/asaja-denuncia-incompetencia-y-mala-fe-en-la-elaboracion-de-los-censos-de-las-elecciones-agrarias#primaryimage\"},\"thumbnailUrl\":\"https:\/\/www.asajacyl.com\/leon\/wp-content\/uploads\/sites\/6\/2017\/11\/leon.jpg\",\"datePublished\":\"2018-01-10T18:11:52+00:00\",\"dateModified\":\"2018-01-12T12:54:14+00:00\",\"author\":{\"@id\":\"https:\/\/www.asajacyl.com\/leon\/#\/schema\/person\/a39ff3609fc182e4c789ab486e865d32\"},\"description\":\"El censo definitivo de personas f\u00edsicas es un calco del provisional, y no se han tenido en cuenta las alegaciones efectuadas La organizaci\u00f3n agraria\",\"breadcrumb\":{\"@id\":\"https:\/\/www.asajacyl.com\/leon\/sin-categoria\/asaja-denuncia-incompetencia-y-mala-fe-en-la-elaboracion-de-los-censos-de-las-elecciones-agrarias#breadcrumb\"},\"inLanguage\":\"es\",\"potentialAction\":[{\"@type\":\"ReadAction\",\"target\":[\"https:\/\/www.asajacyl.com\/leon\/sin-categoria\/asaja-denuncia-incompetencia-y-mala-fe-en-la-elaboracion-de-los-censos-de-las-elecciones-agrarias\"]}]},{\"@type\":\"ImageObject\",\"inLanguage\":\"es\",\"@id\":\"https:\/\/www.asajacyl.com\/leon\/sin-categoria\/asaja-denuncia-incompetencia-y-mala-fe-en-la-elaboracion-de-los-censos-de-las-elecciones-agrarias#primaryimage\",\"url\":\"https:\/\/www.asajacyl.com\/leon\/wp-content\/uploads\/sites\/6\/2017\/11\/leon.jpg\",\"contentUrl\":\"https:\/\/www.asajacyl.com\/leon\/wp-content\/uploads\/sites\/6\/2017\/11\/leon.jpg\",\"width\":3888,\"height\":2592,\"caption\":\"Oficina de Le\u00f3n\"},{\"@type\":\"BreadcrumbList\",\"@id\":\"https:\/\/www.asajacyl.com\/leon\/sin-categoria\/asaja-denuncia-incompetencia-y-mala-fe-en-la-elaboracion-de-los-censos-de-las-elecciones-agrarias#breadcrumb\",\"itemListElement\":[{\"@type\":\"ListItem\",\"position\":1,\"name\":\"Portada\",\"item\":\"https:\/\/www.asajacyl.com\/leon\/\"},{\"@type\":\"ListItem\",\"position\":2,\"name\":\"ASAJA denuncia incompetencia y mala fe en la elaboraci\u00f3n de los censos de las elecciones agrarias\"}]},{\"@type\":\"WebSite\",\"@id\":\"https:\/\/www.asajacyl.com\/leon\/#website\",\"url\":\"https:\/\/www.asajacyl.com\/leon\/\",\"name\":\"ASAJA Le\u00f3n\",\"description\":\"Otro sitio m\u00e1s de Provincias ASAJA Castilla y Le\u00f3n\",\"potentialAction\":[{\"@type\":\"SearchAction\",\"target\":{\"@type\":\"EntryPoint\",\"urlTemplate\":\"https:\/\/www.asajacyl.com\/leon\/?s={search_term_string}\"},\"query-input\":{\"@type\":\"PropertyValueSpecification\",\"valueRequired\":true,\"valueName\":\"search_term_string\"}}],\"inLanguage\":\"es\"},{\"@type\":\"Person\",\"@id\":\"https:\/\/www.asajacyl.com\/leon\/#\/schema\/person\/a39ff3609fc182e4c789ab486e865d32\",\"name\":\"Eduardo\",\"image\":{\"@type\":\"ImageObject\",\"inLanguage\":\"es\",\"@id\":\"https:\/\/www.asajacyl.com\/leon\/#\/schema\/person\/image\/\",\"url\":\"https:\/\/secure.gravatar.com\/avatar\/9ebd6aba21d817dcf9595bc9ca505af5?s=96&d=mm&r=g\",\"contentUrl\":\"https:\/\/secure.gravatar.com\/avatar\/9ebd6aba21d817dcf9595bc9ca505af5?s=96&d=mm&r=g\",\"caption\":\"Eduardo\"},\"url\":\"https:\/\/www.asajacyl.com\/leon\/author\/eduardovv\"}]}<\/script>\n<!-- \/ Yoast SEO plugin. -->","yoast_head_json":{"title":"ASAJA denuncia incompetencia y mala fe en la elaboraci\u00f3n de los censos de las elecciones agrarias - ASAJA Le\u00f3n","description":"El censo definitivo de personas f\u00edsicas es un calco del provisional, y no se han tenido en cuenta las alegaciones efectuadas La organizaci\u00f3n agraria","robots":{"index":"index","follow":"follow","max-snippet":"max-snippet:-1","max-image-preview":"max-image-preview:large","max-video-preview":"max-video-preview:-1"},"canonical":"https:\/\/www.asajacyl.com\/leon\/sin-categoria\/asaja-denuncia-incompetencia-y-mala-fe-en-la-elaboracion-de-los-censos-de-las-elecciones-agrarias","og_locale":"es_ES","og_type":"article","og_title":"ASAJA denuncia incompetencia y mala fe en la elaboraci\u00f3n de los censos de las elecciones agrarias - ASAJA Le\u00f3n","og_description":"El censo definitivo de personas f\u00edsicas es un calco del provisional, y no se han tenido en cuenta las alegaciones efectuadas La organizaci\u00f3n agraria","og_url":"https:\/\/www.asajacyl.com\/leon\/sin-categoria\/asaja-denuncia-incompetencia-y-mala-fe-en-la-elaboracion-de-los-censos-de-las-elecciones-agrarias","og_site_name":"ASAJA Le\u00f3n","article_published_time":"2018-01-10T18:11:52+00:00","article_modified_time":"2018-01-12T12:54:14+00:00","og_image":[{"width":1024,"height":683,"url":"https:\/\/www.asajacyl.com\/leon\/wp-content\/uploads\/sites\/6\/2017\/11\/leon-1024x683.jpg","type":"image\/jpeg"}],"author":"Eduardo","twitter_card":"summary_large_image","twitter_misc":{"Escrito por":"Eduardo","Tiempo de lectura":"3 minutos"},"schema":{"@context":"https:\/\/schema.org","@graph":[{"@type":"WebPage","@id":"https:\/\/www.asajacyl.com\/leon\/sin-categoria\/asaja-denuncia-incompetencia-y-mala-fe-en-la-elaboracion-de-los-censos-de-las-elecciones-agrarias","url":"https:\/\/www.asajacyl.com\/leon\/sin-categoria\/asaja-denuncia-incompetencia-y-mala-fe-en-la-elaboracion-de-los-censos-de-las-elecciones-agrarias","name":"ASAJA denuncia incompetencia y mala fe en la elaboraci\u00f3n de los censos de las elecciones agrarias - ASAJA Le\u00f3n","isPartOf":{"@id":"https:\/\/www.asajacyl.com\/leon\/#website"},"primaryImageOfPage":{"@id":"https:\/\/www.asajacyl.com\/leon\/sin-categoria\/asaja-denuncia-incompetencia-y-mala-fe-en-la-elaboracion-de-los-censos-de-las-elecciones-agrarias#primaryimage"},"image":{"@id":"https:\/\/www.asajacyl.com\/leon\/sin-categoria\/asaja-denuncia-incompetencia-y-mala-fe-en-la-elaboracion-de-los-censos-de-las-elecciones-agrarias#primaryimage"},"thumbnailUrl":"https:\/\/www.asajacyl.com\/leon\/wp-content\/uploads\/sites\/6\/2017\/11\/leon.jpg","datePublished":"2018-01-10T18:11:52+00:00","dateModified":"2018-01-12T12:54:14+00:00","author":{"@id":"https:\/\/www.asajacyl.com\/leon\/#\/schema\/person\/a39ff3609fc182e4c789ab486e865d32"},"description":"El censo definitivo de personas f\u00edsicas es un calco del provisional, y no se han tenido en cuenta las alegaciones efectuadas La organizaci\u00f3n agraria","breadcrumb":{"@id":"https:\/\/www.asajacyl.com\/leon\/sin-categoria\/asaja-denuncia-incompetencia-y-mala-fe-en-la-elaboracion-de-los-censos-de-las-elecciones-agrarias#breadcrumb"},"inLanguage":"es","potentialAction":[{"@type":"ReadAction","target":["https:\/\/www.asajacyl.com\/leon\/sin-categoria\/asaja-denuncia-incompetencia-y-mala-fe-en-la-elaboracion-de-los-censos-de-las-elecciones-agrarias"]}]},{"@type":"ImageObject","inLanguage":"es","@id":"https:\/\/www.asajacyl.com\/leon\/sin-categoria\/asaja-denuncia-incompetencia-y-mala-fe-en-la-elaboracion-de-los-censos-de-las-elecciones-agrarias#primaryimage","url":"https:\/\/www.asajacyl.com\/leon\/wp-content\/uploads\/sites\/6\/2017\/11\/leon.jpg","contentUrl":"https:\/\/www.asajacyl.com\/leon\/wp-content\/uploads\/sites\/6\/2017\/11\/leon.jpg","width":3888,"height":2592,"caption":"Oficina de Le\u00f3n"},{"@type":"BreadcrumbList","@id":"https:\/\/www.asajacyl.com\/leon\/sin-categoria\/asaja-denuncia-incompetencia-y-mala-fe-en-la-elaboracion-de-los-censos-de-las-elecciones-agrarias#breadcrumb","itemListElement":[{"@type":"ListItem","position":1,"name":"Portada","item":"https:\/\/www.asajacyl.com\/leon\/"},{"@type":"ListItem","position":2,"name":"ASAJA denuncia incompetencia y mala fe en la elaboraci\u00f3n de los censos de las elecciones agrarias"}]},{"@type":"WebSite","@id":"https:\/\/www.asajacyl.com\/leon\/#website","url":"https:\/\/www.asajacyl.com\/leon\/","name":"ASAJA Le\u00f3n","description":"Otro sitio m\u00e1s de Provincias ASAJA Castilla y Le\u00f3n","potentialAction":[{"@type":"SearchAction","target":{"@type":"EntryPoint","urlTemplate":"https:\/\/www.asajacyl.com\/leon\/?s={search_term_string}"},"query-input":{"@type":"PropertyValueSpecification","valueRequired":true,"valueName":"search_term_string"}}],"inLanguage":"es"},{"@type":"Person","@id":"https:\/\/www.asajacyl.com\/leon\/#\/schema\/person\/a39ff3609fc182e4c789ab486e865d32","name":"Eduardo","image":{"@type":"ImageObject","inLanguage":"es","@id":"https:\/\/www.asajacyl.com\/leon\/#\/schema\/person\/image\/","url":"https:\/\/secure.gravatar.com\/avatar\/9ebd6aba21d817dcf9595bc9ca505af5?s=96&d=mm&r=g","contentUrl":"https:\/\/secure.gravatar.com\/avatar\/9ebd6aba21d817dcf9595bc9ca505af5?s=96&d=mm&r=g","caption":"Eduardo"},"url":"https:\/\/www.asajacyl.com\/leon\/author\/eduardovv"}]}},"_links":{"self":[{"href":"https:\/\/www.asajacyl.com\/leon\/wp-json\/wp\/v2\/posts\/8433"}],"collection":[{"href":"https:\/\/www.asajacyl.com\/leon\/wp-json\/wp\/v2\/posts"}],"about":[{"href":"https:\/\/www.asajacyl.com\/leon\/wp-json\/wp\/v2\/types\/post"}],"author":[{"embeddable":true,"href":"https:\/\/www.asajacyl.com\/leon\/wp-json\/wp\/v2\/users\/8"}],"replies":[{"embeddable":true,"href":"https:\/\/www.asajacyl.com\/leon\/wp-json\/wp\/v2\/comments?post=8433"}],"version-history":[{"count":1,"href":"https:\/\/www.asajacyl.com\/leon\/wp-json\/wp\/v2\/posts\/8433\/revisions"}],"predecessor-version":[{"id":8434,"href":"https:\/\/www.asajacyl.com\/leon\/wp-json\/wp\/v2\/posts\/8433\/revisions\/8434"}],"wp:featuredmedia":[{"embeddable":true,"href":"https:\/\/www.asajacyl.com\/leon\/wp-json\/wp\/v2\/media\/4153"}],"wp:attachment":[{"href":"https:\/\/www.asajacyl.com\/leon\/wp-json\/wp\/v2\/media?parent=8433"}],"wp:term":[{"taxonomy":"category","embeddable":true,"href":"https:\/\/www.asajacyl.com\/leon\/wp-json\/wp\/v2\/categories?post=8433"},{"taxonomy":"post_tag","embeddable":true,"href":"https:\/\/www.asajacyl.com\/leon\/wp-json\/wp\/v2\/tags?post=8433"}],"curies":[{"name":"wp","href":"https:\/\/api.w.org\/{rel}","templated":true}]}}