{"id":8505,"date":"2018-01-24T16:16:58","date_gmt":"2018-01-24T15:16:58","guid":{"rendered":"http:\/\/www.asajacyl.com\/leon\/?p=8505"},"modified":"2018-01-24T16:17:50","modified_gmt":"2018-01-24T15:17:50","slug":"cotizaciones-de-la-lonja-agropecuaria-de-leon-sesion-24-01-2018","status":"publish","type":"post","link":"https:\/\/www.asajacyl.com\/leon\/servicios-socio\/lonjas-mercados\/cotizaciones-de-la-lonja-agropecuaria-de-leon-sesion-24-01-2018","title":{"rendered":"Cotizaciones de la Lonja Agropecuaria de Le\u00f3n \u2013 Sesi\u00f3n 24\/01\/2018"},"content":{"rendered":"<h6><strong><u>Dos a\u00f1os de sequ\u00eda hacen aumentar la superficie de trigo de regad\u00edo un 50%<\/u><\/strong><\/h6>\n<h6>Seg\u00fan las previsiones de la lonja agropecuaria de Le\u00f3n la superficie de trigo de regad\u00edo volver\u00e1 a incrementarse significativamente por segundo a\u00f1o consecutivo.<\/h6>\n<h6>La raz\u00f3n principal, tanto el a\u00f1o pasado como este, ha sido el estado de los embalses, con niveles muy bajos y que hacen temer otra mala campa\u00f1a de riego.<\/h6>\n<h6>La percepci\u00f3n del agricultor es que, ante una falta de agua embalsada, es m\u00e1s f\u00e1cil salvar cultivos que se riegan en primavera, puesto que los r\u00edos traen m\u00e1s caudal, las temperaturas son m\u00e1s benignas y es m\u00e1s probable que llueva, que en cultivos que se riegan en verano.<\/h6>\n<h6>En la provincia de Le\u00f3n, en la campa\u00f1a 2016 hab\u00eda sembradas 22.000 ha de trigo de regad\u00edo, en 2017 28.800 ha y nuestra previsi\u00f3n para la campa\u00f1a 2018 es que la superficie se sit\u00fae en el entorno de las 30.000-33.000 ha.<\/h6>\n<h6>En cuanto a precios, los cereales siguen estables, con una leve inclinaci\u00f3n a la baja para trigo y cebada.<\/h6>\n<h6>El mercado no para de seguir generando noticias para alimentar a la bestia de una informaci\u00f3n cada vez m\u00e1s omnipresente en los medios, que por el calado que puedan tener las misma en un cambio de tendencia que pudiera alterar los precios de los cereales para uno u otro lado. Por eso cada vez m\u00e1s deber\u00edamos preguntarnos cu\u00e1nta informaci\u00f3n de verdad tiene calado y por tanto la pregunta para los que nos dedicamos a analizar datos ser\u00eda \u00bfdeber\u00eda importar?<\/h6>\n<h6>En Le\u00f3n a 24 de enero de 2.018.<\/h6>\n<h6><\/h6>\n<h6 style=\"text-align: center\">Precios Orientativos Euros\/Tonelada en <u>Origen Almac\u00e9n Agricultor<\/u><\/h6>\n<h6 style=\"text-align: center\">(Condiciones de Calidad O.C.M. Cereales-F.E.G.A. Campa\u00f1a 2015\/2016)<\/h6>\n<table>\n<tbody>\n<tr>\n<td width=\"158\">\n<h6><strong>CEREALES<\/strong><\/h6>\n<\/td>\n<td style=\"text-align: center\" width=\"170\">\n<h6><strong>COTIZACI\u00d3N<\/strong><\/h6>\n<h6><strong>ANTERIOR<\/strong><\/h6>\n<\/td>\n<td style=\"text-align: center\" width=\"132\">\n<h6><strong>COTIZACI\u00d3N<\/strong><\/h6>\n<h6><strong>ACTUAL<\/strong><\/h6>\n<\/td>\n<td style=\"text-align: center\" width=\"113\">\n<h6><strong>DIF.<\/strong><\/h6>\n<\/td>\n<\/tr>\n<tr>\n<td width=\"158\">\n<h6><\/h6>\n<\/td>\n<td style=\"text-align: center\" width=\"170\">\n<h6><strong>\u20ac\/t<\/strong><\/h6>\n<\/td>\n<td style=\"text-align: center\" width=\"132\">\n<h6><strong>\u20ac\/t<\/strong><\/h6>\n<\/td>\n<td style=\"text-align: center\" width=\"113\">\n<h6><strong>\u00a0<\/strong><\/h6>\n<\/td>\n<\/tr>\n<tr>\n<td width=\"158\">\n<h6>Trigo Pienso<\/h6>\n<\/td>\n<td style=\"text-align: center\" width=\"170\">\n<h6>179,00<\/h6>\n<\/td>\n<td style=\"text-align: center\" width=\"132\">\n<h6>178,00<\/h6>\n<\/td>\n<td style=\"text-align: center\" width=\"113\">\n<h6>\u25bc<\/h6>\n<\/td>\n<\/tr>\n<tr>\n<td width=\"158\">\n<h6>Cebada<\/h6>\n<\/td>\n<td style=\"text-align: center\" width=\"170\">\n<h6>178,00<\/h6>\n<\/td>\n<td style=\"text-align: center\" width=\"132\">\n<h6>177,00<\/h6>\n<\/td>\n<td style=\"text-align: center\" width=\"113\">\n<h6>\u25bc<\/h6>\n<\/td>\n<\/tr>\n<tr>\n<td width=\"158\">\n<h6>Triticale<\/h6>\n<\/td>\n<td style=\"text-align: center\" width=\"170\">\n<h6>S\/C<\/h6>\n<\/td>\n<td style=\"text-align: center\" width=\"132\">\n<h6>S\/C<\/h6>\n<\/td>\n<td style=\"text-align: center\" width=\"113\">\n<h6><\/h6>\n<\/td>\n<\/tr>\n<tr>\n<td width=\"158\">\n<h6>Centeno<\/h6>\n<\/td>\n<td style=\"text-align: center\" width=\"170\">\n<h6>168,00<\/h6>\n<\/td>\n<td style=\"text-align: center\" width=\"132\">\n<h6>168,00<\/h6>\n<\/td>\n<td style=\"text-align: center\" width=\"113\">\n<h6>=<\/h6>\n<\/td>\n<\/tr>\n<tr>\n<td width=\"158\">\n<h6>Avena<\/h6>\n<\/td>\n<td style=\"text-align: center\" width=\"170\">\n<h6>153,00<\/h6>\n<\/td>\n<td style=\"text-align: center\" width=\"132\">\n<h6>153,00<\/h6>\n<\/td>\n<td style=\"text-align: center\" width=\"113\">\n<h6>=<\/h6>\n<\/td>\n<\/tr>\n<tr>\n<td width=\"158\">\n<h6>Ma\u00edz<\/h6>\n<\/td>\n<td style=\"text-align: center\" width=\"170\">\n<h6>163,00<\/h6>\n<\/td>\n<td style=\"text-align: center\" width=\"132\">\n<h6>163,00<\/h6>\n<\/td>\n<td style=\"text-align: center\" width=\"113\">\n<h6>=<\/h6>\n<\/td>\n<\/tr>\n<\/tbody>\n<\/table>\n<h6 style=\"padding-left: 30px\">* Ma\u00edz con menos del 15% de humedad<\/h6>\n<h6 style=\"padding-left: 30px\">Actividad subvencionada por la Diputaci\u00f3n Provincial de Le\u00f3n.<\/h6>\n","protected":false},"excerpt":{"rendered":"<p>Dos a\u00f1os de sequ\u00eda hacen aumentar la superficie de trigo de regad\u00edo un 50% Seg\u00fan las previsiones de la lonja agropecuaria de Le\u00f3n la superficie de trigo de regad\u00edo volver\u00e1 a incrementarse significativamente por segundo a\u00f1o consecutivo. La raz\u00f3n principal, tanto el a\u00f1o pasado como este, ha sido el estado de los embalses, con niveles [&hellip;]<\/p>\n","protected":false},"author":17,"featured_media":8508,"comment_status":"open","ping_status":"open","sticky":false,"template":"","format":"standard","meta":{"footnotes":""},"categories":[34,67,5],"tags":[],"yoast_head":"<!-- This site is optimized with the Yoast SEO plugin v24.5 - https:\/\/yoast.com\/wordpress\/plugins\/seo\/ -->\n<title>Cotizaciones de la Lonja Agropecuaria de Le\u00f3n \u2013 Sesi\u00f3n 24\/01\/2018 - ASAJA Le\u00f3n<\/title>\n<meta name=\"description\" content=\"Dos a\u00f1os de sequ\u00eda hacen aumentar la superficie de trigo de regad\u00edo un 50% Seg\u00fan las previsiones de la lonja agropecuaria de Le\u00f3n la superficie de trigo\" \/>\n<meta name=\"robots\" content=\"index, follow, max-snippet:-1, max-image-preview:large, max-video-preview:-1\" \/>\n<link rel=\"canonical\" href=\"https:\/\/www.asajacyl.com\/leon\/servicios-socio\/lonjas-mercados\/cotizaciones-de-la-lonja-agropecuaria-de-leon-sesion-24-01-2018\" \/>\n<meta property=\"og:locale\" content=\"es_ES\" \/>\n<meta property=\"og:type\" content=\"article\" \/>\n<meta property=\"og:title\" content=\"Cotizaciones de la Lonja Agropecuaria de Le\u00f3n \u2013 Sesi\u00f3n 24\/01\/2018 - ASAJA Le\u00f3n\" \/>\n<meta property=\"og:description\" content=\"Dos a\u00f1os de sequ\u00eda hacen aumentar la superficie de trigo de regad\u00edo un 50% Seg\u00fan las previsiones de la lonja agropecuaria de Le\u00f3n la superficie de trigo\" \/>\n<meta property=\"og:url\" content=\"https:\/\/www.asajacyl.com\/leon\/servicios-socio\/lonjas-mercados\/cotizaciones-de-la-lonja-agropecuaria-de-leon-sesion-24-01-2018\" \/>\n<meta property=\"og:site_name\" content=\"ASAJA Le\u00f3n\" \/>\n<meta property=\"article:published_time\" content=\"2018-01-24T15:16:58+00:00\" \/>\n<meta property=\"article:modified_time\" content=\"2018-01-24T15:17:50+00:00\" \/>\n<meta property=\"og:image\" content=\"https:\/\/www.asajacyl.com\/leon\/wp-content\/uploads\/sites\/6\/2018\/01\/ESPIGAS_TRIGO_2.jpg\" \/>\n\t<meta property=\"og:image:width\" content=\"960\" \/>\n\t<meta property=\"og:image:height\" content=\"517\" \/>\n\t<meta property=\"og:image:type\" content=\"image\/jpeg\" \/>\n<meta name=\"author\" content=\"gonzalofa\" \/>\n<meta name=\"twitter:card\" content=\"summary_large_image\" \/>\n<meta name=\"twitter:label1\" content=\"Escrito por\" \/>\n\t<meta name=\"twitter:data1\" content=\"gonzalofa\" \/>\n\t<meta name=\"twitter:label2\" content=\"Tiempo de lectura\" \/>\n\t<meta name=\"twitter:data2\" content=\"2 minutos\" \/>\n<script type=\"application\/ld+json\" class=\"yoast-schema-graph\">{\"@context\":\"https:\/\/schema.org\",\"@graph\":[{\"@type\":\"WebPage\",\"@id\":\"https:\/\/www.asajacyl.com\/leon\/servicios-socio\/lonjas-mercados\/cotizaciones-de-la-lonja-agropecuaria-de-leon-sesion-24-01-2018\",\"url\":\"https:\/\/www.asajacyl.com\/leon\/servicios-socio\/lonjas-mercados\/cotizaciones-de-la-lonja-agropecuaria-de-leon-sesion-24-01-2018\",\"name\":\"Cotizaciones de la Lonja Agropecuaria de Le\u00f3n \u2013 Sesi\u00f3n 24\/01\/2018 - ASAJA Le\u00f3n\",\"isPartOf\":{\"@id\":\"https:\/\/www.asajacyl.com\/leon\/#website\"},\"primaryImageOfPage\":{\"@id\":\"https:\/\/www.asajacyl.com\/leon\/servicios-socio\/lonjas-mercados\/cotizaciones-de-la-lonja-agropecuaria-de-leon-sesion-24-01-2018#primaryimage\"},\"image\":{\"@id\":\"https:\/\/www.asajacyl.com\/leon\/servicios-socio\/lonjas-mercados\/cotizaciones-de-la-lonja-agropecuaria-de-leon-sesion-24-01-2018#primaryimage\"},\"thumbnailUrl\":\"https:\/\/www.asajacyl.com\/leon\/wp-content\/uploads\/sites\/6\/2018\/01\/ESPIGAS_TRIGO_2.jpg\",\"datePublished\":\"2018-01-24T15:16:58+00:00\",\"dateModified\":\"2018-01-24T15:17:50+00:00\",\"author\":{\"@id\":\"https:\/\/www.asajacyl.com\/leon\/#\/schema\/person\/061f8efaa09cf43f8868e57fe9592bfa\"},\"description\":\"Dos a\u00f1os de sequ\u00eda hacen aumentar la superficie de trigo de regad\u00edo un 50% Seg\u00fan las previsiones de la lonja agropecuaria de Le\u00f3n la superficie de trigo\",\"breadcrumb\":{\"@id\":\"https:\/\/www.asajacyl.com\/leon\/servicios-socio\/lonjas-mercados\/cotizaciones-de-la-lonja-agropecuaria-de-leon-sesion-24-01-2018#breadcrumb\"},\"inLanguage\":\"es\",\"potentialAction\":[{\"@type\":\"ReadAction\",\"target\":[\"https:\/\/www.asajacyl.com\/leon\/servicios-socio\/lonjas-mercados\/cotizaciones-de-la-lonja-agropecuaria-de-leon-sesion-24-01-2018\"]}]},{\"@type\":\"ImageObject\",\"inLanguage\":\"es\",\"@id\":\"https:\/\/www.asajacyl.com\/leon\/servicios-socio\/lonjas-mercados\/cotizaciones-de-la-lonja-agropecuaria-de-leon-sesion-24-01-2018#primaryimage\",\"url\":\"https:\/\/www.asajacyl.com\/leon\/wp-content\/uploads\/sites\/6\/2018\/01\/ESPIGAS_TRIGO_2.jpg\",\"contentUrl\":\"https:\/\/www.asajacyl.com\/leon\/wp-content\/uploads\/sites\/6\/2018\/01\/ESPIGAS_TRIGO_2.jpg\",\"width\":960,\"height\":517},{\"@type\":\"BreadcrumbList\",\"@id\":\"https:\/\/www.asajacyl.com\/leon\/servicios-socio\/lonjas-mercados\/cotizaciones-de-la-lonja-agropecuaria-de-leon-sesion-24-01-2018#breadcrumb\",\"itemListElement\":[{\"@type\":\"ListItem\",\"position\":1,\"name\":\"Portada\",\"item\":\"https:\/\/www.asajacyl.com\/leon\/\"},{\"@type\":\"ListItem\",\"position\":2,\"name\":\"Cotizaciones de la Lonja Agropecuaria de Le\u00f3n \u2013 Sesi\u00f3n 24\/01\/2018\"}]},{\"@type\":\"WebSite\",\"@id\":\"https:\/\/www.asajacyl.com\/leon\/#website\",\"url\":\"https:\/\/www.asajacyl.com\/leon\/\",\"name\":\"ASAJA Le\u00f3n\",\"description\":\"Otro sitio m\u00e1s de Provincias ASAJA Castilla y Le\u00f3n\",\"potentialAction\":[{\"@type\":\"SearchAction\",\"target\":{\"@type\":\"EntryPoint\",\"urlTemplate\":\"https:\/\/www.asajacyl.com\/leon\/?s={search_term_string}\"},\"query-input\":{\"@type\":\"PropertyValueSpecification\",\"valueRequired\":true,\"valueName\":\"search_term_string\"}}],\"inLanguage\":\"es\"},{\"@type\":\"Person\",\"@id\":\"https:\/\/www.asajacyl.com\/leon\/#\/schema\/person\/061f8efaa09cf43f8868e57fe9592bfa\",\"name\":\"gonzalofa\",\"image\":{\"@type\":\"ImageObject\",\"inLanguage\":\"es\",\"@id\":\"https:\/\/www.asajacyl.com\/leon\/#\/schema\/person\/image\/\",\"url\":\"https:\/\/secure.gravatar.com\/avatar\/ae85559b262be23fe1587f91beb8e527?s=96&d=mm&r=g\",\"contentUrl\":\"https:\/\/secure.gravatar.com\/avatar\/ae85559b262be23fe1587f91beb8e527?s=96&d=mm&r=g\",\"caption\":\"gonzalofa\"},\"url\":\"https:\/\/www.asajacyl.com\/leon\/author\/gonzalofa\"}]}<\/script>\n<!-- \/ Yoast SEO plugin. -->","yoast_head_json":{"title":"Cotizaciones de la Lonja Agropecuaria de Le\u00f3n \u2013 Sesi\u00f3n 24\/01\/2018 - ASAJA Le\u00f3n","description":"Dos a\u00f1os de sequ\u00eda hacen aumentar la superficie de trigo de regad\u00edo un 50% Seg\u00fan las previsiones de la lonja agropecuaria de Le\u00f3n la superficie de trigo","robots":{"index":"index","follow":"follow","max-snippet":"max-snippet:-1","max-image-preview":"max-image-preview:large","max-video-preview":"max-video-preview:-1"},"canonical":"https:\/\/www.asajacyl.com\/leon\/servicios-socio\/lonjas-mercados\/cotizaciones-de-la-lonja-agropecuaria-de-leon-sesion-24-01-2018","og_locale":"es_ES","og_type":"article","og_title":"Cotizaciones de la Lonja Agropecuaria de Le\u00f3n \u2013 Sesi\u00f3n 24\/01\/2018 - ASAJA Le\u00f3n","og_description":"Dos a\u00f1os de sequ\u00eda hacen aumentar la superficie de trigo de regad\u00edo un 50% Seg\u00fan las previsiones de la lonja agropecuaria de Le\u00f3n la superficie de trigo","og_url":"https:\/\/www.asajacyl.com\/leon\/servicios-socio\/lonjas-mercados\/cotizaciones-de-la-lonja-agropecuaria-de-leon-sesion-24-01-2018","og_site_name":"ASAJA Le\u00f3n","article_published_time":"2018-01-24T15:16:58+00:00","article_modified_time":"2018-01-24T15:17:50+00:00","og_image":[{"width":960,"height":517,"url":"https:\/\/www.asajacyl.com\/leon\/wp-content\/uploads\/sites\/6\/2018\/01\/ESPIGAS_TRIGO_2.jpg","type":"image\/jpeg"}],"author":"gonzalofa","twitter_card":"summary_large_image","twitter_misc":{"Escrito por":"gonzalofa","Tiempo de lectura":"2 minutos"},"schema":{"@context":"https:\/\/schema.org","@graph":[{"@type":"WebPage","@id":"https:\/\/www.asajacyl.com\/leon\/servicios-socio\/lonjas-mercados\/cotizaciones-de-la-lonja-agropecuaria-de-leon-sesion-24-01-2018","url":"https:\/\/www.asajacyl.com\/leon\/servicios-socio\/lonjas-mercados\/cotizaciones-de-la-lonja-agropecuaria-de-leon-sesion-24-01-2018","name":"Cotizaciones de la Lonja Agropecuaria de Le\u00f3n \u2013 Sesi\u00f3n 24\/01\/2018 - ASAJA Le\u00f3n","isPartOf":{"@id":"https:\/\/www.asajacyl.com\/leon\/#website"},"primaryImageOfPage":{"@id":"https:\/\/www.asajacyl.com\/leon\/servicios-socio\/lonjas-mercados\/cotizaciones-de-la-lonja-agropecuaria-de-leon-sesion-24-01-2018#primaryimage"},"image":{"@id":"https:\/\/www.asajacyl.com\/leon\/servicios-socio\/lonjas-mercados\/cotizaciones-de-la-lonja-agropecuaria-de-leon-sesion-24-01-2018#primaryimage"},"thumbnailUrl":"https:\/\/www.asajacyl.com\/leon\/wp-content\/uploads\/sites\/6\/2018\/01\/ESPIGAS_TRIGO_2.jpg","datePublished":"2018-01-24T15:16:58+00:00","dateModified":"2018-01-24T15:17:50+00:00","author":{"@id":"https:\/\/www.asajacyl.com\/leon\/#\/schema\/person\/061f8efaa09cf43f8868e57fe9592bfa"},"description":"Dos a\u00f1os de sequ\u00eda hacen aumentar la superficie de trigo de regad\u00edo un 50% Seg\u00fan las previsiones de la lonja agropecuaria de Le\u00f3n la superficie de trigo","breadcrumb":{"@id":"https:\/\/www.asajacyl.com\/leon\/servicios-socio\/lonjas-mercados\/cotizaciones-de-la-lonja-agropecuaria-de-leon-sesion-24-01-2018#breadcrumb"},"inLanguage":"es","potentialAction":[{"@type":"ReadAction","target":["https:\/\/www.asajacyl.com\/leon\/servicios-socio\/lonjas-mercados\/cotizaciones-de-la-lonja-agropecuaria-de-leon-sesion-24-01-2018"]}]},{"@type":"ImageObject","inLanguage":"es","@id":"https:\/\/www.asajacyl.com\/leon\/servicios-socio\/lonjas-mercados\/cotizaciones-de-la-lonja-agropecuaria-de-leon-sesion-24-01-2018#primaryimage","url":"https:\/\/www.asajacyl.com\/leon\/wp-content\/uploads\/sites\/6\/2018\/01\/ESPIGAS_TRIGO_2.jpg","contentUrl":"https:\/\/www.asajacyl.com\/leon\/wp-content\/uploads\/sites\/6\/2018\/01\/ESPIGAS_TRIGO_2.jpg","width":960,"height":517},{"@type":"BreadcrumbList","@id":"https:\/\/www.asajacyl.com\/leon\/servicios-socio\/lonjas-mercados\/cotizaciones-de-la-lonja-agropecuaria-de-leon-sesion-24-01-2018#breadcrumb","itemListElement":[{"@type":"ListItem","position":1,"name":"Portada","item":"https:\/\/www.asajacyl.com\/leon\/"},{"@type":"ListItem","position":2,"name":"Cotizaciones de la Lonja Agropecuaria de Le\u00f3n \u2013 Sesi\u00f3n 24\/01\/2018"}]},{"@type":"WebSite","@id":"https:\/\/www.asajacyl.com\/leon\/#website","url":"https:\/\/www.asajacyl.com\/leon\/","name":"ASAJA Le\u00f3n","description":"Otro sitio m\u00e1s de Provincias ASAJA Castilla y Le\u00f3n","potentialAction":[{"@type":"SearchAction","target":{"@type":"EntryPoint","urlTemplate":"https:\/\/www.asajacyl.com\/leon\/?s={search_term_string}"},"query-input":{"@type":"PropertyValueSpecification","valueRequired":true,"valueName":"search_term_string"}}],"inLanguage":"es"},{"@type":"Person","@id":"https:\/\/www.asajacyl.com\/leon\/#\/schema\/person\/061f8efaa09cf43f8868e57fe9592bfa","name":"gonzalofa","image":{"@type":"ImageObject","inLanguage":"es","@id":"https:\/\/www.asajacyl.com\/leon\/#\/schema\/person\/image\/","url":"https:\/\/secure.gravatar.com\/avatar\/ae85559b262be23fe1587f91beb8e527?s=96&d=mm&r=g","contentUrl":"https:\/\/secure.gravatar.com\/avatar\/ae85559b262be23fe1587f91beb8e527?s=96&d=mm&r=g","caption":"gonzalofa"},"url":"https:\/\/www.asajacyl.com\/leon\/author\/gonzalofa"}]}},"_links":{"self":[{"href":"https:\/\/www.asajacyl.com\/leon\/wp-json\/wp\/v2\/posts\/8505"}],"collection":[{"href":"https:\/\/www.asajacyl.com\/leon\/wp-json\/wp\/v2\/posts"}],"about":[{"href":"https:\/\/www.asajacyl.com\/leon\/wp-json\/wp\/v2\/types\/post"}],"author":[{"embeddable":true,"href":"https:\/\/www.asajacyl.com\/leon\/wp-json\/wp\/v2\/users\/17"}],"replies":[{"embeddable":true,"href":"https:\/\/www.asajacyl.com\/leon\/wp-json\/wp\/v2\/comments?post=8505"}],"version-history":[{"count":2,"href":"https:\/\/www.asajacyl.com\/leon\/wp-json\/wp\/v2\/posts\/8505\/revisions"}],"predecessor-version":[{"id":8509,"href":"https:\/\/www.asajacyl.com\/leon\/wp-json\/wp\/v2\/posts\/8505\/revisions\/8509"}],"wp:featuredmedia":[{"embeddable":true,"href":"https:\/\/www.asajacyl.com\/leon\/wp-json\/wp\/v2\/media\/8508"}],"wp:attachment":[{"href":"https:\/\/www.asajacyl.com\/leon\/wp-json\/wp\/v2\/media?parent=8505"}],"wp:term":[{"taxonomy":"category","embeddable":true,"href":"https:\/\/www.asajacyl.com\/leon\/wp-json\/wp\/v2\/categories?post=8505"},{"taxonomy":"post_tag","embeddable":true,"href":"https:\/\/www.asajacyl.com\/leon\/wp-json\/wp\/v2\/tags?post=8505"}],"curies":[{"name":"wp","href":"https:\/\/api.w.org\/{rel}","templated":true}]}}