{"id":855,"date":"2006-08-07T00:00:00","date_gmt":"2006-08-06T22:00:00","guid":{"rendered":"https:\/\/www.asajacyl.com\/leon\/2006\/08\/07\/el-plan-lcteo-de-pepio-blanco-peor-si-cabe-que-el-de-moraleda\/"},"modified":"2017-11-15T10:02:47","modified_gmt":"2017-11-15T09:02:47","slug":"el-plan-lcteo-de-pepio-blanco-peor-si-cabe-que-el-de-moraleda","status":"publish","type":"post","link":"https:\/\/www.asajacyl.com\/leon\/asaja-leon-informa\/el-plan-lcteo-de-pepio-blanco-peor-si-cabe-que-el-de-moraleda","title":{"rendered":"EL PLAN L&#193;CTEO DE PEPI&#209;O BLANCO, PEOR SI CABE QUE EL DE MORALEDA"},"content":{"rendered":"<h2>Todav&#237;a despu&#233;s de pasado un a&#241;o, en el PSOE no se creen que un Plan L&#225;cteo urdido por Fernando Moraleda en su etapa en el ministerio de Agricultura, pudiera reportar una mayor&#237;a suficiente como para formar gobierno con los nacionalistas en la comunidad gallega y arrebatar el poder a la derecha conservadora capitaneada por Manuel Fraga.<\/h2>\n<p><b><\/p>\n<p align=\"center\"><font color=\"#009900\" size=\"2\">EL PLAN L&#193;CTEO DE PEPI&#209;O BLANCO, <\/font>\n<\/p>\n<p align=\"center\"><font color=\"#009900\" size=\"2\">PEOR SI CABE QUE EL DE MORALEDA <\/font>\n<\/p>\n<p align=\"center\"><font size=\"2\"><\/font><i><\/p>\n<p align=\"center\"><font size=\"2\">Jos&#233; Antonio Turrado, secretario regional de ASAJA<\/font><\/p>\n<p><\/i><font size=\"2\"> <\/font>\n<\/p>\n<p align=\"center\"><font size=\"2\"><\/font>\n<\/p>\n<p align=\"center\"><font size=\"2\">&#160;<\/font><\/p>\n<p><\/b><font size=\"2\"> <\/font><\/p>\n<p align=\"justify\"><font size=\"2\">Todav&#237;a despu&#233;s de pasado un a&#241;o, en el PSOE no se creen que un Plan L&#225;cteo urdido por Fernando Moraleda en su etapa en el ministerio de Agricultura, pudiera reportar una mayor&#237;a suficiente como para formar gobierno con los nacionalistas en la comunidad gallega y arrebatar el poder a la derecha conservadora capitaneada por Manuel Fraga. No acaban de cre&#233;rselo pero as&#237; ocurri&#243; el pasado a&#241;o. Y como siempre que alguien gana otros pierden. Perdieron consejeros de Agricultura de otras regiones, algunos tambi&#233;n del PSOE, que no ten&#237;an argumentos para justificar el expolio de cuota lechera que se fue a Galicia a cambio de votos. Perdieron miles de ganaderos de todo el pa&#237;s que se han visto privados de la posibilidad de incrementar el tama&#241;o de sus explotaciones, algo imprescindible para mantener la rentabilidad de las mismas cuando los precios de la leche caen y por el contrario se paga cada d&#237;a m&#225;s caros los piensos y otros medios de producci&#243;n. <\/font>\n<\/p>\n<p align=\"justify\"><font size=\"2\"><\/font>\n<\/p>\n<p align=\"justify\"><font size=\"2\">El Plan L&#225;cteo de 2005 fue tal barbaridad que ni al propio Gobierno socialista se le ocurre repetir, pero tampoco han tenido la valent&#237;a de admitir errores y remar en el futuro en la direcci&#243;n correcta. Por el contrario, otros iluminados del ministerio de Atocha que creen tener la obligaci&#243;n moral de repartir la riqueza del Planeta haci&#233;ndonos a todos pobres, se han inventado lo del <i>\u00abbanco de cuotas lecheras\u00bb,<\/i> y en esas andamos. Parece que el Plan L&#225;cteo de 2006, -o al paso que vamos del 2007-, va a consistir en no abrir la compraventa de cuotas entre particulares, y que el Estado compre la cuota a quienes quieran venderla, entre 25 y 30 c&#233;ntimos el litro, para repartirla al mismo precio al que quiera comprarla. Como habr&#225; m&#225;s potenciales compradores que vendedores &#8211; hace dos a&#241;os se pago a m&#225;s del doble-, el reparto se har&#225; con esos \u00abcriterios sociales\u00bb que tanto gusta a la clase actualmente gobernante, y que si los aplicaran por mucho tiempo terminar&#237;an nuestros ganaderos teniendo poco que envidiar a sus colegas de la isla de Cuba. <\/font>\n<\/p>\n<p align=\"justify\"><font size=\"2\"><\/font>\n<\/p>\n<p align=\"justify\"><font size=\"2\">Se dice que este Plan L&#225;cteo que por fin se alumbrar&#225; en el mes de septiembre, es el Plan de Pepi&#241;o Blanco, que hace de mediador entre las pretensiones del Bloque Nacionalista Gallego y las de una ministra de Agricultura que se las ve y las desea con 17 consejeros de Agricultura que por razones distintas cada uno, est&#225;n que echan las muelas. ASAJA critic&#243; hasta la extenuaci&#243;n el Plan del pasado a&#241;o, y por las mismas razones lo estamos haciendo ante la nueva aberraci&#243;n que se avecina, y nuestro argumento es el mismo: se est&#225; restando competitividad a uno de los sectores m&#225;s profesionales de la agricultura y ganader&#237;a espa&#241;olas. El resto de organizaciones agrarias, grupos de presi&#243;n tipo Feplap o Prolec y el mundo cooperativo, siguen atados a las faldas del Gobierno saboreando las mieles y dejando a sus representados impotentes ante tanta desfachatez. Eso s&#237;, para quedar bien firman con ASAJA documentos de consenso a favor del mercado libre de cuotas y de planes que de verdad apoyen a los ganaderos, pero despu&#233;s en los despachos y en las reuniones pol&#237;ticas defienden justamente lo contrario. <\/font>\n<\/p>\n<p align=\"justify\"><font size=\"2\"><\/font>\n<\/p>\n<p align=\"justify\"><font size=\"2\">Si tuvi&#233;semos un Gobierno serio, que no lo tenemos, antes del 1 de abril deber&#237;a de haberse publicado un Plan L&#225;cteo que dictase las reglas del juego para la actual campa&#241;a 2006\/07. Con cinco meses de campa&#241;a ya pasados, hay ganaderos que tienen que abandonar, algunos por causas de fuerza mayor, y no pueden hacerlo. Otros necesitan casi desesperadamente aumentar su explotaci&#243;n y tampoco pueden hacerlo. Miles y miles de familias invirtieron una millonada en cuota lechera que ahora no deval&#250;a el mercado, la deval&#250;a el Gobierno al m&#225;s puro estilo de una rep&#250;blica bananera. Y cuando el precio se ha hundido fruto de una t&#225;ctica de pactos entre industrias compradoras y muchas explotaciones entran en n&#250;meros rojos, los que intervienen en todo se quitan del medio y apelan, en esto s&#237;, a las inquebrantables reglas del libre mercado: la oferta y la demanda. <\/font>\n<\/p>\n<p align=\"justify\"><font size=\"2\"><\/font>\n<\/p>\n<p align=\"justify\"><font size=\"2\">El Partido Socialista se ha dado cuenta que el sector l&#225;cteo da votos, y lo han aprovechado y van a aprovechar cueste lo que cueste y pase lo que pase. Los da en Galicia por ser un sector todav&#237;a numeroso, y no los quita en el resto de Espa&#241;a por ser un sector minoritario &#8211;pocas explotaciones muy profesionales-, raz&#243;n por la cual los ganaderos de leche de 16 comunidades aut&#243;nomas van a ser rehenes de personajes del tipo de Pepi&#241;o Blanco, de Moraleda, o nacionalistas de cualesquiera de las diecisiete Espa&#241;as.<\/font><b><font size=\"2\"> <\/font><\/p>\n<p align=\"justify\"><font size=\"2\">&#160;<\/font><\/p>\n<p><\/b><font size=\"2\"> <\/font>\n<\/p>\n<p align=\"justify\"><font size=\"2\">&#160; <\/font>\n<\/p>\n<p align=\"justify\"><font size=\"2\">&#160; <\/font>\n<\/p>\n<p align=\"justify\"><font size=\"2\">&#160; <\/font>\n<\/p>\n<p align=\"justify\"><font size=\"2\">&#160; <\/font>\n<\/p>\n<p align=\"justify\"><font size=\"2\">&#160; <\/font>\n<\/p>\n<p align=\"justify\"><font size=\"2\">&#160; <\/font>\n<\/p>\n<p align=\"justify\"><font size=\"2\">&#160;<\/font><b><font size=\"2\"> <\/font><\/p>\n<p align=\"center\"><font size=\"2\"><\/font><\/p>\n<p><\/b>&#160;<\/p>\n","protected":false},"excerpt":{"rendered":"<p>Todav&#237;a despu&#233;s de pasado un a&#241;o, en el PSOE no se creen que un Plan L&#225;cteo urdido por Fernando Moraleda en su etapa en el ministerio de Agricultura, pudiera reportar una mayor&#237;a suficiente como para formar gobierno con los nacionalistas en la comunidad gallega y arrebatar el poder a la derecha conservadora capitaneada por Manuel Fraga.<\/p>\n","protected":false},"author":3,"featured_media":8174,"comment_status":"open","ping_status":"open","sticky":false,"template":"","format":"standard","meta":{"footnotes":""},"categories":[4,11],"tags":[],"yoast_head":"<!-- This site is optimized with the Yoast SEO plugin v24.5 - https:\/\/yoast.com\/wordpress\/plugins\/seo\/ -->\n<title>EL PLAN L&#193;CTEO DE PEPI&#209;O BLANCO, PEOR SI CABE QUE EL DE MORALEDA - ASAJA Le\u00f3n<\/title>\n<meta name=\"description\" content=\"Todav&#237;a despu&#233;s de pasado un a&#241;o, en el PSOE no se creen que un Plan L&#225;cteo urdido por Fernando Moraleda en su etapa en el ministerio de Agricultura, pudiera reportar una mayor&#237;a suficiente como para formar gobierno con los nacionalistas en la comunidad gallega y arrebatar el poder a la derecha conservadora capitaneada por Manuel Fraga.\" \/>\n<meta name=\"robots\" content=\"index, follow, max-snippet:-1, max-image-preview:large, max-video-preview:-1\" \/>\n<link rel=\"canonical\" href=\"https:\/\/www.asajacyl.com\/leon\/asaja-leon-informa\/el-plan-lcteo-de-pepio-blanco-peor-si-cabe-que-el-de-moraleda\" \/>\n<meta property=\"og:locale\" content=\"es_ES\" \/>\n<meta property=\"og:type\" content=\"article\" \/>\n<meta property=\"og:title\" content=\"EL PLAN L&#193;CTEO DE PEPI&#209;O BLANCO, PEOR SI CABE QUE EL DE MORALEDA - ASAJA Le\u00f3n\" \/>\n<meta property=\"og:description\" content=\"Todav&#237;a despu&#233;s de pasado un a&#241;o, en el PSOE no se creen que un Plan L&#225;cteo urdido por Fernando Moraleda en su etapa en el ministerio de Agricultura, pudiera reportar una mayor&#237;a suficiente como para formar gobierno con los nacionalistas en la comunidad gallega y arrebatar el poder a la derecha conservadora capitaneada por Manuel Fraga.\" \/>\n<meta property=\"og:url\" content=\"https:\/\/www.asajacyl.com\/leon\/asaja-leon-informa\/el-plan-lcteo-de-pepio-blanco-peor-si-cabe-que-el-de-moraleda\" \/>\n<meta property=\"og:site_name\" content=\"ASAJA Le\u00f3n\" \/>\n<meta property=\"article:published_time\" content=\"2006-08-06T22:00:00+00:00\" \/>\n<meta property=\"article:modified_time\" content=\"2017-11-15T09:02:47+00:00\" \/>\n<meta property=\"og:image\" content=\"https:\/\/www.asajacyl.com\/leon\/wp-content\/uploads\/sites\/6\/2017\/11\/im_predefinida_1920x1080.jpg\" \/>\n\t<meta property=\"og:image:width\" content=\"1920\" \/>\n\t<meta property=\"og:image:height\" content=\"1080\" \/>\n\t<meta property=\"og:image:type\" content=\"image\/jpeg\" \/>\n<meta name=\"author\" content=\"Editor\" \/>\n<meta name=\"twitter:card\" content=\"summary_large_image\" \/>\n<meta name=\"twitter:label1\" content=\"Escrito por\" \/>\n\t<meta name=\"twitter:data1\" content=\"Editor\" \/>\n\t<meta name=\"twitter:label2\" content=\"Tiempo de lectura\" \/>\n\t<meta name=\"twitter:data2\" content=\"4 minutos\" \/>\n<script type=\"application\/ld+json\" class=\"yoast-schema-graph\">{\"@context\":\"https:\/\/schema.org\",\"@graph\":[{\"@type\":\"WebPage\",\"@id\":\"https:\/\/www.asajacyl.com\/leon\/asaja-leon-informa\/el-plan-lcteo-de-pepio-blanco-peor-si-cabe-que-el-de-moraleda\",\"url\":\"https:\/\/www.asajacyl.com\/leon\/asaja-leon-informa\/el-plan-lcteo-de-pepio-blanco-peor-si-cabe-que-el-de-moraleda\",\"name\":\"EL PLAN L&#193;CTEO DE PEPI&#209;O BLANCO, PEOR SI CABE QUE EL DE MORALEDA - ASAJA Le\u00f3n\",\"isPartOf\":{\"@id\":\"https:\/\/www.asajacyl.com\/leon\/#website\"},\"primaryImageOfPage\":{\"@id\":\"https:\/\/www.asajacyl.com\/leon\/asaja-leon-informa\/el-plan-lcteo-de-pepio-blanco-peor-si-cabe-que-el-de-moraleda#primaryimage\"},\"image\":{\"@id\":\"https:\/\/www.asajacyl.com\/leon\/asaja-leon-informa\/el-plan-lcteo-de-pepio-blanco-peor-si-cabe-que-el-de-moraleda#primaryimage\"},\"thumbnailUrl\":\"https:\/\/www.asajacyl.com\/leon\/wp-content\/uploads\/sites\/6\/2017\/11\/im_predefinida_1920x1080.jpg\",\"datePublished\":\"2006-08-06T22:00:00+00:00\",\"dateModified\":\"2017-11-15T09:02:47+00:00\",\"author\":{\"@id\":\"https:\/\/www.asajacyl.com\/leon\/#\/schema\/person\/7e884476cee132331142e8ac9689f20c\"},\"description\":\"Todav&#237;a despu&#233;s de pasado un a&#241;o, en el PSOE no se creen que un Plan L&#225;cteo urdido por Fernando Moraleda en su etapa en el ministerio de Agricultura, pudiera reportar una mayor&#237;a suficiente como para formar gobierno con los nacionalistas en la comunidad gallega y arrebatar el poder a la derecha conservadora capitaneada por Manuel Fraga.\",\"breadcrumb\":{\"@id\":\"https:\/\/www.asajacyl.com\/leon\/asaja-leon-informa\/el-plan-lcteo-de-pepio-blanco-peor-si-cabe-que-el-de-moraleda#breadcrumb\"},\"inLanguage\":\"es\",\"potentialAction\":[{\"@type\":\"ReadAction\",\"target\":[\"https:\/\/www.asajacyl.com\/leon\/asaja-leon-informa\/el-plan-lcteo-de-pepio-blanco-peor-si-cabe-que-el-de-moraleda\"]}]},{\"@type\":\"ImageObject\",\"inLanguage\":\"es\",\"@id\":\"https:\/\/www.asajacyl.com\/leon\/asaja-leon-informa\/el-plan-lcteo-de-pepio-blanco-peor-si-cabe-que-el-de-moraleda#primaryimage\",\"url\":\"https:\/\/www.asajacyl.com\/leon\/wp-content\/uploads\/sites\/6\/2017\/11\/im_predefinida_1920x1080.jpg\",\"contentUrl\":\"https:\/\/www.asajacyl.com\/leon\/wp-content\/uploads\/sites\/6\/2017\/11\/im_predefinida_1920x1080.jpg\",\"width\":1920,\"height\":1080,\"caption\":\"Logotipo ASAJA Le\u00f3n\"},{\"@type\":\"BreadcrumbList\",\"@id\":\"https:\/\/www.asajacyl.com\/leon\/asaja-leon-informa\/el-plan-lcteo-de-pepio-blanco-peor-si-cabe-que-el-de-moraleda#breadcrumb\",\"itemListElement\":[{\"@type\":\"ListItem\",\"position\":1,\"name\":\"Portada\",\"item\":\"https:\/\/www.asajacyl.com\/leon\/\"},{\"@type\":\"ListItem\",\"position\":2,\"name\":\"EL PLAN L&#193;CTEO DE PEPI&#209;O BLANCO, PEOR SI CABE QUE EL DE MORALEDA\"}]},{\"@type\":\"WebSite\",\"@id\":\"https:\/\/www.asajacyl.com\/leon\/#website\",\"url\":\"https:\/\/www.asajacyl.com\/leon\/\",\"name\":\"ASAJA Le\u00f3n\",\"description\":\"Otro sitio m\u00e1s de Provincias ASAJA Castilla y Le\u00f3n\",\"potentialAction\":[{\"@type\":\"SearchAction\",\"target\":{\"@type\":\"EntryPoint\",\"urlTemplate\":\"https:\/\/www.asajacyl.com\/leon\/?s={search_term_string}\"},\"query-input\":{\"@type\":\"PropertyValueSpecification\",\"valueRequired\":true,\"valueName\":\"search_term_string\"}}],\"inLanguage\":\"es\"},{\"@type\":\"Person\",\"@id\":\"https:\/\/www.asajacyl.com\/leon\/#\/schema\/person\/7e884476cee132331142e8ac9689f20c\",\"name\":\"Editor\",\"image\":{\"@type\":\"ImageObject\",\"inLanguage\":\"es\",\"@id\":\"https:\/\/www.asajacyl.com\/leon\/#\/schema\/person\/image\/\",\"url\":\"https:\/\/secure.gravatar.com\/avatar\/a2ef43c165669686cfcfb0e1ffa59869?s=96&d=mm&r=g\",\"contentUrl\":\"https:\/\/secure.gravatar.com\/avatar\/a2ef43c165669686cfcfb0e1ffa59869?s=96&d=mm&r=g\",\"caption\":\"Editor\"},\"url\":\"https:\/\/www.asajacyl.com\/leon\/author\/oscargg\"}]}<\/script>\n<!-- \/ Yoast SEO plugin. -->","yoast_head_json":{"title":"EL PLAN L&#193;CTEO DE PEPI&#209;O BLANCO, PEOR SI CABE QUE EL DE MORALEDA - ASAJA Le\u00f3n","description":"Todav&#237;a despu&#233;s de pasado un a&#241;o, en el PSOE no se creen que un Plan L&#225;cteo urdido por Fernando Moraleda en su etapa en el ministerio de Agricultura, pudiera reportar una mayor&#237;a suficiente como para formar gobierno con los nacionalistas en la comunidad gallega y arrebatar el poder a la derecha conservadora capitaneada por Manuel Fraga.","robots":{"index":"index","follow":"follow","max-snippet":"max-snippet:-1","max-image-preview":"max-image-preview:large","max-video-preview":"max-video-preview:-1"},"canonical":"https:\/\/www.asajacyl.com\/leon\/asaja-leon-informa\/el-plan-lcteo-de-pepio-blanco-peor-si-cabe-que-el-de-moraleda","og_locale":"es_ES","og_type":"article","og_title":"EL PLAN L&#193;CTEO DE PEPI&#209;O BLANCO, PEOR SI CABE QUE EL DE MORALEDA - ASAJA Le\u00f3n","og_description":"Todav&#237;a despu&#233;s de pasado un a&#241;o, en el PSOE no se creen que un Plan L&#225;cteo urdido por Fernando Moraleda en su etapa en el ministerio de Agricultura, pudiera reportar una mayor&#237;a suficiente como para formar gobierno con los nacionalistas en la comunidad gallega y arrebatar el poder a la derecha conservadora capitaneada por Manuel Fraga.","og_url":"https:\/\/www.asajacyl.com\/leon\/asaja-leon-informa\/el-plan-lcteo-de-pepio-blanco-peor-si-cabe-que-el-de-moraleda","og_site_name":"ASAJA Le\u00f3n","article_published_time":"2006-08-06T22:00:00+00:00","article_modified_time":"2017-11-15T09:02:47+00:00","og_image":[{"width":1920,"height":1080,"url":"https:\/\/www.asajacyl.com\/leon\/wp-content\/uploads\/sites\/6\/2017\/11\/im_predefinida_1920x1080.jpg","type":"image\/jpeg"}],"author":"Editor","twitter_card":"summary_large_image","twitter_misc":{"Escrito por":"Editor","Tiempo de lectura":"4 minutos"},"schema":{"@context":"https:\/\/schema.org","@graph":[{"@type":"WebPage","@id":"https:\/\/www.asajacyl.com\/leon\/asaja-leon-informa\/el-plan-lcteo-de-pepio-blanco-peor-si-cabe-que-el-de-moraleda","url":"https:\/\/www.asajacyl.com\/leon\/asaja-leon-informa\/el-plan-lcteo-de-pepio-blanco-peor-si-cabe-que-el-de-moraleda","name":"EL PLAN L&#193;CTEO DE PEPI&#209;O BLANCO, PEOR SI CABE QUE EL DE MORALEDA - ASAJA Le\u00f3n","isPartOf":{"@id":"https:\/\/www.asajacyl.com\/leon\/#website"},"primaryImageOfPage":{"@id":"https:\/\/www.asajacyl.com\/leon\/asaja-leon-informa\/el-plan-lcteo-de-pepio-blanco-peor-si-cabe-que-el-de-moraleda#primaryimage"},"image":{"@id":"https:\/\/www.asajacyl.com\/leon\/asaja-leon-informa\/el-plan-lcteo-de-pepio-blanco-peor-si-cabe-que-el-de-moraleda#primaryimage"},"thumbnailUrl":"https:\/\/www.asajacyl.com\/leon\/wp-content\/uploads\/sites\/6\/2017\/11\/im_predefinida_1920x1080.jpg","datePublished":"2006-08-06T22:00:00+00:00","dateModified":"2017-11-15T09:02:47+00:00","author":{"@id":"https:\/\/www.asajacyl.com\/leon\/#\/schema\/person\/7e884476cee132331142e8ac9689f20c"},"description":"Todav&#237;a despu&#233;s de pasado un a&#241;o, en el PSOE no se creen que un Plan L&#225;cteo urdido por Fernando Moraleda en su etapa en el ministerio de Agricultura, pudiera reportar una mayor&#237;a suficiente como para formar gobierno con los nacionalistas en la comunidad gallega y arrebatar el poder a la derecha conservadora capitaneada por Manuel Fraga.","breadcrumb":{"@id":"https:\/\/www.asajacyl.com\/leon\/asaja-leon-informa\/el-plan-lcteo-de-pepio-blanco-peor-si-cabe-que-el-de-moraleda#breadcrumb"},"inLanguage":"es","potentialAction":[{"@type":"ReadAction","target":["https:\/\/www.asajacyl.com\/leon\/asaja-leon-informa\/el-plan-lcteo-de-pepio-blanco-peor-si-cabe-que-el-de-moraleda"]}]},{"@type":"ImageObject","inLanguage":"es","@id":"https:\/\/www.asajacyl.com\/leon\/asaja-leon-informa\/el-plan-lcteo-de-pepio-blanco-peor-si-cabe-que-el-de-moraleda#primaryimage","url":"https:\/\/www.asajacyl.com\/leon\/wp-content\/uploads\/sites\/6\/2017\/11\/im_predefinida_1920x1080.jpg","contentUrl":"https:\/\/www.asajacyl.com\/leon\/wp-content\/uploads\/sites\/6\/2017\/11\/im_predefinida_1920x1080.jpg","width":1920,"height":1080,"caption":"Logotipo ASAJA Le\u00f3n"},{"@type":"BreadcrumbList","@id":"https:\/\/www.asajacyl.com\/leon\/asaja-leon-informa\/el-plan-lcteo-de-pepio-blanco-peor-si-cabe-que-el-de-moraleda#breadcrumb","itemListElement":[{"@type":"ListItem","position":1,"name":"Portada","item":"https:\/\/www.asajacyl.com\/leon\/"},{"@type":"ListItem","position":2,"name":"EL PLAN L&#193;CTEO DE PEPI&#209;O BLANCO, PEOR SI CABE QUE EL DE MORALEDA"}]},{"@type":"WebSite","@id":"https:\/\/www.asajacyl.com\/leon\/#website","url":"https:\/\/www.asajacyl.com\/leon\/","name":"ASAJA Le\u00f3n","description":"Otro sitio m\u00e1s de Provincias ASAJA Castilla y Le\u00f3n","potentialAction":[{"@type":"SearchAction","target":{"@type":"EntryPoint","urlTemplate":"https:\/\/www.asajacyl.com\/leon\/?s={search_term_string}"},"query-input":{"@type":"PropertyValueSpecification","valueRequired":true,"valueName":"search_term_string"}}],"inLanguage":"es"},{"@type":"Person","@id":"https:\/\/www.asajacyl.com\/leon\/#\/schema\/person\/7e884476cee132331142e8ac9689f20c","name":"Editor","image":{"@type":"ImageObject","inLanguage":"es","@id":"https:\/\/www.asajacyl.com\/leon\/#\/schema\/person\/image\/","url":"https:\/\/secure.gravatar.com\/avatar\/a2ef43c165669686cfcfb0e1ffa59869?s=96&d=mm&r=g","contentUrl":"https:\/\/secure.gravatar.com\/avatar\/a2ef43c165669686cfcfb0e1ffa59869?s=96&d=mm&r=g","caption":"Editor"},"url":"https:\/\/www.asajacyl.com\/leon\/author\/oscargg"}]}},"_links":{"self":[{"href":"https:\/\/www.asajacyl.com\/leon\/wp-json\/wp\/v2\/posts\/855"}],"collection":[{"href":"https:\/\/www.asajacyl.com\/leon\/wp-json\/wp\/v2\/posts"}],"about":[{"href":"https:\/\/www.asajacyl.com\/leon\/wp-json\/wp\/v2\/types\/post"}],"author":[{"embeddable":true,"href":"https:\/\/www.asajacyl.com\/leon\/wp-json\/wp\/v2\/users\/3"}],"replies":[{"embeddable":true,"href":"https:\/\/www.asajacyl.com\/leon\/wp-json\/wp\/v2\/comments?post=855"}],"version-history":[{"count":1,"href":"https:\/\/www.asajacyl.com\/leon\/wp-json\/wp\/v2\/posts\/855\/revisions"}],"predecessor-version":[{"id":1220,"href":"https:\/\/www.asajacyl.com\/leon\/wp-json\/wp\/v2\/posts\/855\/revisions\/1220"}],"wp:featuredmedia":[{"embeddable":true,"href":"https:\/\/www.asajacyl.com\/leon\/wp-json\/wp\/v2\/media\/8174"}],"wp:attachment":[{"href":"https:\/\/www.asajacyl.com\/leon\/wp-json\/wp\/v2\/media?parent=855"}],"wp:term":[{"taxonomy":"category","embeddable":true,"href":"https:\/\/www.asajacyl.com\/leon\/wp-json\/wp\/v2\/categories?post=855"},{"taxonomy":"post_tag","embeddable":true,"href":"https:\/\/www.asajacyl.com\/leon\/wp-json\/wp\/v2\/tags?post=855"}],"curies":[{"name":"wp","href":"https:\/\/api.w.org\/{rel}","templated":true}]}}