{"id":8565,"date":"2018-02-02T13:07:53","date_gmt":"2018-02-02T12:07:53","guid":{"rendered":"http:\/\/www.asajacyl.com\/leon\/?p=8565"},"modified":"2018-02-02T13:07:53","modified_gmt":"2018-02-02T12:07:53","slug":"traicion-con-payuelos","status":"publish","type":"post","link":"https:\/\/www.asajacyl.com\/leon\/asaja-leon-informa\/traicion-con-payuelos","title":{"rendered":"Traici\u00f3n con Payuelos"},"content":{"rendered":"<p><span style=\"color: #000000;font-family: Times New Roman;font-size: medium\">Es m\u00e1s que justificado el malestar entre los agricultores de la zona agr\u00edcola de Payuelos, donde est\u00e1 destinada la mayor parte del agua de riego que embalsa Ria\u00f1o, al saber que inversiones previstas para la zona se van a desviar a la zona regable del sistema Carri\u00f3n, en la vecina provincia de Palencia. Los regantes del Carri\u00f3n han sido reacios a acometer la modernizaci\u00f3n de su regad\u00edo, y cuando a ra\u00edz de la escasez de 2017 han cambiado de opini\u00f3n, la consejera de Agricultura y Ganader\u00eda, Milagros Marcos, se ha comprometido con el inminente inicio de las obras. Como la partida de gasto no ha salido de un presupuesto nuevo o extraordinario, lo f\u00e1cil ha sido quitarlo al proyecto de Payuelos posponiendo licitaciones previstas para determinadas demarcaciones pendientes de desarrollar. Claramente la consejera Milagros Marcos, para atender una petici\u00f3n de los regantes de Palencia, su provincia, ha detra\u00eddo presupuesto del programa de infraestructuras comprometido para la provincia de Le\u00f3n. No ser\u00e9 yo quien cuestione\u00a0 la necesidad de modernizar los regad\u00edos del Carri\u00f3n, todo lo contrario, para pronto ya es tarde, pero gobernar no debe de significar enfrentar a unos agricultores con otros, a unos regantes con otros, y lo que ten\u00eda que haber hecho Milagros Marcos es conseguir partidas extraordinarias del presupuesto y no tirarse por el camino f\u00e1cil de quitar el dinero a las obras previstas para la provincia leonesa. Los regantes de Palencia tienen todo el derecho a que se le modernice su regad\u00edo, como el del resto de la provincia de Le\u00f3n, pero quiz\u00e1s el primer derecho lo tienen los agricultores de la comarca de Sahag\u00fan a los que le prometieron un pantano, le prometieron un regad\u00edo, y muchas d\u00e9cadas despu\u00e9s, habiendo pasado varias generaciones de agricultores, siguen siendo agricultores de secano. Otra cosa distinta es el trasvase de agua de Ria\u00f1o al Carri\u00f3n, aprobado y ejecutado con un gobierno socialista apoyado en todas sus decisiones, tambi\u00e9n en esta, por la organizaci\u00f3n amiga Ugal- UPA, como ahora apoya a la UPL.<\/span><\/p>\n<p><i><span style=\"color: #000000;font-family: Times New Roman\">* Art\u00edculo de opini\u00f3n de Jos\u00e9 Antonio Turrado publicado en La Nueva Cr\u00f3nica del viernes 2 de febrero de 2018.<\/span><\/i><\/p>\n<p>&nbsp;<\/p>\n","protected":false},"excerpt":{"rendered":"<p>Es m\u00e1s que justificado el malestar entre los agricultores de la zona agr\u00edcola de Payuelos, donde est\u00e1 destinada la mayor parte del agua de riego que embalsa Ria\u00f1o, al saber que inversiones previstas para la zona se van a desviar a la zona regable del sistema Carri\u00f3n, en la vecina provincia de Palencia. Los regantes [&hellip;]<\/p>\n","protected":false},"author":8,"featured_media":8566,"comment_status":"open","ping_status":"open","sticky":false,"template":"","format":"standard","meta":{"footnotes":""},"categories":[4,11],"tags":[],"yoast_head":"<!-- This site is optimized with the Yoast SEO plugin v24.5 - https:\/\/yoast.com\/wordpress\/plugins\/seo\/ -->\n<title>Traici\u00f3n con Payuelos - ASAJA Le\u00f3n<\/title>\n<meta name=\"description\" content=\"Es m\u00e1s que justificado el malestar entre los agricultores de la zona agr\u00edcola de Payuelos, donde est\u00e1 destinada la mayor parte del agua de riego que\" \/>\n<meta name=\"robots\" content=\"index, follow, max-snippet:-1, max-image-preview:large, max-video-preview:-1\" \/>\n<link rel=\"canonical\" href=\"https:\/\/www.asajacyl.com\/leon\/asaja-leon-informa\/traicion-con-payuelos\" \/>\n<meta property=\"og:locale\" content=\"es_ES\" \/>\n<meta property=\"og:type\" content=\"article\" \/>\n<meta property=\"og:title\" content=\"Traici\u00f3n con Payuelos - ASAJA Le\u00f3n\" \/>\n<meta property=\"og:description\" content=\"Es m\u00e1s que justificado el malestar entre los agricultores de la zona agr\u00edcola de Payuelos, donde est\u00e1 destinada la mayor parte del agua de riego que\" \/>\n<meta property=\"og:url\" content=\"https:\/\/www.asajacyl.com\/leon\/asaja-leon-informa\/traicion-con-payuelos\" \/>\n<meta property=\"og:site_name\" content=\"ASAJA Le\u00f3n\" \/>\n<meta property=\"article:published_time\" content=\"2018-02-02T12:07:53+00:00\" \/>\n<meta property=\"og:image\" content=\"https:\/\/www.asajacyl.com\/leon\/wp-content\/uploads\/sites\/6\/2018\/02\/cartel_ministerio.jpg\" \/>\n\t<meta property=\"og:image:width\" content=\"2048\" \/>\n\t<meta property=\"og:image:height\" content=\"1536\" \/>\n\t<meta property=\"og:image:type\" content=\"image\/jpeg\" \/>\n<meta name=\"author\" content=\"Eduardo\" \/>\n<meta name=\"twitter:card\" content=\"summary_large_image\" \/>\n<meta name=\"twitter:label1\" content=\"Escrito por\" \/>\n\t<meta name=\"twitter:data1\" content=\"Eduardo\" \/>\n\t<meta name=\"twitter:label2\" content=\"Tiempo de lectura\" \/>\n\t<meta name=\"twitter:data2\" content=\"2 minutos\" \/>\n<script type=\"application\/ld+json\" class=\"yoast-schema-graph\">{\"@context\":\"https:\/\/schema.org\",\"@graph\":[{\"@type\":\"WebPage\",\"@id\":\"https:\/\/www.asajacyl.com\/leon\/asaja-leon-informa\/traicion-con-payuelos\",\"url\":\"https:\/\/www.asajacyl.com\/leon\/asaja-leon-informa\/traicion-con-payuelos\",\"name\":\"Traici\u00f3n con Payuelos - ASAJA Le\u00f3n\",\"isPartOf\":{\"@id\":\"https:\/\/www.asajacyl.com\/leon\/#website\"},\"primaryImageOfPage\":{\"@id\":\"https:\/\/www.asajacyl.com\/leon\/asaja-leon-informa\/traicion-con-payuelos#primaryimage\"},\"image\":{\"@id\":\"https:\/\/www.asajacyl.com\/leon\/asaja-leon-informa\/traicion-con-payuelos#primaryimage\"},\"thumbnailUrl\":\"https:\/\/www.asajacyl.com\/leon\/wp-content\/uploads\/sites\/6\/2018\/02\/cartel_ministerio.jpg\",\"datePublished\":\"2018-02-02T12:07:53+00:00\",\"author\":{\"@id\":\"https:\/\/www.asajacyl.com\/leon\/#\/schema\/person\/a39ff3609fc182e4c789ab486e865d32\"},\"description\":\"Es m\u00e1s que justificado el malestar entre los agricultores de la zona agr\u00edcola de Payuelos, donde est\u00e1 destinada la mayor parte del agua de riego que\",\"breadcrumb\":{\"@id\":\"https:\/\/www.asajacyl.com\/leon\/asaja-leon-informa\/traicion-con-payuelos#breadcrumb\"},\"inLanguage\":\"es\",\"potentialAction\":[{\"@type\":\"ReadAction\",\"target\":[\"https:\/\/www.asajacyl.com\/leon\/asaja-leon-informa\/traicion-con-payuelos\"]}]},{\"@type\":\"ImageObject\",\"inLanguage\":\"es\",\"@id\":\"https:\/\/www.asajacyl.com\/leon\/asaja-leon-informa\/traicion-con-payuelos#primaryimage\",\"url\":\"https:\/\/www.asajacyl.com\/leon\/wp-content\/uploads\/sites\/6\/2018\/02\/cartel_ministerio.jpg\",\"contentUrl\":\"https:\/\/www.asajacyl.com\/leon\/wp-content\/uploads\/sites\/6\/2018\/02\/cartel_ministerio.jpg\",\"width\":2048,\"height\":1536},{\"@type\":\"BreadcrumbList\",\"@id\":\"https:\/\/www.asajacyl.com\/leon\/asaja-leon-informa\/traicion-con-payuelos#breadcrumb\",\"itemListElement\":[{\"@type\":\"ListItem\",\"position\":1,\"name\":\"Portada\",\"item\":\"https:\/\/www.asajacyl.com\/leon\/\"},{\"@type\":\"ListItem\",\"position\":2,\"name\":\"Traici\u00f3n con Payuelos\"}]},{\"@type\":\"WebSite\",\"@id\":\"https:\/\/www.asajacyl.com\/leon\/#website\",\"url\":\"https:\/\/www.asajacyl.com\/leon\/\",\"name\":\"ASAJA Le\u00f3n\",\"description\":\"Otro sitio m\u00e1s de Provincias ASAJA Castilla y Le\u00f3n\",\"potentialAction\":[{\"@type\":\"SearchAction\",\"target\":{\"@type\":\"EntryPoint\",\"urlTemplate\":\"https:\/\/www.asajacyl.com\/leon\/?s={search_term_string}\"},\"query-input\":{\"@type\":\"PropertyValueSpecification\",\"valueRequired\":true,\"valueName\":\"search_term_string\"}}],\"inLanguage\":\"es\"},{\"@type\":\"Person\",\"@id\":\"https:\/\/www.asajacyl.com\/leon\/#\/schema\/person\/a39ff3609fc182e4c789ab486e865d32\",\"name\":\"Eduardo\",\"image\":{\"@type\":\"ImageObject\",\"inLanguage\":\"es\",\"@id\":\"https:\/\/www.asajacyl.com\/leon\/#\/schema\/person\/image\/\",\"url\":\"https:\/\/secure.gravatar.com\/avatar\/9ebd6aba21d817dcf9595bc9ca505af5?s=96&d=mm&r=g\",\"contentUrl\":\"https:\/\/secure.gravatar.com\/avatar\/9ebd6aba21d817dcf9595bc9ca505af5?s=96&d=mm&r=g\",\"caption\":\"Eduardo\"},\"url\":\"https:\/\/www.asajacyl.com\/leon\/author\/eduardovv\"}]}<\/script>\n<!-- \/ Yoast SEO plugin. -->","yoast_head_json":{"title":"Traici\u00f3n con Payuelos - ASAJA Le\u00f3n","description":"Es m\u00e1s que justificado el malestar entre los agricultores de la zona agr\u00edcola de Payuelos, donde est\u00e1 destinada la mayor parte del agua de riego que","robots":{"index":"index","follow":"follow","max-snippet":"max-snippet:-1","max-image-preview":"max-image-preview:large","max-video-preview":"max-video-preview:-1"},"canonical":"https:\/\/www.asajacyl.com\/leon\/asaja-leon-informa\/traicion-con-payuelos","og_locale":"es_ES","og_type":"article","og_title":"Traici\u00f3n con Payuelos - ASAJA Le\u00f3n","og_description":"Es m\u00e1s que justificado el malestar entre los agricultores de la zona agr\u00edcola de Payuelos, donde est\u00e1 destinada la mayor parte del agua de riego que","og_url":"https:\/\/www.asajacyl.com\/leon\/asaja-leon-informa\/traicion-con-payuelos","og_site_name":"ASAJA Le\u00f3n","article_published_time":"2018-02-02T12:07:53+00:00","og_image":[{"width":2048,"height":1536,"url":"https:\/\/www.asajacyl.com\/leon\/wp-content\/uploads\/sites\/6\/2018\/02\/cartel_ministerio.jpg","type":"image\/jpeg"}],"author":"Eduardo","twitter_card":"summary_large_image","twitter_misc":{"Escrito por":"Eduardo","Tiempo de lectura":"2 minutos"},"schema":{"@context":"https:\/\/schema.org","@graph":[{"@type":"WebPage","@id":"https:\/\/www.asajacyl.com\/leon\/asaja-leon-informa\/traicion-con-payuelos","url":"https:\/\/www.asajacyl.com\/leon\/asaja-leon-informa\/traicion-con-payuelos","name":"Traici\u00f3n con Payuelos - ASAJA Le\u00f3n","isPartOf":{"@id":"https:\/\/www.asajacyl.com\/leon\/#website"},"primaryImageOfPage":{"@id":"https:\/\/www.asajacyl.com\/leon\/asaja-leon-informa\/traicion-con-payuelos#primaryimage"},"image":{"@id":"https:\/\/www.asajacyl.com\/leon\/asaja-leon-informa\/traicion-con-payuelos#primaryimage"},"thumbnailUrl":"https:\/\/www.asajacyl.com\/leon\/wp-content\/uploads\/sites\/6\/2018\/02\/cartel_ministerio.jpg","datePublished":"2018-02-02T12:07:53+00:00","author":{"@id":"https:\/\/www.asajacyl.com\/leon\/#\/schema\/person\/a39ff3609fc182e4c789ab486e865d32"},"description":"Es m\u00e1s que justificado el malestar entre los agricultores de la zona agr\u00edcola de Payuelos, donde est\u00e1 destinada la mayor parte del agua de riego que","breadcrumb":{"@id":"https:\/\/www.asajacyl.com\/leon\/asaja-leon-informa\/traicion-con-payuelos#breadcrumb"},"inLanguage":"es","potentialAction":[{"@type":"ReadAction","target":["https:\/\/www.asajacyl.com\/leon\/asaja-leon-informa\/traicion-con-payuelos"]}]},{"@type":"ImageObject","inLanguage":"es","@id":"https:\/\/www.asajacyl.com\/leon\/asaja-leon-informa\/traicion-con-payuelos#primaryimage","url":"https:\/\/www.asajacyl.com\/leon\/wp-content\/uploads\/sites\/6\/2018\/02\/cartel_ministerio.jpg","contentUrl":"https:\/\/www.asajacyl.com\/leon\/wp-content\/uploads\/sites\/6\/2018\/02\/cartel_ministerio.jpg","width":2048,"height":1536},{"@type":"BreadcrumbList","@id":"https:\/\/www.asajacyl.com\/leon\/asaja-leon-informa\/traicion-con-payuelos#breadcrumb","itemListElement":[{"@type":"ListItem","position":1,"name":"Portada","item":"https:\/\/www.asajacyl.com\/leon\/"},{"@type":"ListItem","position":2,"name":"Traici\u00f3n con Payuelos"}]},{"@type":"WebSite","@id":"https:\/\/www.asajacyl.com\/leon\/#website","url":"https:\/\/www.asajacyl.com\/leon\/","name":"ASAJA Le\u00f3n","description":"Otro sitio m\u00e1s de Provincias ASAJA Castilla y Le\u00f3n","potentialAction":[{"@type":"SearchAction","target":{"@type":"EntryPoint","urlTemplate":"https:\/\/www.asajacyl.com\/leon\/?s={search_term_string}"},"query-input":{"@type":"PropertyValueSpecification","valueRequired":true,"valueName":"search_term_string"}}],"inLanguage":"es"},{"@type":"Person","@id":"https:\/\/www.asajacyl.com\/leon\/#\/schema\/person\/a39ff3609fc182e4c789ab486e865d32","name":"Eduardo","image":{"@type":"ImageObject","inLanguage":"es","@id":"https:\/\/www.asajacyl.com\/leon\/#\/schema\/person\/image\/","url":"https:\/\/secure.gravatar.com\/avatar\/9ebd6aba21d817dcf9595bc9ca505af5?s=96&d=mm&r=g","contentUrl":"https:\/\/secure.gravatar.com\/avatar\/9ebd6aba21d817dcf9595bc9ca505af5?s=96&d=mm&r=g","caption":"Eduardo"},"url":"https:\/\/www.asajacyl.com\/leon\/author\/eduardovv"}]}},"_links":{"self":[{"href":"https:\/\/www.asajacyl.com\/leon\/wp-json\/wp\/v2\/posts\/8565"}],"collection":[{"href":"https:\/\/www.asajacyl.com\/leon\/wp-json\/wp\/v2\/posts"}],"about":[{"href":"https:\/\/www.asajacyl.com\/leon\/wp-json\/wp\/v2\/types\/post"}],"author":[{"embeddable":true,"href":"https:\/\/www.asajacyl.com\/leon\/wp-json\/wp\/v2\/users\/8"}],"replies":[{"embeddable":true,"href":"https:\/\/www.asajacyl.com\/leon\/wp-json\/wp\/v2\/comments?post=8565"}],"version-history":[{"count":1,"href":"https:\/\/www.asajacyl.com\/leon\/wp-json\/wp\/v2\/posts\/8565\/revisions"}],"predecessor-version":[{"id":8567,"href":"https:\/\/www.asajacyl.com\/leon\/wp-json\/wp\/v2\/posts\/8565\/revisions\/8567"}],"wp:featuredmedia":[{"embeddable":true,"href":"https:\/\/www.asajacyl.com\/leon\/wp-json\/wp\/v2\/media\/8566"}],"wp:attachment":[{"href":"https:\/\/www.asajacyl.com\/leon\/wp-json\/wp\/v2\/media?parent=8565"}],"wp:term":[{"taxonomy":"category","embeddable":true,"href":"https:\/\/www.asajacyl.com\/leon\/wp-json\/wp\/v2\/categories?post=8565"},{"taxonomy":"post_tag","embeddable":true,"href":"https:\/\/www.asajacyl.com\/leon\/wp-json\/wp\/v2\/tags?post=8565"}],"curies":[{"name":"wp","href":"https:\/\/api.w.org\/{rel}","templated":true}]}}