{"id":8732,"date":"2018-03-16T09:20:30","date_gmt":"2018-03-16T08:20:30","guid":{"rendered":"http:\/\/www.asajacyl.com\/leon\/?p=8732"},"modified":"2018-03-23T11:07:58","modified_gmt":"2018-03-23T10:07:58","slug":"las-seis-noticias-agrarias-de-la-semana-16-03-2018","status":"publish","type":"post","link":"https:\/\/www.asajacyl.com\/leon\/sin-categoria\/las-seis-noticias-agrarias-de-la-semana-16-03-2018","title":{"rendered":"Las seis noticias agrarias de la semana &#8211; 16\/03\/2018"},"content":{"rendered":"<p><strong>Ley de 6 de marzo, XXXII Asamblea, seguro vi\u00f1edo, mal funcionamiento del programa de gesti\u00f3n de la Pac, Pleno de la C\u00e1mara Agraria Provincial y II Foro del Ma\u00edz<\/strong><\/p>\n<ol>\n<li>\u00a0El Gobierno ha aprobado la <strong>Ley de 6 de marzo<\/strong> por la que se adoptan medidas para paliar los efectos de la sequ\u00eda en explotaciones agrarias, y est\u00e1n condicionadas a que el interesado pueda demostrar p\u00e9rdidas en cultivos de al menos el 20% de la producci\u00f3n normal en zonas desfavorecidas y del 30% para el resto de las zonas. La medida m\u00e1s importante consiste en la exenci\u00f3n de la cuota de tarifa de riego y canon de regulaci\u00f3n, as\u00ed como las posibles revisiones de los m\u00f3dulos fiscales. Otra medida, como es el cambio de potencia el\u00e9ctrica, ser\u00e1 regulada reglamentariamente.<\/li>\n<li>El pasado domingo se celebr\u00f3 en Valencia de Don Juan la <strong>XXXII Asamblea General Ordinaria de ASAJA de Le\u00f3n<\/strong>, un acto al que asistieron unos 300 agricultores y ganaderos de diversos puntos de la provincia. En el acto se hizo balance de la situaci\u00f3n del sector agroganadero provincial, de las actividades de ASAJA durante el pasado a\u00f1o, y se aprob\u00f3 la cuenta de resultados del pasado ejercicio. Tambi\u00e9n se inform\u00f3 de las principales novedades relacionadas con las ayudas de la PAC, as\u00ed como cuestiones fiscales de inter\u00e9s para agricultores y ganaderos relacionadas con los arrendamientos de tierras y la compraventa de derechos del a PAC.<\/li>\n<li>El pr\u00f3ximo fin de semana finaliza el plazo para suscribir el <strong>seguro de vi\u00f1edo<\/strong> que cubre los da\u00f1os de heladas, un fen\u00f3meno meteorol\u00f3gico que acab\u00f3 con las cosechas el pasado a\u00f1o. Este seguro es m\u00e1s caro que el cubre exclusivamente los riesgos de pedrisco, pero\u00a0 por el contrario est\u00e1 m\u00e1s subvencionado por el Estado y es el \u00fanico que tiene tambi\u00e9n subvenci\u00f3n de la Junta de Castilla y Le\u00f3n que este a\u00f1o se descuenta directamente en la p\u00f3liza.<\/li>\n<li>Las organizaciones agrarias est\u00e1n formulando quejas a diario a la Direcci\u00f3n General de la Pol\u00edtica Agraria Comunitaria, de la consejer\u00eda de Agricultura y Ganader\u00eda, por el <strong>mal funcionamiento del programa inform\u00e1tico de gesti\u00f3n de las ayudas de la PAC<\/strong>. Esta situaci\u00f3n est\u00e1 creando un importante quebranto econ\u00f3mico a las organizaciones agrarias al no poder desarrollar el trabajo en el tiempo previsto, y est\u00e1 haciendo perder el tiempo tambi\u00e9n a los agricultores que se desplazan para realizar esta gesti\u00f3n y no la dan concluida.<\/li>\n<li>El pr\u00f3ximo mi\u00e9rcoles d\u00eda 21 de marzo se proceder\u00e1 a la constituci\u00f3n del <strong>Pleno de la C\u00e1mara Agraria Provincial<\/strong> conforme a los resultados obtenidos en las elecciones agrarias del 11 de febrero. La convocatoria del Pleno Constituyente la ha convocado el Servicio Territorial de Agricultura y Ganader\u00eda citando a las organizaciones agrarias m\u00e1s representativas. El Pleno contar\u00e1 \u00fanicamente con 15 de sus25 miembros, los nombrados por ASAJA, ya que la Alianza UGAL-UCALE ha renunciado a formar parte del \u00f3rgano cameral.<\/li>\n<li>La multinacional Bayer celebr\u00f3 el pasado jueves en la Escuela de Ingenier\u00eda Agraria de la capital el <strong>II Foro del Ma\u00edz<\/strong>, al que estuvieron invitados agricultores clientes de la empresa de fitosanitarios. En la jornada intervino el profesor Constantino Valero\u00a0 sobre la agricultura de precisi\u00f3n, Jos\u00e9 Ignacio Tobalina con una ponencia sobre malas hierbas en el cultivo, y Samuel Gil que present\u00f3 un nuevo herbicida de la marca. Cerr\u00f3 la jornada una conferencia impartida por el conocido periodista agrario Cesar Lumbreras.<\/li>\n<\/ol>\n","protected":false},"excerpt":{"rendered":"<p>Ley de 6 de marzo, XXXII Asamblea, seguro vi\u00f1edo, mal funcionamiento del programa de gesti\u00f3n de la Pac, Pleno de la C\u00e1mara Agraria Provincial y II Foro del Ma\u00edz \u00a0El Gobierno ha aprobado la Ley de 6 de marzo por la que se adoptan medidas para paliar los efectos de la sequ\u00eda en explotaciones agrarias, [&hellip;]<\/p>\n","protected":false},"author":8,"featured_media":8735,"comment_status":"open","ping_status":"open","sticky":false,"template":"","format":"standard","meta":{"footnotes":""},"categories":[9,1],"tags":[],"yoast_head":"<!-- This site is optimized with the Yoast SEO plugin v24.5 - https:\/\/yoast.com\/wordpress\/plugins\/seo\/ -->\n<title>Las seis noticias agrarias de la semana - 16\/03\/2018 - ASAJA Le\u00f3n<\/title>\n<meta name=\"description\" content=\"Ley de 6 de marzo, XXXII Asamblea, seguro vi\u00f1edo, mal funcionamiento del programa de gesti\u00f3n de la Pac, Pleno de la C\u00e1mara Agraria Provincial y II Foro\" \/>\n<meta name=\"robots\" content=\"index, follow, max-snippet:-1, max-image-preview:large, max-video-preview:-1\" \/>\n<link rel=\"canonical\" href=\"https:\/\/www.asajacyl.com\/leon\/sin-categoria\/las-seis-noticias-agrarias-de-la-semana-16-03-2018\" \/>\n<meta property=\"og:locale\" content=\"es_ES\" \/>\n<meta property=\"og:type\" content=\"article\" \/>\n<meta property=\"og:title\" content=\"Las seis noticias agrarias de la semana - 16\/03\/2018 - ASAJA Le\u00f3n\" \/>\n<meta property=\"og:description\" content=\"Ley de 6 de marzo, XXXII Asamblea, seguro vi\u00f1edo, mal funcionamiento del programa de gesti\u00f3n de la Pac, Pleno de la C\u00e1mara Agraria Provincial y II Foro\" \/>\n<meta property=\"og:url\" content=\"https:\/\/www.asajacyl.com\/leon\/sin-categoria\/las-seis-noticias-agrarias-de-la-semana-16-03-2018\" \/>\n<meta property=\"og:site_name\" content=\"ASAJA Le\u00f3n\" \/>\n<meta property=\"article:published_time\" content=\"2018-03-16T08:20:30+00:00\" \/>\n<meta property=\"article:modified_time\" content=\"2018-03-23T10:07:58+00:00\" \/>\n<meta property=\"og:image\" content=\"https:\/\/www.asajacyl.com\/leon\/wp-content\/uploads\/sites\/6\/2018\/03\/ASAMBLEA-2018_web.jpg\" \/>\n\t<meta property=\"og:image:width\" content=\"2500\" \/>\n\t<meta property=\"og:image:height\" content=\"1667\" \/>\n\t<meta property=\"og:image:type\" content=\"image\/jpeg\" \/>\n<meta name=\"author\" content=\"Eduardo\" \/>\n<meta name=\"twitter:card\" content=\"summary_large_image\" \/>\n<meta name=\"twitter:label1\" content=\"Escrito por\" \/>\n\t<meta name=\"twitter:data1\" content=\"Eduardo\" \/>\n\t<meta name=\"twitter:label2\" content=\"Tiempo de lectura\" \/>\n\t<meta name=\"twitter:data2\" content=\"3 minutos\" \/>\n<script type=\"application\/ld+json\" class=\"yoast-schema-graph\">{\"@context\":\"https:\/\/schema.org\",\"@graph\":[{\"@type\":\"WebPage\",\"@id\":\"https:\/\/www.asajacyl.com\/leon\/sin-categoria\/las-seis-noticias-agrarias-de-la-semana-16-03-2018\",\"url\":\"https:\/\/www.asajacyl.com\/leon\/sin-categoria\/las-seis-noticias-agrarias-de-la-semana-16-03-2018\",\"name\":\"Las seis noticias agrarias de la semana - 16\/03\/2018 - ASAJA Le\u00f3n\",\"isPartOf\":{\"@id\":\"https:\/\/www.asajacyl.com\/leon\/#website\"},\"primaryImageOfPage\":{\"@id\":\"https:\/\/www.asajacyl.com\/leon\/sin-categoria\/las-seis-noticias-agrarias-de-la-semana-16-03-2018#primaryimage\"},\"image\":{\"@id\":\"https:\/\/www.asajacyl.com\/leon\/sin-categoria\/las-seis-noticias-agrarias-de-la-semana-16-03-2018#primaryimage\"},\"thumbnailUrl\":\"https:\/\/www.asajacyl.com\/leon\/wp-content\/uploads\/sites\/6\/2018\/03\/ASAMBLEA-2018_web.jpg\",\"datePublished\":\"2018-03-16T08:20:30+00:00\",\"dateModified\":\"2018-03-23T10:07:58+00:00\",\"author\":{\"@id\":\"https:\/\/www.asajacyl.com\/leon\/#\/schema\/person\/a39ff3609fc182e4c789ab486e865d32\"},\"description\":\"Ley de 6 de marzo, XXXII Asamblea, seguro vi\u00f1edo, mal funcionamiento del programa de gesti\u00f3n de la Pac, Pleno de la C\u00e1mara Agraria Provincial y II Foro\",\"breadcrumb\":{\"@id\":\"https:\/\/www.asajacyl.com\/leon\/sin-categoria\/las-seis-noticias-agrarias-de-la-semana-16-03-2018#breadcrumb\"},\"inLanguage\":\"es\",\"potentialAction\":[{\"@type\":\"ReadAction\",\"target\":[\"https:\/\/www.asajacyl.com\/leon\/sin-categoria\/las-seis-noticias-agrarias-de-la-semana-16-03-2018\"]}]},{\"@type\":\"ImageObject\",\"inLanguage\":\"es\",\"@id\":\"https:\/\/www.asajacyl.com\/leon\/sin-categoria\/las-seis-noticias-agrarias-de-la-semana-16-03-2018#primaryimage\",\"url\":\"https:\/\/www.asajacyl.com\/leon\/wp-content\/uploads\/sites\/6\/2018\/03\/ASAMBLEA-2018_web.jpg\",\"contentUrl\":\"https:\/\/www.asajacyl.com\/leon\/wp-content\/uploads\/sites\/6\/2018\/03\/ASAMBLEA-2018_web.jpg\",\"width\":2500,\"height\":1667},{\"@type\":\"BreadcrumbList\",\"@id\":\"https:\/\/www.asajacyl.com\/leon\/sin-categoria\/las-seis-noticias-agrarias-de-la-semana-16-03-2018#breadcrumb\",\"itemListElement\":[{\"@type\":\"ListItem\",\"position\":1,\"name\":\"Portada\",\"item\":\"https:\/\/www.asajacyl.com\/leon\/\"},{\"@type\":\"ListItem\",\"position\":2,\"name\":\"Las seis noticias agrarias de la semana &#8211; 16\/03\/2018\"}]},{\"@type\":\"WebSite\",\"@id\":\"https:\/\/www.asajacyl.com\/leon\/#website\",\"url\":\"https:\/\/www.asajacyl.com\/leon\/\",\"name\":\"ASAJA Le\u00f3n\",\"description\":\"Otro sitio m\u00e1s de Provincias ASAJA Castilla y Le\u00f3n\",\"potentialAction\":[{\"@type\":\"SearchAction\",\"target\":{\"@type\":\"EntryPoint\",\"urlTemplate\":\"https:\/\/www.asajacyl.com\/leon\/?s={search_term_string}\"},\"query-input\":{\"@type\":\"PropertyValueSpecification\",\"valueRequired\":true,\"valueName\":\"search_term_string\"}}],\"inLanguage\":\"es\"},{\"@type\":\"Person\",\"@id\":\"https:\/\/www.asajacyl.com\/leon\/#\/schema\/person\/a39ff3609fc182e4c789ab486e865d32\",\"name\":\"Eduardo\",\"image\":{\"@type\":\"ImageObject\",\"inLanguage\":\"es\",\"@id\":\"https:\/\/www.asajacyl.com\/leon\/#\/schema\/person\/image\/\",\"url\":\"https:\/\/secure.gravatar.com\/avatar\/9ebd6aba21d817dcf9595bc9ca505af5?s=96&d=mm&r=g\",\"contentUrl\":\"https:\/\/secure.gravatar.com\/avatar\/9ebd6aba21d817dcf9595bc9ca505af5?s=96&d=mm&r=g\",\"caption\":\"Eduardo\"},\"url\":\"https:\/\/www.asajacyl.com\/leon\/author\/eduardovv\"}]}<\/script>\n<!-- \/ Yoast SEO plugin. -->","yoast_head_json":{"title":"Las seis noticias agrarias de la semana - 16\/03\/2018 - ASAJA Le\u00f3n","description":"Ley de 6 de marzo, XXXII Asamblea, seguro vi\u00f1edo, mal funcionamiento del programa de gesti\u00f3n de la Pac, Pleno de la C\u00e1mara Agraria Provincial y II Foro","robots":{"index":"index","follow":"follow","max-snippet":"max-snippet:-1","max-image-preview":"max-image-preview:large","max-video-preview":"max-video-preview:-1"},"canonical":"https:\/\/www.asajacyl.com\/leon\/sin-categoria\/las-seis-noticias-agrarias-de-la-semana-16-03-2018","og_locale":"es_ES","og_type":"article","og_title":"Las seis noticias agrarias de la semana - 16\/03\/2018 - ASAJA Le\u00f3n","og_description":"Ley de 6 de marzo, XXXII Asamblea, seguro vi\u00f1edo, mal funcionamiento del programa de gesti\u00f3n de la Pac, Pleno de la C\u00e1mara Agraria Provincial y II Foro","og_url":"https:\/\/www.asajacyl.com\/leon\/sin-categoria\/las-seis-noticias-agrarias-de-la-semana-16-03-2018","og_site_name":"ASAJA Le\u00f3n","article_published_time":"2018-03-16T08:20:30+00:00","article_modified_time":"2018-03-23T10:07:58+00:00","og_image":[{"width":2500,"height":1667,"url":"https:\/\/www.asajacyl.com\/leon\/wp-content\/uploads\/sites\/6\/2018\/03\/ASAMBLEA-2018_web.jpg","type":"image\/jpeg"}],"author":"Eduardo","twitter_card":"summary_large_image","twitter_misc":{"Escrito por":"Eduardo","Tiempo de lectura":"3 minutos"},"schema":{"@context":"https:\/\/schema.org","@graph":[{"@type":"WebPage","@id":"https:\/\/www.asajacyl.com\/leon\/sin-categoria\/las-seis-noticias-agrarias-de-la-semana-16-03-2018","url":"https:\/\/www.asajacyl.com\/leon\/sin-categoria\/las-seis-noticias-agrarias-de-la-semana-16-03-2018","name":"Las seis noticias agrarias de la semana - 16\/03\/2018 - ASAJA Le\u00f3n","isPartOf":{"@id":"https:\/\/www.asajacyl.com\/leon\/#website"},"primaryImageOfPage":{"@id":"https:\/\/www.asajacyl.com\/leon\/sin-categoria\/las-seis-noticias-agrarias-de-la-semana-16-03-2018#primaryimage"},"image":{"@id":"https:\/\/www.asajacyl.com\/leon\/sin-categoria\/las-seis-noticias-agrarias-de-la-semana-16-03-2018#primaryimage"},"thumbnailUrl":"https:\/\/www.asajacyl.com\/leon\/wp-content\/uploads\/sites\/6\/2018\/03\/ASAMBLEA-2018_web.jpg","datePublished":"2018-03-16T08:20:30+00:00","dateModified":"2018-03-23T10:07:58+00:00","author":{"@id":"https:\/\/www.asajacyl.com\/leon\/#\/schema\/person\/a39ff3609fc182e4c789ab486e865d32"},"description":"Ley de 6 de marzo, XXXII Asamblea, seguro vi\u00f1edo, mal funcionamiento del programa de gesti\u00f3n de la Pac, Pleno de la C\u00e1mara Agraria Provincial y II Foro","breadcrumb":{"@id":"https:\/\/www.asajacyl.com\/leon\/sin-categoria\/las-seis-noticias-agrarias-de-la-semana-16-03-2018#breadcrumb"},"inLanguage":"es","potentialAction":[{"@type":"ReadAction","target":["https:\/\/www.asajacyl.com\/leon\/sin-categoria\/las-seis-noticias-agrarias-de-la-semana-16-03-2018"]}]},{"@type":"ImageObject","inLanguage":"es","@id":"https:\/\/www.asajacyl.com\/leon\/sin-categoria\/las-seis-noticias-agrarias-de-la-semana-16-03-2018#primaryimage","url":"https:\/\/www.asajacyl.com\/leon\/wp-content\/uploads\/sites\/6\/2018\/03\/ASAMBLEA-2018_web.jpg","contentUrl":"https:\/\/www.asajacyl.com\/leon\/wp-content\/uploads\/sites\/6\/2018\/03\/ASAMBLEA-2018_web.jpg","width":2500,"height":1667},{"@type":"BreadcrumbList","@id":"https:\/\/www.asajacyl.com\/leon\/sin-categoria\/las-seis-noticias-agrarias-de-la-semana-16-03-2018#breadcrumb","itemListElement":[{"@type":"ListItem","position":1,"name":"Portada","item":"https:\/\/www.asajacyl.com\/leon\/"},{"@type":"ListItem","position":2,"name":"Las seis noticias agrarias de la semana &#8211; 16\/03\/2018"}]},{"@type":"WebSite","@id":"https:\/\/www.asajacyl.com\/leon\/#website","url":"https:\/\/www.asajacyl.com\/leon\/","name":"ASAJA Le\u00f3n","description":"Otro sitio m\u00e1s de Provincias ASAJA Castilla y Le\u00f3n","potentialAction":[{"@type":"SearchAction","target":{"@type":"EntryPoint","urlTemplate":"https:\/\/www.asajacyl.com\/leon\/?s={search_term_string}"},"query-input":{"@type":"PropertyValueSpecification","valueRequired":true,"valueName":"search_term_string"}}],"inLanguage":"es"},{"@type":"Person","@id":"https:\/\/www.asajacyl.com\/leon\/#\/schema\/person\/a39ff3609fc182e4c789ab486e865d32","name":"Eduardo","image":{"@type":"ImageObject","inLanguage":"es","@id":"https:\/\/www.asajacyl.com\/leon\/#\/schema\/person\/image\/","url":"https:\/\/secure.gravatar.com\/avatar\/9ebd6aba21d817dcf9595bc9ca505af5?s=96&d=mm&r=g","contentUrl":"https:\/\/secure.gravatar.com\/avatar\/9ebd6aba21d817dcf9595bc9ca505af5?s=96&d=mm&r=g","caption":"Eduardo"},"url":"https:\/\/www.asajacyl.com\/leon\/author\/eduardovv"}]}},"_links":{"self":[{"href":"https:\/\/www.asajacyl.com\/leon\/wp-json\/wp\/v2\/posts\/8732"}],"collection":[{"href":"https:\/\/www.asajacyl.com\/leon\/wp-json\/wp\/v2\/posts"}],"about":[{"href":"https:\/\/www.asajacyl.com\/leon\/wp-json\/wp\/v2\/types\/post"}],"author":[{"embeddable":true,"href":"https:\/\/www.asajacyl.com\/leon\/wp-json\/wp\/v2\/users\/8"}],"replies":[{"embeddable":true,"href":"https:\/\/www.asajacyl.com\/leon\/wp-json\/wp\/v2\/comments?post=8732"}],"version-history":[{"count":2,"href":"https:\/\/www.asajacyl.com\/leon\/wp-json\/wp\/v2\/posts\/8732\/revisions"}],"predecessor-version":[{"id":8734,"href":"https:\/\/www.asajacyl.com\/leon\/wp-json\/wp\/v2\/posts\/8732\/revisions\/8734"}],"wp:featuredmedia":[{"embeddable":true,"href":"https:\/\/www.asajacyl.com\/leon\/wp-json\/wp\/v2\/media\/8735"}],"wp:attachment":[{"href":"https:\/\/www.asajacyl.com\/leon\/wp-json\/wp\/v2\/media?parent=8732"}],"wp:term":[{"taxonomy":"category","embeddable":true,"href":"https:\/\/www.asajacyl.com\/leon\/wp-json\/wp\/v2\/categories?post=8732"},{"taxonomy":"post_tag","embeddable":true,"href":"https:\/\/www.asajacyl.com\/leon\/wp-json\/wp\/v2\/tags?post=8732"}],"curies":[{"name":"wp","href":"https:\/\/api.w.org\/{rel}","templated":true}]}}