{"id":8830,"date":"2018-04-12T14:37:24","date_gmt":"2018-04-12T12:37:24","guid":{"rendered":"http:\/\/www.asajacyl.com\/leon\/?p=8830"},"modified":"2018-04-16T20:16:41","modified_gmt":"2018-04-16T18:16:41","slug":"movilizacion-de-agricultores-de-la-valduerna-para-defender-sus-regadios","status":"publish","type":"post","link":"https:\/\/www.asajacyl.com\/leon\/asaja-leon-informa\/movilizacion-de-agricultores-de-la-valduerna-para-defender-sus-regadios","title":{"rendered":"Movilizaci\u00f3n de agricultores de La Valduerna para defender sus regad\u00edos"},"content":{"rendered":"<h6>Cuatrocientos agricultores de la comarca de la Valduerna se desplazaron el pasado mi\u00e9rcoles a Valladolid para protestar ante la sede de la Confederaci\u00f3n Hidrogr\u00e1fica del Duero por las restricciones de riego que est\u00e1 imponiendo este organismo de cuenca dependiente del ministerio de Agricultura. La manifestaci\u00f3n, que previamente a la concentraci\u00f3n recorri\u00f3 calles pr\u00f3ximas, estuvo convocada por las organizaciones agrarias ASAJA, Alianza Ugal-Ucale y UCCL , y cont\u00f3 con el apoyo de los cinco ayuntamientos con pueblos en la zona regable: Castrillo de la Valduerna, Destriana de la Valduerna, Villamont\u00e1n de la Vaduerna, Riego de la Vega y Palacios de la Valduerna. Este acto supuso la mayor movilizaci\u00f3n reivindicativa de los vecinos de estos pueblos de cuantos puedan recordarse, y demostr\u00f3 la unidad de todos para defender un bien tan necesario como el uso del agua para riego.<\/h6>\n<h6>Los regantes exigieron poder usar el agua de todos los pozos de riego construidos la mayor\u00eda hace m\u00e1s de cincuenta a\u00f1os, exigieron la recarga del acu\u00edfero con desviaciones de agua del Due\u00f1as por el r\u00edo peces, la circulaci\u00f3n permanente de aguda por \u201clas zayas\u201d, y que no se impongan caudales ecol\u00f3gicos por el r\u00edo que son abusivos y van contra los intereses del riego. En definitiva, se reivindic\u00f3 el derecho a seguir regando como tradicionalmente se ha hechos, ya que la comarca administra escrupulosamente los escasos caudales de que dispone, y se reivindic\u00f3 la necesidad de mantener una agricultura de regad\u00edo en 4.500 hect\u00e1reas de cultivo que son el \u00fanico sustento de m\u00e1s de 200 familias agricultoras, las que dan vida a los pueblos y a la comarca.<\/h6>\n<h6>La Confederaci\u00f3n tom\u00f3 nota de la gran preocupaci\u00f3n de los agricultores de la Valduerna, se comprometi\u00f3 a colaborar en la regularizaci\u00f3n de situaciones que puedan regularizarse, y no se cerr\u00f3 a dar un tratamiento m\u00e1s justo a los expedientes sancionadores ya abiertos. Los regantes se quejaron de la nula sensibilidad del presidente de la Confederaci\u00f3n que no recibi\u00f3 a los manifestantes y deleg\u00f3 su responsabilidad en un tercero de escalaf\u00f3n inferior. La pr\u00f3xima reuni\u00f3n tendr\u00e1 lugar el d\u00eda 17 de abril en la sede de la Subdelgaci\u00f3n del Gobierno en Le\u00f3n, en la que mediar\u00e1 la Subdelegada Mar\u00eda Teresa Mata.<\/h6>\n<h6>Por \u00faltimo, las organizaciones agrarias pidieron a los agricultores que no alteren sus planes de siembra, que cultiven todas las fincas como siempre lo han hecho, y que se ir\u00e1 dando soluci\u00f3n a los problemas seg\u00fan vayan surgiendo, con la solidaridad de todos y el apoyo de instituciones locales y organizaciones agrarias.<\/h6>\n","protected":false},"excerpt":{"rendered":"<p>Cuatrocientos agricultores de la comarca de la Valduerna se desplazaron el pasado mi\u00e9rcoles a Valladolid para protestar ante la sede de la Confederaci\u00f3n Hidrogr\u00e1fica del Duero por las restricciones de riego que est\u00e1 imponiendo este organismo de cuenca dependiente del ministerio de Agricultura. La manifestaci\u00f3n, que previamente a la concentraci\u00f3n recorri\u00f3 calles pr\u00f3ximas, estuvo convocada [&hellip;]<\/p>\n","protected":false},"author":8,"featured_media":8832,"comment_status":"open","ping_status":"open","sticky":false,"template":"","format":"standard","meta":{"footnotes":""},"categories":[4,9],"tags":[],"yoast_head":"<!-- This site is optimized with the Yoast SEO plugin v24.5 - https:\/\/yoast.com\/wordpress\/plugins\/seo\/ -->\n<title>Movilizaci\u00f3n de agricultores de La Valduerna para defender sus regad\u00edos - ASAJA Le\u00f3n<\/title>\n<meta name=\"description\" content=\"Cuatrocientos agricultores de la comarca de la Valduerna se desplazaron el pasado mi\u00e9rcoles a Valladolid para protestar ante la sede de la Confederaci\u00f3n\" \/>\n<meta name=\"robots\" content=\"index, follow, max-snippet:-1, max-image-preview:large, max-video-preview:-1\" \/>\n<link rel=\"canonical\" href=\"https:\/\/www.asajacyl.com\/leon\/asaja-leon-informa\/movilizacion-de-agricultores-de-la-valduerna-para-defender-sus-regadios\" \/>\n<meta property=\"og:locale\" content=\"es_ES\" \/>\n<meta property=\"og:type\" content=\"article\" \/>\n<meta property=\"og:title\" content=\"Movilizaci\u00f3n de agricultores de La Valduerna para defender sus regad\u00edos - ASAJA Le\u00f3n\" \/>\n<meta property=\"og:description\" content=\"Cuatrocientos agricultores de la comarca de la Valduerna se desplazaron el pasado mi\u00e9rcoles a Valladolid para protestar ante la sede de la Confederaci\u00f3n\" \/>\n<meta property=\"og:url\" content=\"https:\/\/www.asajacyl.com\/leon\/asaja-leon-informa\/movilizacion-de-agricultores-de-la-valduerna-para-defender-sus-regadios\" \/>\n<meta property=\"og:site_name\" content=\"ASAJA Le\u00f3n\" \/>\n<meta property=\"article:published_time\" content=\"2018-04-12T12:37:24+00:00\" \/>\n<meta property=\"article:modified_time\" content=\"2018-04-16T18:16:41+00:00\" \/>\n<meta property=\"og:image\" content=\"https:\/\/www.asajacyl.com\/leon\/wp-content\/uploads\/sites\/6\/2018\/04\/MANIFESTACI\u00d3N_VALDUERNA_VALLADOLID_2018.jpg\" \/>\n\t<meta property=\"og:image:width\" content=\"1600\" \/>\n\t<meta property=\"og:image:height\" content=\"816\" \/>\n\t<meta property=\"og:image:type\" content=\"image\/jpeg\" \/>\n<meta name=\"author\" content=\"Eduardo\" \/>\n<meta name=\"twitter:card\" content=\"summary_large_image\" \/>\n<meta name=\"twitter:label1\" content=\"Escrito por\" \/>\n\t<meta name=\"twitter:data1\" content=\"Eduardo\" \/>\n\t<meta name=\"twitter:label2\" content=\"Tiempo de lectura\" \/>\n\t<meta name=\"twitter:data2\" content=\"2 minutos\" \/>\n<script type=\"application\/ld+json\" class=\"yoast-schema-graph\">{\"@context\":\"https:\/\/schema.org\",\"@graph\":[{\"@type\":\"WebPage\",\"@id\":\"https:\/\/www.asajacyl.com\/leon\/asaja-leon-informa\/movilizacion-de-agricultores-de-la-valduerna-para-defender-sus-regadios\",\"url\":\"https:\/\/www.asajacyl.com\/leon\/asaja-leon-informa\/movilizacion-de-agricultores-de-la-valduerna-para-defender-sus-regadios\",\"name\":\"Movilizaci\u00f3n de agricultores de La Valduerna para defender sus regad\u00edos - ASAJA Le\u00f3n\",\"isPartOf\":{\"@id\":\"https:\/\/www.asajacyl.com\/leon\/#website\"},\"primaryImageOfPage\":{\"@id\":\"https:\/\/www.asajacyl.com\/leon\/asaja-leon-informa\/movilizacion-de-agricultores-de-la-valduerna-para-defender-sus-regadios#primaryimage\"},\"image\":{\"@id\":\"https:\/\/www.asajacyl.com\/leon\/asaja-leon-informa\/movilizacion-de-agricultores-de-la-valduerna-para-defender-sus-regadios#primaryimage\"},\"thumbnailUrl\":\"https:\/\/www.asajacyl.com\/leon\/wp-content\/uploads\/sites\/6\/2018\/04\/MANIFESTACI\u00d3N_VALDUERNA_VALLADOLID_2018.jpg\",\"datePublished\":\"2018-04-12T12:37:24+00:00\",\"dateModified\":\"2018-04-16T18:16:41+00:00\",\"author\":{\"@id\":\"https:\/\/www.asajacyl.com\/leon\/#\/schema\/person\/a39ff3609fc182e4c789ab486e865d32\"},\"description\":\"Cuatrocientos agricultores de la comarca de la Valduerna se desplazaron el pasado mi\u00e9rcoles a Valladolid para protestar ante la sede de la Confederaci\u00f3n\",\"breadcrumb\":{\"@id\":\"https:\/\/www.asajacyl.com\/leon\/asaja-leon-informa\/movilizacion-de-agricultores-de-la-valduerna-para-defender-sus-regadios#breadcrumb\"},\"inLanguage\":\"es\",\"potentialAction\":[{\"@type\":\"ReadAction\",\"target\":[\"https:\/\/www.asajacyl.com\/leon\/asaja-leon-informa\/movilizacion-de-agricultores-de-la-valduerna-para-defender-sus-regadios\"]}]},{\"@type\":\"ImageObject\",\"inLanguage\":\"es\",\"@id\":\"https:\/\/www.asajacyl.com\/leon\/asaja-leon-informa\/movilizacion-de-agricultores-de-la-valduerna-para-defender-sus-regadios#primaryimage\",\"url\":\"https:\/\/www.asajacyl.com\/leon\/wp-content\/uploads\/sites\/6\/2018\/04\/MANIFESTACI\u00d3N_VALDUERNA_VALLADOLID_2018.jpg\",\"contentUrl\":\"https:\/\/www.asajacyl.com\/leon\/wp-content\/uploads\/sites\/6\/2018\/04\/MANIFESTACI\u00d3N_VALDUERNA_VALLADOLID_2018.jpg\",\"width\":1600,\"height\":816},{\"@type\":\"BreadcrumbList\",\"@id\":\"https:\/\/www.asajacyl.com\/leon\/asaja-leon-informa\/movilizacion-de-agricultores-de-la-valduerna-para-defender-sus-regadios#breadcrumb\",\"itemListElement\":[{\"@type\":\"ListItem\",\"position\":1,\"name\":\"Portada\",\"item\":\"https:\/\/www.asajacyl.com\/leon\/\"},{\"@type\":\"ListItem\",\"position\":2,\"name\":\"Movilizaci\u00f3n de agricultores de La Valduerna para defender sus regad\u00edos\"}]},{\"@type\":\"WebSite\",\"@id\":\"https:\/\/www.asajacyl.com\/leon\/#website\",\"url\":\"https:\/\/www.asajacyl.com\/leon\/\",\"name\":\"ASAJA Le\u00f3n\",\"description\":\"Otro sitio m\u00e1s de Provincias ASAJA Castilla y Le\u00f3n\",\"potentialAction\":[{\"@type\":\"SearchAction\",\"target\":{\"@type\":\"EntryPoint\",\"urlTemplate\":\"https:\/\/www.asajacyl.com\/leon\/?s={search_term_string}\"},\"query-input\":{\"@type\":\"PropertyValueSpecification\",\"valueRequired\":true,\"valueName\":\"search_term_string\"}}],\"inLanguage\":\"es\"},{\"@type\":\"Person\",\"@id\":\"https:\/\/www.asajacyl.com\/leon\/#\/schema\/person\/a39ff3609fc182e4c789ab486e865d32\",\"name\":\"Eduardo\",\"image\":{\"@type\":\"ImageObject\",\"inLanguage\":\"es\",\"@id\":\"https:\/\/www.asajacyl.com\/leon\/#\/schema\/person\/image\/\",\"url\":\"https:\/\/secure.gravatar.com\/avatar\/9ebd6aba21d817dcf9595bc9ca505af5?s=96&d=mm&r=g\",\"contentUrl\":\"https:\/\/secure.gravatar.com\/avatar\/9ebd6aba21d817dcf9595bc9ca505af5?s=96&d=mm&r=g\",\"caption\":\"Eduardo\"},\"url\":\"https:\/\/www.asajacyl.com\/leon\/author\/eduardovv\"}]}<\/script>\n<!-- \/ Yoast SEO plugin. -->","yoast_head_json":{"title":"Movilizaci\u00f3n de agricultores de La Valduerna para defender sus regad\u00edos - ASAJA Le\u00f3n","description":"Cuatrocientos agricultores de la comarca de la Valduerna se desplazaron el pasado mi\u00e9rcoles a Valladolid para protestar ante la sede de la Confederaci\u00f3n","robots":{"index":"index","follow":"follow","max-snippet":"max-snippet:-1","max-image-preview":"max-image-preview:large","max-video-preview":"max-video-preview:-1"},"canonical":"https:\/\/www.asajacyl.com\/leon\/asaja-leon-informa\/movilizacion-de-agricultores-de-la-valduerna-para-defender-sus-regadios","og_locale":"es_ES","og_type":"article","og_title":"Movilizaci\u00f3n de agricultores de La Valduerna para defender sus regad\u00edos - ASAJA Le\u00f3n","og_description":"Cuatrocientos agricultores de la comarca de la Valduerna se desplazaron el pasado mi\u00e9rcoles a Valladolid para protestar ante la sede de la Confederaci\u00f3n","og_url":"https:\/\/www.asajacyl.com\/leon\/asaja-leon-informa\/movilizacion-de-agricultores-de-la-valduerna-para-defender-sus-regadios","og_site_name":"ASAJA Le\u00f3n","article_published_time":"2018-04-12T12:37:24+00:00","article_modified_time":"2018-04-16T18:16:41+00:00","og_image":[{"width":1600,"height":816,"url":"https:\/\/www.asajacyl.com\/leon\/wp-content\/uploads\/sites\/6\/2018\/04\/MANIFESTACI\u00d3N_VALDUERNA_VALLADOLID_2018.jpg","type":"image\/jpeg"}],"author":"Eduardo","twitter_card":"summary_large_image","twitter_misc":{"Escrito por":"Eduardo","Tiempo de lectura":"2 minutos"},"schema":{"@context":"https:\/\/schema.org","@graph":[{"@type":"WebPage","@id":"https:\/\/www.asajacyl.com\/leon\/asaja-leon-informa\/movilizacion-de-agricultores-de-la-valduerna-para-defender-sus-regadios","url":"https:\/\/www.asajacyl.com\/leon\/asaja-leon-informa\/movilizacion-de-agricultores-de-la-valduerna-para-defender-sus-regadios","name":"Movilizaci\u00f3n de agricultores de La Valduerna para defender sus regad\u00edos - ASAJA Le\u00f3n","isPartOf":{"@id":"https:\/\/www.asajacyl.com\/leon\/#website"},"primaryImageOfPage":{"@id":"https:\/\/www.asajacyl.com\/leon\/asaja-leon-informa\/movilizacion-de-agricultores-de-la-valduerna-para-defender-sus-regadios#primaryimage"},"image":{"@id":"https:\/\/www.asajacyl.com\/leon\/asaja-leon-informa\/movilizacion-de-agricultores-de-la-valduerna-para-defender-sus-regadios#primaryimage"},"thumbnailUrl":"https:\/\/www.asajacyl.com\/leon\/wp-content\/uploads\/sites\/6\/2018\/04\/MANIFESTACI\u00d3N_VALDUERNA_VALLADOLID_2018.jpg","datePublished":"2018-04-12T12:37:24+00:00","dateModified":"2018-04-16T18:16:41+00:00","author":{"@id":"https:\/\/www.asajacyl.com\/leon\/#\/schema\/person\/a39ff3609fc182e4c789ab486e865d32"},"description":"Cuatrocientos agricultores de la comarca de la Valduerna se desplazaron el pasado mi\u00e9rcoles a Valladolid para protestar ante la sede de la Confederaci\u00f3n","breadcrumb":{"@id":"https:\/\/www.asajacyl.com\/leon\/asaja-leon-informa\/movilizacion-de-agricultores-de-la-valduerna-para-defender-sus-regadios#breadcrumb"},"inLanguage":"es","potentialAction":[{"@type":"ReadAction","target":["https:\/\/www.asajacyl.com\/leon\/asaja-leon-informa\/movilizacion-de-agricultores-de-la-valduerna-para-defender-sus-regadios"]}]},{"@type":"ImageObject","inLanguage":"es","@id":"https:\/\/www.asajacyl.com\/leon\/asaja-leon-informa\/movilizacion-de-agricultores-de-la-valduerna-para-defender-sus-regadios#primaryimage","url":"https:\/\/www.asajacyl.com\/leon\/wp-content\/uploads\/sites\/6\/2018\/04\/MANIFESTACI\u00d3N_VALDUERNA_VALLADOLID_2018.jpg","contentUrl":"https:\/\/www.asajacyl.com\/leon\/wp-content\/uploads\/sites\/6\/2018\/04\/MANIFESTACI\u00d3N_VALDUERNA_VALLADOLID_2018.jpg","width":1600,"height":816},{"@type":"BreadcrumbList","@id":"https:\/\/www.asajacyl.com\/leon\/asaja-leon-informa\/movilizacion-de-agricultores-de-la-valduerna-para-defender-sus-regadios#breadcrumb","itemListElement":[{"@type":"ListItem","position":1,"name":"Portada","item":"https:\/\/www.asajacyl.com\/leon\/"},{"@type":"ListItem","position":2,"name":"Movilizaci\u00f3n de agricultores de La Valduerna para defender sus regad\u00edos"}]},{"@type":"WebSite","@id":"https:\/\/www.asajacyl.com\/leon\/#website","url":"https:\/\/www.asajacyl.com\/leon\/","name":"ASAJA Le\u00f3n","description":"Otro sitio m\u00e1s de Provincias ASAJA Castilla y Le\u00f3n","potentialAction":[{"@type":"SearchAction","target":{"@type":"EntryPoint","urlTemplate":"https:\/\/www.asajacyl.com\/leon\/?s={search_term_string}"},"query-input":{"@type":"PropertyValueSpecification","valueRequired":true,"valueName":"search_term_string"}}],"inLanguage":"es"},{"@type":"Person","@id":"https:\/\/www.asajacyl.com\/leon\/#\/schema\/person\/a39ff3609fc182e4c789ab486e865d32","name":"Eduardo","image":{"@type":"ImageObject","inLanguage":"es","@id":"https:\/\/www.asajacyl.com\/leon\/#\/schema\/person\/image\/","url":"https:\/\/secure.gravatar.com\/avatar\/9ebd6aba21d817dcf9595bc9ca505af5?s=96&d=mm&r=g","contentUrl":"https:\/\/secure.gravatar.com\/avatar\/9ebd6aba21d817dcf9595bc9ca505af5?s=96&d=mm&r=g","caption":"Eduardo"},"url":"https:\/\/www.asajacyl.com\/leon\/author\/eduardovv"}]}},"_links":{"self":[{"href":"https:\/\/www.asajacyl.com\/leon\/wp-json\/wp\/v2\/posts\/8830"}],"collection":[{"href":"https:\/\/www.asajacyl.com\/leon\/wp-json\/wp\/v2\/posts"}],"about":[{"href":"https:\/\/www.asajacyl.com\/leon\/wp-json\/wp\/v2\/types\/post"}],"author":[{"embeddable":true,"href":"https:\/\/www.asajacyl.com\/leon\/wp-json\/wp\/v2\/users\/8"}],"replies":[{"embeddable":true,"href":"https:\/\/www.asajacyl.com\/leon\/wp-json\/wp\/v2\/comments?post=8830"}],"version-history":[{"count":1,"href":"https:\/\/www.asajacyl.com\/leon\/wp-json\/wp\/v2\/posts\/8830\/revisions"}],"predecessor-version":[{"id":8831,"href":"https:\/\/www.asajacyl.com\/leon\/wp-json\/wp\/v2\/posts\/8830\/revisions\/8831"}],"wp:featuredmedia":[{"embeddable":true,"href":"https:\/\/www.asajacyl.com\/leon\/wp-json\/wp\/v2\/media\/8832"}],"wp:attachment":[{"href":"https:\/\/www.asajacyl.com\/leon\/wp-json\/wp\/v2\/media?parent=8830"}],"wp:term":[{"taxonomy":"category","embeddable":true,"href":"https:\/\/www.asajacyl.com\/leon\/wp-json\/wp\/v2\/categories?post=8830"},{"taxonomy":"post_tag","embeddable":true,"href":"https:\/\/www.asajacyl.com\/leon\/wp-json\/wp\/v2\/tags?post=8830"}],"curies":[{"name":"wp","href":"https:\/\/api.w.org\/{rel}","templated":true}]}}