{"id":895,"date":"2004-06-09T00:00:00","date_gmt":"2004-06-08T22:00:00","guid":{"rendered":"https:\/\/www.asajacyl.com\/leon\/2004\/06\/09\/pepe-dales-caa\/"},"modified":"2017-11-15T10:03:23","modified_gmt":"2017-11-15T09:03:23","slug":"pepe-dales-caa","status":"publish","type":"post","link":"https:\/\/www.asajacyl.com\/leon\/asaja-leon-informa\/pepe-dales-caa","title":{"rendered":"PEPE, DALES CA&#209;A"},"content":{"rendered":"<h2>Me cuentan que en un mitin agrario de los que ha dado el Partido Popular en la campa&#241;a de las europeas, a los que no han acudido ni las ratas, el consejero de Agricultura, Jos&#233; Val&#237;n, no escatim&#243; cr&#237;ticas al Gobierno central por los reveses que est&#225; habiendo en materia de agricultura y ganader&#237;a, y lleg&#243; casi a proponer un levantamiento de los hombres del campo contra las huestes de Zapatero.<\/h2>\n<p><b><\/p>\n<p align=\"center\"><font color=\"#009900\" size=\"2\">PEPE, DALES CA&#209;A<\/font><\/p>\n<p><\/b><font size=\"2\"> <\/font><\/p>\n<p align=\"center\"><font size=\"2\">Jos&#233; Antonio Turrado Fern&#225;ndez * <\/font>\n<\/p>\n<p align=\"justify\"><font size=\"2\">Me cuentan que en un mitin agrario de los que ha dado el Partido Popular en la campa&#241;a de las europeas, a los que no han acudido ni las ratas, el consejero de Agricultura, Jos&#233; Val&#237;n, no escatim&#243; cr&#237;ticas al Gobierno central por los reveses que est&#225; habiendo en materia de agricultura y ganader&#237;a, y lleg&#243; casi a proponer un levantamiento de los hombres del campo contra las huestes de Zapatero. <\/font>\n<\/p>\n<p align=\"justify\"><font size=\"2\"><\/font>\n<\/p>\n<p align=\"justify\"><font size=\"2\">No le quitamos raz&#243;n al consejero de Agricultura, como tantos descolocado por los acontecimientos pol&#237;ticos de los &#250;ltimos meses, y con la mayor&#237;a de sus pol&#237;ticas paralizadas en espera de lo que piensen y quieran los nuevos inquilinos de Atocha, que por cierto, se est&#225;n tomando todo con una parsimonia sin precedentes. El consejero de Agricultura, adem&#225;s de no saber a qu&#233; atenerse, ha perdido la presencia de sus amigos en la Confederaci&#243;n Hidrogr&#225;fica del Duero, en la Delegaci&#243;n del Gobierno, en el ministerio de Agricultura, y hasta en Europa. Vive la soledad del que piensa tener raz&#243;n y nadie se la da, del que se hizo enemigo de quien nunca debi&#243; de serlo, y ahora le toca poner jersey de cuello vuelto y agarrar el palo de la pancarta. <\/font>\n<\/p>\n<p align=\"justify\"><font size=\"2\"><\/font>\n<\/p>\n<p align=\"justify\"><font size=\"2\">El nuevo Gobierno de Zapatero, con una ministra de Agricultura que ni entiende ni quiere entender, asesorada por un sindicalista fracasado, est&#225; dando motivos m&#225;s que sobrados para que cunda el des&#225;nimo y la preocupaci&#243;n en el campo. Razones tiene el consejero Val&#237;n para estar preocupado, le entendemos, pero l&#225;stima que &#233;l no nos haya entendido nunca a otros que siempre hemos sido reivindicativos y tenemos callos en las manos de agarrar las pancartas que ahora quiere para si. Y l&#225;stima que nunca admitiese que cuando los suyos gobernaban en Madrid, cometieron sonados errores tambi&#233;n en materia agroganadera. <\/font>\n<\/p>\n<p align=\"justify\"><font size=\"2\"><\/font>\n<\/p>\n<p align=\"justify\"><font size=\"2\">Mientras todo esto se aclara, mientras el PP asume su nueva situaci&#243;n a la que llegaron por m&#233;rito propio, mientras en el PSOE se ponen de acuerdo en el modelo de agricultura que quieren, y mientras no tengamos una relaciones de normalidad entre el poder central y el auton&#243;mico, de esto nuestro no se ocupa nadie. Algunos disfrutan y les basta con que Val&#237;n les&#160;ense&#241;e los dientes y llegue a crear casi un conflicto institucional. Yo pienso que el papel del Consejero debe de ser otro, pero puedo equivocarme, as&#237; que me sumo al griter&#237;o. &#161;Pepe, dales ca&#241;a!. <\/font>\n<\/p>\n<p align=\"justify\"><font size=\"2\"><\/font>\n<\/p>\n<p align=\"right\"><font size=\"2\">* Secretario General de ASAJA Castilla y Le&#243;n <\/font>\n<\/p>\n<p align=\"right\"><font size=\"2\"><\/font>\n<\/p>\n<p align=\"right\"><font size=\"2\">Le&#243;n, 9 de junio de 2004<\/font><\/p>\n","protected":false},"excerpt":{"rendered":"<p>Me cuentan que en un mitin agrario de los que ha dado el Partido Popular en la campa&#241;a de las europeas, a los que no han acudido ni las ratas, el consejero de Agricultura, Jos&#233; Val&#237;n, no escatim&#243; cr&#237;ticas al Gobierno central por los reveses que est&#225; habiendo en materia de agricultura y ganader&#237;a, y lleg&#243; casi a proponer un levantamiento de los hombres del campo contra las huestes de Zapatero.<\/p>\n","protected":false},"author":3,"featured_media":8174,"comment_status":"open","ping_status":"open","sticky":false,"template":"","format":"standard","meta":{"footnotes":""},"categories":[4,11],"tags":[],"yoast_head":"<!-- This site is optimized with the Yoast SEO plugin v24.5 - https:\/\/yoast.com\/wordpress\/plugins\/seo\/ -->\n<title>PEPE, DALES CA&#209;A - ASAJA Le\u00f3n<\/title>\n<meta name=\"description\" content=\"Me cuentan que en un mitin agrario de los que ha dado el Partido Popular en la campa&#241;a de las europeas, a los que no han acudido ni las ratas, el consejero de Agricultura, Jos&#233; Val&#237;n, no escatim&#243; cr&#237;ticas al Gobierno central por los reveses que est&#225; habiendo en materia de agricultura y ganader&#237;a, y lleg&#243; casi a proponer un levantamiento de los hombres del campo contra las huestes de Zapatero.\" \/>\n<meta name=\"robots\" content=\"index, follow, max-snippet:-1, max-image-preview:large, max-video-preview:-1\" \/>\n<link rel=\"canonical\" href=\"https:\/\/www.asajacyl.com\/leon\/asaja-leon-informa\/pepe-dales-caa\" \/>\n<meta property=\"og:locale\" content=\"es_ES\" \/>\n<meta property=\"og:type\" content=\"article\" \/>\n<meta property=\"og:title\" content=\"PEPE, DALES CA&#209;A - ASAJA Le\u00f3n\" \/>\n<meta property=\"og:description\" content=\"Me cuentan que en un mitin agrario de los que ha dado el Partido Popular en la campa&#241;a de las europeas, a los que no han acudido ni las ratas, el consejero de Agricultura, Jos&#233; Val&#237;n, no escatim&#243; cr&#237;ticas al Gobierno central por los reveses que est&#225; habiendo en materia de agricultura y ganader&#237;a, y lleg&#243; casi a proponer un levantamiento de los hombres del campo contra las huestes de Zapatero.\" \/>\n<meta property=\"og:url\" content=\"https:\/\/www.asajacyl.com\/leon\/asaja-leon-informa\/pepe-dales-caa\" \/>\n<meta property=\"og:site_name\" content=\"ASAJA Le\u00f3n\" \/>\n<meta property=\"article:published_time\" content=\"2004-06-08T22:00:00+00:00\" \/>\n<meta property=\"article:modified_time\" content=\"2017-11-15T09:03:23+00:00\" \/>\n<meta property=\"og:image\" content=\"https:\/\/www.asajacyl.com\/leon\/wp-content\/uploads\/sites\/6\/2017\/11\/im_predefinida_1920x1080.jpg\" \/>\n\t<meta property=\"og:image:width\" content=\"1920\" \/>\n\t<meta property=\"og:image:height\" content=\"1080\" \/>\n\t<meta property=\"og:image:type\" content=\"image\/jpeg\" \/>\n<meta name=\"author\" content=\"Editor\" \/>\n<meta name=\"twitter:card\" content=\"summary_large_image\" \/>\n<meta name=\"twitter:label1\" content=\"Escrito por\" \/>\n\t<meta name=\"twitter:data1\" content=\"Editor\" \/>\n\t<meta name=\"twitter:label2\" content=\"Tiempo de lectura\" \/>\n\t<meta name=\"twitter:data2\" content=\"3 minutos\" \/>\n<script type=\"application\/ld+json\" class=\"yoast-schema-graph\">{\"@context\":\"https:\/\/schema.org\",\"@graph\":[{\"@type\":\"WebPage\",\"@id\":\"https:\/\/www.asajacyl.com\/leon\/asaja-leon-informa\/pepe-dales-caa\",\"url\":\"https:\/\/www.asajacyl.com\/leon\/asaja-leon-informa\/pepe-dales-caa\",\"name\":\"PEPE, DALES CA&#209;A - ASAJA Le\u00f3n\",\"isPartOf\":{\"@id\":\"https:\/\/www.asajacyl.com\/leon\/#website\"},\"primaryImageOfPage\":{\"@id\":\"https:\/\/www.asajacyl.com\/leon\/asaja-leon-informa\/pepe-dales-caa#primaryimage\"},\"image\":{\"@id\":\"https:\/\/www.asajacyl.com\/leon\/asaja-leon-informa\/pepe-dales-caa#primaryimage\"},\"thumbnailUrl\":\"https:\/\/www.asajacyl.com\/leon\/wp-content\/uploads\/sites\/6\/2017\/11\/im_predefinida_1920x1080.jpg\",\"datePublished\":\"2004-06-08T22:00:00+00:00\",\"dateModified\":\"2017-11-15T09:03:23+00:00\",\"author\":{\"@id\":\"https:\/\/www.asajacyl.com\/leon\/#\/schema\/person\/7e884476cee132331142e8ac9689f20c\"},\"description\":\"Me cuentan que en un mitin agrario de los que ha dado el Partido Popular en la campa&#241;a de las europeas, a los que no han acudido ni las ratas, el consejero de Agricultura, Jos&#233; Val&#237;n, no escatim&#243; cr&#237;ticas al Gobierno central por los reveses que est&#225; habiendo en materia de agricultura y ganader&#237;a, y lleg&#243; casi a proponer un levantamiento de los hombres del campo contra las huestes de Zapatero.\",\"breadcrumb\":{\"@id\":\"https:\/\/www.asajacyl.com\/leon\/asaja-leon-informa\/pepe-dales-caa#breadcrumb\"},\"inLanguage\":\"es\",\"potentialAction\":[{\"@type\":\"ReadAction\",\"target\":[\"https:\/\/www.asajacyl.com\/leon\/asaja-leon-informa\/pepe-dales-caa\"]}]},{\"@type\":\"ImageObject\",\"inLanguage\":\"es\",\"@id\":\"https:\/\/www.asajacyl.com\/leon\/asaja-leon-informa\/pepe-dales-caa#primaryimage\",\"url\":\"https:\/\/www.asajacyl.com\/leon\/wp-content\/uploads\/sites\/6\/2017\/11\/im_predefinida_1920x1080.jpg\",\"contentUrl\":\"https:\/\/www.asajacyl.com\/leon\/wp-content\/uploads\/sites\/6\/2017\/11\/im_predefinida_1920x1080.jpg\",\"width\":1920,\"height\":1080,\"caption\":\"Logotipo ASAJA Le\u00f3n\"},{\"@type\":\"BreadcrumbList\",\"@id\":\"https:\/\/www.asajacyl.com\/leon\/asaja-leon-informa\/pepe-dales-caa#breadcrumb\",\"itemListElement\":[{\"@type\":\"ListItem\",\"position\":1,\"name\":\"Portada\",\"item\":\"https:\/\/www.asajacyl.com\/leon\/\"},{\"@type\":\"ListItem\",\"position\":2,\"name\":\"PEPE, DALES CA&#209;A\"}]},{\"@type\":\"WebSite\",\"@id\":\"https:\/\/www.asajacyl.com\/leon\/#website\",\"url\":\"https:\/\/www.asajacyl.com\/leon\/\",\"name\":\"ASAJA Le\u00f3n\",\"description\":\"Otro sitio m\u00e1s de Provincias ASAJA Castilla y Le\u00f3n\",\"potentialAction\":[{\"@type\":\"SearchAction\",\"target\":{\"@type\":\"EntryPoint\",\"urlTemplate\":\"https:\/\/www.asajacyl.com\/leon\/?s={search_term_string}\"},\"query-input\":{\"@type\":\"PropertyValueSpecification\",\"valueRequired\":true,\"valueName\":\"search_term_string\"}}],\"inLanguage\":\"es\"},{\"@type\":\"Person\",\"@id\":\"https:\/\/www.asajacyl.com\/leon\/#\/schema\/person\/7e884476cee132331142e8ac9689f20c\",\"name\":\"Editor\",\"image\":{\"@type\":\"ImageObject\",\"inLanguage\":\"es\",\"@id\":\"https:\/\/www.asajacyl.com\/leon\/#\/schema\/person\/image\/\",\"url\":\"https:\/\/secure.gravatar.com\/avatar\/a2ef43c165669686cfcfb0e1ffa59869?s=96&d=mm&r=g\",\"contentUrl\":\"https:\/\/secure.gravatar.com\/avatar\/a2ef43c165669686cfcfb0e1ffa59869?s=96&d=mm&r=g\",\"caption\":\"Editor\"},\"url\":\"https:\/\/www.asajacyl.com\/leon\/author\/oscargg\"}]}<\/script>\n<!-- \/ Yoast SEO plugin. -->","yoast_head_json":{"title":"PEPE, DALES CA&#209;A - ASAJA Le\u00f3n","description":"Me cuentan que en un mitin agrario de los que ha dado el Partido Popular en la campa&#241;a de las europeas, a los que no han acudido ni las ratas, el consejero de Agricultura, Jos&#233; Val&#237;n, no escatim&#243; cr&#237;ticas al Gobierno central por los reveses que est&#225; habiendo en materia de agricultura y ganader&#237;a, y lleg&#243; casi a proponer un levantamiento de los hombres del campo contra las huestes de Zapatero.","robots":{"index":"index","follow":"follow","max-snippet":"max-snippet:-1","max-image-preview":"max-image-preview:large","max-video-preview":"max-video-preview:-1"},"canonical":"https:\/\/www.asajacyl.com\/leon\/asaja-leon-informa\/pepe-dales-caa","og_locale":"es_ES","og_type":"article","og_title":"PEPE, DALES CA&#209;A - ASAJA Le\u00f3n","og_description":"Me cuentan que en un mitin agrario de los que ha dado el Partido Popular en la campa&#241;a de las europeas, a los que no han acudido ni las ratas, el consejero de Agricultura, Jos&#233; Val&#237;n, no escatim&#243; cr&#237;ticas al Gobierno central por los reveses que est&#225; habiendo en materia de agricultura y ganader&#237;a, y lleg&#243; casi a proponer un levantamiento de los hombres del campo contra las huestes de Zapatero.","og_url":"https:\/\/www.asajacyl.com\/leon\/asaja-leon-informa\/pepe-dales-caa","og_site_name":"ASAJA Le\u00f3n","article_published_time":"2004-06-08T22:00:00+00:00","article_modified_time":"2017-11-15T09:03:23+00:00","og_image":[{"width":1920,"height":1080,"url":"https:\/\/www.asajacyl.com\/leon\/wp-content\/uploads\/sites\/6\/2017\/11\/im_predefinida_1920x1080.jpg","type":"image\/jpeg"}],"author":"Editor","twitter_card":"summary_large_image","twitter_misc":{"Escrito por":"Editor","Tiempo de lectura":"3 minutos"},"schema":{"@context":"https:\/\/schema.org","@graph":[{"@type":"WebPage","@id":"https:\/\/www.asajacyl.com\/leon\/asaja-leon-informa\/pepe-dales-caa","url":"https:\/\/www.asajacyl.com\/leon\/asaja-leon-informa\/pepe-dales-caa","name":"PEPE, DALES CA&#209;A - ASAJA Le\u00f3n","isPartOf":{"@id":"https:\/\/www.asajacyl.com\/leon\/#website"},"primaryImageOfPage":{"@id":"https:\/\/www.asajacyl.com\/leon\/asaja-leon-informa\/pepe-dales-caa#primaryimage"},"image":{"@id":"https:\/\/www.asajacyl.com\/leon\/asaja-leon-informa\/pepe-dales-caa#primaryimage"},"thumbnailUrl":"https:\/\/www.asajacyl.com\/leon\/wp-content\/uploads\/sites\/6\/2017\/11\/im_predefinida_1920x1080.jpg","datePublished":"2004-06-08T22:00:00+00:00","dateModified":"2017-11-15T09:03:23+00:00","author":{"@id":"https:\/\/www.asajacyl.com\/leon\/#\/schema\/person\/7e884476cee132331142e8ac9689f20c"},"description":"Me cuentan que en un mitin agrario de los que ha dado el Partido Popular en la campa&#241;a de las europeas, a los que no han acudido ni las ratas, el consejero de Agricultura, Jos&#233; Val&#237;n, no escatim&#243; cr&#237;ticas al Gobierno central por los reveses que est&#225; habiendo en materia de agricultura y ganader&#237;a, y lleg&#243; casi a proponer un levantamiento de los hombres del campo contra las huestes de Zapatero.","breadcrumb":{"@id":"https:\/\/www.asajacyl.com\/leon\/asaja-leon-informa\/pepe-dales-caa#breadcrumb"},"inLanguage":"es","potentialAction":[{"@type":"ReadAction","target":["https:\/\/www.asajacyl.com\/leon\/asaja-leon-informa\/pepe-dales-caa"]}]},{"@type":"ImageObject","inLanguage":"es","@id":"https:\/\/www.asajacyl.com\/leon\/asaja-leon-informa\/pepe-dales-caa#primaryimage","url":"https:\/\/www.asajacyl.com\/leon\/wp-content\/uploads\/sites\/6\/2017\/11\/im_predefinida_1920x1080.jpg","contentUrl":"https:\/\/www.asajacyl.com\/leon\/wp-content\/uploads\/sites\/6\/2017\/11\/im_predefinida_1920x1080.jpg","width":1920,"height":1080,"caption":"Logotipo ASAJA Le\u00f3n"},{"@type":"BreadcrumbList","@id":"https:\/\/www.asajacyl.com\/leon\/asaja-leon-informa\/pepe-dales-caa#breadcrumb","itemListElement":[{"@type":"ListItem","position":1,"name":"Portada","item":"https:\/\/www.asajacyl.com\/leon\/"},{"@type":"ListItem","position":2,"name":"PEPE, DALES CA&#209;A"}]},{"@type":"WebSite","@id":"https:\/\/www.asajacyl.com\/leon\/#website","url":"https:\/\/www.asajacyl.com\/leon\/","name":"ASAJA Le\u00f3n","description":"Otro sitio m\u00e1s de Provincias ASAJA Castilla y Le\u00f3n","potentialAction":[{"@type":"SearchAction","target":{"@type":"EntryPoint","urlTemplate":"https:\/\/www.asajacyl.com\/leon\/?s={search_term_string}"},"query-input":{"@type":"PropertyValueSpecification","valueRequired":true,"valueName":"search_term_string"}}],"inLanguage":"es"},{"@type":"Person","@id":"https:\/\/www.asajacyl.com\/leon\/#\/schema\/person\/7e884476cee132331142e8ac9689f20c","name":"Editor","image":{"@type":"ImageObject","inLanguage":"es","@id":"https:\/\/www.asajacyl.com\/leon\/#\/schema\/person\/image\/","url":"https:\/\/secure.gravatar.com\/avatar\/a2ef43c165669686cfcfb0e1ffa59869?s=96&d=mm&r=g","contentUrl":"https:\/\/secure.gravatar.com\/avatar\/a2ef43c165669686cfcfb0e1ffa59869?s=96&d=mm&r=g","caption":"Editor"},"url":"https:\/\/www.asajacyl.com\/leon\/author\/oscargg"}]}},"_links":{"self":[{"href":"https:\/\/www.asajacyl.com\/leon\/wp-json\/wp\/v2\/posts\/895"}],"collection":[{"href":"https:\/\/www.asajacyl.com\/leon\/wp-json\/wp\/v2\/posts"}],"about":[{"href":"https:\/\/www.asajacyl.com\/leon\/wp-json\/wp\/v2\/types\/post"}],"author":[{"embeddable":true,"href":"https:\/\/www.asajacyl.com\/leon\/wp-json\/wp\/v2\/users\/3"}],"replies":[{"embeddable":true,"href":"https:\/\/www.asajacyl.com\/leon\/wp-json\/wp\/v2\/comments?post=895"}],"version-history":[{"count":1,"href":"https:\/\/www.asajacyl.com\/leon\/wp-json\/wp\/v2\/posts\/895\/revisions"}],"predecessor-version":[{"id":1260,"href":"https:\/\/www.asajacyl.com\/leon\/wp-json\/wp\/v2\/posts\/895\/revisions\/1260"}],"wp:featuredmedia":[{"embeddable":true,"href":"https:\/\/www.asajacyl.com\/leon\/wp-json\/wp\/v2\/media\/8174"}],"wp:attachment":[{"href":"https:\/\/www.asajacyl.com\/leon\/wp-json\/wp\/v2\/media?parent=895"}],"wp:term":[{"taxonomy":"category","embeddable":true,"href":"https:\/\/www.asajacyl.com\/leon\/wp-json\/wp\/v2\/categories?post=895"},{"taxonomy":"post_tag","embeddable":true,"href":"https:\/\/www.asajacyl.com\/leon\/wp-json\/wp\/v2\/tags?post=895"}],"curies":[{"name":"wp","href":"https:\/\/api.w.org\/{rel}","templated":true}]}}