{"id":90,"date":"2017-09-01T00:00:00","date_gmt":"2017-08-31T22:00:00","guid":{"rendered":"https:\/\/www.asajacyl.com\/leon\/2017\/09\/01\/las-seis-noticias-agrarias-de-la-semana-01092017\/"},"modified":"2017-11-14T18:21:44","modified_gmt":"2017-11-14T17:21:44","slug":"las-seis-noticias-agrarias-de-la-semana-01092017","status":"publish","type":"post","link":"https:\/\/www.asajacyl.com\/leon\/asaja-leon-informa\/las-seis-noticias-agrarias-de-la-semana-01092017","title":{"rendered":"LAS SEIS NOTICIAS AGRARIAS DE LA SEMANA &#8211; 01\/09\/2017"},"content":{"rendered":"<h2>Instituto Universitario de Investigaci&#243;n, Juan Vicente Herrera, aprovechamiento de pastos, procedimiento de evaluaci&#243;n de la representatividad de las organizaciones profesionales agrarias, Feria de Salamanca y pr&#233;stamos de la sequ&#237;a y heladas subvencionados<\/h2>\n<p style=\"text-align: center;\">\n<span style=\"color:#006400;\"><span style=\"font-size:16px;\"><strong>LAS SEIS NOTICIAS AGRARIAS DE LA SEMANA<\/strong><\/span><\/span><\/p>\n<p style=\"text-align: justify;\">\n&#160;<\/p>\n<p style=\"text-align: justify;\">\n1.&#160;&#160;&#160; El Consejo de Gobierno de la Junta de Castilla y Le&#243;n ha aprobado la creaci&#243;n del <strong>Instituto Universitario de Investigaci&#243;n<\/strong>, denominado Instituto de Ganader&#237;a de Monta&#241;a, vinculado a la Universidad de Le&#243;n. Su principal objetivo es desarrollar una actividad investigadora de excelencia en el &#225;mbito de la ganader&#237;a para generar y transferir el conocimiento que permita al sector agrario y agroindustrial innovar y mejorar su producci&#243;n y calidad.<\/p>\n<p style=\"text-align: justify;\">\n2.&#160;&#160;&#160; La organizaci&#243;n agraria ASAJA de Le&#243;n considera que el Gobierno de la Junta de Castilla y Le&#243;n no ha estado a la altura de las circunstancias tras suspender la visita programada para el pasado martes, a Carrizo de la Ribera, encabezada por el propio presidente <strong>Juan Vicente Herrera<\/strong>, para &#8220;inaugurar&#8221; la cosecha de l&#250;pulo de esta campa&#241;a. Las consecuencias de una desgraciada tormenta de viento, lluvia y granizo, ca&#237;da el pasado domingo en la comarca, y en particular en el municipio de Carrizo de la Ribera, no deber&#237;a de ser un motivo para huir del lugar, al contrario, deber&#237;a de ser motivo para visitar la comarca, conocer de primera mano los&#160; problemas de los agricultores, y ofrecer los muchos apoyos que un Gobierno siempre tiene en su mano, apoyos que dependen &#250;nicamente de voluntad pol&#237;tica.<\/p>\n<p style=\"text-align: justify;\">\n3.&#160;&#160;&#160; La organizaci&#243;n agraria ASAJA pedir&#225; a la consejer&#237;a de Medio Ambiente de la Junta de Castilla y Le&#243;n que no se excluya del <strong>aprovechamiento de pastos<\/strong> por un periodo&#160; de cinco a&#241;os la superficie quemada en el gran incendio de la Cabrera, como establece la normativa en vigor. ASAJA considera que esta normativa penaliza los intereses de los ganaderos, pagando las consecuencias de actos delictivos de otros, y que contribuye a anular la principal actividad econ&#243;mica de la zona tras el incendio. Si no se cambia la norma, los incendiarios est&#225;n consiguiendo lo que pretenden: echar a la gente de los pueblos al privarles de su sustento, en este caso de los pastos con los que alimentar su ganado.<\/p>\n<p style=\"text-align: justify;\">\n4.&#160;&#160;&#160; La Junta de Castilla y Le&#243;n ha publicado una orden por la que se dictan instrucciones relativas al <strong>procedimiento de evaluaci&#243;n de la representatividad de las organizaciones profesionales agrarias<\/strong> de Castilla y Le&#243;n. La orden desarrolla el proceso de elaboraci&#243;n de los listados de electores y el procedimiento de la propia consulta a los profesionales del sector, como es la presentaci&#243;n de candidaturas, participaci&#243;n anticipada, constituci&#243;n de las mesas, desarrollo de la jornada electoral y reconocimiento de la representatividad. Queda pendiente que la consejera de Agricultura fije la fecha definitiva del desarrollo de dicha consulta.<\/p>\n<p style=\"text-align: justify;\">\n5.&#160;&#160;&#160; La <strong>Feria de Salamanca<\/strong>, uno de los cert&#225;menes feriales agroganaderos m&#225;s importantes del pa&#237;s, abre sus puertas desde el mi&#233;rcoles d&#237;a 6 al domingo d&#237;a 10 de septiembre. Adem&#225;s de los concursos exposici&#243;n de razas de ganado selecto, con especial predominancia de las de vacuno de aptitud c&#225;rnica, se pude visitar una ampl&#237;sima exposici&#243;n de maquinara agr&#237;cola y ganadera, as&#237; como los distintos stands de empresas de servicios. Se trata de un certamen internacional que acapara la atenci&#243;n de ganaderos de dentro y fuera de Castilla y Le&#243;n, y de otros pa&#237;ses pr&#243;ximos al nuestro, sobre todo de Portugal.<\/p>\n<p style=\"text-align: justify;\">\n6.&#160;&#160;&#160; Las entidades financieras est&#225;n tramitando los <strong>pr&#233;stamos de la sequ&#237;a y heladas subvencionados<\/strong> a trav&#233;s de la consejer&#237;a de Agricultura, que previamente han sido avalados por SAECA, haci&#233;ndose cargo el ministerio de Agricultura de los gastos de dicho aval. Los interesados tienen de plazo para solicitarlos hasta el 20 de septiembre. Las organizaciones agrarias han denunciado el elevado n&#250;mero de expedientes rechazados, as&#237; como que en la mayor&#237;a de los casos los importes concedidos sean inferiores a los 25.000 euros por explotaci&#243;n.<\/p>\n","protected":false},"excerpt":{"rendered":"<p>Instituto Universitario de Investigaci&#243;n, Juan Vicente Herrera, aprovechamiento de pastos, procedimiento de evaluaci&#243;n de la representatividad de las organizaciones profesionales agrarias, Feria de Salamanca y pr&#233;stamos de la sequ&#237;a y heladas subvencionados<\/p>\n","protected":false},"author":3,"featured_media":8174,"comment_status":"open","ping_status":"open","sticky":false,"template":"","format":"standard","meta":{"footnotes":""},"categories":[4,9],"tags":[],"yoast_head":"<!-- This site is optimized with the Yoast SEO plugin v24.5 - https:\/\/yoast.com\/wordpress\/plugins\/seo\/ -->\n<title>LAS SEIS NOTICIAS AGRARIAS DE LA SEMANA - 01\/09\/2017 - ASAJA Le\u00f3n<\/title>\n<meta name=\"description\" content=\"Instituto Universitario de Investigaci&#243;n, Juan Vicente Herrera, aprovechamiento de pastos, procedimiento de evaluaci&#243;n de la representatividad de las organizaciones profesionales agrarias, Feria de Salamanca y pr&#233;stamos de la sequ&#237;a y heladas subvencionados\" \/>\n<meta name=\"robots\" content=\"index, follow, max-snippet:-1, max-image-preview:large, max-video-preview:-1\" \/>\n<link rel=\"canonical\" href=\"https:\/\/www.asajacyl.com\/leon\/asaja-leon-informa\/las-seis-noticias-agrarias-de-la-semana-01092017\" \/>\n<meta property=\"og:locale\" content=\"es_ES\" \/>\n<meta property=\"og:type\" content=\"article\" \/>\n<meta property=\"og:title\" content=\"LAS SEIS NOTICIAS AGRARIAS DE LA SEMANA - 01\/09\/2017 - ASAJA Le\u00f3n\" \/>\n<meta property=\"og:description\" content=\"Instituto Universitario de Investigaci&#243;n, Juan Vicente Herrera, aprovechamiento de pastos, procedimiento de evaluaci&#243;n de la representatividad de las organizaciones profesionales agrarias, Feria de Salamanca y pr&#233;stamos de la sequ&#237;a y heladas subvencionados\" \/>\n<meta property=\"og:url\" content=\"https:\/\/www.asajacyl.com\/leon\/asaja-leon-informa\/las-seis-noticias-agrarias-de-la-semana-01092017\" \/>\n<meta property=\"og:site_name\" content=\"ASAJA Le\u00f3n\" \/>\n<meta property=\"article:published_time\" content=\"2017-08-31T22:00:00+00:00\" \/>\n<meta property=\"article:modified_time\" content=\"2017-11-14T17:21:44+00:00\" \/>\n<meta property=\"og:image\" content=\"https:\/\/www.asajacyl.com\/leon\/wp-content\/uploads\/sites\/6\/2017\/11\/im_predefinida_1920x1080.jpg\" \/>\n\t<meta property=\"og:image:width\" content=\"1920\" \/>\n\t<meta property=\"og:image:height\" content=\"1080\" \/>\n\t<meta property=\"og:image:type\" content=\"image\/jpeg\" \/>\n<meta name=\"author\" content=\"Editor\" \/>\n<meta name=\"twitter:card\" content=\"summary_large_image\" \/>\n<meta name=\"twitter:label1\" content=\"Escrito por\" \/>\n\t<meta name=\"twitter:data1\" content=\"Editor\" \/>\n\t<meta name=\"twitter:label2\" content=\"Tiempo de lectura\" \/>\n\t<meta name=\"twitter:data2\" content=\"3 minutos\" \/>\n<script type=\"application\/ld+json\" class=\"yoast-schema-graph\">{\"@context\":\"https:\/\/schema.org\",\"@graph\":[{\"@type\":\"WebPage\",\"@id\":\"https:\/\/www.asajacyl.com\/leon\/asaja-leon-informa\/las-seis-noticias-agrarias-de-la-semana-01092017\",\"url\":\"https:\/\/www.asajacyl.com\/leon\/asaja-leon-informa\/las-seis-noticias-agrarias-de-la-semana-01092017\",\"name\":\"LAS SEIS NOTICIAS AGRARIAS DE LA SEMANA - 01\/09\/2017 - ASAJA Le\u00f3n\",\"isPartOf\":{\"@id\":\"https:\/\/www.asajacyl.com\/leon\/#website\"},\"primaryImageOfPage\":{\"@id\":\"https:\/\/www.asajacyl.com\/leon\/asaja-leon-informa\/las-seis-noticias-agrarias-de-la-semana-01092017#primaryimage\"},\"image\":{\"@id\":\"https:\/\/www.asajacyl.com\/leon\/asaja-leon-informa\/las-seis-noticias-agrarias-de-la-semana-01092017#primaryimage\"},\"thumbnailUrl\":\"https:\/\/www.asajacyl.com\/leon\/wp-content\/uploads\/sites\/6\/2017\/11\/im_predefinida_1920x1080.jpg\",\"datePublished\":\"2017-08-31T22:00:00+00:00\",\"dateModified\":\"2017-11-14T17:21:44+00:00\",\"author\":{\"@id\":\"https:\/\/www.asajacyl.com\/leon\/#\/schema\/person\/7e884476cee132331142e8ac9689f20c\"},\"description\":\"Instituto Universitario de Investigaci&#243;n, Juan Vicente Herrera, aprovechamiento de pastos, procedimiento de evaluaci&#243;n de la representatividad de las organizaciones profesionales agrarias, Feria de Salamanca y pr&#233;stamos de la sequ&#237;a y heladas subvencionados\",\"breadcrumb\":{\"@id\":\"https:\/\/www.asajacyl.com\/leon\/asaja-leon-informa\/las-seis-noticias-agrarias-de-la-semana-01092017#breadcrumb\"},\"inLanguage\":\"es\",\"potentialAction\":[{\"@type\":\"ReadAction\",\"target\":[\"https:\/\/www.asajacyl.com\/leon\/asaja-leon-informa\/las-seis-noticias-agrarias-de-la-semana-01092017\"]}]},{\"@type\":\"ImageObject\",\"inLanguage\":\"es\",\"@id\":\"https:\/\/www.asajacyl.com\/leon\/asaja-leon-informa\/las-seis-noticias-agrarias-de-la-semana-01092017#primaryimage\",\"url\":\"https:\/\/www.asajacyl.com\/leon\/wp-content\/uploads\/sites\/6\/2017\/11\/im_predefinida_1920x1080.jpg\",\"contentUrl\":\"https:\/\/www.asajacyl.com\/leon\/wp-content\/uploads\/sites\/6\/2017\/11\/im_predefinida_1920x1080.jpg\",\"width\":1920,\"height\":1080,\"caption\":\"Logotipo ASAJA Le\u00f3n\"},{\"@type\":\"BreadcrumbList\",\"@id\":\"https:\/\/www.asajacyl.com\/leon\/asaja-leon-informa\/las-seis-noticias-agrarias-de-la-semana-01092017#breadcrumb\",\"itemListElement\":[{\"@type\":\"ListItem\",\"position\":1,\"name\":\"Portada\",\"item\":\"https:\/\/www.asajacyl.com\/leon\/\"},{\"@type\":\"ListItem\",\"position\":2,\"name\":\"LAS SEIS NOTICIAS AGRARIAS DE LA SEMANA &#8211; 01\/09\/2017\"}]},{\"@type\":\"WebSite\",\"@id\":\"https:\/\/www.asajacyl.com\/leon\/#website\",\"url\":\"https:\/\/www.asajacyl.com\/leon\/\",\"name\":\"ASAJA Le\u00f3n\",\"description\":\"Otro sitio m\u00e1s de Provincias ASAJA Castilla y Le\u00f3n\",\"potentialAction\":[{\"@type\":\"SearchAction\",\"target\":{\"@type\":\"EntryPoint\",\"urlTemplate\":\"https:\/\/www.asajacyl.com\/leon\/?s={search_term_string}\"},\"query-input\":{\"@type\":\"PropertyValueSpecification\",\"valueRequired\":true,\"valueName\":\"search_term_string\"}}],\"inLanguage\":\"es\"},{\"@type\":\"Person\",\"@id\":\"https:\/\/www.asajacyl.com\/leon\/#\/schema\/person\/7e884476cee132331142e8ac9689f20c\",\"name\":\"Editor\",\"image\":{\"@type\":\"ImageObject\",\"inLanguage\":\"es\",\"@id\":\"https:\/\/www.asajacyl.com\/leon\/#\/schema\/person\/image\/\",\"url\":\"https:\/\/secure.gravatar.com\/avatar\/a2ef43c165669686cfcfb0e1ffa59869?s=96&d=mm&r=g\",\"contentUrl\":\"https:\/\/secure.gravatar.com\/avatar\/a2ef43c165669686cfcfb0e1ffa59869?s=96&d=mm&r=g\",\"caption\":\"Editor\"},\"url\":\"https:\/\/www.asajacyl.com\/leon\/author\/oscargg\"}]}<\/script>\n<!-- \/ Yoast SEO plugin. -->","yoast_head_json":{"title":"LAS SEIS NOTICIAS AGRARIAS DE LA SEMANA - 01\/09\/2017 - ASAJA Le\u00f3n","description":"Instituto Universitario de Investigaci&#243;n, Juan Vicente Herrera, aprovechamiento de pastos, procedimiento de evaluaci&#243;n de la representatividad de las organizaciones profesionales agrarias, Feria de Salamanca y pr&#233;stamos de la sequ&#237;a y heladas subvencionados","robots":{"index":"index","follow":"follow","max-snippet":"max-snippet:-1","max-image-preview":"max-image-preview:large","max-video-preview":"max-video-preview:-1"},"canonical":"https:\/\/www.asajacyl.com\/leon\/asaja-leon-informa\/las-seis-noticias-agrarias-de-la-semana-01092017","og_locale":"es_ES","og_type":"article","og_title":"LAS SEIS NOTICIAS AGRARIAS DE LA SEMANA - 01\/09\/2017 - ASAJA Le\u00f3n","og_description":"Instituto Universitario de Investigaci&#243;n, Juan Vicente Herrera, aprovechamiento de pastos, procedimiento de evaluaci&#243;n de la representatividad de las organizaciones profesionales agrarias, Feria de Salamanca y pr&#233;stamos de la sequ&#237;a y heladas subvencionados","og_url":"https:\/\/www.asajacyl.com\/leon\/asaja-leon-informa\/las-seis-noticias-agrarias-de-la-semana-01092017","og_site_name":"ASAJA Le\u00f3n","article_published_time":"2017-08-31T22:00:00+00:00","article_modified_time":"2017-11-14T17:21:44+00:00","og_image":[{"width":1920,"height":1080,"url":"https:\/\/www.asajacyl.com\/leon\/wp-content\/uploads\/sites\/6\/2017\/11\/im_predefinida_1920x1080.jpg","type":"image\/jpeg"}],"author":"Editor","twitter_card":"summary_large_image","twitter_misc":{"Escrito por":"Editor","Tiempo de lectura":"3 minutos"},"schema":{"@context":"https:\/\/schema.org","@graph":[{"@type":"WebPage","@id":"https:\/\/www.asajacyl.com\/leon\/asaja-leon-informa\/las-seis-noticias-agrarias-de-la-semana-01092017","url":"https:\/\/www.asajacyl.com\/leon\/asaja-leon-informa\/las-seis-noticias-agrarias-de-la-semana-01092017","name":"LAS SEIS NOTICIAS AGRARIAS DE LA SEMANA - 01\/09\/2017 - ASAJA Le\u00f3n","isPartOf":{"@id":"https:\/\/www.asajacyl.com\/leon\/#website"},"primaryImageOfPage":{"@id":"https:\/\/www.asajacyl.com\/leon\/asaja-leon-informa\/las-seis-noticias-agrarias-de-la-semana-01092017#primaryimage"},"image":{"@id":"https:\/\/www.asajacyl.com\/leon\/asaja-leon-informa\/las-seis-noticias-agrarias-de-la-semana-01092017#primaryimage"},"thumbnailUrl":"https:\/\/www.asajacyl.com\/leon\/wp-content\/uploads\/sites\/6\/2017\/11\/im_predefinida_1920x1080.jpg","datePublished":"2017-08-31T22:00:00+00:00","dateModified":"2017-11-14T17:21:44+00:00","author":{"@id":"https:\/\/www.asajacyl.com\/leon\/#\/schema\/person\/7e884476cee132331142e8ac9689f20c"},"description":"Instituto Universitario de Investigaci&#243;n, Juan Vicente Herrera, aprovechamiento de pastos, procedimiento de evaluaci&#243;n de la representatividad de las organizaciones profesionales agrarias, Feria de Salamanca y pr&#233;stamos de la sequ&#237;a y heladas subvencionados","breadcrumb":{"@id":"https:\/\/www.asajacyl.com\/leon\/asaja-leon-informa\/las-seis-noticias-agrarias-de-la-semana-01092017#breadcrumb"},"inLanguage":"es","potentialAction":[{"@type":"ReadAction","target":["https:\/\/www.asajacyl.com\/leon\/asaja-leon-informa\/las-seis-noticias-agrarias-de-la-semana-01092017"]}]},{"@type":"ImageObject","inLanguage":"es","@id":"https:\/\/www.asajacyl.com\/leon\/asaja-leon-informa\/las-seis-noticias-agrarias-de-la-semana-01092017#primaryimage","url":"https:\/\/www.asajacyl.com\/leon\/wp-content\/uploads\/sites\/6\/2017\/11\/im_predefinida_1920x1080.jpg","contentUrl":"https:\/\/www.asajacyl.com\/leon\/wp-content\/uploads\/sites\/6\/2017\/11\/im_predefinida_1920x1080.jpg","width":1920,"height":1080,"caption":"Logotipo ASAJA Le\u00f3n"},{"@type":"BreadcrumbList","@id":"https:\/\/www.asajacyl.com\/leon\/asaja-leon-informa\/las-seis-noticias-agrarias-de-la-semana-01092017#breadcrumb","itemListElement":[{"@type":"ListItem","position":1,"name":"Portada","item":"https:\/\/www.asajacyl.com\/leon\/"},{"@type":"ListItem","position":2,"name":"LAS SEIS NOTICIAS AGRARIAS DE LA SEMANA &#8211; 01\/09\/2017"}]},{"@type":"WebSite","@id":"https:\/\/www.asajacyl.com\/leon\/#website","url":"https:\/\/www.asajacyl.com\/leon\/","name":"ASAJA Le\u00f3n","description":"Otro sitio m\u00e1s de Provincias ASAJA Castilla y Le\u00f3n","potentialAction":[{"@type":"SearchAction","target":{"@type":"EntryPoint","urlTemplate":"https:\/\/www.asajacyl.com\/leon\/?s={search_term_string}"},"query-input":{"@type":"PropertyValueSpecification","valueRequired":true,"valueName":"search_term_string"}}],"inLanguage":"es"},{"@type":"Person","@id":"https:\/\/www.asajacyl.com\/leon\/#\/schema\/person\/7e884476cee132331142e8ac9689f20c","name":"Editor","image":{"@type":"ImageObject","inLanguage":"es","@id":"https:\/\/www.asajacyl.com\/leon\/#\/schema\/person\/image\/","url":"https:\/\/secure.gravatar.com\/avatar\/a2ef43c165669686cfcfb0e1ffa59869?s=96&d=mm&r=g","contentUrl":"https:\/\/secure.gravatar.com\/avatar\/a2ef43c165669686cfcfb0e1ffa59869?s=96&d=mm&r=g","caption":"Editor"},"url":"https:\/\/www.asajacyl.com\/leon\/author\/oscargg"}]}},"_links":{"self":[{"href":"https:\/\/www.asajacyl.com\/leon\/wp-json\/wp\/v2\/posts\/90"}],"collection":[{"href":"https:\/\/www.asajacyl.com\/leon\/wp-json\/wp\/v2\/posts"}],"about":[{"href":"https:\/\/www.asajacyl.com\/leon\/wp-json\/wp\/v2\/types\/post"}],"author":[{"embeddable":true,"href":"https:\/\/www.asajacyl.com\/leon\/wp-json\/wp\/v2\/users\/3"}],"replies":[{"embeddable":true,"href":"https:\/\/www.asajacyl.com\/leon\/wp-json\/wp\/v2\/comments?post=90"}],"version-history":[{"count":2,"href":"https:\/\/www.asajacyl.com\/leon\/wp-json\/wp\/v2\/posts\/90\/revisions"}],"predecessor-version":[{"id":3655,"href":"https:\/\/www.asajacyl.com\/leon\/wp-json\/wp\/v2\/posts\/90\/revisions\/3655"}],"wp:featuredmedia":[{"embeddable":true,"href":"https:\/\/www.asajacyl.com\/leon\/wp-json\/wp\/v2\/media\/8174"}],"wp:attachment":[{"href":"https:\/\/www.asajacyl.com\/leon\/wp-json\/wp\/v2\/media?parent=90"}],"wp:term":[{"taxonomy":"category","embeddable":true,"href":"https:\/\/www.asajacyl.com\/leon\/wp-json\/wp\/v2\/categories?post=90"},{"taxonomy":"post_tag","embeddable":true,"href":"https:\/\/www.asajacyl.com\/leon\/wp-json\/wp\/v2\/tags?post=90"}],"curies":[{"name":"wp","href":"https:\/\/api.w.org\/{rel}","templated":true}]}}