{"id":921,"date":"2003-06-13T00:00:00","date_gmt":"2003-06-12T22:00:00","guid":{"rendered":"https:\/\/www.asajacyl.com\/leon\/2003\/06\/13\/agua-de-riao-al-menos-para-cuatro-provincias\/"},"modified":"2017-11-15T10:03:41","modified_gmt":"2017-11-15T09:03:41","slug":"agua-de-riao-al-menos-para-cuatro-provincias","status":"publish","type":"post","link":"https:\/\/www.asajacyl.com\/leon\/asaja-leon-informa\/agua-de-riao-al-menos-para-cuatro-provincias","title":{"rendered":"AGUA DE RIA&#209;O AL MENOS PARA CUATRO PROVINCIAS"},"content":{"rendered":"<h2>Quienes en su d&#237;a idearon el pantano de Ria&#241;o, y quienes despu&#233;s ya en la etapa democr&#225;tica socialista nos empe&#241;amos en cerrar definitivamente dicha presa, no pudimos imaginar que el agua en &#233;l almacenada pudiera tener tantos destinos.<\/h2>\n<p><b><font face=\"Arial\"><\/p>\n<p align=\"center\"><font color=\"#009900\">AGUA DE RIA&#209;O AL MENOS PARA CUATRO PROVINCIAS<\/p>\n<p><\/font>\n<\/p>\n<p align=\"center\">\n<p><\/font><\/b><\/p>\n<p align=\"center\">Jos&#233; Antonio Turrado*<\/p>\n<\/p>\n<p align=\"justify\">Quienes en su d&#237;a idearon el pantano de Ria&#241;o, y quienes despu&#233;s ya en la etapa democr&#225;tica socialista nos empe&#241;amos en cerrar definitivamente dicha presa, no pudimos imaginar que el agua en &#233;l almacenada pudiera tener tantos destinos. Su idea originaria era regar la comarca de Sahag&#250;n en lo que se ha llamado la zona regable de Payuelos a la vez que la Margen Izquierda del Porma de Mansilla de las Mulas a Campazas. Pero despu&#233;s se pens&#243; que podr&#237;a regar tambi&#233;n el P&#225;ramo Bajo que ocupa varios municipios del sur de Le&#243;n y un par de ellos de Zamora. Mas tarde se vio que con un canal se pod&#237;a trasvasar a la cuenca palentina del Carri&#243;n y consolidar dichos regad&#237;os. Despu&#233;s se prometi&#243; una zona regable en Valderas aprovechando no s&#233; si el agua que llega por el Cea o el Canal de Campazas. Y por &#250;ltimo, por ahora, se ha proyectado una nueva zona regable en plena Tierra de Campos que tiene como centro de actuaci&#243;n la localidad de Villal&#243;n en la provincia de Valladolid. Esto &#250;ltimo un motivo m&#225;s para acudir a la fiesta de Villalar.<\/p>\n<\/p>\n<p align=\"justify\">\n<\/p>\n<p align=\"justify\">El 19 de mayo, en pleno furor de la campa&#241;a electoral, el Delegado de la Junta en Le&#243;n anunci&#243; el proyecto de concentraci&#243;n parcelaria en 5 de las 11 demarcaciones de Payuelos a la vez que la concentraci&#243;n Valencia de Don Juan &#8211; Villafer. Sorpresa que al recoger las fichas de cada propietario y ver los planos expuestos en los ayuntamientos, a cientos de agricultores o propietarios de tierras se les obliga a que una parte de la propiedad le quede para siempre en secano. Al parecer, en agua de Ria&#241;o no da para todos. Algunos pueblos como Sahag&#250;n est&#225;n especialmente castigados en este sentido. D&#237;as mas tarde, el 6 de junio, se publica en el Bocyl una Orden por al que se aprueba el Plan de Mejoras de Regad&#237;o del Canal del Esla- Carri&#243;n, que no es otra cosa que los regad&#237;os de Villal&#243;n y municipios lim&#237;trofes. Plan que parece una actuaci&#243;n en las provincias de Le&#243;n, Valladolid y Palencia utilizando agua de Le&#243;n, pero del que hay que saber que en Le&#243;n tan solo afecta a unos cientos de hect&#225;reas de la localidad de Arenillas de Valderaduey en el municipio de Sahag&#250;n, por lo que hay que decir sin tapujos que es un Plan de regad&#237;os de Valladolid y en menor medida de Palencia.<\/p>\n<\/p>\n<p align=\"center\"><img loading=\"lazy\" decoding=\"async\" height=\"277\" alt=\"\" hspace=\"0\" src=\"\/leon\/wp-content\/uploads\/sites\/6\/2017\/11\/riano.jpg\" width=\"425\" align=\"baseline\" border=\"0\"\/>\n<\/p>\n<p align=\"justify\">Qui&#233;n nos iba a decir a los leoneses hace unos a&#241;os, cuando nos enfrent&#225;bamos entre nosotros para cerrar la presa de Ria&#241;o, que ahora el debate iba a estar no entre la monta&#241;a y el llano, sino entre Le&#243;n y las provincias lim&#237;trofes. Y no quiero yo hacer sangre del agua que se va de Le&#243;n, quiero hacerla del agua que no se aprovecha en esta provincia. Y no se aprovecha porque no nos hacen las infraestructuras, y no se aprovecha porque, aunque nos las hagan, al parecer la zona regable de Payuelos tendr&#225; que reducirse sobre lo previsto para que haya para todos los que han venido a tirar de la teta.<\/p>\n<\/p>\n<p align=\"justify\">\n<\/p>\n<p align=\"justify\">Y no critico yo que de Villal&#243;n de Campos hayan sido los consejeros de Agricultura de la Junta desde el a&#241;o 1991 hasta hoy d&#237;a, y por tanto ejecutores del Plan de regad&#237;os. Critico que los pol&#237;ticos de Le&#243;n no hayan sido lo suficientemente influyentes para impedir el olvido con esta tierra y poner freno a tanta esquilmaci&#243;n.<\/p>\n<\/p>\n<p align=\"justify\">\n<\/p>\n<p align=\"justify\">Si sobrase agua, con raz&#243;n se nos criticar&#237;a por ser ego&#237;stas e insolidarios y no permitir que el progreso llegase a otros campos de esta regi&#243;n. Pero en el momento que se recortan los regad&#237;os de Payuelos, todo indica que la zona regable est&#225; supradimensionada y que no hay para todos. ASAJA, har&#225; bandera de esto, como nos consta har&#225;n otras organizaciones agrarias y de regantes, y nuestros pol&#237;ticos, como casi siempre, seguir&#225;n sin enterarse. &#191; O s&#237; estaban enterados?.<\/p>\n<\/p>\n<p align=\"right\">Le&#243;n, 12 de junio de 2003.<\/p>\n<\/p>\n<p align=\"right\">*Secretario General de ASAJA de Le&#243;n.<\/p>\n","protected":false},"excerpt":{"rendered":"<p>Quienes en su d&#237;a idearon el pantano de Ria&#241;o, y quienes despu&#233;s ya en la etapa democr&#225;tica socialista nos empe&#241;amos en cerrar definitivamente dicha presa, no pudimos imaginar que el agua en &#233;l almacenada pudiera tener tantos destinos.<\/p>\n","protected":false},"author":3,"featured_media":8174,"comment_status":"open","ping_status":"open","sticky":false,"template":"","format":"standard","meta":{"footnotes":""},"categories":[4,11],"tags":[],"yoast_head":"<!-- This site is optimized with the Yoast SEO plugin v24.5 - https:\/\/yoast.com\/wordpress\/plugins\/seo\/ -->\n<title>AGUA DE RIA&#209;O AL MENOS PARA CUATRO PROVINCIAS - ASAJA Le\u00f3n<\/title>\n<meta name=\"description\" content=\"Quienes en su d&#237;a idearon el pantano de Ria&#241;o, y quienes despu&#233;s ya en la etapa democr&#225;tica socialista nos empe&#241;amos en cerrar definitivamente dicha presa, no pudimos imaginar que el agua en &#233;l almacenada pudiera tener tantos destinos.\" \/>\n<meta name=\"robots\" content=\"index, follow, max-snippet:-1, max-image-preview:large, max-video-preview:-1\" \/>\n<link rel=\"canonical\" href=\"https:\/\/www.asajacyl.com\/leon\/asaja-leon-informa\/agua-de-riao-al-menos-para-cuatro-provincias\" \/>\n<meta property=\"og:locale\" content=\"es_ES\" \/>\n<meta property=\"og:type\" content=\"article\" \/>\n<meta property=\"og:title\" content=\"AGUA DE RIA&#209;O AL MENOS PARA CUATRO PROVINCIAS - ASAJA Le\u00f3n\" \/>\n<meta property=\"og:description\" content=\"Quienes en su d&#237;a idearon el pantano de Ria&#241;o, y quienes despu&#233;s ya en la etapa democr&#225;tica socialista nos empe&#241;amos en cerrar definitivamente dicha presa, no pudimos imaginar que el agua en &#233;l almacenada pudiera tener tantos destinos.\" \/>\n<meta property=\"og:url\" content=\"https:\/\/www.asajacyl.com\/leon\/asaja-leon-informa\/agua-de-riao-al-menos-para-cuatro-provincias\" \/>\n<meta property=\"og:site_name\" content=\"ASAJA Le\u00f3n\" \/>\n<meta property=\"article:published_time\" content=\"2003-06-12T22:00:00+00:00\" \/>\n<meta property=\"article:modified_time\" content=\"2017-11-15T09:03:41+00:00\" \/>\n<meta property=\"og:image\" content=\"https:\/\/www.asajacyl.com\/leon\/wp-content\/uploads\/sites\/6\/2017\/11\/im_predefinida_1920x1080.jpg\" \/>\n\t<meta property=\"og:image:width\" content=\"1920\" \/>\n\t<meta property=\"og:image:height\" content=\"1080\" \/>\n\t<meta property=\"og:image:type\" content=\"image\/jpeg\" \/>\n<meta name=\"author\" content=\"Editor\" \/>\n<meta name=\"twitter:card\" content=\"summary_large_image\" \/>\n<meta name=\"twitter:label1\" content=\"Escrito por\" \/>\n\t<meta name=\"twitter:data1\" content=\"Editor\" \/>\n\t<meta name=\"twitter:label2\" content=\"Tiempo de lectura\" \/>\n\t<meta name=\"twitter:data2\" content=\"4 minutos\" \/>\n<script type=\"application\/ld+json\" class=\"yoast-schema-graph\">{\"@context\":\"https:\/\/schema.org\",\"@graph\":[{\"@type\":\"WebPage\",\"@id\":\"https:\/\/www.asajacyl.com\/leon\/asaja-leon-informa\/agua-de-riao-al-menos-para-cuatro-provincias\",\"url\":\"https:\/\/www.asajacyl.com\/leon\/asaja-leon-informa\/agua-de-riao-al-menos-para-cuatro-provincias\",\"name\":\"AGUA DE RIA&#209;O AL MENOS PARA CUATRO PROVINCIAS - ASAJA Le\u00f3n\",\"isPartOf\":{\"@id\":\"https:\/\/www.asajacyl.com\/leon\/#website\"},\"primaryImageOfPage\":{\"@id\":\"https:\/\/www.asajacyl.com\/leon\/asaja-leon-informa\/agua-de-riao-al-menos-para-cuatro-provincias#primaryimage\"},\"image\":{\"@id\":\"https:\/\/www.asajacyl.com\/leon\/asaja-leon-informa\/agua-de-riao-al-menos-para-cuatro-provincias#primaryimage\"},\"thumbnailUrl\":\"https:\/\/www.asajacyl.com\/leon\/wp-content\/uploads\/sites\/6\/2017\/11\/im_predefinida_1920x1080.jpg\",\"datePublished\":\"2003-06-12T22:00:00+00:00\",\"dateModified\":\"2017-11-15T09:03:41+00:00\",\"author\":{\"@id\":\"https:\/\/www.asajacyl.com\/leon\/#\/schema\/person\/7e884476cee132331142e8ac9689f20c\"},\"description\":\"Quienes en su d&#237;a idearon el pantano de Ria&#241;o, y quienes despu&#233;s ya en la etapa democr&#225;tica socialista nos empe&#241;amos en cerrar definitivamente dicha presa, no pudimos imaginar que el agua en &#233;l almacenada pudiera tener tantos destinos.\",\"breadcrumb\":{\"@id\":\"https:\/\/www.asajacyl.com\/leon\/asaja-leon-informa\/agua-de-riao-al-menos-para-cuatro-provincias#breadcrumb\"},\"inLanguage\":\"es\",\"potentialAction\":[{\"@type\":\"ReadAction\",\"target\":[\"https:\/\/www.asajacyl.com\/leon\/asaja-leon-informa\/agua-de-riao-al-menos-para-cuatro-provincias\"]}]},{\"@type\":\"ImageObject\",\"inLanguage\":\"es\",\"@id\":\"https:\/\/www.asajacyl.com\/leon\/asaja-leon-informa\/agua-de-riao-al-menos-para-cuatro-provincias#primaryimage\",\"url\":\"https:\/\/www.asajacyl.com\/leon\/wp-content\/uploads\/sites\/6\/2017\/11\/im_predefinida_1920x1080.jpg\",\"contentUrl\":\"https:\/\/www.asajacyl.com\/leon\/wp-content\/uploads\/sites\/6\/2017\/11\/im_predefinida_1920x1080.jpg\",\"width\":1920,\"height\":1080,\"caption\":\"Logotipo ASAJA Le\u00f3n\"},{\"@type\":\"BreadcrumbList\",\"@id\":\"https:\/\/www.asajacyl.com\/leon\/asaja-leon-informa\/agua-de-riao-al-menos-para-cuatro-provincias#breadcrumb\",\"itemListElement\":[{\"@type\":\"ListItem\",\"position\":1,\"name\":\"Portada\",\"item\":\"https:\/\/www.asajacyl.com\/leon\/\"},{\"@type\":\"ListItem\",\"position\":2,\"name\":\"AGUA DE RIA&#209;O AL MENOS PARA CUATRO PROVINCIAS\"}]},{\"@type\":\"WebSite\",\"@id\":\"https:\/\/www.asajacyl.com\/leon\/#website\",\"url\":\"https:\/\/www.asajacyl.com\/leon\/\",\"name\":\"ASAJA Le\u00f3n\",\"description\":\"Otro sitio m\u00e1s de Provincias ASAJA Castilla y Le\u00f3n\",\"potentialAction\":[{\"@type\":\"SearchAction\",\"target\":{\"@type\":\"EntryPoint\",\"urlTemplate\":\"https:\/\/www.asajacyl.com\/leon\/?s={search_term_string}\"},\"query-input\":{\"@type\":\"PropertyValueSpecification\",\"valueRequired\":true,\"valueName\":\"search_term_string\"}}],\"inLanguage\":\"es\"},{\"@type\":\"Person\",\"@id\":\"https:\/\/www.asajacyl.com\/leon\/#\/schema\/person\/7e884476cee132331142e8ac9689f20c\",\"name\":\"Editor\",\"image\":{\"@type\":\"ImageObject\",\"inLanguage\":\"es\",\"@id\":\"https:\/\/www.asajacyl.com\/leon\/#\/schema\/person\/image\/\",\"url\":\"https:\/\/secure.gravatar.com\/avatar\/a2ef43c165669686cfcfb0e1ffa59869?s=96&d=mm&r=g\",\"contentUrl\":\"https:\/\/secure.gravatar.com\/avatar\/a2ef43c165669686cfcfb0e1ffa59869?s=96&d=mm&r=g\",\"caption\":\"Editor\"},\"url\":\"https:\/\/www.asajacyl.com\/leon\/author\/oscargg\"}]}<\/script>\n<!-- \/ Yoast SEO plugin. -->","yoast_head_json":{"title":"AGUA DE RIA&#209;O AL MENOS PARA CUATRO PROVINCIAS - ASAJA Le\u00f3n","description":"Quienes en su d&#237;a idearon el pantano de Ria&#241;o, y quienes despu&#233;s ya en la etapa democr&#225;tica socialista nos empe&#241;amos en cerrar definitivamente dicha presa, no pudimos imaginar que el agua en &#233;l almacenada pudiera tener tantos destinos.","robots":{"index":"index","follow":"follow","max-snippet":"max-snippet:-1","max-image-preview":"max-image-preview:large","max-video-preview":"max-video-preview:-1"},"canonical":"https:\/\/www.asajacyl.com\/leon\/asaja-leon-informa\/agua-de-riao-al-menos-para-cuatro-provincias","og_locale":"es_ES","og_type":"article","og_title":"AGUA DE RIA&#209;O AL MENOS PARA CUATRO PROVINCIAS - ASAJA Le\u00f3n","og_description":"Quienes en su d&#237;a idearon el pantano de Ria&#241;o, y quienes despu&#233;s ya en la etapa democr&#225;tica socialista nos empe&#241;amos en cerrar definitivamente dicha presa, no pudimos imaginar que el agua en &#233;l almacenada pudiera tener tantos destinos.","og_url":"https:\/\/www.asajacyl.com\/leon\/asaja-leon-informa\/agua-de-riao-al-menos-para-cuatro-provincias","og_site_name":"ASAJA Le\u00f3n","article_published_time":"2003-06-12T22:00:00+00:00","article_modified_time":"2017-11-15T09:03:41+00:00","og_image":[{"width":1920,"height":1080,"url":"https:\/\/www.asajacyl.com\/leon\/wp-content\/uploads\/sites\/6\/2017\/11\/im_predefinida_1920x1080.jpg","type":"image\/jpeg"}],"author":"Editor","twitter_card":"summary_large_image","twitter_misc":{"Escrito por":"Editor","Tiempo de lectura":"4 minutos"},"schema":{"@context":"https:\/\/schema.org","@graph":[{"@type":"WebPage","@id":"https:\/\/www.asajacyl.com\/leon\/asaja-leon-informa\/agua-de-riao-al-menos-para-cuatro-provincias","url":"https:\/\/www.asajacyl.com\/leon\/asaja-leon-informa\/agua-de-riao-al-menos-para-cuatro-provincias","name":"AGUA DE RIA&#209;O AL MENOS PARA CUATRO PROVINCIAS - ASAJA Le\u00f3n","isPartOf":{"@id":"https:\/\/www.asajacyl.com\/leon\/#website"},"primaryImageOfPage":{"@id":"https:\/\/www.asajacyl.com\/leon\/asaja-leon-informa\/agua-de-riao-al-menos-para-cuatro-provincias#primaryimage"},"image":{"@id":"https:\/\/www.asajacyl.com\/leon\/asaja-leon-informa\/agua-de-riao-al-menos-para-cuatro-provincias#primaryimage"},"thumbnailUrl":"https:\/\/www.asajacyl.com\/leon\/wp-content\/uploads\/sites\/6\/2017\/11\/im_predefinida_1920x1080.jpg","datePublished":"2003-06-12T22:00:00+00:00","dateModified":"2017-11-15T09:03:41+00:00","author":{"@id":"https:\/\/www.asajacyl.com\/leon\/#\/schema\/person\/7e884476cee132331142e8ac9689f20c"},"description":"Quienes en su d&#237;a idearon el pantano de Ria&#241;o, y quienes despu&#233;s ya en la etapa democr&#225;tica socialista nos empe&#241;amos en cerrar definitivamente dicha presa, no pudimos imaginar que el agua en &#233;l almacenada pudiera tener tantos destinos.","breadcrumb":{"@id":"https:\/\/www.asajacyl.com\/leon\/asaja-leon-informa\/agua-de-riao-al-menos-para-cuatro-provincias#breadcrumb"},"inLanguage":"es","potentialAction":[{"@type":"ReadAction","target":["https:\/\/www.asajacyl.com\/leon\/asaja-leon-informa\/agua-de-riao-al-menos-para-cuatro-provincias"]}]},{"@type":"ImageObject","inLanguage":"es","@id":"https:\/\/www.asajacyl.com\/leon\/asaja-leon-informa\/agua-de-riao-al-menos-para-cuatro-provincias#primaryimage","url":"https:\/\/www.asajacyl.com\/leon\/wp-content\/uploads\/sites\/6\/2017\/11\/im_predefinida_1920x1080.jpg","contentUrl":"https:\/\/www.asajacyl.com\/leon\/wp-content\/uploads\/sites\/6\/2017\/11\/im_predefinida_1920x1080.jpg","width":1920,"height":1080,"caption":"Logotipo ASAJA Le\u00f3n"},{"@type":"BreadcrumbList","@id":"https:\/\/www.asajacyl.com\/leon\/asaja-leon-informa\/agua-de-riao-al-menos-para-cuatro-provincias#breadcrumb","itemListElement":[{"@type":"ListItem","position":1,"name":"Portada","item":"https:\/\/www.asajacyl.com\/leon\/"},{"@type":"ListItem","position":2,"name":"AGUA DE RIA&#209;O AL MENOS PARA CUATRO PROVINCIAS"}]},{"@type":"WebSite","@id":"https:\/\/www.asajacyl.com\/leon\/#website","url":"https:\/\/www.asajacyl.com\/leon\/","name":"ASAJA Le\u00f3n","description":"Otro sitio m\u00e1s de Provincias ASAJA Castilla y Le\u00f3n","potentialAction":[{"@type":"SearchAction","target":{"@type":"EntryPoint","urlTemplate":"https:\/\/www.asajacyl.com\/leon\/?s={search_term_string}"},"query-input":{"@type":"PropertyValueSpecification","valueRequired":true,"valueName":"search_term_string"}}],"inLanguage":"es"},{"@type":"Person","@id":"https:\/\/www.asajacyl.com\/leon\/#\/schema\/person\/7e884476cee132331142e8ac9689f20c","name":"Editor","image":{"@type":"ImageObject","inLanguage":"es","@id":"https:\/\/www.asajacyl.com\/leon\/#\/schema\/person\/image\/","url":"https:\/\/secure.gravatar.com\/avatar\/a2ef43c165669686cfcfb0e1ffa59869?s=96&d=mm&r=g","contentUrl":"https:\/\/secure.gravatar.com\/avatar\/a2ef43c165669686cfcfb0e1ffa59869?s=96&d=mm&r=g","caption":"Editor"},"url":"https:\/\/www.asajacyl.com\/leon\/author\/oscargg"}]}},"_links":{"self":[{"href":"https:\/\/www.asajacyl.com\/leon\/wp-json\/wp\/v2\/posts\/921"}],"collection":[{"href":"https:\/\/www.asajacyl.com\/leon\/wp-json\/wp\/v2\/posts"}],"about":[{"href":"https:\/\/www.asajacyl.com\/leon\/wp-json\/wp\/v2\/types\/post"}],"author":[{"embeddable":true,"href":"https:\/\/www.asajacyl.com\/leon\/wp-json\/wp\/v2\/users\/3"}],"replies":[{"embeddable":true,"href":"https:\/\/www.asajacyl.com\/leon\/wp-json\/wp\/v2\/comments?post=921"}],"version-history":[{"count":2,"href":"https:\/\/www.asajacyl.com\/leon\/wp-json\/wp\/v2\/posts\/921\/revisions"}],"predecessor-version":[{"id":6518,"href":"https:\/\/www.asajacyl.com\/leon\/wp-json\/wp\/v2\/posts\/921\/revisions\/6518"}],"wp:featuredmedia":[{"embeddable":true,"href":"https:\/\/www.asajacyl.com\/leon\/wp-json\/wp\/v2\/media\/8174"}],"wp:attachment":[{"href":"https:\/\/www.asajacyl.com\/leon\/wp-json\/wp\/v2\/media?parent=921"}],"wp:term":[{"taxonomy":"category","embeddable":true,"href":"https:\/\/www.asajacyl.com\/leon\/wp-json\/wp\/v2\/categories?post=921"},{"taxonomy":"post_tag","embeddable":true,"href":"https:\/\/www.asajacyl.com\/leon\/wp-json\/wp\/v2\/tags?post=921"}],"curies":[{"name":"wp","href":"https:\/\/api.w.org\/{rel}","templated":true}]}}