{"id":926,"date":"2003-05-06T00:00:00","date_gmt":"2003-05-05T22:00:00","guid":{"rendered":"https:\/\/www.asajacyl.com\/leon\/2003\/05\/06\/jubilados-igual-de-pobres-pero-con-derecho-a-trabajar\/"},"modified":"2017-11-15T10:03:45","modified_gmt":"2017-11-15T09:03:45","slug":"jubilados-igual-de-pobres-pero-con-derecho-a-trabajar","status":"publish","type":"post","link":"https:\/\/www.asajacyl.com\/leon\/asaja-leon-informa\/jubilados-igual-de-pobres-pero-con-derecho-a-trabajar","title":{"rendered":"JUBILADOS IGUAL DE POBRES, PERO CON DERECHO A TRABAJAR"},"content":{"rendered":"<h2>Nunca nos cansaremos de denunciar la injusticia que se produce con los jubilados del campo, que despu&#233;s de toda una vida dedicada a duras labores mal pagadas y peor reconocidas, se les despacha con las pensiones m&#225;s bajas del pa&#237;s. Y es que la pobreza tambi&#233;n debe de ser el vivir al mes con los 351 euros que de media cobraron nuestros jubilados del campo el pasado a&#241;o.<\/h2>\n<p><body><\/p>\n<p><b><\/p>\n<p align=\"CENTER\" style=\"margin-top: 0; margin-bottom: 0\"><font size=\"2\">JUBILADOS<br \/>\nIGUAL DE POBRES,<\/font><\/p>\n<p align=\"CENTER\" style=\"margin-top: 0; margin-bottom: 0\"><font size=\"2\">PERO<br \/>\nCON DERECHO A TRABAJAR<\/font><\/p>\n<p><font size=\"4\"><\/p>\n<p align=\"CENTER\" style=\"margin-top: 0; margin-bottom: 0\">&#160;<\/p>\n<p><\/font><\/p>\n<p align=\"CENTER\" style=\"margin-top: 0; margin-bottom: 0\"><font size=\"2\">Jos&#233;<br \/>\nAntonio Turrado*<\/font><\/p>\n<p><\/b><\/p>\n<p align=\"JUSTIFY\" style=\"margin-top: 0; margin-bottom: 0\">&#160;<\/p>\n<p><b><\/p>\n<p align=\"JUSTIFY\" style=\"margin-top: 0; margin-bottom: 0\"><font size=\"2\">N<\/font><\/p>\n<p><\/b><font size=\"2\">unca<br \/>\nnos cansaremos de denunciar la injusticia que se produce con los jubilados del<br \/>\ncampo, que despu&#233;s de toda una vida dedicada a duras labores mal pagadas y peor<br \/>\nreconocidas, se les despacha con las pensiones m&#225;s bajas del pa&#237;s. Y es que la<br \/>\npobreza tambi&#233;n debe de ser el vivir al mes con los 351 euros que de media<br \/>\ncobraron nuestros jubilados del campo el pasado a&#241;o.<\/font><\/body><\/p>\n<p align=\"JUSTIFY\" style=\"margin-top: 0; margin-bottom: 0\"><font size=\"2\">Insensible<br \/>\na nuestras reivindicaciones, el Gobierno no opta por mejorar las pensiones, sino<br \/>\npor permitirles trabajar, algo que ya se hac&#237;a hasta ahora pero que a partir<br \/>\ndel viernes 25 de abril, y gracias al Real Decreto Ley 2\/2003, adem&#225;s es legal.<br \/>\n&#34;Te sigo dando una pensi&#243;n de miseria, pero te permito que sigas labrando<br \/>\nlas tierras hasta que el cuerpo te aguante&#34;, es m&#225;s o menos el resumen de<br \/>\nla medida aprobada por el Ministerio de Trabajo.<\/font><\/p>\n<p align=\"JUSTIFY\" style=\"margin-top: 0; margin-bottom: 0\"><font size=\"2\">Siempre<br \/>\nha habido en los pueblos una &#34;guerra&#34; de los agricultores en activo<br \/>\ncontra los jubilados que siguen trabajando m&#225;s all&#225; de los 65 a&#241;os. Desde<br \/>\nASAJA siempre hemos comprendido las razones de unos y de otros, aunque puestos a<br \/>\nelegir estamos y estaremos siempre del lado de los j&#243;venes en activo. Y hemos<br \/>\ndefendido que la soluci&#243;n a las m&#237;seras pensiones del campo no viene por<br \/>\nalargar la vida laboral, sino por mejorar las pensiones para que quien se jubile<br \/>\npueda transferir su explotaci&#243;n a un joven en activo.<\/font><\/p>\n<p align=\"JUSTIFY\" style=\"margin-top: 0; margin-bottom: 0\"><font size=\"2\">El<br \/>\nGobierno, con la decisi&#243;n que ha tomado de exonerar del pago de cuotas a los<br \/>\nque sigan trabajando con m&#225;s de 65 a&#241;os y cobrando pensi&#243;n, viene a legalizar<br \/>\nuna situaci&#243;n que de hecho ya se daba. Pero no resuelve nada: si cabe, se lo<br \/>\npone un poco m&#225;s dif&#237;cil a los j&#243;venes, que tendr&#225;n m&#225;s dificultades para<br \/>\nincorporarse al sector, y, cuando ya est&#233;n instalados, para aumentar a base de<br \/>\nrecibir cuotas y tierras de los jubilados. Y a los mayores, a los que no les<br \/>\nsube la pensi&#243;n, les dice que la alarguen, si no les llega, siguiendo<br \/>\ntrabajando, aun a costa de dejarse m&#225;s salud y bienestar por esos surcos de<br \/>\nDios.<\/font><\/p>\n<p align=\"JUSTIFY\" style=\"margin-top: 0; margin-bottom: 0\"><font size=\"2\">Nuestro<br \/>\nsistema de Seguridad Social es un aut&#233;ntico bodrio si para vivir en la vejez<br \/>\nhay que seguir en activo, en trabajos que, como la agricultura y la ganader&#237;a,<br \/>\nse necesita de una fortaleza f&#237;sica que ni con mucha suerte se tiene metido uno<br \/>\nen los sesenta y tantos o setenta a&#241;os. Y los del Ministerio de Agricultura<br \/>\ndeber&#237;an de haber impedido una medida que adem&#225;s es veneno puro para los<br \/>\nj&#243;venes que est&#225;n en el sector o tienen previsto incorporarse al mismo.<\/font><\/p>\n<p align=\"JUSTIFY\" style=\"margin-top: 0; margin-bottom: 0\"><font size=\"2\">Esta<br \/>\nmoda de trabajar por encima de los sesenta y cinco a&#241;os se la invent&#243; Aznar y<br \/>\nmaldita la gracia que nos hace. Quiz&#225;s se la aplaudan sus correligionarios de<br \/>\nla pol&#237;tica, casi todos funcionarios, pero en el campo lo que queremos es<br \/>\njubilaciones a poder ser a los sesenta y pensiones dignas. El trabajo para los<br \/>\nj&#243;venes, que pueden mejor y est&#225;n suficientemente preparados. &#191;O no lo<br \/>\nentiende as&#237; el se&#241;or Aznar?<\/font><\/p>\n<p align=\"JUSTIFY\" style=\"margin-top: 0; margin-bottom: 0\">&#160;<\/p>\n<p align=\"JUSTIFY\" style=\"margin-top: 0; margin-bottom: 0\">&#160;<\/p>\n<p><b><\/p>\n<p align=\"JUSTIFY\" style=\"margin-top: 0; margin-bottom: 0\"><font size=\"2\">Le&#243;n,<br \/>\n6 de mayo de 2003<\/font><\/p>\n<p align=\"RIGHT\" style=\"margin-top: 0; margin-bottom: 0\"><font size=\"2\">Jos&#233;<br \/>\nAntonio Turrado Fern&#225;ndez<\/font><\/p>\n<p align=\"RIGHT\" style=\"margin-top: 0; margin-bottom: 0\"><font size=\"2\">Secretario<br \/>\nGeneral de ASAJA de Castilla y Le&#243;n<\/font><\/p>\n<p><\/b><\/p>\n","protected":false},"excerpt":{"rendered":"<p>Nunca nos cansaremos de denunciar la injusticia que se produce con los jubilados del campo, que despu&#233;s de toda una vida dedicada a duras labores mal pagadas y peor reconocidas, se les despacha con las pensiones m&#225;s bajas del pa&#237;s. Y es que la pobreza tambi&#233;n debe de ser el vivir al mes con los 351 euros que de media cobraron nuestros jubilados del campo el pasado a&#241;o.<\/p>\n","protected":false},"author":3,"featured_media":8174,"comment_status":"open","ping_status":"open","sticky":false,"template":"","format":"standard","meta":{"footnotes":""},"categories":[4,11],"tags":[],"yoast_head":"<!-- This site is optimized with the Yoast SEO plugin v24.5 - https:\/\/yoast.com\/wordpress\/plugins\/seo\/ -->\n<title>JUBILADOS IGUAL DE POBRES, PERO CON DERECHO A TRABAJAR - ASAJA Le\u00f3n<\/title>\n<meta name=\"description\" content=\"Nunca nos cansaremos de denunciar la injusticia que se produce con los jubilados del campo, que despu&#233;s de toda una vida dedicada a duras labores mal pagadas y peor reconocidas, se les despacha con las pensiones m&#225;s bajas del pa&#237;s. Y es que la pobreza tambi&#233;n debe de ser el vivir al mes con los 351 euros que de media cobraron nuestros jubilados del campo el pasado a&#241;o.\" \/>\n<meta name=\"robots\" content=\"index, follow, max-snippet:-1, max-image-preview:large, max-video-preview:-1\" \/>\n<link rel=\"canonical\" href=\"https:\/\/www.asajacyl.com\/leon\/asaja-leon-informa\/jubilados-igual-de-pobres-pero-con-derecho-a-trabajar\" \/>\n<meta property=\"og:locale\" content=\"es_ES\" \/>\n<meta property=\"og:type\" content=\"article\" \/>\n<meta property=\"og:title\" content=\"JUBILADOS IGUAL DE POBRES, PERO CON DERECHO A TRABAJAR - ASAJA Le\u00f3n\" \/>\n<meta property=\"og:description\" content=\"Nunca nos cansaremos de denunciar la injusticia que se produce con los jubilados del campo, que despu&#233;s de toda una vida dedicada a duras labores mal pagadas y peor reconocidas, se les despacha con las pensiones m&#225;s bajas del pa&#237;s. Y es que la pobreza tambi&#233;n debe de ser el vivir al mes con los 351 euros que de media cobraron nuestros jubilados del campo el pasado a&#241;o.\" \/>\n<meta property=\"og:url\" content=\"https:\/\/www.asajacyl.com\/leon\/asaja-leon-informa\/jubilados-igual-de-pobres-pero-con-derecho-a-trabajar\" \/>\n<meta property=\"og:site_name\" content=\"ASAJA Le\u00f3n\" \/>\n<meta property=\"article:published_time\" content=\"2003-05-05T22:00:00+00:00\" \/>\n<meta property=\"article:modified_time\" content=\"2017-11-15T09:03:45+00:00\" \/>\n<meta property=\"og:image\" content=\"https:\/\/www.asajacyl.com\/leon\/wp-content\/uploads\/sites\/6\/2017\/11\/im_predefinida_1920x1080.jpg\" \/>\n\t<meta property=\"og:image:width\" content=\"1920\" \/>\n\t<meta property=\"og:image:height\" content=\"1080\" \/>\n\t<meta property=\"og:image:type\" content=\"image\/jpeg\" \/>\n<meta name=\"author\" content=\"Editor\" \/>\n<meta name=\"twitter:card\" content=\"summary_large_image\" \/>\n<meta name=\"twitter:label1\" content=\"Escrito por\" \/>\n\t<meta name=\"twitter:data1\" content=\"Editor\" \/>\n\t<meta name=\"twitter:label2\" content=\"Tiempo de lectura\" \/>\n\t<meta name=\"twitter:data2\" content=\"3 minutos\" \/>\n<script type=\"application\/ld+json\" class=\"yoast-schema-graph\">{\"@context\":\"https:\/\/schema.org\",\"@graph\":[{\"@type\":\"WebPage\",\"@id\":\"https:\/\/www.asajacyl.com\/leon\/asaja-leon-informa\/jubilados-igual-de-pobres-pero-con-derecho-a-trabajar\",\"url\":\"https:\/\/www.asajacyl.com\/leon\/asaja-leon-informa\/jubilados-igual-de-pobres-pero-con-derecho-a-trabajar\",\"name\":\"JUBILADOS IGUAL DE POBRES, PERO CON DERECHO A TRABAJAR - ASAJA Le\u00f3n\",\"isPartOf\":{\"@id\":\"https:\/\/www.asajacyl.com\/leon\/#website\"},\"primaryImageOfPage\":{\"@id\":\"https:\/\/www.asajacyl.com\/leon\/asaja-leon-informa\/jubilados-igual-de-pobres-pero-con-derecho-a-trabajar#primaryimage\"},\"image\":{\"@id\":\"https:\/\/www.asajacyl.com\/leon\/asaja-leon-informa\/jubilados-igual-de-pobres-pero-con-derecho-a-trabajar#primaryimage\"},\"thumbnailUrl\":\"https:\/\/www.asajacyl.com\/leon\/wp-content\/uploads\/sites\/6\/2017\/11\/im_predefinida_1920x1080.jpg\",\"datePublished\":\"2003-05-05T22:00:00+00:00\",\"dateModified\":\"2017-11-15T09:03:45+00:00\",\"author\":{\"@id\":\"https:\/\/www.asajacyl.com\/leon\/#\/schema\/person\/7e884476cee132331142e8ac9689f20c\"},\"description\":\"Nunca nos cansaremos de denunciar la injusticia que se produce con los jubilados del campo, que despu&#233;s de toda una vida dedicada a duras labores mal pagadas y peor reconocidas, se les despacha con las pensiones m&#225;s bajas del pa&#237;s. Y es que la pobreza tambi&#233;n debe de ser el vivir al mes con los 351 euros que de media cobraron nuestros jubilados del campo el pasado a&#241;o.\",\"breadcrumb\":{\"@id\":\"https:\/\/www.asajacyl.com\/leon\/asaja-leon-informa\/jubilados-igual-de-pobres-pero-con-derecho-a-trabajar#breadcrumb\"},\"inLanguage\":\"es\",\"potentialAction\":[{\"@type\":\"ReadAction\",\"target\":[\"https:\/\/www.asajacyl.com\/leon\/asaja-leon-informa\/jubilados-igual-de-pobres-pero-con-derecho-a-trabajar\"]}]},{\"@type\":\"ImageObject\",\"inLanguage\":\"es\",\"@id\":\"https:\/\/www.asajacyl.com\/leon\/asaja-leon-informa\/jubilados-igual-de-pobres-pero-con-derecho-a-trabajar#primaryimage\",\"url\":\"https:\/\/www.asajacyl.com\/leon\/wp-content\/uploads\/sites\/6\/2017\/11\/im_predefinida_1920x1080.jpg\",\"contentUrl\":\"https:\/\/www.asajacyl.com\/leon\/wp-content\/uploads\/sites\/6\/2017\/11\/im_predefinida_1920x1080.jpg\",\"width\":1920,\"height\":1080,\"caption\":\"Logotipo ASAJA Le\u00f3n\"},{\"@type\":\"BreadcrumbList\",\"@id\":\"https:\/\/www.asajacyl.com\/leon\/asaja-leon-informa\/jubilados-igual-de-pobres-pero-con-derecho-a-trabajar#breadcrumb\",\"itemListElement\":[{\"@type\":\"ListItem\",\"position\":1,\"name\":\"Portada\",\"item\":\"https:\/\/www.asajacyl.com\/leon\/\"},{\"@type\":\"ListItem\",\"position\":2,\"name\":\"JUBILADOS IGUAL DE POBRES, PERO CON DERECHO A TRABAJAR\"}]},{\"@type\":\"WebSite\",\"@id\":\"https:\/\/www.asajacyl.com\/leon\/#website\",\"url\":\"https:\/\/www.asajacyl.com\/leon\/\",\"name\":\"ASAJA Le\u00f3n\",\"description\":\"Otro sitio m\u00e1s de Provincias ASAJA Castilla y Le\u00f3n\",\"potentialAction\":[{\"@type\":\"SearchAction\",\"target\":{\"@type\":\"EntryPoint\",\"urlTemplate\":\"https:\/\/www.asajacyl.com\/leon\/?s={search_term_string}\"},\"query-input\":{\"@type\":\"PropertyValueSpecification\",\"valueRequired\":true,\"valueName\":\"search_term_string\"}}],\"inLanguage\":\"es\"},{\"@type\":\"Person\",\"@id\":\"https:\/\/www.asajacyl.com\/leon\/#\/schema\/person\/7e884476cee132331142e8ac9689f20c\",\"name\":\"Editor\",\"image\":{\"@type\":\"ImageObject\",\"inLanguage\":\"es\",\"@id\":\"https:\/\/www.asajacyl.com\/leon\/#\/schema\/person\/image\/\",\"url\":\"https:\/\/secure.gravatar.com\/avatar\/a2ef43c165669686cfcfb0e1ffa59869?s=96&d=mm&r=g\",\"contentUrl\":\"https:\/\/secure.gravatar.com\/avatar\/a2ef43c165669686cfcfb0e1ffa59869?s=96&d=mm&r=g\",\"caption\":\"Editor\"},\"url\":\"https:\/\/www.asajacyl.com\/leon\/author\/oscargg\"}]}<\/script>\n<!-- \/ Yoast SEO plugin. -->","yoast_head_json":{"title":"JUBILADOS IGUAL DE POBRES, PERO CON DERECHO A TRABAJAR - ASAJA Le\u00f3n","description":"Nunca nos cansaremos de denunciar la injusticia que se produce con los jubilados del campo, que despu&#233;s de toda una vida dedicada a duras labores mal pagadas y peor reconocidas, se les despacha con las pensiones m&#225;s bajas del pa&#237;s. Y es que la pobreza tambi&#233;n debe de ser el vivir al mes con los 351 euros que de media cobraron nuestros jubilados del campo el pasado a&#241;o.","robots":{"index":"index","follow":"follow","max-snippet":"max-snippet:-1","max-image-preview":"max-image-preview:large","max-video-preview":"max-video-preview:-1"},"canonical":"https:\/\/www.asajacyl.com\/leon\/asaja-leon-informa\/jubilados-igual-de-pobres-pero-con-derecho-a-trabajar","og_locale":"es_ES","og_type":"article","og_title":"JUBILADOS IGUAL DE POBRES, PERO CON DERECHO A TRABAJAR - ASAJA Le\u00f3n","og_description":"Nunca nos cansaremos de denunciar la injusticia que se produce con los jubilados del campo, que despu&#233;s de toda una vida dedicada a duras labores mal pagadas y peor reconocidas, se les despacha con las pensiones m&#225;s bajas del pa&#237;s. Y es que la pobreza tambi&#233;n debe de ser el vivir al mes con los 351 euros que de media cobraron nuestros jubilados del campo el pasado a&#241;o.","og_url":"https:\/\/www.asajacyl.com\/leon\/asaja-leon-informa\/jubilados-igual-de-pobres-pero-con-derecho-a-trabajar","og_site_name":"ASAJA Le\u00f3n","article_published_time":"2003-05-05T22:00:00+00:00","article_modified_time":"2017-11-15T09:03:45+00:00","og_image":[{"width":1920,"height":1080,"url":"https:\/\/www.asajacyl.com\/leon\/wp-content\/uploads\/sites\/6\/2017\/11\/im_predefinida_1920x1080.jpg","type":"image\/jpeg"}],"author":"Editor","twitter_card":"summary_large_image","twitter_misc":{"Escrito por":"Editor","Tiempo de lectura":"3 minutos"},"schema":{"@context":"https:\/\/schema.org","@graph":[{"@type":"WebPage","@id":"https:\/\/www.asajacyl.com\/leon\/asaja-leon-informa\/jubilados-igual-de-pobres-pero-con-derecho-a-trabajar","url":"https:\/\/www.asajacyl.com\/leon\/asaja-leon-informa\/jubilados-igual-de-pobres-pero-con-derecho-a-trabajar","name":"JUBILADOS IGUAL DE POBRES, PERO CON DERECHO A TRABAJAR - ASAJA Le\u00f3n","isPartOf":{"@id":"https:\/\/www.asajacyl.com\/leon\/#website"},"primaryImageOfPage":{"@id":"https:\/\/www.asajacyl.com\/leon\/asaja-leon-informa\/jubilados-igual-de-pobres-pero-con-derecho-a-trabajar#primaryimage"},"image":{"@id":"https:\/\/www.asajacyl.com\/leon\/asaja-leon-informa\/jubilados-igual-de-pobres-pero-con-derecho-a-trabajar#primaryimage"},"thumbnailUrl":"https:\/\/www.asajacyl.com\/leon\/wp-content\/uploads\/sites\/6\/2017\/11\/im_predefinida_1920x1080.jpg","datePublished":"2003-05-05T22:00:00+00:00","dateModified":"2017-11-15T09:03:45+00:00","author":{"@id":"https:\/\/www.asajacyl.com\/leon\/#\/schema\/person\/7e884476cee132331142e8ac9689f20c"},"description":"Nunca nos cansaremos de denunciar la injusticia que se produce con los jubilados del campo, que despu&#233;s de toda una vida dedicada a duras labores mal pagadas y peor reconocidas, se les despacha con las pensiones m&#225;s bajas del pa&#237;s. Y es que la pobreza tambi&#233;n debe de ser el vivir al mes con los 351 euros que de media cobraron nuestros jubilados del campo el pasado a&#241;o.","breadcrumb":{"@id":"https:\/\/www.asajacyl.com\/leon\/asaja-leon-informa\/jubilados-igual-de-pobres-pero-con-derecho-a-trabajar#breadcrumb"},"inLanguage":"es","potentialAction":[{"@type":"ReadAction","target":["https:\/\/www.asajacyl.com\/leon\/asaja-leon-informa\/jubilados-igual-de-pobres-pero-con-derecho-a-trabajar"]}]},{"@type":"ImageObject","inLanguage":"es","@id":"https:\/\/www.asajacyl.com\/leon\/asaja-leon-informa\/jubilados-igual-de-pobres-pero-con-derecho-a-trabajar#primaryimage","url":"https:\/\/www.asajacyl.com\/leon\/wp-content\/uploads\/sites\/6\/2017\/11\/im_predefinida_1920x1080.jpg","contentUrl":"https:\/\/www.asajacyl.com\/leon\/wp-content\/uploads\/sites\/6\/2017\/11\/im_predefinida_1920x1080.jpg","width":1920,"height":1080,"caption":"Logotipo ASAJA Le\u00f3n"},{"@type":"BreadcrumbList","@id":"https:\/\/www.asajacyl.com\/leon\/asaja-leon-informa\/jubilados-igual-de-pobres-pero-con-derecho-a-trabajar#breadcrumb","itemListElement":[{"@type":"ListItem","position":1,"name":"Portada","item":"https:\/\/www.asajacyl.com\/leon\/"},{"@type":"ListItem","position":2,"name":"JUBILADOS IGUAL DE POBRES, PERO CON DERECHO A TRABAJAR"}]},{"@type":"WebSite","@id":"https:\/\/www.asajacyl.com\/leon\/#website","url":"https:\/\/www.asajacyl.com\/leon\/","name":"ASAJA Le\u00f3n","description":"Otro sitio m\u00e1s de Provincias ASAJA Castilla y Le\u00f3n","potentialAction":[{"@type":"SearchAction","target":{"@type":"EntryPoint","urlTemplate":"https:\/\/www.asajacyl.com\/leon\/?s={search_term_string}"},"query-input":{"@type":"PropertyValueSpecification","valueRequired":true,"valueName":"search_term_string"}}],"inLanguage":"es"},{"@type":"Person","@id":"https:\/\/www.asajacyl.com\/leon\/#\/schema\/person\/7e884476cee132331142e8ac9689f20c","name":"Editor","image":{"@type":"ImageObject","inLanguage":"es","@id":"https:\/\/www.asajacyl.com\/leon\/#\/schema\/person\/image\/","url":"https:\/\/secure.gravatar.com\/avatar\/a2ef43c165669686cfcfb0e1ffa59869?s=96&d=mm&r=g","contentUrl":"https:\/\/secure.gravatar.com\/avatar\/a2ef43c165669686cfcfb0e1ffa59869?s=96&d=mm&r=g","caption":"Editor"},"url":"https:\/\/www.asajacyl.com\/leon\/author\/oscargg"}]}},"_links":{"self":[{"href":"https:\/\/www.asajacyl.com\/leon\/wp-json\/wp\/v2\/posts\/926"}],"collection":[{"href":"https:\/\/www.asajacyl.com\/leon\/wp-json\/wp\/v2\/posts"}],"about":[{"href":"https:\/\/www.asajacyl.com\/leon\/wp-json\/wp\/v2\/types\/post"}],"author":[{"embeddable":true,"href":"https:\/\/www.asajacyl.com\/leon\/wp-json\/wp\/v2\/users\/3"}],"replies":[{"embeddable":true,"href":"https:\/\/www.asajacyl.com\/leon\/wp-json\/wp\/v2\/comments?post=926"}],"version-history":[{"count":1,"href":"https:\/\/www.asajacyl.com\/leon\/wp-json\/wp\/v2\/posts\/926\/revisions"}],"predecessor-version":[{"id":1291,"href":"https:\/\/www.asajacyl.com\/leon\/wp-json\/wp\/v2\/posts\/926\/revisions\/1291"}],"wp:featuredmedia":[{"embeddable":true,"href":"https:\/\/www.asajacyl.com\/leon\/wp-json\/wp\/v2\/media\/8174"}],"wp:attachment":[{"href":"https:\/\/www.asajacyl.com\/leon\/wp-json\/wp\/v2\/media?parent=926"}],"wp:term":[{"taxonomy":"category","embeddable":true,"href":"https:\/\/www.asajacyl.com\/leon\/wp-json\/wp\/v2\/categories?post=926"},{"taxonomy":"post_tag","embeddable":true,"href":"https:\/\/www.asajacyl.com\/leon\/wp-json\/wp\/v2\/tags?post=926"}],"curies":[{"name":"wp","href":"https:\/\/api.w.org\/{rel}","templated":true}]}}