{"id":927,"date":"2003-04-30T00:00:00","date_gmt":"2003-04-29T22:00:00","guid":{"rendered":"https:\/\/www.asajacyl.com\/leon\/2003\/04\/30\/el-campo-tambien-reivindica-un-salario-digno\/"},"modified":"2017-11-15T10:03:46","modified_gmt":"2017-11-15T09:03:46","slug":"el-campo-tambien-reivindica-un-salario-digno","status":"publish","type":"post","link":"https:\/\/www.asajacyl.com\/leon\/asaja-leon-informa\/el-campo-tambien-reivindica-un-salario-digno","title":{"rendered":"EL CAMPO TAMBIEN REIVINDICA UN SALARIO DIGNO"},"content":{"rendered":"<h2>No hay duda de que la agricultura y la ganader&#237;a es una actividad empresarial y que como tal los ingresos no se perciben de forma fija ni sujetos a derechos laborales adquiridos, por eso en principio la fiesta del 1 de mayo, d&#237;a de reivindicaci&#243;n de los derechos de la clase obrera, no parece que tenga mucho que ver con las gentes del campo.<\/h2>\n<p><body><\/p>\n<p><b><\/p>\n<p align=\"center\" style=\"margin-top: 0; margin-bottom: 0\"><font size=\"2\" color=\"#008080\">EL<br \/>\nCAMPO TAMBI&#201;N REIVINDICA UN SALARIO DIGNO<\/font><\/p>\n<p><\/b><font face=\"Arial\"><\/p>\n<p align=\"justify\" style=\"margin-top: 0; margin-bottom: 0\">&#160;<\/p>\n<p><\/font><\/p>\n<p align=\"justify\" style=\"margin-top: 0; margin-bottom: 0\"><font size=\"2\">No hay<br \/>\nduda de que la agricultura y la ganader&#237;a es una actividad empresarial y que<br \/>\ncomo tal los ingresos no se perciben de forma fija ni sujetos a derechos<br \/>\nlaborales adquiridos, por eso en principio la fiesta del 1 de mayo, d&#237;a de<br \/>\nreivindicaci&#243;n de los derechos de la clase obrera, no parece que tenga mucho<br \/>\nque ver con las gentes del campo. Asumimos como empresarios el riesgo, y no<br \/>\nreivindicamos un sueldo como tal, sino que nuestra inversi&#243;n y nuestro trabajo<br \/>\nse vean justamente retribuidos.<\/font><\/p>\n<p><font face=\"Arial\"><\/p>\n<p align=\"justify\" style=\"margin-top: 0; margin-bottom: 0\">&#160;<\/p>\n<p><\/font><\/p>\n<p align=\"justify\" style=\"margin-top: 0; margin-bottom: 0\"><font size=\"2\">Hoy<br \/>\nser agricultor conlleva una fuerte inversi&#243;n en tierra y ganado, maquinaria y<br \/>\nderechos de producci&#243;n. Hay que afrontar unos gastos muy altos en medios de<br \/>\nproducci&#243;n para sacar adelante las cosechas, hay que pagar rentas altas por las<br \/>\nfincas no propias, y hay que hacer horas de trabajo, m&#225;s c&#243;modo que en otras<br \/>\n&#233;pocas, en labores todav&#237;a duras de las que la mayor&#237;a rehuyen. Y adem&#225;s, la<br \/>\nincertidumbre constante del clima y de los mercados a los que nunca llegaremos a<br \/>\nentender.<\/font><\/p>\n<p><font face=\"Arial\"><\/p>\n<p align=\"justify\" style=\"margin-top: 0; margin-bottom: 0\">&#160;<\/p>\n<p><\/font><\/p>\n<p align=\"justify\" style=\"margin-top: 0; margin-bottom: 0\"><font size=\"2\">Pero<br \/>\nquiero aqu&#237; concretar la cuesti&#243;n de la que hoy, y teniendo en mente la<br \/>\nfestividad del primero de mayo, quiero ocuparme. Y es que si asumimos que el<br \/>\nagricultor es empleado de su propia empresa, la primera de sus reivindicaciones<br \/>\nha de ser el ver justamente remunerado el tiempo y trabajo que le destina a las<br \/>\nlabores agr&#237;colas o ganaderas y me estoy refiriendo a su trabajo f&#237;sico en la<br \/>\nexplotaci&#243;n y no a la gesti&#243;n empresarial.<\/font><\/p>\n<p><font face=\"Arial\"><\/p>\n<p align=\"justify\" style=\"margin-top: 0; margin-bottom: 0\">&#160;<\/p>\n<p><\/font><\/p>\n<p align=\"justify\" style=\"margin-top: 0; margin-bottom: 0\"><font size=\"2\">Seg&#250;n<br \/>\nlos estudios de ASAJA, que son los mejores y los &#250;nicos en esta materia, en la<br \/>\nprovincia de Le&#243;n el trabajo de los activos de la agricultura y la ganader&#237;a<br \/>\nen el pasado a&#241;o se remuner&#243; con 9.568 euros al a&#241;o de media. Se ha llegado a<br \/>\nesta cifra despu&#233;s de descontar a las ventas de los productos y las<br \/>\nsubvenciones lo correspondiente a los gastos de los medios de producci&#243;n, los<br \/>\nintereses, impuestos, amortizaciones, seguridad social, costes laborales de<br \/>\nasalariados y la renta de la tierra. La agricultura, y salvo alguna excepci&#243;n,<br \/>\nest&#225; muy lejos de dar beneficios, ya que no consigue tan siquiera remunerar<br \/>\nconvenientemente el trabajo de aut&#243;nomo que est&#225; ocupado en su propio negocio.<\/font><\/p>\n<p><font face=\"Arial\"><\/p>\n<p align=\"justify\" style=\"margin-top: 0; margin-bottom: 0\">&#160;<\/p>\n<p><\/font><\/p>\n<p align=\"justify\" style=\"margin-top: 0; margin-bottom: 0\"><font size=\"2\">Por<br \/>\ntodo esto, qu&#233; sector tiene m&#225;s razones para reivindicar un salario justo que<br \/>\nel aut&#243;nomo de la agricultura y la ganader&#237;a que trabajando su jornada<br \/>\ncompleta, en unas explotaciones m&#225;s larga y en otras m&#225;s corta, tan s&#243;lo<br \/>\nconsigue una renta de 9.568 euros al a&#241;o, frente a los 15.272 euros que seg&#250;n<br \/>\nel informe del CES se percibieron de media en Castilla y Le&#243;n en los sectores<br \/>\nno agrarios en el a&#241;o 2001. El primero de mayo no es un d&#237;a de<br \/>\nreivindicaciones agrarias, pero nosotros nos apuntamos a demandar un salario<br \/>\ndigno por nuestro trabajo, pues qu&#233; menos puede pedir alguien que, adem&#225;s de<br \/>\ntrabajar al menos tanto y en condiciones tan duras como la mayor&#237;a, invierte un<br \/>\ncapital y arriesga en un impredecible mercado.<\/font><\/p>\n<p><font face=\"Arial\"><\/p>\n<p align=\"justify\" style=\"margin-top: 0; margin-bottom: 0\">&#160;<\/p>\n<p><\/font><\/p>\n<p align=\"justify\" style=\"margin-top: 0; margin-bottom: 0\"><font size=\"2\">El<br \/>\nconseguir una renta digna que remunere el trabajo del agricultor ha de ser una<br \/>\nobsesi&#243;n de organizaciones como ASAJA pero estamos muy lejos de acortar las<br \/>\nenormes distancias que nos separan de otros sectores productivos. Y es que<br \/>\nmientras esto no se logre, el sector agrario no tendr&#225; futuro, pues el que<br \/>\npueda, que cada vez son m&#225;s, se marchar&#225; a otros sectores en los que,<br \/>\narriesgando menos, trabajando en el peor de los casos igual, y con m&#225;s derechos<br \/>\nlaborales, consigue al final de mes una remuneraci&#243;n mayor.<\/font><\/p>\n<p><font face=\"Arial\"><\/p>\n<p align=\"justify\" style=\"margin-top: 0; margin-bottom: 0\">&#160;<\/p>\n<p><\/font><\/p>\n<p align=\"justify\" style=\"margin-top: 0; margin-bottom: 0\"><font size=\"2\">Le&#243;n,<br \/>\n30 de abril de 2003.<\/font><\/p>\n<p align=\"justify\" style=\"margin-top: 0; margin-bottom: 0\"><font size=\"2\">Jos&#233;<br \/>\nAntonio Turrado Fdez.<\/font><\/p>\n<p align=\"justify\" style=\"margin-top: 0; margin-bottom: 0\"><font size=\"2\">Secretario<br \/>\ngeneral de ASAJA de Le&#243;n.<\/font><\/p>\n<p align=\"justify\" style=\"margin-top: 0; margin-bottom: 0\">&#160;<\/p>\n<p><\/body><\/p>\n","protected":false},"excerpt":{"rendered":"<p>No hay duda de que la agricultura y la ganader&#237;a es una actividad empresarial y que como tal los ingresos no se perciben de forma fija ni sujetos a derechos laborales adquiridos, por eso en principio la fiesta del 1 de mayo, d&#237;a de reivindicaci&#243;n de los derechos de la clase obrera, no parece que tenga mucho que ver con las gentes del campo.<\/p>\n","protected":false},"author":3,"featured_media":8174,"comment_status":"open","ping_status":"open","sticky":false,"template":"","format":"standard","meta":{"footnotes":""},"categories":[4,11],"tags":[],"yoast_head":"<!-- This site is optimized with the Yoast SEO plugin v24.5 - https:\/\/yoast.com\/wordpress\/plugins\/seo\/ -->\n<title>EL CAMPO TAMBIEN REIVINDICA UN SALARIO DIGNO - ASAJA Le\u00f3n<\/title>\n<meta name=\"description\" content=\"No hay duda de que la agricultura y la ganader&#237;a es una actividad empresarial y que como tal los ingresos no se perciben de forma fija ni sujetos a derechos laborales adquiridos, por eso en principio la fiesta del 1 de mayo, d&#237;a de reivindicaci&#243;n de los derechos de la clase obrera, no parece que tenga mucho que ver con las gentes del campo.\" \/>\n<meta name=\"robots\" content=\"index, follow, max-snippet:-1, max-image-preview:large, max-video-preview:-1\" \/>\n<link rel=\"canonical\" href=\"https:\/\/www.asajacyl.com\/leon\/asaja-leon-informa\/el-campo-tambien-reivindica-un-salario-digno\" \/>\n<meta property=\"og:locale\" content=\"es_ES\" \/>\n<meta property=\"og:type\" content=\"article\" \/>\n<meta property=\"og:title\" content=\"EL CAMPO TAMBIEN REIVINDICA UN SALARIO DIGNO - ASAJA Le\u00f3n\" \/>\n<meta property=\"og:description\" content=\"No hay duda de que la agricultura y la ganader&#237;a es una actividad empresarial y que como tal los ingresos no se perciben de forma fija ni sujetos a derechos laborales adquiridos, por eso en principio la fiesta del 1 de mayo, d&#237;a de reivindicaci&#243;n de los derechos de la clase obrera, no parece que tenga mucho que ver con las gentes del campo.\" \/>\n<meta property=\"og:url\" content=\"https:\/\/www.asajacyl.com\/leon\/asaja-leon-informa\/el-campo-tambien-reivindica-un-salario-digno\" \/>\n<meta property=\"og:site_name\" content=\"ASAJA Le\u00f3n\" \/>\n<meta property=\"article:published_time\" content=\"2003-04-29T22:00:00+00:00\" \/>\n<meta property=\"article:modified_time\" content=\"2017-11-15T09:03:46+00:00\" \/>\n<meta property=\"og:image\" content=\"https:\/\/www.asajacyl.com\/leon\/wp-content\/uploads\/sites\/6\/2017\/11\/im_predefinida_1920x1080.jpg\" \/>\n\t<meta property=\"og:image:width\" content=\"1920\" \/>\n\t<meta property=\"og:image:height\" content=\"1080\" \/>\n\t<meta property=\"og:image:type\" content=\"image\/jpeg\" \/>\n<meta name=\"author\" content=\"Editor\" \/>\n<meta name=\"twitter:card\" content=\"summary_large_image\" \/>\n<meta name=\"twitter:label1\" content=\"Escrito por\" \/>\n\t<meta name=\"twitter:data1\" content=\"Editor\" \/>\n\t<meta name=\"twitter:label2\" content=\"Tiempo de lectura\" \/>\n\t<meta name=\"twitter:data2\" content=\"4 minutos\" \/>\n<script type=\"application\/ld+json\" class=\"yoast-schema-graph\">{\"@context\":\"https:\/\/schema.org\",\"@graph\":[{\"@type\":\"WebPage\",\"@id\":\"https:\/\/www.asajacyl.com\/leon\/asaja-leon-informa\/el-campo-tambien-reivindica-un-salario-digno\",\"url\":\"https:\/\/www.asajacyl.com\/leon\/asaja-leon-informa\/el-campo-tambien-reivindica-un-salario-digno\",\"name\":\"EL CAMPO TAMBIEN REIVINDICA UN SALARIO DIGNO - ASAJA Le\u00f3n\",\"isPartOf\":{\"@id\":\"https:\/\/www.asajacyl.com\/leon\/#website\"},\"primaryImageOfPage\":{\"@id\":\"https:\/\/www.asajacyl.com\/leon\/asaja-leon-informa\/el-campo-tambien-reivindica-un-salario-digno#primaryimage\"},\"image\":{\"@id\":\"https:\/\/www.asajacyl.com\/leon\/asaja-leon-informa\/el-campo-tambien-reivindica-un-salario-digno#primaryimage\"},\"thumbnailUrl\":\"https:\/\/www.asajacyl.com\/leon\/wp-content\/uploads\/sites\/6\/2017\/11\/im_predefinida_1920x1080.jpg\",\"datePublished\":\"2003-04-29T22:00:00+00:00\",\"dateModified\":\"2017-11-15T09:03:46+00:00\",\"author\":{\"@id\":\"https:\/\/www.asajacyl.com\/leon\/#\/schema\/person\/7e884476cee132331142e8ac9689f20c\"},\"description\":\"No hay duda de que la agricultura y la ganader&#237;a es una actividad empresarial y que como tal los ingresos no se perciben de forma fija ni sujetos a derechos laborales adquiridos, por eso en principio la fiesta del 1 de mayo, d&#237;a de reivindicaci&#243;n de los derechos de la clase obrera, no parece que tenga mucho que ver con las gentes del campo.\",\"breadcrumb\":{\"@id\":\"https:\/\/www.asajacyl.com\/leon\/asaja-leon-informa\/el-campo-tambien-reivindica-un-salario-digno#breadcrumb\"},\"inLanguage\":\"es\",\"potentialAction\":[{\"@type\":\"ReadAction\",\"target\":[\"https:\/\/www.asajacyl.com\/leon\/asaja-leon-informa\/el-campo-tambien-reivindica-un-salario-digno\"]}]},{\"@type\":\"ImageObject\",\"inLanguage\":\"es\",\"@id\":\"https:\/\/www.asajacyl.com\/leon\/asaja-leon-informa\/el-campo-tambien-reivindica-un-salario-digno#primaryimage\",\"url\":\"https:\/\/www.asajacyl.com\/leon\/wp-content\/uploads\/sites\/6\/2017\/11\/im_predefinida_1920x1080.jpg\",\"contentUrl\":\"https:\/\/www.asajacyl.com\/leon\/wp-content\/uploads\/sites\/6\/2017\/11\/im_predefinida_1920x1080.jpg\",\"width\":1920,\"height\":1080,\"caption\":\"Logotipo ASAJA Le\u00f3n\"},{\"@type\":\"BreadcrumbList\",\"@id\":\"https:\/\/www.asajacyl.com\/leon\/asaja-leon-informa\/el-campo-tambien-reivindica-un-salario-digno#breadcrumb\",\"itemListElement\":[{\"@type\":\"ListItem\",\"position\":1,\"name\":\"Portada\",\"item\":\"https:\/\/www.asajacyl.com\/leon\/\"},{\"@type\":\"ListItem\",\"position\":2,\"name\":\"EL CAMPO TAMBIEN REIVINDICA UN SALARIO DIGNO\"}]},{\"@type\":\"WebSite\",\"@id\":\"https:\/\/www.asajacyl.com\/leon\/#website\",\"url\":\"https:\/\/www.asajacyl.com\/leon\/\",\"name\":\"ASAJA Le\u00f3n\",\"description\":\"Otro sitio m\u00e1s de Provincias ASAJA Castilla y Le\u00f3n\",\"potentialAction\":[{\"@type\":\"SearchAction\",\"target\":{\"@type\":\"EntryPoint\",\"urlTemplate\":\"https:\/\/www.asajacyl.com\/leon\/?s={search_term_string}\"},\"query-input\":{\"@type\":\"PropertyValueSpecification\",\"valueRequired\":true,\"valueName\":\"search_term_string\"}}],\"inLanguage\":\"es\"},{\"@type\":\"Person\",\"@id\":\"https:\/\/www.asajacyl.com\/leon\/#\/schema\/person\/7e884476cee132331142e8ac9689f20c\",\"name\":\"Editor\",\"image\":{\"@type\":\"ImageObject\",\"inLanguage\":\"es\",\"@id\":\"https:\/\/www.asajacyl.com\/leon\/#\/schema\/person\/image\/\",\"url\":\"https:\/\/secure.gravatar.com\/avatar\/a2ef43c165669686cfcfb0e1ffa59869?s=96&d=mm&r=g\",\"contentUrl\":\"https:\/\/secure.gravatar.com\/avatar\/a2ef43c165669686cfcfb0e1ffa59869?s=96&d=mm&r=g\",\"caption\":\"Editor\"},\"url\":\"https:\/\/www.asajacyl.com\/leon\/author\/oscargg\"}]}<\/script>\n<!-- \/ Yoast SEO plugin. -->","yoast_head_json":{"title":"EL CAMPO TAMBIEN REIVINDICA UN SALARIO DIGNO - ASAJA Le\u00f3n","description":"No hay duda de que la agricultura y la ganader&#237;a es una actividad empresarial y que como tal los ingresos no se perciben de forma fija ni sujetos a derechos laborales adquiridos, por eso en principio la fiesta del 1 de mayo, d&#237;a de reivindicaci&#243;n de los derechos de la clase obrera, no parece que tenga mucho que ver con las gentes del campo.","robots":{"index":"index","follow":"follow","max-snippet":"max-snippet:-1","max-image-preview":"max-image-preview:large","max-video-preview":"max-video-preview:-1"},"canonical":"https:\/\/www.asajacyl.com\/leon\/asaja-leon-informa\/el-campo-tambien-reivindica-un-salario-digno","og_locale":"es_ES","og_type":"article","og_title":"EL CAMPO TAMBIEN REIVINDICA UN SALARIO DIGNO - ASAJA Le\u00f3n","og_description":"No hay duda de que la agricultura y la ganader&#237;a es una actividad empresarial y que como tal los ingresos no se perciben de forma fija ni sujetos a derechos laborales adquiridos, por eso en principio la fiesta del 1 de mayo, d&#237;a de reivindicaci&#243;n de los derechos de la clase obrera, no parece que tenga mucho que ver con las gentes del campo.","og_url":"https:\/\/www.asajacyl.com\/leon\/asaja-leon-informa\/el-campo-tambien-reivindica-un-salario-digno","og_site_name":"ASAJA Le\u00f3n","article_published_time":"2003-04-29T22:00:00+00:00","article_modified_time":"2017-11-15T09:03:46+00:00","og_image":[{"width":1920,"height":1080,"url":"https:\/\/www.asajacyl.com\/leon\/wp-content\/uploads\/sites\/6\/2017\/11\/im_predefinida_1920x1080.jpg","type":"image\/jpeg"}],"author":"Editor","twitter_card":"summary_large_image","twitter_misc":{"Escrito por":"Editor","Tiempo de lectura":"4 minutos"},"schema":{"@context":"https:\/\/schema.org","@graph":[{"@type":"WebPage","@id":"https:\/\/www.asajacyl.com\/leon\/asaja-leon-informa\/el-campo-tambien-reivindica-un-salario-digno","url":"https:\/\/www.asajacyl.com\/leon\/asaja-leon-informa\/el-campo-tambien-reivindica-un-salario-digno","name":"EL CAMPO TAMBIEN REIVINDICA UN SALARIO DIGNO - ASAJA Le\u00f3n","isPartOf":{"@id":"https:\/\/www.asajacyl.com\/leon\/#website"},"primaryImageOfPage":{"@id":"https:\/\/www.asajacyl.com\/leon\/asaja-leon-informa\/el-campo-tambien-reivindica-un-salario-digno#primaryimage"},"image":{"@id":"https:\/\/www.asajacyl.com\/leon\/asaja-leon-informa\/el-campo-tambien-reivindica-un-salario-digno#primaryimage"},"thumbnailUrl":"https:\/\/www.asajacyl.com\/leon\/wp-content\/uploads\/sites\/6\/2017\/11\/im_predefinida_1920x1080.jpg","datePublished":"2003-04-29T22:00:00+00:00","dateModified":"2017-11-15T09:03:46+00:00","author":{"@id":"https:\/\/www.asajacyl.com\/leon\/#\/schema\/person\/7e884476cee132331142e8ac9689f20c"},"description":"No hay duda de que la agricultura y la ganader&#237;a es una actividad empresarial y que como tal los ingresos no se perciben de forma fija ni sujetos a derechos laborales adquiridos, por eso en principio la fiesta del 1 de mayo, d&#237;a de reivindicaci&#243;n de los derechos de la clase obrera, no parece que tenga mucho que ver con las gentes del campo.","breadcrumb":{"@id":"https:\/\/www.asajacyl.com\/leon\/asaja-leon-informa\/el-campo-tambien-reivindica-un-salario-digno#breadcrumb"},"inLanguage":"es","potentialAction":[{"@type":"ReadAction","target":["https:\/\/www.asajacyl.com\/leon\/asaja-leon-informa\/el-campo-tambien-reivindica-un-salario-digno"]}]},{"@type":"ImageObject","inLanguage":"es","@id":"https:\/\/www.asajacyl.com\/leon\/asaja-leon-informa\/el-campo-tambien-reivindica-un-salario-digno#primaryimage","url":"https:\/\/www.asajacyl.com\/leon\/wp-content\/uploads\/sites\/6\/2017\/11\/im_predefinida_1920x1080.jpg","contentUrl":"https:\/\/www.asajacyl.com\/leon\/wp-content\/uploads\/sites\/6\/2017\/11\/im_predefinida_1920x1080.jpg","width":1920,"height":1080,"caption":"Logotipo ASAJA Le\u00f3n"},{"@type":"BreadcrumbList","@id":"https:\/\/www.asajacyl.com\/leon\/asaja-leon-informa\/el-campo-tambien-reivindica-un-salario-digno#breadcrumb","itemListElement":[{"@type":"ListItem","position":1,"name":"Portada","item":"https:\/\/www.asajacyl.com\/leon\/"},{"@type":"ListItem","position":2,"name":"EL CAMPO TAMBIEN REIVINDICA UN SALARIO DIGNO"}]},{"@type":"WebSite","@id":"https:\/\/www.asajacyl.com\/leon\/#website","url":"https:\/\/www.asajacyl.com\/leon\/","name":"ASAJA Le\u00f3n","description":"Otro sitio m\u00e1s de Provincias ASAJA Castilla y Le\u00f3n","potentialAction":[{"@type":"SearchAction","target":{"@type":"EntryPoint","urlTemplate":"https:\/\/www.asajacyl.com\/leon\/?s={search_term_string}"},"query-input":{"@type":"PropertyValueSpecification","valueRequired":true,"valueName":"search_term_string"}}],"inLanguage":"es"},{"@type":"Person","@id":"https:\/\/www.asajacyl.com\/leon\/#\/schema\/person\/7e884476cee132331142e8ac9689f20c","name":"Editor","image":{"@type":"ImageObject","inLanguage":"es","@id":"https:\/\/www.asajacyl.com\/leon\/#\/schema\/person\/image\/","url":"https:\/\/secure.gravatar.com\/avatar\/a2ef43c165669686cfcfb0e1ffa59869?s=96&d=mm&r=g","contentUrl":"https:\/\/secure.gravatar.com\/avatar\/a2ef43c165669686cfcfb0e1ffa59869?s=96&d=mm&r=g","caption":"Editor"},"url":"https:\/\/www.asajacyl.com\/leon\/author\/oscargg"}]}},"_links":{"self":[{"href":"https:\/\/www.asajacyl.com\/leon\/wp-json\/wp\/v2\/posts\/927"}],"collection":[{"href":"https:\/\/www.asajacyl.com\/leon\/wp-json\/wp\/v2\/posts"}],"about":[{"href":"https:\/\/www.asajacyl.com\/leon\/wp-json\/wp\/v2\/types\/post"}],"author":[{"embeddable":true,"href":"https:\/\/www.asajacyl.com\/leon\/wp-json\/wp\/v2\/users\/3"}],"replies":[{"embeddable":true,"href":"https:\/\/www.asajacyl.com\/leon\/wp-json\/wp\/v2\/comments?post=927"}],"version-history":[{"count":1,"href":"https:\/\/www.asajacyl.com\/leon\/wp-json\/wp\/v2\/posts\/927\/revisions"}],"predecessor-version":[{"id":1292,"href":"https:\/\/www.asajacyl.com\/leon\/wp-json\/wp\/v2\/posts\/927\/revisions\/1292"}],"wp:featuredmedia":[{"embeddable":true,"href":"https:\/\/www.asajacyl.com\/leon\/wp-json\/wp\/v2\/media\/8174"}],"wp:attachment":[{"href":"https:\/\/www.asajacyl.com\/leon\/wp-json\/wp\/v2\/media?parent=927"}],"wp:term":[{"taxonomy":"category","embeddable":true,"href":"https:\/\/www.asajacyl.com\/leon\/wp-json\/wp\/v2\/categories?post=927"},{"taxonomy":"post_tag","embeddable":true,"href":"https:\/\/www.asajacyl.com\/leon\/wp-json\/wp\/v2\/tags?post=927"}],"curies":[{"name":"wp","href":"https:\/\/api.w.org\/{rel}","templated":true}]}}