{"id":932,"date":"2003-03-21T00:00:00","date_gmt":"2003-03-20T23:00:00","guid":{"rendered":"https:\/\/www.asajacyl.com\/leon\/2003\/03\/21\/una-feria-alimentaria-de-espaldas-a-los-agricultores\/"},"modified":"2017-11-15T10:03:49","modified_gmt":"2017-11-15T09:03:49","slug":"una-feria-alimentaria-de-espaldas-a-los-agricultores","status":"publish","type":"post","link":"https:\/\/www.asajacyl.com\/leon\/asaja-leon-informa\/una-feria-alimentaria-de-espaldas-a-los-agricultores","title":{"rendered":"UNA FERIA ALIMENTARIA DE ESPALDAS A LOS AGRICULTORES"},"content":{"rendered":"<h2>La Feria Alimentaria de Castilla y Le&#243;n, recientemente celebrada en Valladolid, ha sido un buen escaparate para dar a conocer nuestros productos a quienes pueden abrir nuevos mercados.<\/h2>\n<p><body><\/p>\n<p><b><font size=\"5\"><\/font><\/p>\n<p align=\"right\" style=\"margin-top: 0; margin-bottom: 0\"><font size=\"2\">Opini&#243;n<\/font><\/p>\n<p><\/b><\/p>\n<p align=\"justify\" style=\"margin-top: 0; margin-bottom: 0\">&#160;<\/p>\n<p><b><\/p>\n<p align=\"center\" style=\"margin-top: 0; margin-bottom: 0\"><font size=\"2\" color=\"#008080\">UNA<br \/>\nFERIA ALIMENTARIA DE ESPALDAS A LOS AGRICULTORES<\/font><\/p>\n<p align=\"justify\" style=\"margin-top: 0; margin-bottom: 0\">&#160;<\/p>\n<p align=\"center\" style=\"margin-top: 0; margin-bottom: 0\"><font size=\"2\">Jos&#233;<br \/>\nAntonio Turrado<\/font><\/p>\n<p><\/b><\/p>\n<p align=\"justify\" style=\"margin-top: 0; margin-bottom: 0\">&#160;<\/p>\n<p><b><\/p>\n<p align=\"justify\" style=\"margin-top: 0; margin-bottom: 0\"><font size=\"2\">L<\/font><\/p>\n<p><\/b><font size=\"2\">a<br \/>\nFeria Alimentaria de Castilla y Le&#243;n, recientemente celebrada en Valladolid, ha<br \/>\nsido un buen escaparate para dar a conocer nuestros productos a quienes pueden<br \/>\nabrir nuevos mercados. No cabe duda de que nuestros productos agroalimentarios<br \/>\nson de una calidad contrastada, y que se han dado en estos &#250;ltimos a&#241;os pasos<br \/>\nimportantes a favor de la misma. Calidad que ha empezado por mejorar las<br \/>\nmaterias primas, es decir, lo que producen nuestros agricultores y ganaderos. La<br \/>\nmodernizaci&#243;n de las industrias de transformaci&#243;n aplicando las nuevas<br \/>\ntecnolog&#237;as, y la investigaci&#243;n y desarrollo que han tenido lugar, han sido<br \/>\ndeterminantes para que los productos alimenticios de Castilla y Le&#243;n puedan<br \/>\ncompetir en los mercados nacionales e internacionales tanto en calidad como en<br \/>\nprecio.<\/font><\/body><\/p>\n<p align=\"justify\" style=\"margin-top: 0; margin-bottom: 0\">&#160;<\/p>\n<p align=\"justify\" style=\"margin-top: 0; margin-bottom: 0\"><font size=\"2\">El<br \/>\ngran error de la Feria Alimentaria estuvo, a mi modo de ver y entender, en que<br \/>\nse olvid&#243; al primer escal&#243;n de la cadena: al agricultor y ganadero. Y no s&#243;lo<br \/>\nes que la feria no contase con la parte de la producci&#243;n, sino que se celebr&#243;<br \/>\nde espaldas al sector agropecuario. Es significativo que quienes producen la<br \/>\nleche, las patatas, las uvas, las hortalizas o la carne no hayan visto la Feria<br \/>\ncomo algo suyo, como algo que les interese, y m&#225;s bien al contrario han<br \/>\nconsiderado como enemigos a quienes expon&#237;an en el recinto.<\/font><\/p>\n<p align=\"justify\" style=\"margin-top: 0; margin-bottom: 0\">&#160;<\/p>\n<p align=\"justify\" style=\"margin-top: 0; margin-bottom: 0\"><font size=\"2\">Nuestra<br \/>\nindustria agroalimentaria no habr&#225; alcanzado el grado de madurez propia de<br \/>\nquienes quieren conquistar los mercados hasta que no normalice sus relaciones<br \/>\ncon el sector productor y establezca unas relaciones interprofesionales propias<br \/>\nde pa&#237;ses europeos de nuestro entorno. La industria agroalimentaria tiene<br \/>\nnecesariamente que contar con el agricultor y ganadero para mejorar la calidad<br \/>\nde los productos y ofrecer aquello que demanda el consumidor, y tiene tambi&#233;n<br \/>\nque garantizar unos precios por los productos que permitan una renta digna a la<br \/>\ngente del campo, ya que de lo contrario el abandono del sector ser&#225; un hecho. Y<br \/>\nen el momento en que no exista la imbricaci&#243;n del sector agrario y el<br \/>\ntransformador, y los productos vengan de fuera, ya no vale la publicidad<br \/>\ngratuita de la calidad de los productos de nuestra tierra, pues transformar y<br \/>\nenvasar productos de fuera lo puede hacer cualquiera en cualquier parte del<br \/>\nmundo y a buen seguro de forma m&#225;s eficiente y barata.<\/font><\/p>\n<p align=\"justify\" style=\"margin-top: 0; margin-bottom: 0\">&#160;<\/p>\n<p align=\"justify\" style=\"margin-top: 0; margin-bottom: 0\"><font size=\"2\">Por<br \/>\ntodo ello, los productos de Castilla y Le&#243;n, con o sin marchamo espec&#237;fico de<br \/>\ncalidad, requieren del compromiso y la actuaci&#243;n conjunta de todas las partes<br \/>\nque intervienen en la cadena productiva, y, en mayor medida que ninguna otra, de<br \/>\nla parte agr&#237;cola y ganadera. Si nuestra industria agroalimentaria es<br \/>\ninteligente y hace una apuesta de futuro seguro que sabr&#225; entenderlo, y<br \/>\ndeber&#237;a de entenderlo tambi&#233;n una administraci&#243;n p&#250;blica que es m&#225;s<br \/>\nproclive por ejemplo a degustar los vinos y los quesos que a involucrarse con<br \/>\nlos problemas de ganaderos y viticultores. El sector agropecuario est&#225; en<br \/>\ncrisis, y esa crisis se ha de resolver de la mejor manera posible, de la menos<br \/>\ntraum&#225;tica, y no podemos hablar de un pr&#243;spero y prometedor sector<br \/>\nagroindustrial si nuestros agricultores y ganaderos tienen que cerrar la puerta<br \/>\nporque sus explotaciones no son viables.<\/font><\/p>\n<p align=\"justify\" style=\"margin-top: 0; margin-bottom: 0\">&#160;<\/p>\n<p align=\"justify\" style=\"margin-top: 0; margin-bottom: 0\"><font size=\"2\">La<br \/>\nindustria agroalimentaria, aunque se equivoque a la larga, est&#225; en su derecho<br \/>\nde no mirar para la parte agr&#237;cola, de no querer repartir parte de los<br \/>\nbeneficios, y de imponer en vez de negociar. Lo que no es de recibo es que la<br \/>\nadministraci&#243;n, nuestro Gobierno regional, permita con complacencia que la<br \/>\nparte m&#225;s fuerte se desarrolle a costa de arruinar a quien produce. Que permita<br \/>\nm&#225;rgenes comerciales de esc&#225;ndalo mientras se paga la leche al productor un<br \/>\nquince por ciento menos que hace un a&#241;o, cuando las patatas se venden a tres<br \/>\nc&#233;ntimos, las legumbres no valen nada, y la carne no levanta cabeza.<\/font><\/p>\n<p align=\"justify\" style=\"margin-top: 0; margin-bottom: 0\">&#160;<\/p>\n<p align=\"justify\" style=\"margin-top: 0; margin-bottom: 0\"><font size=\"2\">En la<br \/>\nFeria Alimentaria de Valladolid las empresas y la administraci&#243;n estaban<br \/>\nadentro celebrando su particular fiesta. Afuera los agricultores y ganaderos<br \/>\nreclamaban un precio justo para sus productos, pero una vez m&#225;s ambos mundos<br \/>\nestaban separados por un infranqueable muro.<\/font><\/p>\n<p align=\"justify\" style=\"margin-top: 0; margin-bottom: 0\">&#160;<\/p>\n<ul>\n  <b><font size=\"2\"><\/p>\n<li>\n<p align=\"right\" style=\"margin-top: 0; margin-bottom: 0\">Jos&#233; Antonio<br \/>\n    Turrado es secretario general de ASAJA de Castilla y Le&#243;n<\/p>\n<\/li>\n<p>  <\/font><\/b><\/ul>\n<p align=\"right\" style=\"margin-top: 0; margin-bottom: 0\">Le&#243;n a 21 de marzo<br \/>\n  de 2003<\/p>\n","protected":false},"excerpt":{"rendered":"<p>La Feria Alimentaria de Castilla y Le&#243;n, recientemente celebrada en Valladolid, ha sido un buen escaparate para dar a conocer nuestros productos a quienes pueden abrir nuevos mercados.<\/p>\n","protected":false},"author":3,"featured_media":8174,"comment_status":"open","ping_status":"open","sticky":false,"template":"","format":"standard","meta":{"footnotes":""},"categories":[4,11],"tags":[],"yoast_head":"<!-- This site is optimized with the Yoast SEO plugin v24.5 - https:\/\/yoast.com\/wordpress\/plugins\/seo\/ -->\n<title>UNA FERIA ALIMENTARIA DE ESPALDAS A LOS AGRICULTORES - ASAJA Le\u00f3n<\/title>\n<meta name=\"description\" content=\"La Feria Alimentaria de Castilla y Le&#243;n, recientemente celebrada en Valladolid, ha sido un buen escaparate para dar a conocer nuestros productos a quienes pueden abrir nuevos mercados.\" \/>\n<meta name=\"robots\" content=\"index, follow, max-snippet:-1, max-image-preview:large, max-video-preview:-1\" \/>\n<link rel=\"canonical\" href=\"https:\/\/www.asajacyl.com\/leon\/asaja-leon-informa\/una-feria-alimentaria-de-espaldas-a-los-agricultores\" \/>\n<meta property=\"og:locale\" content=\"es_ES\" \/>\n<meta property=\"og:type\" content=\"article\" \/>\n<meta property=\"og:title\" content=\"UNA FERIA ALIMENTARIA DE ESPALDAS A LOS AGRICULTORES - ASAJA Le\u00f3n\" \/>\n<meta property=\"og:description\" content=\"La Feria Alimentaria de Castilla y Le&#243;n, recientemente celebrada en Valladolid, ha sido un buen escaparate para dar a conocer nuestros productos a quienes pueden abrir nuevos mercados.\" \/>\n<meta property=\"og:url\" content=\"https:\/\/www.asajacyl.com\/leon\/asaja-leon-informa\/una-feria-alimentaria-de-espaldas-a-los-agricultores\" \/>\n<meta property=\"og:site_name\" content=\"ASAJA Le\u00f3n\" \/>\n<meta property=\"article:published_time\" content=\"2003-03-20T23:00:00+00:00\" \/>\n<meta property=\"article:modified_time\" content=\"2017-11-15T09:03:49+00:00\" \/>\n<meta property=\"og:image\" content=\"https:\/\/www.asajacyl.com\/leon\/wp-content\/uploads\/sites\/6\/2017\/11\/im_predefinida_1920x1080.jpg\" \/>\n\t<meta property=\"og:image:width\" content=\"1920\" \/>\n\t<meta property=\"og:image:height\" content=\"1080\" \/>\n\t<meta property=\"og:image:type\" content=\"image\/jpeg\" \/>\n<meta name=\"author\" content=\"Editor\" \/>\n<meta name=\"twitter:card\" content=\"summary_large_image\" \/>\n<meta name=\"twitter:label1\" content=\"Escrito por\" \/>\n\t<meta name=\"twitter:data1\" content=\"Editor\" \/>\n\t<meta name=\"twitter:label2\" content=\"Tiempo de lectura\" \/>\n\t<meta name=\"twitter:data2\" content=\"4 minutos\" \/>\n<script type=\"application\/ld+json\" class=\"yoast-schema-graph\">{\"@context\":\"https:\/\/schema.org\",\"@graph\":[{\"@type\":\"WebPage\",\"@id\":\"https:\/\/www.asajacyl.com\/leon\/asaja-leon-informa\/una-feria-alimentaria-de-espaldas-a-los-agricultores\",\"url\":\"https:\/\/www.asajacyl.com\/leon\/asaja-leon-informa\/una-feria-alimentaria-de-espaldas-a-los-agricultores\",\"name\":\"UNA FERIA ALIMENTARIA DE ESPALDAS A LOS AGRICULTORES - ASAJA Le\u00f3n\",\"isPartOf\":{\"@id\":\"https:\/\/www.asajacyl.com\/leon\/#website\"},\"primaryImageOfPage\":{\"@id\":\"https:\/\/www.asajacyl.com\/leon\/asaja-leon-informa\/una-feria-alimentaria-de-espaldas-a-los-agricultores#primaryimage\"},\"image\":{\"@id\":\"https:\/\/www.asajacyl.com\/leon\/asaja-leon-informa\/una-feria-alimentaria-de-espaldas-a-los-agricultores#primaryimage\"},\"thumbnailUrl\":\"https:\/\/www.asajacyl.com\/leon\/wp-content\/uploads\/sites\/6\/2017\/11\/im_predefinida_1920x1080.jpg\",\"datePublished\":\"2003-03-20T23:00:00+00:00\",\"dateModified\":\"2017-11-15T09:03:49+00:00\",\"author\":{\"@id\":\"https:\/\/www.asajacyl.com\/leon\/#\/schema\/person\/7e884476cee132331142e8ac9689f20c\"},\"description\":\"La Feria Alimentaria de Castilla y Le&#243;n, recientemente celebrada en Valladolid, ha sido un buen escaparate para dar a conocer nuestros productos a quienes pueden abrir nuevos mercados.\",\"breadcrumb\":{\"@id\":\"https:\/\/www.asajacyl.com\/leon\/asaja-leon-informa\/una-feria-alimentaria-de-espaldas-a-los-agricultores#breadcrumb\"},\"inLanguage\":\"es\",\"potentialAction\":[{\"@type\":\"ReadAction\",\"target\":[\"https:\/\/www.asajacyl.com\/leon\/asaja-leon-informa\/una-feria-alimentaria-de-espaldas-a-los-agricultores\"]}]},{\"@type\":\"ImageObject\",\"inLanguage\":\"es\",\"@id\":\"https:\/\/www.asajacyl.com\/leon\/asaja-leon-informa\/una-feria-alimentaria-de-espaldas-a-los-agricultores#primaryimage\",\"url\":\"https:\/\/www.asajacyl.com\/leon\/wp-content\/uploads\/sites\/6\/2017\/11\/im_predefinida_1920x1080.jpg\",\"contentUrl\":\"https:\/\/www.asajacyl.com\/leon\/wp-content\/uploads\/sites\/6\/2017\/11\/im_predefinida_1920x1080.jpg\",\"width\":1920,\"height\":1080,\"caption\":\"Logotipo ASAJA Le\u00f3n\"},{\"@type\":\"BreadcrumbList\",\"@id\":\"https:\/\/www.asajacyl.com\/leon\/asaja-leon-informa\/una-feria-alimentaria-de-espaldas-a-los-agricultores#breadcrumb\",\"itemListElement\":[{\"@type\":\"ListItem\",\"position\":1,\"name\":\"Portada\",\"item\":\"https:\/\/www.asajacyl.com\/leon\/\"},{\"@type\":\"ListItem\",\"position\":2,\"name\":\"UNA FERIA ALIMENTARIA DE ESPALDAS A LOS AGRICULTORES\"}]},{\"@type\":\"WebSite\",\"@id\":\"https:\/\/www.asajacyl.com\/leon\/#website\",\"url\":\"https:\/\/www.asajacyl.com\/leon\/\",\"name\":\"ASAJA Le\u00f3n\",\"description\":\"Otro sitio m\u00e1s de Provincias ASAJA Castilla y Le\u00f3n\",\"potentialAction\":[{\"@type\":\"SearchAction\",\"target\":{\"@type\":\"EntryPoint\",\"urlTemplate\":\"https:\/\/www.asajacyl.com\/leon\/?s={search_term_string}\"},\"query-input\":{\"@type\":\"PropertyValueSpecification\",\"valueRequired\":true,\"valueName\":\"search_term_string\"}}],\"inLanguage\":\"es\"},{\"@type\":\"Person\",\"@id\":\"https:\/\/www.asajacyl.com\/leon\/#\/schema\/person\/7e884476cee132331142e8ac9689f20c\",\"name\":\"Editor\",\"image\":{\"@type\":\"ImageObject\",\"inLanguage\":\"es\",\"@id\":\"https:\/\/www.asajacyl.com\/leon\/#\/schema\/person\/image\/\",\"url\":\"https:\/\/secure.gravatar.com\/avatar\/a2ef43c165669686cfcfb0e1ffa59869?s=96&d=mm&r=g\",\"contentUrl\":\"https:\/\/secure.gravatar.com\/avatar\/a2ef43c165669686cfcfb0e1ffa59869?s=96&d=mm&r=g\",\"caption\":\"Editor\"},\"url\":\"https:\/\/www.asajacyl.com\/leon\/author\/oscargg\"}]}<\/script>\n<!-- \/ Yoast SEO plugin. -->","yoast_head_json":{"title":"UNA FERIA ALIMENTARIA DE ESPALDAS A LOS AGRICULTORES - ASAJA Le\u00f3n","description":"La Feria Alimentaria de Castilla y Le&#243;n, recientemente celebrada en Valladolid, ha sido un buen escaparate para dar a conocer nuestros productos a quienes pueden abrir nuevos mercados.","robots":{"index":"index","follow":"follow","max-snippet":"max-snippet:-1","max-image-preview":"max-image-preview:large","max-video-preview":"max-video-preview:-1"},"canonical":"https:\/\/www.asajacyl.com\/leon\/asaja-leon-informa\/una-feria-alimentaria-de-espaldas-a-los-agricultores","og_locale":"es_ES","og_type":"article","og_title":"UNA FERIA ALIMENTARIA DE ESPALDAS A LOS AGRICULTORES - ASAJA Le\u00f3n","og_description":"La Feria Alimentaria de Castilla y Le&#243;n, recientemente celebrada en Valladolid, ha sido un buen escaparate para dar a conocer nuestros productos a quienes pueden abrir nuevos mercados.","og_url":"https:\/\/www.asajacyl.com\/leon\/asaja-leon-informa\/una-feria-alimentaria-de-espaldas-a-los-agricultores","og_site_name":"ASAJA Le\u00f3n","article_published_time":"2003-03-20T23:00:00+00:00","article_modified_time":"2017-11-15T09:03:49+00:00","og_image":[{"width":1920,"height":1080,"url":"https:\/\/www.asajacyl.com\/leon\/wp-content\/uploads\/sites\/6\/2017\/11\/im_predefinida_1920x1080.jpg","type":"image\/jpeg"}],"author":"Editor","twitter_card":"summary_large_image","twitter_misc":{"Escrito por":"Editor","Tiempo de lectura":"4 minutos"},"schema":{"@context":"https:\/\/schema.org","@graph":[{"@type":"WebPage","@id":"https:\/\/www.asajacyl.com\/leon\/asaja-leon-informa\/una-feria-alimentaria-de-espaldas-a-los-agricultores","url":"https:\/\/www.asajacyl.com\/leon\/asaja-leon-informa\/una-feria-alimentaria-de-espaldas-a-los-agricultores","name":"UNA FERIA ALIMENTARIA DE ESPALDAS A LOS AGRICULTORES - ASAJA Le\u00f3n","isPartOf":{"@id":"https:\/\/www.asajacyl.com\/leon\/#website"},"primaryImageOfPage":{"@id":"https:\/\/www.asajacyl.com\/leon\/asaja-leon-informa\/una-feria-alimentaria-de-espaldas-a-los-agricultores#primaryimage"},"image":{"@id":"https:\/\/www.asajacyl.com\/leon\/asaja-leon-informa\/una-feria-alimentaria-de-espaldas-a-los-agricultores#primaryimage"},"thumbnailUrl":"https:\/\/www.asajacyl.com\/leon\/wp-content\/uploads\/sites\/6\/2017\/11\/im_predefinida_1920x1080.jpg","datePublished":"2003-03-20T23:00:00+00:00","dateModified":"2017-11-15T09:03:49+00:00","author":{"@id":"https:\/\/www.asajacyl.com\/leon\/#\/schema\/person\/7e884476cee132331142e8ac9689f20c"},"description":"La Feria Alimentaria de Castilla y Le&#243;n, recientemente celebrada en Valladolid, ha sido un buen escaparate para dar a conocer nuestros productos a quienes pueden abrir nuevos mercados.","breadcrumb":{"@id":"https:\/\/www.asajacyl.com\/leon\/asaja-leon-informa\/una-feria-alimentaria-de-espaldas-a-los-agricultores#breadcrumb"},"inLanguage":"es","potentialAction":[{"@type":"ReadAction","target":["https:\/\/www.asajacyl.com\/leon\/asaja-leon-informa\/una-feria-alimentaria-de-espaldas-a-los-agricultores"]}]},{"@type":"ImageObject","inLanguage":"es","@id":"https:\/\/www.asajacyl.com\/leon\/asaja-leon-informa\/una-feria-alimentaria-de-espaldas-a-los-agricultores#primaryimage","url":"https:\/\/www.asajacyl.com\/leon\/wp-content\/uploads\/sites\/6\/2017\/11\/im_predefinida_1920x1080.jpg","contentUrl":"https:\/\/www.asajacyl.com\/leon\/wp-content\/uploads\/sites\/6\/2017\/11\/im_predefinida_1920x1080.jpg","width":1920,"height":1080,"caption":"Logotipo ASAJA Le\u00f3n"},{"@type":"BreadcrumbList","@id":"https:\/\/www.asajacyl.com\/leon\/asaja-leon-informa\/una-feria-alimentaria-de-espaldas-a-los-agricultores#breadcrumb","itemListElement":[{"@type":"ListItem","position":1,"name":"Portada","item":"https:\/\/www.asajacyl.com\/leon\/"},{"@type":"ListItem","position":2,"name":"UNA FERIA ALIMENTARIA DE ESPALDAS A LOS AGRICULTORES"}]},{"@type":"WebSite","@id":"https:\/\/www.asajacyl.com\/leon\/#website","url":"https:\/\/www.asajacyl.com\/leon\/","name":"ASAJA Le\u00f3n","description":"Otro sitio m\u00e1s de Provincias ASAJA Castilla y Le\u00f3n","potentialAction":[{"@type":"SearchAction","target":{"@type":"EntryPoint","urlTemplate":"https:\/\/www.asajacyl.com\/leon\/?s={search_term_string}"},"query-input":{"@type":"PropertyValueSpecification","valueRequired":true,"valueName":"search_term_string"}}],"inLanguage":"es"},{"@type":"Person","@id":"https:\/\/www.asajacyl.com\/leon\/#\/schema\/person\/7e884476cee132331142e8ac9689f20c","name":"Editor","image":{"@type":"ImageObject","inLanguage":"es","@id":"https:\/\/www.asajacyl.com\/leon\/#\/schema\/person\/image\/","url":"https:\/\/secure.gravatar.com\/avatar\/a2ef43c165669686cfcfb0e1ffa59869?s=96&d=mm&r=g","contentUrl":"https:\/\/secure.gravatar.com\/avatar\/a2ef43c165669686cfcfb0e1ffa59869?s=96&d=mm&r=g","caption":"Editor"},"url":"https:\/\/www.asajacyl.com\/leon\/author\/oscargg"}]}},"_links":{"self":[{"href":"https:\/\/www.asajacyl.com\/leon\/wp-json\/wp\/v2\/posts\/932"}],"collection":[{"href":"https:\/\/www.asajacyl.com\/leon\/wp-json\/wp\/v2\/posts"}],"about":[{"href":"https:\/\/www.asajacyl.com\/leon\/wp-json\/wp\/v2\/types\/post"}],"author":[{"embeddable":true,"href":"https:\/\/www.asajacyl.com\/leon\/wp-json\/wp\/v2\/users\/3"}],"replies":[{"embeddable":true,"href":"https:\/\/www.asajacyl.com\/leon\/wp-json\/wp\/v2\/comments?post=932"}],"version-history":[{"count":1,"href":"https:\/\/www.asajacyl.com\/leon\/wp-json\/wp\/v2\/posts\/932\/revisions"}],"predecessor-version":[{"id":1297,"href":"https:\/\/www.asajacyl.com\/leon\/wp-json\/wp\/v2\/posts\/932\/revisions\/1297"}],"wp:featuredmedia":[{"embeddable":true,"href":"https:\/\/www.asajacyl.com\/leon\/wp-json\/wp\/v2\/media\/8174"}],"wp:attachment":[{"href":"https:\/\/www.asajacyl.com\/leon\/wp-json\/wp\/v2\/media?parent=932"}],"wp:term":[{"taxonomy":"category","embeddable":true,"href":"https:\/\/www.asajacyl.com\/leon\/wp-json\/wp\/v2\/categories?post=932"},{"taxonomy":"post_tag","embeddable":true,"href":"https:\/\/www.asajacyl.com\/leon\/wp-json\/wp\/v2\/tags?post=932"}],"curies":[{"name":"wp","href":"https:\/\/api.w.org\/{rel}","templated":true}]}}