{"id":933,"date":"2003-03-10T00:00:00","date_gmt":"2003-03-09T23:00:00","guid":{"rendered":"https:\/\/www.asajacyl.com\/leon\/2003\/03\/10\/unos-tienen-el-parlamento-y-otros-tenemos-la-calle\/"},"modified":"2017-11-15T10:03:50","modified_gmt":"2017-11-15T09:03:50","slug":"unos-tienen-el-parlamento-y-otros-tenemos-la-calle","status":"publish","type":"post","link":"https:\/\/www.asajacyl.com\/leon\/asaja-leon-informa\/unos-tienen-el-parlamento-y-otros-tenemos-la-calle","title":{"rendered":"UNOS TIENEN EL PARLAMENTO Y OTROS TENEMOS LA CALLE"},"content":{"rendered":"<h2>Art&#237;culo de opini&#243;n: Necesariamente tengo que discrepar de la versi&#243;n del poder oficial establecido sobre la manifestaci&#243;n de ganaderos  de ayer domingo en Valladolid.<\/h2>\n<p><body><\/p>\n<p><b><i><\/p>\n<p align=\"justify\" style=\"margin-top: 0; margin-bottom: 0\"><font size=\"2\">Art&#237;culo<br \/>\nde opini&#243;n<\/font><\/p>\n<p><\/i><\/b><font size=\"2\"><\/p>\n<p align=\"justify\" style=\"margin-top: 0; margin-bottom: 0\">&#160;<\/p>\n<p><\/font><b><\/p>\n<p align=\"center\" style=\"margin-top: 0; margin-bottom: 0\"><font size=\"2\" color=\"#008080\">UNOS<br \/>\nTIENEN EL PARLAMENTO Y<\/font><\/p>\n<p align=\"center\" style=\"margin-top: 0; margin-bottom: 0\"><font size=\"2\" color=\"#008080\">OTROS<br \/>\nTENEMOS LA CALLE<\/font><\/p>\n<p><\/b><\/p>\n<p align=\"justify\" style=\"margin-top: 0; margin-bottom: 0\"><font size=\"2\">Jos&#233;<br \/>\nAntonio Turrado*<\/font><\/p>\n<p><font size=\"4\"><\/p>\n<p align=\"justify\" style=\"margin-top: 0; margin-bottom: 0\">&#160;<\/p>\n<p><\/font><b><\/p>\n<p align=\"justify\" style=\"margin-top: 0; margin-bottom: 0\"><font size=\"2\">N<\/font><\/p>\n<p><\/b><font size=\"2\">ecesariamente<br \/>\ntengo que discrepar de la versi&#243;n del poder oficial establecido sobre la<br \/>\nmanifestaci&#243;n de ganaderos de ayer domingo en Valladolid. En opini&#243;n m&#237;a, en<br \/>\nopini&#243;n de ASAJA y estoy seguro que de todos los que ven las cosas con<br \/>\nobjetividad, ayer una gran mayor&#237;a del ya minoritario sector vacuno de leche de<br \/>\nCastilla y Le&#243;n manifest&#243; su protesta ante una injusta situaci&#243;n de<br \/>\nhundimiento de los precios que est&#225; poniendo al borde de la quiebra a<br \/>\ncentenares de ganader&#237;as. Responsables de la situaci&#243;n son las industrias<br \/>\nlecheras que campan a sus anchas imponiendo precios y condiciones, y responsable<br \/>\nes la administraci&#243;n regional y nacional que se pone de parte de los que ayer<br \/>\nexpon&#237;an los productos l&#225;cteos en la Ferian Alimentaria y no de parte de los<br \/>\nganaderos que orde&#241;an las vacas.<\/font><\/body><br \/>\n<font size=\"4\"><\/p>\n<p align=\"justify\" style=\"margin-top: 0; margin-bottom: 0\">&#160;<\/p>\n<p><\/font><\/p>\n<p align=\"justify\" style=\"margin-top: 0; margin-bottom: 0\"><font size=\"2\">Ya s&#233;<br \/>\nque es molesto que los ganaderos de toda la regi&#243;n le hayan ido a fastidiar la<br \/>\nma&#241;ana al presidente del Gobierno regional y a todo el s&#233;quito que lleva a su<br \/>\nlado para decirle en cada momento lo bien que lo hace y lo agradecidos que<br \/>\ntenemos que estarle todos por gobernarnos. Pero no menos nos molesta a las<br \/>\ngentes de a pie, las que no tenemos la tribuna del Parlamento para expresarnos y<br \/>\npedir cuentas al que nos gobierna, que nos quieran quitar tambi&#233;n la calle para<br \/>\ndecir libremente lo que pensamos y exigir mejoras sociales y econ&#243;micas como<br \/>\ncolectivo que somos.<\/font><\/p>\n<p><font size=\"4\"><\/p>\n<p align=\"justify\" style=\"margin-top: 0; margin-bottom: 0\">&#160;<\/p>\n<p><\/font><\/p>\n<p align=\"justify\" style=\"margin-top: 0; margin-bottom: 0\"><font size=\"2\">Ayer<br \/>\nen Valladolid, los ganaderos desarmados y sus representantes, tuvimos que sufrir<br \/>\nel cerco de las Fuerzas de Seguridad del Estado con la consigna de acallarnos y<br \/>\nde que no molest&#225;semos a sus se&#241;or&#237;as los que mandan. Y el sector ganadero<br \/>\nutiliz&#243; los medios que ten&#237;a, que eran poco m&#225;s que las palabras, la<br \/>\nimaginaci&#243;n y algunas carreras para que se viesen las pancartas que hab&#237;an<br \/>\nllegado desde nuestros pueblos. Y hubo incidentes, claro que los hubo, aunque<br \/>\nnos falt&#243; un poco de teatro para presentarnos en un centro m&#233;dico a curar<br \/>\nalguna herida y presentar denuncia que le hubiese sacado los colores a m&#225;s de<br \/>\nuno. Y protagonic&#233; una an&#233;cdota que cada cual puede enjuiciar como quiera, y<br \/>\nque sin duda da juego tanto a los miles de amigos como a alg&#250;n enemigo que sin<br \/>\nduda tengo en casi veinte a&#241;os de actividad sindical en el mundo agrario &#8211;los<br \/>\nenemigos creo que fuera del sector ganadero&#8211;, an&#233;cdota que consisti&#243; en<br \/>\nense&#241;ar el trasero a un polic&#237;a que acababa de med&#237;rmelo, y con cierta sa&#241;a,<br \/>\ncon su porra.<\/font><\/p>\n<p><font size=\"4\"><\/p>\n<p align=\"justify\" style=\"margin-top: 0; margin-bottom: 0\">&#160;<\/p>\n<p><\/font><\/p>\n<p align=\"justify\" style=\"margin-top: 0; margin-bottom: 0\"><font size=\"2\">Me<br \/>\natiz&#243; un polic&#237;a un porrazo y sencillamente me sent&#243; mal. Me sent&#243; mal<br \/>\nporque atent&#243; contra mi dignidad como persona humana, porque me pareci&#243; un<br \/>\nporrazo en toda regla de los se&#241;oritos que estaban a un lado de la calle en el<br \/>\ntrasero de toda la gente humilde que al otro lado cercaba la Polic&#237;a. Y s&#233; que<br \/>\npuede estar feo lo que hice, pero tambi&#233;n s&#233; que ni me arrepiento ni lo har&#233;<br \/>\njamas, porque lo hice como un acto de rebeld&#237;a contra los poderosos, contra<br \/>\nquienes quieren quit&#225;rnoslo todo, incluso la calle.<\/font><\/p>\n<p><font size=\"4\"><\/p>\n<p align=\"justify\" style=\"margin-top: 0; margin-bottom: 0\">&#160;<\/p>\n<p><\/font><\/p>\n<p align=\"justify\" style=\"margin-top: 0; margin-bottom: 0\"><font size=\"2\">Y solo<br \/>\npido un deseo, que estoy seguro que quienes me conocen me lo conceder&#225;n por<br \/>\nm&#233;rito propio. Quiero que en el pie de foto que se guarde en los archivos de<br \/>\nlos diarios y de la agencia Efe rece textualmente &#34; Jos&#233; Antonio Turrado,<br \/>\nque nunca se ha bajado los pantalones, le ense&#241;a el culo al Gobierno&#34;.<\/font><\/p>\n<p><font size=\"4\"><\/p>\n<p align=\"justify\" style=\"margin-top: 0; margin-bottom: 0\">&#160;<\/p>\n<p><\/font><\/p>\n<p align=\"justify\" style=\"margin-top: 0; margin-bottom: 0\"><font size=\"2\">Espero<br \/>\nque ustedes me comprendan.<\/font><\/p>\n<p><font size=\"4\"><\/p>\n<p align=\"justify\" style=\"margin-top: 0; margin-bottom: 0\">&#160;<\/p>\n<p><\/font><b><\/p>\n<p align=\"justify\" style=\"margin-top: 0; margin-bottom: 0\">&#160;<\/p>\n<p align=\"justify\" style=\"margin-top: 0; margin-bottom: 0\"><font size=\"2\">*Jos&#233;<br \/>\nAntonio Turrado Fern&#225;ndez es secretario general de ASAJA Castilla y Le&#243;n<\/font><\/p>\n<p><\/b><font size=\"4\"><\/p>\n<p align=\"justify\" style=\"margin-top: 0; margin-bottom: 0\">&#160;<\/p>\n<p align=\"justify\" style=\"margin-top: 0; margin-bottom: 0\">&#160;<\/p>\n<p><\/font><font size=\"2\"><\/p>\n<p align=\"justify\" style=\"margin-top: 0; margin-bottom: 0\">&#160;<\/p>\n<p><\/font><b><\/p>\n<p align=\"justify\" style=\"margin-top: 0; margin-bottom: 0\">&#160;<\/p>\n<p><\/b><font size=\"4\"><\/p>\n<p align=\"justify\" style=\"margin-top: 0; margin-bottom: 0\">&#160;<\/p>\n<p align=\"justify\" style=\"margin-top: 0; margin-bottom: 0\">&#160;<\/p>\n<p align=\"justify\" style=\"margin-top: 0; margin-bottom: 0\">&#160;<\/p>\n<p><\/font><\/p>\n","protected":false},"excerpt":{"rendered":"<p>Art&#237;culo de opini&#243;n: Necesariamente tengo que discrepar de la versi&#243;n del poder oficial establecido sobre la manifestaci&#243;n de ganaderos  de ayer domingo en Valladolid.<\/p>\n","protected":false},"author":3,"featured_media":6517,"comment_status":"open","ping_status":"open","sticky":false,"template":"","format":"standard","meta":{"footnotes":""},"categories":[4,11],"tags":[],"yoast_head":"<!-- This site is optimized with the Yoast SEO plugin v24.5 - https:\/\/yoast.com\/wordpress\/plugins\/seo\/ -->\n<title>UNOS TIENEN EL PARLAMENTO Y OTROS TENEMOS LA CALLE - ASAJA Le\u00f3n<\/title>\n<meta name=\"description\" content=\"Art&#237;culo de opini&#243;n: Necesariamente tengo que discrepar de la versi&#243;n del poder oficial establecido sobre la manifestaci&#243;n de ganaderos de ayer domingo en Valladolid.\" \/>\n<meta name=\"robots\" content=\"index, follow, max-snippet:-1, max-image-preview:large, max-video-preview:-1\" \/>\n<link rel=\"canonical\" href=\"https:\/\/www.asajacyl.com\/leon\/asaja-leon-informa\/unos-tienen-el-parlamento-y-otros-tenemos-la-calle\" \/>\n<meta property=\"og:locale\" content=\"es_ES\" \/>\n<meta property=\"og:type\" content=\"article\" \/>\n<meta property=\"og:title\" content=\"UNOS TIENEN EL PARLAMENTO Y OTROS TENEMOS LA CALLE - ASAJA Le\u00f3n\" \/>\n<meta property=\"og:description\" content=\"Art&#237;culo de opini&#243;n: Necesariamente tengo que discrepar de la versi&#243;n del poder oficial establecido sobre la manifestaci&#243;n de ganaderos de ayer domingo en Valladolid.\" \/>\n<meta property=\"og:url\" content=\"https:\/\/www.asajacyl.com\/leon\/asaja-leon-informa\/unos-tienen-el-parlamento-y-otros-tenemos-la-calle\" \/>\n<meta property=\"og:site_name\" content=\"ASAJA Le\u00f3n\" \/>\n<meta property=\"article:published_time\" content=\"2003-03-09T23:00:00+00:00\" \/>\n<meta property=\"article:modified_time\" content=\"2017-11-15T09:03:50+00:00\" \/>\n<meta property=\"og:image\" content=\"https:\/\/www.asajacyl.com\/leon\/wp-content\/uploads\/sites\/6\/2017\/11\/Turrado.jpg\" \/>\n\t<meta property=\"og:image:width\" content=\"166\" \/>\n\t<meta property=\"og:image:height\" content=\"253\" \/>\n\t<meta property=\"og:image:type\" content=\"image\/jpeg\" \/>\n<meta name=\"author\" content=\"Editor\" \/>\n<meta name=\"twitter:card\" content=\"summary_large_image\" \/>\n<meta name=\"twitter:label1\" content=\"Escrito por\" \/>\n\t<meta name=\"twitter:data1\" content=\"Editor\" \/>\n\t<meta name=\"twitter:label2\" content=\"Tiempo de lectura\" \/>\n\t<meta name=\"twitter:data2\" content=\"3 minutos\" \/>\n<script type=\"application\/ld+json\" class=\"yoast-schema-graph\">{\"@context\":\"https:\/\/schema.org\",\"@graph\":[{\"@type\":\"WebPage\",\"@id\":\"https:\/\/www.asajacyl.com\/leon\/asaja-leon-informa\/unos-tienen-el-parlamento-y-otros-tenemos-la-calle\",\"url\":\"https:\/\/www.asajacyl.com\/leon\/asaja-leon-informa\/unos-tienen-el-parlamento-y-otros-tenemos-la-calle\",\"name\":\"UNOS TIENEN EL PARLAMENTO Y OTROS TENEMOS LA CALLE - ASAJA Le\u00f3n\",\"isPartOf\":{\"@id\":\"https:\/\/www.asajacyl.com\/leon\/#website\"},\"primaryImageOfPage\":{\"@id\":\"https:\/\/www.asajacyl.com\/leon\/asaja-leon-informa\/unos-tienen-el-parlamento-y-otros-tenemos-la-calle#primaryimage\"},\"image\":{\"@id\":\"https:\/\/www.asajacyl.com\/leon\/asaja-leon-informa\/unos-tienen-el-parlamento-y-otros-tenemos-la-calle#primaryimage\"},\"thumbnailUrl\":\"https:\/\/www.asajacyl.com\/leon\/wp-content\/uploads\/sites\/6\/2017\/11\/Turrado.jpg\",\"datePublished\":\"2003-03-09T23:00:00+00:00\",\"dateModified\":\"2017-11-15T09:03:50+00:00\",\"author\":{\"@id\":\"https:\/\/www.asajacyl.com\/leon\/#\/schema\/person\/7e884476cee132331142e8ac9689f20c\"},\"description\":\"Art&#237;culo de opini&#243;n: Necesariamente tengo que discrepar de la versi&#243;n del poder oficial establecido sobre la manifestaci&#243;n de ganaderos de ayer domingo en Valladolid.\",\"breadcrumb\":{\"@id\":\"https:\/\/www.asajacyl.com\/leon\/asaja-leon-informa\/unos-tienen-el-parlamento-y-otros-tenemos-la-calle#breadcrumb\"},\"inLanguage\":\"es\",\"potentialAction\":[{\"@type\":\"ReadAction\",\"target\":[\"https:\/\/www.asajacyl.com\/leon\/asaja-leon-informa\/unos-tienen-el-parlamento-y-otros-tenemos-la-calle\"]}]},{\"@type\":\"ImageObject\",\"inLanguage\":\"es\",\"@id\":\"https:\/\/www.asajacyl.com\/leon\/asaja-leon-informa\/unos-tienen-el-parlamento-y-otros-tenemos-la-calle#primaryimage\",\"url\":\"https:\/\/www.asajacyl.com\/leon\/wp-content\/uploads\/sites\/6\/2017\/11\/Turrado.jpg\",\"contentUrl\":\"https:\/\/www.asajacyl.com\/leon\/wp-content\/uploads\/sites\/6\/2017\/11\/Turrado.jpg\",\"width\":166,\"height\":253},{\"@type\":\"BreadcrumbList\",\"@id\":\"https:\/\/www.asajacyl.com\/leon\/asaja-leon-informa\/unos-tienen-el-parlamento-y-otros-tenemos-la-calle#breadcrumb\",\"itemListElement\":[{\"@type\":\"ListItem\",\"position\":1,\"name\":\"Portada\",\"item\":\"https:\/\/www.asajacyl.com\/leon\/\"},{\"@type\":\"ListItem\",\"position\":2,\"name\":\"UNOS TIENEN EL PARLAMENTO Y OTROS TENEMOS LA CALLE\"}]},{\"@type\":\"WebSite\",\"@id\":\"https:\/\/www.asajacyl.com\/leon\/#website\",\"url\":\"https:\/\/www.asajacyl.com\/leon\/\",\"name\":\"ASAJA Le\u00f3n\",\"description\":\"Otro sitio m\u00e1s de Provincias ASAJA Castilla y Le\u00f3n\",\"potentialAction\":[{\"@type\":\"SearchAction\",\"target\":{\"@type\":\"EntryPoint\",\"urlTemplate\":\"https:\/\/www.asajacyl.com\/leon\/?s={search_term_string}\"},\"query-input\":{\"@type\":\"PropertyValueSpecification\",\"valueRequired\":true,\"valueName\":\"search_term_string\"}}],\"inLanguage\":\"es\"},{\"@type\":\"Person\",\"@id\":\"https:\/\/www.asajacyl.com\/leon\/#\/schema\/person\/7e884476cee132331142e8ac9689f20c\",\"name\":\"Editor\",\"image\":{\"@type\":\"ImageObject\",\"inLanguage\":\"es\",\"@id\":\"https:\/\/www.asajacyl.com\/leon\/#\/schema\/person\/image\/\",\"url\":\"https:\/\/secure.gravatar.com\/avatar\/a2ef43c165669686cfcfb0e1ffa59869?s=96&d=mm&r=g\",\"contentUrl\":\"https:\/\/secure.gravatar.com\/avatar\/a2ef43c165669686cfcfb0e1ffa59869?s=96&d=mm&r=g\",\"caption\":\"Editor\"},\"url\":\"https:\/\/www.asajacyl.com\/leon\/author\/oscargg\"}]}<\/script>\n<!-- \/ Yoast SEO plugin. -->","yoast_head_json":{"title":"UNOS TIENEN EL PARLAMENTO Y OTROS TENEMOS LA CALLE - ASAJA Le\u00f3n","description":"Art&#237;culo de opini&#243;n: Necesariamente tengo que discrepar de la versi&#243;n del poder oficial establecido sobre la manifestaci&#243;n de ganaderos de ayer domingo en Valladolid.","robots":{"index":"index","follow":"follow","max-snippet":"max-snippet:-1","max-image-preview":"max-image-preview:large","max-video-preview":"max-video-preview:-1"},"canonical":"https:\/\/www.asajacyl.com\/leon\/asaja-leon-informa\/unos-tienen-el-parlamento-y-otros-tenemos-la-calle","og_locale":"es_ES","og_type":"article","og_title":"UNOS TIENEN EL PARLAMENTO Y OTROS TENEMOS LA CALLE - ASAJA Le\u00f3n","og_description":"Art&#237;culo de opini&#243;n: Necesariamente tengo que discrepar de la versi&#243;n del poder oficial establecido sobre la manifestaci&#243;n de ganaderos de ayer domingo en Valladolid.","og_url":"https:\/\/www.asajacyl.com\/leon\/asaja-leon-informa\/unos-tienen-el-parlamento-y-otros-tenemos-la-calle","og_site_name":"ASAJA Le\u00f3n","article_published_time":"2003-03-09T23:00:00+00:00","article_modified_time":"2017-11-15T09:03:50+00:00","og_image":[{"width":166,"height":253,"url":"https:\/\/www.asajacyl.com\/leon\/wp-content\/uploads\/sites\/6\/2017\/11\/Turrado.jpg","type":"image\/jpeg"}],"author":"Editor","twitter_card":"summary_large_image","twitter_misc":{"Escrito por":"Editor","Tiempo de lectura":"3 minutos"},"schema":{"@context":"https:\/\/schema.org","@graph":[{"@type":"WebPage","@id":"https:\/\/www.asajacyl.com\/leon\/asaja-leon-informa\/unos-tienen-el-parlamento-y-otros-tenemos-la-calle","url":"https:\/\/www.asajacyl.com\/leon\/asaja-leon-informa\/unos-tienen-el-parlamento-y-otros-tenemos-la-calle","name":"UNOS TIENEN EL PARLAMENTO Y OTROS TENEMOS LA CALLE - ASAJA Le\u00f3n","isPartOf":{"@id":"https:\/\/www.asajacyl.com\/leon\/#website"},"primaryImageOfPage":{"@id":"https:\/\/www.asajacyl.com\/leon\/asaja-leon-informa\/unos-tienen-el-parlamento-y-otros-tenemos-la-calle#primaryimage"},"image":{"@id":"https:\/\/www.asajacyl.com\/leon\/asaja-leon-informa\/unos-tienen-el-parlamento-y-otros-tenemos-la-calle#primaryimage"},"thumbnailUrl":"https:\/\/www.asajacyl.com\/leon\/wp-content\/uploads\/sites\/6\/2017\/11\/Turrado.jpg","datePublished":"2003-03-09T23:00:00+00:00","dateModified":"2017-11-15T09:03:50+00:00","author":{"@id":"https:\/\/www.asajacyl.com\/leon\/#\/schema\/person\/7e884476cee132331142e8ac9689f20c"},"description":"Art&#237;culo de opini&#243;n: Necesariamente tengo que discrepar de la versi&#243;n del poder oficial establecido sobre la manifestaci&#243;n de ganaderos de ayer domingo en Valladolid.","breadcrumb":{"@id":"https:\/\/www.asajacyl.com\/leon\/asaja-leon-informa\/unos-tienen-el-parlamento-y-otros-tenemos-la-calle#breadcrumb"},"inLanguage":"es","potentialAction":[{"@type":"ReadAction","target":["https:\/\/www.asajacyl.com\/leon\/asaja-leon-informa\/unos-tienen-el-parlamento-y-otros-tenemos-la-calle"]}]},{"@type":"ImageObject","inLanguage":"es","@id":"https:\/\/www.asajacyl.com\/leon\/asaja-leon-informa\/unos-tienen-el-parlamento-y-otros-tenemos-la-calle#primaryimage","url":"https:\/\/www.asajacyl.com\/leon\/wp-content\/uploads\/sites\/6\/2017\/11\/Turrado.jpg","contentUrl":"https:\/\/www.asajacyl.com\/leon\/wp-content\/uploads\/sites\/6\/2017\/11\/Turrado.jpg","width":166,"height":253},{"@type":"BreadcrumbList","@id":"https:\/\/www.asajacyl.com\/leon\/asaja-leon-informa\/unos-tienen-el-parlamento-y-otros-tenemos-la-calle#breadcrumb","itemListElement":[{"@type":"ListItem","position":1,"name":"Portada","item":"https:\/\/www.asajacyl.com\/leon\/"},{"@type":"ListItem","position":2,"name":"UNOS TIENEN EL PARLAMENTO Y OTROS TENEMOS LA CALLE"}]},{"@type":"WebSite","@id":"https:\/\/www.asajacyl.com\/leon\/#website","url":"https:\/\/www.asajacyl.com\/leon\/","name":"ASAJA Le\u00f3n","description":"Otro sitio m\u00e1s de Provincias ASAJA Castilla y Le\u00f3n","potentialAction":[{"@type":"SearchAction","target":{"@type":"EntryPoint","urlTemplate":"https:\/\/www.asajacyl.com\/leon\/?s={search_term_string}"},"query-input":{"@type":"PropertyValueSpecification","valueRequired":true,"valueName":"search_term_string"}}],"inLanguage":"es"},{"@type":"Person","@id":"https:\/\/www.asajacyl.com\/leon\/#\/schema\/person\/7e884476cee132331142e8ac9689f20c","name":"Editor","image":{"@type":"ImageObject","inLanguage":"es","@id":"https:\/\/www.asajacyl.com\/leon\/#\/schema\/person\/image\/","url":"https:\/\/secure.gravatar.com\/avatar\/a2ef43c165669686cfcfb0e1ffa59869?s=96&d=mm&r=g","contentUrl":"https:\/\/secure.gravatar.com\/avatar\/a2ef43c165669686cfcfb0e1ffa59869?s=96&d=mm&r=g","caption":"Editor"},"url":"https:\/\/www.asajacyl.com\/leon\/author\/oscargg"}]}},"_links":{"self":[{"href":"https:\/\/www.asajacyl.com\/leon\/wp-json\/wp\/v2\/posts\/933"}],"collection":[{"href":"https:\/\/www.asajacyl.com\/leon\/wp-json\/wp\/v2\/posts"}],"about":[{"href":"https:\/\/www.asajacyl.com\/leon\/wp-json\/wp\/v2\/types\/post"}],"author":[{"embeddable":true,"href":"https:\/\/www.asajacyl.com\/leon\/wp-json\/wp\/v2\/users\/3"}],"replies":[{"embeddable":true,"href":"https:\/\/www.asajacyl.com\/leon\/wp-json\/wp\/v2\/comments?post=933"}],"version-history":[{"count":1,"href":"https:\/\/www.asajacyl.com\/leon\/wp-json\/wp\/v2\/posts\/933\/revisions"}],"predecessor-version":[{"id":1298,"href":"https:\/\/www.asajacyl.com\/leon\/wp-json\/wp\/v2\/posts\/933\/revisions\/1298"}],"wp:featuredmedia":[{"embeddable":true,"href":"https:\/\/www.asajacyl.com\/leon\/wp-json\/wp\/v2\/media\/6517"}],"wp:attachment":[{"href":"https:\/\/www.asajacyl.com\/leon\/wp-json\/wp\/v2\/media?parent=933"}],"wp:term":[{"taxonomy":"category","embeddable":true,"href":"https:\/\/www.asajacyl.com\/leon\/wp-json\/wp\/v2\/categories?post=933"},{"taxonomy":"post_tag","embeddable":true,"href":"https:\/\/www.asajacyl.com\/leon\/wp-json\/wp\/v2\/tags?post=933"}],"curies":[{"name":"wp","href":"https:\/\/api.w.org\/{rel}","templated":true}]}}