{"id":937,"date":"2003-02-28T00:00:00","date_gmt":"2003-02-27T23:00:00","guid":{"rendered":"https:\/\/www.asajacyl.com\/leon\/2003\/02\/28\/una-reforma-contra-la-dignidad-del-agricultor\/"},"modified":"2017-11-15T10:03:55","modified_gmt":"2017-11-15T09:03:55","slug":"una-reforma-contra-la-dignidad-del-agricultor","status":"publish","type":"post","link":"https:\/\/www.asajacyl.com\/leon\/asaja-leon-informa\/una-reforma-contra-la-dignidad-del-agricultor","title":{"rendered":"UNA REFORMA CONTRA LA DIGNIDAD DEL AGRICULTOR"},"content":{"rendered":"<h2><\/h2>\n<p><body><\/p>\n<p><b><\/p>\n<p align=\"center\" style=\"margin-top: 0; margin-bottom: 0\"><font size=\"2\" color=\"#008080\">UNA<br \/>\nREFORMA CONTRA LA DIGNIDAD DEL AGRICULTOR<\/font><\/p>\n<p><\/b><font size=\"4\"><\/p>\n<p align=\"justify\" style=\"margin-top: 0; margin-bottom: 0\">&#160;<\/p>\n<p><\/font><\/p>\n<p align=\"justify\" style=\"margin-top: 0; margin-bottom: 0\"><font size=\"2\">A<br \/>\nfinales de enero el Comisario Fischler present&#243; los textos legislativos de la<br \/>\nllamada reforma intermedia de la PAC. Si le salen las cuentas al comisario,<br \/>\ndicha reforma estar&#225; aprobada antes de finales de a&#241;o, y algunas de las<br \/>\nmedidas propuestas se aplicar&#237;an ya en el a&#241;o agr&#237;cola de 2004.<\/font><\/p>\n<p><font size=\"4\"><\/p>\n<p align=\"justify\" style=\"margin-top: 0; margin-bottom: 0\">&#160;<\/p>\n<p><\/font><\/p>\n<p align=\"justify\" style=\"margin-top: 0; margin-bottom: 0\"><font size=\"2\">Todas<br \/>\nlas organizaciones agrarias de la provincia han criticado con dureza una reforma<br \/>\nque perjudica los intereses de los agricultores y ganaderos leoneses, y que<br \/>\nviene a crear m&#225;s dudas e incertidumbres sobre el futuro del sector a medio y<br \/>\nlargo plazo.<\/font><\/p>\n<p><font size=\"4\"><\/p>\n<p align=\"justify\" style=\"margin-top: 0; margin-bottom: 0\">&#160;<\/p>\n<p><\/font><\/p>\n<p align=\"justify\" style=\"margin-top: 0; margin-bottom: 0\"><font size=\"2\">La<br \/>\nreforma introduce reducciones en los precios de intervenci&#243;n de cereales y<br \/>\nleche, que con seguridad tendr&#225;n su traslaci&#243;n en una bajada del precio de<br \/>\nmercado de dichos productos. Se potencian de forma muy insuficiente los cultivos<br \/>\nproteicos, as&#237; como los cultivos no alimentarios o bioenerg&#233;ticos en los que<br \/>\nse hab&#237;an depositado no pocas esperanzas. En sectores como los forrajes<br \/>\ndesecados se introducen cambios tan importantes en la percepci&#243;n de las ayudas<br \/>\nque pueden acabar con el cultivo en las zonas no consideradas hist&#243;ricas en<br \/>\ndicha producci&#243;n, como es toda nuestra regi&#243;n.<\/font><\/p>\n<p><font size=\"4\"><\/p>\n<p align=\"justify\" style=\"margin-top: 0; margin-bottom: 0\">&#160;<\/p>\n<p><\/font><\/p>\n<p align=\"justify\" style=\"margin-top: 0; margin-bottom: 0\"><font size=\"2\">Y si<br \/>\nbien es cierto que la propuesta de modulaci&#243;n de las ayudas se ha suavizado<br \/>\ndesde el planteamiento inicial, y se va a demorar en el tiempo su puesta en<br \/>\nmarcha, estamos rotundamente en contra de la misma por perjudicar m&#225;s al<br \/>\nagricultor a t&#237;tulo principal que aquel otro que no vive exclusivamente del<br \/>\ncampo, as&#237; como por no estar garantizado que el dinero que se detraiga a<br \/>\nnuestra regi&#243;n vuelva a la misma.<\/font><\/p>\n<p><font size=\"4\"><\/p>\n<p align=\"justify\" style=\"margin-top: 0; margin-bottom: 0\">&#160;<\/p>\n<p><\/font><\/p>\n<p align=\"justify\" style=\"margin-top: 0; margin-bottom: 0\"><font size=\"2\">Y si<br \/>\nde algo se queja en especial medida el sector, es del desacoplamiento de las<br \/>\nayudas o desvinculaci&#243;n de las mismas de la producci&#243;n. La medida va a suponer<br \/>\nel abandono de las superficies agr&#237;colas menos productivas, dificultar&#225; el<br \/>\nacceso de los j&#243;venes a las tierras y los derechos de producci&#243;n, frenar&#225; el<br \/>\ndesarrollo de los nuevos regad&#237;os, y deslegitimar&#225; el papel del agricultor y<br \/>\nganadero a la hora de justificar la percepci&#243;n de unas ayudas.<\/font><\/p>\n<p><font size=\"4\"><\/p>\n<p align=\"justify\" style=\"margin-top: 0; margin-bottom: 0\">&#160;<\/p>\n<p><\/font><\/p>\n<p align=\"justify\" style=\"margin-top: 0; margin-bottom: 0\"><font size=\"2\">Una<br \/>\nreforma que por descabellada no saldr&#225; adelante, pero que si se aprobase en los<br \/>\nt&#233;rminos propuestos, tan siquiera cumplir&#237;a el objetivo de dar m&#225;s<br \/>\nprotagonismo al segundo pilar de la PAC conocido como el desarrollo rural. No<br \/>\nhay peor desarrollo rural que la huida de los agricultores de los pueblos, justo<br \/>\nlo que vamos a encontrarnos.<\/font><\/p>\n<p><font size=\"4\"><\/p>\n<p align=\"justify\" style=\"margin-top: 0; margin-bottom: 0\">&#160;<\/p>\n<p><\/font><\/p>\n<p align=\"justify\" style=\"margin-top: 0; margin-bottom: 0\"><font size=\"2\">Por<br \/>\ntodo ello, la C&#225;mara Agraria Provincial de Le&#243;n, se opone a dicha reforma.<\/font><\/p>\n<p><font size=\"4\"><\/p>\n<p align=\"justify\" style=\"margin-top: 0; margin-bottom: 0\">&#160;<\/p>\n<p><\/font><\/p>\n<p align=\"center\" style=\"margin-top: 0; margin-bottom: 0\"><font size=\"2\">Fausto<br \/>\nSevilla Santos<\/font><\/p>\n<p align=\"center\" style=\"margin-top: 0; margin-bottom: 0\"><font size=\"2\">Presidente<br \/>\nC&#225;mara Agraria.<\/font><\/p>\n<p><\/body><\/p>\n","protected":false},"excerpt":{"rendered":"<p>UNA REFORMA CONTRA LA DIGNIDAD DEL AGRICULTOR &#160; A finales de enero el Comisario Fischler present&#243; los textos legislativos de la llamada reforma intermedia de la PAC. Si le salen las cuentas al comisario, dicha reforma estar&#225; aprobada antes de finales de a&#241;o, y algunas de las medidas propuestas se aplicar&#237;an ya en el a&#241;o [&hellip;]<\/p>\n","protected":false},"author":3,"featured_media":8174,"comment_status":"open","ping_status":"open","sticky":false,"template":"","format":"standard","meta":{"footnotes":""},"categories":[4,11],"tags":[],"yoast_head":"<!-- This site is optimized with the Yoast SEO plugin v24.5 - https:\/\/yoast.com\/wordpress\/plugins\/seo\/ -->\n<title>UNA REFORMA CONTRA LA DIGNIDAD DEL AGRICULTOR - ASAJA Le\u00f3n<\/title>\n<meta name=\"description\" content=\"UNA REFORMA CONTRA LA DIGNIDAD DEL AGRICULTOR &#160; A finales de enero el Comisario Fischler present&#243; los textos legislativos de la llamada reforma\" \/>\n<meta name=\"robots\" content=\"index, follow, max-snippet:-1, max-image-preview:large, max-video-preview:-1\" \/>\n<link rel=\"canonical\" href=\"https:\/\/www.asajacyl.com\/leon\/asaja-leon-informa\/una-reforma-contra-la-dignidad-del-agricultor\" \/>\n<meta property=\"og:locale\" content=\"es_ES\" \/>\n<meta property=\"og:type\" content=\"article\" \/>\n<meta property=\"og:title\" content=\"UNA REFORMA CONTRA LA DIGNIDAD DEL AGRICULTOR - ASAJA Le\u00f3n\" \/>\n<meta property=\"og:description\" content=\"UNA REFORMA CONTRA LA DIGNIDAD DEL AGRICULTOR &#160; A finales de enero el Comisario Fischler present&#243; los textos legislativos de la llamada reforma\" \/>\n<meta property=\"og:url\" content=\"https:\/\/www.asajacyl.com\/leon\/asaja-leon-informa\/una-reforma-contra-la-dignidad-del-agricultor\" \/>\n<meta property=\"og:site_name\" content=\"ASAJA Le\u00f3n\" \/>\n<meta property=\"article:published_time\" content=\"2003-02-27T23:00:00+00:00\" \/>\n<meta property=\"article:modified_time\" content=\"2017-11-15T09:03:55+00:00\" \/>\n<meta property=\"og:image\" content=\"https:\/\/www.asajacyl.com\/leon\/wp-content\/uploads\/sites\/6\/2017\/11\/im_predefinida_1920x1080.jpg\" \/>\n\t<meta property=\"og:image:width\" content=\"1920\" \/>\n\t<meta property=\"og:image:height\" content=\"1080\" \/>\n\t<meta property=\"og:image:type\" content=\"image\/jpeg\" \/>\n<meta name=\"author\" content=\"Editor\" \/>\n<meta name=\"twitter:card\" content=\"summary_large_image\" \/>\n<meta name=\"twitter:label1\" content=\"Escrito por\" \/>\n\t<meta name=\"twitter:data1\" content=\"Editor\" \/>\n\t<meta name=\"twitter:label2\" content=\"Tiempo de lectura\" \/>\n\t<meta name=\"twitter:data2\" content=\"2 minutos\" \/>\n<script type=\"application\/ld+json\" class=\"yoast-schema-graph\">{\"@context\":\"https:\/\/schema.org\",\"@graph\":[{\"@type\":\"WebPage\",\"@id\":\"https:\/\/www.asajacyl.com\/leon\/asaja-leon-informa\/una-reforma-contra-la-dignidad-del-agricultor\",\"url\":\"https:\/\/www.asajacyl.com\/leon\/asaja-leon-informa\/una-reforma-contra-la-dignidad-del-agricultor\",\"name\":\"UNA REFORMA CONTRA LA DIGNIDAD DEL AGRICULTOR - ASAJA Le\u00f3n\",\"isPartOf\":{\"@id\":\"https:\/\/www.asajacyl.com\/leon\/#website\"},\"primaryImageOfPage\":{\"@id\":\"https:\/\/www.asajacyl.com\/leon\/asaja-leon-informa\/una-reforma-contra-la-dignidad-del-agricultor#primaryimage\"},\"image\":{\"@id\":\"https:\/\/www.asajacyl.com\/leon\/asaja-leon-informa\/una-reforma-contra-la-dignidad-del-agricultor#primaryimage\"},\"thumbnailUrl\":\"https:\/\/www.asajacyl.com\/leon\/wp-content\/uploads\/sites\/6\/2017\/11\/im_predefinida_1920x1080.jpg\",\"datePublished\":\"2003-02-27T23:00:00+00:00\",\"dateModified\":\"2017-11-15T09:03:55+00:00\",\"author\":{\"@id\":\"https:\/\/www.asajacyl.com\/leon\/#\/schema\/person\/7e884476cee132331142e8ac9689f20c\"},\"description\":\"UNA REFORMA CONTRA LA DIGNIDAD DEL AGRICULTOR &#160; A finales de enero el Comisario Fischler present&#243; los textos legislativos de la llamada reforma\",\"breadcrumb\":{\"@id\":\"https:\/\/www.asajacyl.com\/leon\/asaja-leon-informa\/una-reforma-contra-la-dignidad-del-agricultor#breadcrumb\"},\"inLanguage\":\"es\",\"potentialAction\":[{\"@type\":\"ReadAction\",\"target\":[\"https:\/\/www.asajacyl.com\/leon\/asaja-leon-informa\/una-reforma-contra-la-dignidad-del-agricultor\"]}]},{\"@type\":\"ImageObject\",\"inLanguage\":\"es\",\"@id\":\"https:\/\/www.asajacyl.com\/leon\/asaja-leon-informa\/una-reforma-contra-la-dignidad-del-agricultor#primaryimage\",\"url\":\"https:\/\/www.asajacyl.com\/leon\/wp-content\/uploads\/sites\/6\/2017\/11\/im_predefinida_1920x1080.jpg\",\"contentUrl\":\"https:\/\/www.asajacyl.com\/leon\/wp-content\/uploads\/sites\/6\/2017\/11\/im_predefinida_1920x1080.jpg\",\"width\":1920,\"height\":1080,\"caption\":\"Logotipo ASAJA Le\u00f3n\"},{\"@type\":\"BreadcrumbList\",\"@id\":\"https:\/\/www.asajacyl.com\/leon\/asaja-leon-informa\/una-reforma-contra-la-dignidad-del-agricultor#breadcrumb\",\"itemListElement\":[{\"@type\":\"ListItem\",\"position\":1,\"name\":\"Portada\",\"item\":\"https:\/\/www.asajacyl.com\/leon\/\"},{\"@type\":\"ListItem\",\"position\":2,\"name\":\"UNA REFORMA CONTRA LA DIGNIDAD DEL AGRICULTOR\"}]},{\"@type\":\"WebSite\",\"@id\":\"https:\/\/www.asajacyl.com\/leon\/#website\",\"url\":\"https:\/\/www.asajacyl.com\/leon\/\",\"name\":\"ASAJA Le\u00f3n\",\"description\":\"Otro sitio m\u00e1s de Provincias ASAJA Castilla y Le\u00f3n\",\"potentialAction\":[{\"@type\":\"SearchAction\",\"target\":{\"@type\":\"EntryPoint\",\"urlTemplate\":\"https:\/\/www.asajacyl.com\/leon\/?s={search_term_string}\"},\"query-input\":{\"@type\":\"PropertyValueSpecification\",\"valueRequired\":true,\"valueName\":\"search_term_string\"}}],\"inLanguage\":\"es\"},{\"@type\":\"Person\",\"@id\":\"https:\/\/www.asajacyl.com\/leon\/#\/schema\/person\/7e884476cee132331142e8ac9689f20c\",\"name\":\"Editor\",\"image\":{\"@type\":\"ImageObject\",\"inLanguage\":\"es\",\"@id\":\"https:\/\/www.asajacyl.com\/leon\/#\/schema\/person\/image\/\",\"url\":\"https:\/\/secure.gravatar.com\/avatar\/a2ef43c165669686cfcfb0e1ffa59869?s=96&d=mm&r=g\",\"contentUrl\":\"https:\/\/secure.gravatar.com\/avatar\/a2ef43c165669686cfcfb0e1ffa59869?s=96&d=mm&r=g\",\"caption\":\"Editor\"},\"url\":\"https:\/\/www.asajacyl.com\/leon\/author\/oscargg\"}]}<\/script>\n<!-- \/ Yoast SEO plugin. -->","yoast_head_json":{"title":"UNA REFORMA CONTRA LA DIGNIDAD DEL AGRICULTOR - ASAJA Le\u00f3n","description":"UNA REFORMA CONTRA LA DIGNIDAD DEL AGRICULTOR &#160; A finales de enero el Comisario Fischler present&#243; los textos legislativos de la llamada reforma","robots":{"index":"index","follow":"follow","max-snippet":"max-snippet:-1","max-image-preview":"max-image-preview:large","max-video-preview":"max-video-preview:-1"},"canonical":"https:\/\/www.asajacyl.com\/leon\/asaja-leon-informa\/una-reforma-contra-la-dignidad-del-agricultor","og_locale":"es_ES","og_type":"article","og_title":"UNA REFORMA CONTRA LA DIGNIDAD DEL AGRICULTOR - ASAJA Le\u00f3n","og_description":"UNA REFORMA CONTRA LA DIGNIDAD DEL AGRICULTOR &#160; A finales de enero el Comisario Fischler present&#243; los textos legislativos de la llamada reforma","og_url":"https:\/\/www.asajacyl.com\/leon\/asaja-leon-informa\/una-reforma-contra-la-dignidad-del-agricultor","og_site_name":"ASAJA Le\u00f3n","article_published_time":"2003-02-27T23:00:00+00:00","article_modified_time":"2017-11-15T09:03:55+00:00","og_image":[{"width":1920,"height":1080,"url":"https:\/\/www.asajacyl.com\/leon\/wp-content\/uploads\/sites\/6\/2017\/11\/im_predefinida_1920x1080.jpg","type":"image\/jpeg"}],"author":"Editor","twitter_card":"summary_large_image","twitter_misc":{"Escrito por":"Editor","Tiempo de lectura":"2 minutos"},"schema":{"@context":"https:\/\/schema.org","@graph":[{"@type":"WebPage","@id":"https:\/\/www.asajacyl.com\/leon\/asaja-leon-informa\/una-reforma-contra-la-dignidad-del-agricultor","url":"https:\/\/www.asajacyl.com\/leon\/asaja-leon-informa\/una-reforma-contra-la-dignidad-del-agricultor","name":"UNA REFORMA CONTRA LA DIGNIDAD DEL AGRICULTOR - ASAJA Le\u00f3n","isPartOf":{"@id":"https:\/\/www.asajacyl.com\/leon\/#website"},"primaryImageOfPage":{"@id":"https:\/\/www.asajacyl.com\/leon\/asaja-leon-informa\/una-reforma-contra-la-dignidad-del-agricultor#primaryimage"},"image":{"@id":"https:\/\/www.asajacyl.com\/leon\/asaja-leon-informa\/una-reforma-contra-la-dignidad-del-agricultor#primaryimage"},"thumbnailUrl":"https:\/\/www.asajacyl.com\/leon\/wp-content\/uploads\/sites\/6\/2017\/11\/im_predefinida_1920x1080.jpg","datePublished":"2003-02-27T23:00:00+00:00","dateModified":"2017-11-15T09:03:55+00:00","author":{"@id":"https:\/\/www.asajacyl.com\/leon\/#\/schema\/person\/7e884476cee132331142e8ac9689f20c"},"description":"UNA REFORMA CONTRA LA DIGNIDAD DEL AGRICULTOR &#160; A finales de enero el Comisario Fischler present&#243; los textos legislativos de la llamada reforma","breadcrumb":{"@id":"https:\/\/www.asajacyl.com\/leon\/asaja-leon-informa\/una-reforma-contra-la-dignidad-del-agricultor#breadcrumb"},"inLanguage":"es","potentialAction":[{"@type":"ReadAction","target":["https:\/\/www.asajacyl.com\/leon\/asaja-leon-informa\/una-reforma-contra-la-dignidad-del-agricultor"]}]},{"@type":"ImageObject","inLanguage":"es","@id":"https:\/\/www.asajacyl.com\/leon\/asaja-leon-informa\/una-reforma-contra-la-dignidad-del-agricultor#primaryimage","url":"https:\/\/www.asajacyl.com\/leon\/wp-content\/uploads\/sites\/6\/2017\/11\/im_predefinida_1920x1080.jpg","contentUrl":"https:\/\/www.asajacyl.com\/leon\/wp-content\/uploads\/sites\/6\/2017\/11\/im_predefinida_1920x1080.jpg","width":1920,"height":1080,"caption":"Logotipo ASAJA Le\u00f3n"},{"@type":"BreadcrumbList","@id":"https:\/\/www.asajacyl.com\/leon\/asaja-leon-informa\/una-reforma-contra-la-dignidad-del-agricultor#breadcrumb","itemListElement":[{"@type":"ListItem","position":1,"name":"Portada","item":"https:\/\/www.asajacyl.com\/leon\/"},{"@type":"ListItem","position":2,"name":"UNA REFORMA CONTRA LA DIGNIDAD DEL AGRICULTOR"}]},{"@type":"WebSite","@id":"https:\/\/www.asajacyl.com\/leon\/#website","url":"https:\/\/www.asajacyl.com\/leon\/","name":"ASAJA Le\u00f3n","description":"Otro sitio m\u00e1s de Provincias ASAJA Castilla y Le\u00f3n","potentialAction":[{"@type":"SearchAction","target":{"@type":"EntryPoint","urlTemplate":"https:\/\/www.asajacyl.com\/leon\/?s={search_term_string}"},"query-input":{"@type":"PropertyValueSpecification","valueRequired":true,"valueName":"search_term_string"}}],"inLanguage":"es"},{"@type":"Person","@id":"https:\/\/www.asajacyl.com\/leon\/#\/schema\/person\/7e884476cee132331142e8ac9689f20c","name":"Editor","image":{"@type":"ImageObject","inLanguage":"es","@id":"https:\/\/www.asajacyl.com\/leon\/#\/schema\/person\/image\/","url":"https:\/\/secure.gravatar.com\/avatar\/a2ef43c165669686cfcfb0e1ffa59869?s=96&d=mm&r=g","contentUrl":"https:\/\/secure.gravatar.com\/avatar\/a2ef43c165669686cfcfb0e1ffa59869?s=96&d=mm&r=g","caption":"Editor"},"url":"https:\/\/www.asajacyl.com\/leon\/author\/oscargg"}]}},"_links":{"self":[{"href":"https:\/\/www.asajacyl.com\/leon\/wp-json\/wp\/v2\/posts\/937"}],"collection":[{"href":"https:\/\/www.asajacyl.com\/leon\/wp-json\/wp\/v2\/posts"}],"about":[{"href":"https:\/\/www.asajacyl.com\/leon\/wp-json\/wp\/v2\/types\/post"}],"author":[{"embeddable":true,"href":"https:\/\/www.asajacyl.com\/leon\/wp-json\/wp\/v2\/users\/3"}],"replies":[{"embeddable":true,"href":"https:\/\/www.asajacyl.com\/leon\/wp-json\/wp\/v2\/comments?post=937"}],"version-history":[{"count":1,"href":"https:\/\/www.asajacyl.com\/leon\/wp-json\/wp\/v2\/posts\/937\/revisions"}],"predecessor-version":[{"id":1302,"href":"https:\/\/www.asajacyl.com\/leon\/wp-json\/wp\/v2\/posts\/937\/revisions\/1302"}],"wp:featuredmedia":[{"embeddable":true,"href":"https:\/\/www.asajacyl.com\/leon\/wp-json\/wp\/v2\/media\/8174"}],"wp:attachment":[{"href":"https:\/\/www.asajacyl.com\/leon\/wp-json\/wp\/v2\/media?parent=937"}],"wp:term":[{"taxonomy":"category","embeddable":true,"href":"https:\/\/www.asajacyl.com\/leon\/wp-json\/wp\/v2\/categories?post=937"},{"taxonomy":"post_tag","embeddable":true,"href":"https:\/\/www.asajacyl.com\/leon\/wp-json\/wp\/v2\/tags?post=937"}],"curies":[{"name":"wp","href":"https:\/\/api.w.org\/{rel}","templated":true}]}}