{"id":939,"date":"2003-02-15T00:00:00","date_gmt":"2003-02-14T23:00:00","guid":{"rendered":"https:\/\/www.asajacyl.com\/leon\/2003\/02\/15\/la-ley-de-montes-no-puede-ignorar-a-los-agricultores\/"},"modified":"2017-11-15T10:03:57","modified_gmt":"2017-11-15T09:03:57","slug":"la-ley-de-montes-no-puede-ignorar-a-los-agricultores","status":"publish","type":"post","link":"https:\/\/www.asajacyl.com\/leon\/asaja-leon-informa\/la-ley-de-montes-no-puede-ignorar-a-los-agricultores","title":{"rendered":"LA LEY DE MONTES NO PUEDE IGNORAR A LOS AGRICULTORES"},"content":{"rendered":"<h2><\/h2>\n<p>Son muchos los agricultores del Bierzo, especialmente j&#243;venes, que se est&#225;n<br \/>\nechando para atr&#225;s a la hora de poner en marcha una explotaci&#243;n de frutales o<br \/>\nde cultivos de huerta, por motivo de las plantaciones indiscriminadas de chopos.<br \/>\nPlantaciones que se meten hasta en el &#250;ltimo huerto y que con su sombra y<br \/>\nra&#237;ces convierten en improductivas las fincas colindantes. Ya no solo es que el<br \/>\npropietario de tierras prefiera plantar chopos antes que arrend&#225;rselas a un<br \/>\njoven agricultor, sino que adem&#225;s te impide desarrollar tu profesi&#243;n de<br \/>\nagricultor en tus propias parcelas si tienes la mala suerte de que al vecino le<br \/>\nda por forestar.<\/p>\n<p>Llevamos con este problema arrastrado desde hace no menos de dos d&#233;cadas, y cada d&#237;a la<br \/>\ncosa se pone m&#225;s complicada. Ponemos el ejemplo del Bierzo por ser el m&#225;s<br \/>\nsignificativo, pero la situaci&#243;n es tambi&#233;n insostenible en el Orbigo desde<br \/>\nCarrizo a Alija del Infantado, en el Condado, en el Esla, y pr&#225;cticamente en<br \/>\ntodas nuestras riberas. El problema se ha tratado de atenuar, en parte, con las<br \/>\nordenanzas municipales, pero estas est&#225;n sujetas a la voluntad pol&#237;tica de<br \/>\ncada corporaci&#243;n, y en todo caso son siempre dif&#237;ciles de hacer cumplir. Y<br \/>\ncada legislatura que pasa, con menos alcaldes agricultores y ganaderos, y con<br \/>\nuna poblaci&#243;n agraria en descenso, lo m&#225;s f&#225;cil es ver c&#243;mo se legisla a<br \/>\nfavor del que planta chopos y no del que planta pimientos, ma&#237;z o manzanos.<\/p>\n<p>Pero ahora hay una ocasi&#243;n de oro para arreglara el problema, y me atrevo a<br \/>\nvaticinar que si no se arregla ya quedar&#225; as&#237; para siempre. Y es que tanto el<br \/>\nGobierno regional como el de la naci&#243;n preparan sendos proyectos de Ley de<br \/>\nMontes, en cuyo articulado tendr&#237;a cabida la regulaci&#243;n de las distancias<br \/>\nforestales, y en especial las distancias entre masas forestales y terrenos<br \/>\ncultivables. En situaciones como estas es en las que a los ciudadanos nos<br \/>\ngustar&#237;a ver la disposici&#243;n de los pol&#237;ticos para con nuestros problemas, y<br \/>\nque el Parlamento no sea un lugar tan lejano y a la vez tan ajeno. Y a todos<br \/>\nesos que se pegan por salir los primeros en la foto cuando se presenta la<br \/>\nmanzana reineta o el pimiento del Bierzo, los quiero yo ver ahora los primeros<br \/>\npidiendo que se adopten medidas para que en el Bierzo siga habiendo agricultores<br \/>\nque puedan sembrar o plantar sus campos sin que su vecino de parcela, que seguro<br \/>\nvive fuera y en ocasiones no sabe donde tiene la finca, se lo impida y adem&#225;s<br \/>\nla Ley le ampare.<\/p>\n<p>Desde ASAJA, y a partir de este momento, trasladamos el problema al Partido en el<br \/>\ngobierno. Ya contaremos en qu&#233; termina.<\/p>\n<p>Secretario General de ASAJA<\/p>\n<p>Le&#243;n, 12 de febrero de 2003<\/p>\n","protected":false},"excerpt":{"rendered":"<p>Son muchos los agricultores del Bierzo, especialmente j&#243;venes, que se est&#225;n echando para atr&#225;s a la hora de poner en marcha una explotaci&#243;n de frutales o de cultivos de huerta, por motivo de las plantaciones indiscriminadas de chopos. Plantaciones que se meten hasta en el &#250;ltimo huerto y que con su sombra y ra&#237;ces convierten [&hellip;]<\/p>\n","protected":false},"author":3,"featured_media":8174,"comment_status":"open","ping_status":"open","sticky":false,"template":"","format":"standard","meta":{"footnotes":""},"categories":[4,11],"tags":[],"yoast_head":"<!-- This site is optimized with the Yoast SEO plugin v24.5 - https:\/\/yoast.com\/wordpress\/plugins\/seo\/ -->\n<title>LA LEY DE MONTES NO PUEDE IGNORAR A LOS AGRICULTORES - ASAJA Le\u00f3n<\/title>\n<meta name=\"description\" content=\"Son muchos los agricultores del Bierzo, especialmente j&#243;venes, que se est&#225;n echando para atr&#225;s a la hora de poner en marcha una\" \/>\n<meta name=\"robots\" content=\"index, follow, max-snippet:-1, max-image-preview:large, max-video-preview:-1\" \/>\n<link rel=\"canonical\" href=\"https:\/\/www.asajacyl.com\/leon\/asaja-leon-informa\/la-ley-de-montes-no-puede-ignorar-a-los-agricultores\" \/>\n<meta property=\"og:locale\" content=\"es_ES\" \/>\n<meta property=\"og:type\" content=\"article\" \/>\n<meta property=\"og:title\" content=\"LA LEY DE MONTES NO PUEDE IGNORAR A LOS AGRICULTORES - ASAJA Le\u00f3n\" \/>\n<meta property=\"og:description\" content=\"Son muchos los agricultores del Bierzo, especialmente j&#243;venes, que se est&#225;n echando para atr&#225;s a la hora de poner en marcha una\" \/>\n<meta property=\"og:url\" content=\"https:\/\/www.asajacyl.com\/leon\/asaja-leon-informa\/la-ley-de-montes-no-puede-ignorar-a-los-agricultores\" \/>\n<meta property=\"og:site_name\" content=\"ASAJA Le\u00f3n\" \/>\n<meta property=\"article:published_time\" content=\"2003-02-14T23:00:00+00:00\" \/>\n<meta property=\"article:modified_time\" content=\"2017-11-15T09:03:57+00:00\" \/>\n<meta property=\"og:image\" content=\"https:\/\/www.asajacyl.com\/leon\/wp-content\/uploads\/sites\/6\/2017\/11\/im_predefinida_1920x1080.jpg\" \/>\n\t<meta property=\"og:image:width\" content=\"1920\" \/>\n\t<meta property=\"og:image:height\" content=\"1080\" \/>\n\t<meta property=\"og:image:type\" content=\"image\/jpeg\" \/>\n<meta name=\"author\" content=\"Editor\" \/>\n<meta name=\"twitter:card\" content=\"summary_large_image\" \/>\n<meta name=\"twitter:label1\" content=\"Escrito por\" \/>\n\t<meta name=\"twitter:data1\" content=\"Editor\" \/>\n\t<meta name=\"twitter:label2\" content=\"Tiempo de lectura\" \/>\n\t<meta name=\"twitter:data2\" content=\"2 minutos\" \/>\n<script type=\"application\/ld+json\" class=\"yoast-schema-graph\">{\"@context\":\"https:\/\/schema.org\",\"@graph\":[{\"@type\":\"WebPage\",\"@id\":\"https:\/\/www.asajacyl.com\/leon\/asaja-leon-informa\/la-ley-de-montes-no-puede-ignorar-a-los-agricultores\",\"url\":\"https:\/\/www.asajacyl.com\/leon\/asaja-leon-informa\/la-ley-de-montes-no-puede-ignorar-a-los-agricultores\",\"name\":\"LA LEY DE MONTES NO PUEDE IGNORAR A LOS AGRICULTORES - ASAJA Le\u00f3n\",\"isPartOf\":{\"@id\":\"https:\/\/www.asajacyl.com\/leon\/#website\"},\"primaryImageOfPage\":{\"@id\":\"https:\/\/www.asajacyl.com\/leon\/asaja-leon-informa\/la-ley-de-montes-no-puede-ignorar-a-los-agricultores#primaryimage\"},\"image\":{\"@id\":\"https:\/\/www.asajacyl.com\/leon\/asaja-leon-informa\/la-ley-de-montes-no-puede-ignorar-a-los-agricultores#primaryimage\"},\"thumbnailUrl\":\"https:\/\/www.asajacyl.com\/leon\/wp-content\/uploads\/sites\/6\/2017\/11\/im_predefinida_1920x1080.jpg\",\"datePublished\":\"2003-02-14T23:00:00+00:00\",\"dateModified\":\"2017-11-15T09:03:57+00:00\",\"author\":{\"@id\":\"https:\/\/www.asajacyl.com\/leon\/#\/schema\/person\/7e884476cee132331142e8ac9689f20c\"},\"description\":\"Son muchos los agricultores del Bierzo, especialmente j&#243;venes, que se est&#225;n echando para atr&#225;s a la hora de poner en marcha una\",\"breadcrumb\":{\"@id\":\"https:\/\/www.asajacyl.com\/leon\/asaja-leon-informa\/la-ley-de-montes-no-puede-ignorar-a-los-agricultores#breadcrumb\"},\"inLanguage\":\"es\",\"potentialAction\":[{\"@type\":\"ReadAction\",\"target\":[\"https:\/\/www.asajacyl.com\/leon\/asaja-leon-informa\/la-ley-de-montes-no-puede-ignorar-a-los-agricultores\"]}]},{\"@type\":\"ImageObject\",\"inLanguage\":\"es\",\"@id\":\"https:\/\/www.asajacyl.com\/leon\/asaja-leon-informa\/la-ley-de-montes-no-puede-ignorar-a-los-agricultores#primaryimage\",\"url\":\"https:\/\/www.asajacyl.com\/leon\/wp-content\/uploads\/sites\/6\/2017\/11\/im_predefinida_1920x1080.jpg\",\"contentUrl\":\"https:\/\/www.asajacyl.com\/leon\/wp-content\/uploads\/sites\/6\/2017\/11\/im_predefinida_1920x1080.jpg\",\"width\":1920,\"height\":1080,\"caption\":\"Logotipo ASAJA Le\u00f3n\"},{\"@type\":\"BreadcrumbList\",\"@id\":\"https:\/\/www.asajacyl.com\/leon\/asaja-leon-informa\/la-ley-de-montes-no-puede-ignorar-a-los-agricultores#breadcrumb\",\"itemListElement\":[{\"@type\":\"ListItem\",\"position\":1,\"name\":\"Portada\",\"item\":\"https:\/\/www.asajacyl.com\/leon\/\"},{\"@type\":\"ListItem\",\"position\":2,\"name\":\"LA LEY DE MONTES NO PUEDE IGNORAR A LOS AGRICULTORES\"}]},{\"@type\":\"WebSite\",\"@id\":\"https:\/\/www.asajacyl.com\/leon\/#website\",\"url\":\"https:\/\/www.asajacyl.com\/leon\/\",\"name\":\"ASAJA Le\u00f3n\",\"description\":\"Otro sitio m\u00e1s de Provincias ASAJA Castilla y Le\u00f3n\",\"potentialAction\":[{\"@type\":\"SearchAction\",\"target\":{\"@type\":\"EntryPoint\",\"urlTemplate\":\"https:\/\/www.asajacyl.com\/leon\/?s={search_term_string}\"},\"query-input\":{\"@type\":\"PropertyValueSpecification\",\"valueRequired\":true,\"valueName\":\"search_term_string\"}}],\"inLanguage\":\"es\"},{\"@type\":\"Person\",\"@id\":\"https:\/\/www.asajacyl.com\/leon\/#\/schema\/person\/7e884476cee132331142e8ac9689f20c\",\"name\":\"Editor\",\"image\":{\"@type\":\"ImageObject\",\"inLanguage\":\"es\",\"@id\":\"https:\/\/www.asajacyl.com\/leon\/#\/schema\/person\/image\/\",\"url\":\"https:\/\/secure.gravatar.com\/avatar\/a2ef43c165669686cfcfb0e1ffa59869?s=96&d=mm&r=g\",\"contentUrl\":\"https:\/\/secure.gravatar.com\/avatar\/a2ef43c165669686cfcfb0e1ffa59869?s=96&d=mm&r=g\",\"caption\":\"Editor\"},\"url\":\"https:\/\/www.asajacyl.com\/leon\/author\/oscargg\"}]}<\/script>\n<!-- \/ Yoast SEO plugin. -->","yoast_head_json":{"title":"LA LEY DE MONTES NO PUEDE IGNORAR A LOS AGRICULTORES - ASAJA Le\u00f3n","description":"Son muchos los agricultores del Bierzo, especialmente j&#243;venes, que se est&#225;n echando para atr&#225;s a la hora de poner en marcha una","robots":{"index":"index","follow":"follow","max-snippet":"max-snippet:-1","max-image-preview":"max-image-preview:large","max-video-preview":"max-video-preview:-1"},"canonical":"https:\/\/www.asajacyl.com\/leon\/asaja-leon-informa\/la-ley-de-montes-no-puede-ignorar-a-los-agricultores","og_locale":"es_ES","og_type":"article","og_title":"LA LEY DE MONTES NO PUEDE IGNORAR A LOS AGRICULTORES - ASAJA Le\u00f3n","og_description":"Son muchos los agricultores del Bierzo, especialmente j&#243;venes, que se est&#225;n echando para atr&#225;s a la hora de poner en marcha una","og_url":"https:\/\/www.asajacyl.com\/leon\/asaja-leon-informa\/la-ley-de-montes-no-puede-ignorar-a-los-agricultores","og_site_name":"ASAJA Le\u00f3n","article_published_time":"2003-02-14T23:00:00+00:00","article_modified_time":"2017-11-15T09:03:57+00:00","og_image":[{"width":1920,"height":1080,"url":"https:\/\/www.asajacyl.com\/leon\/wp-content\/uploads\/sites\/6\/2017\/11\/im_predefinida_1920x1080.jpg","type":"image\/jpeg"}],"author":"Editor","twitter_card":"summary_large_image","twitter_misc":{"Escrito por":"Editor","Tiempo de lectura":"2 minutos"},"schema":{"@context":"https:\/\/schema.org","@graph":[{"@type":"WebPage","@id":"https:\/\/www.asajacyl.com\/leon\/asaja-leon-informa\/la-ley-de-montes-no-puede-ignorar-a-los-agricultores","url":"https:\/\/www.asajacyl.com\/leon\/asaja-leon-informa\/la-ley-de-montes-no-puede-ignorar-a-los-agricultores","name":"LA LEY DE MONTES NO PUEDE IGNORAR A LOS AGRICULTORES - ASAJA Le\u00f3n","isPartOf":{"@id":"https:\/\/www.asajacyl.com\/leon\/#website"},"primaryImageOfPage":{"@id":"https:\/\/www.asajacyl.com\/leon\/asaja-leon-informa\/la-ley-de-montes-no-puede-ignorar-a-los-agricultores#primaryimage"},"image":{"@id":"https:\/\/www.asajacyl.com\/leon\/asaja-leon-informa\/la-ley-de-montes-no-puede-ignorar-a-los-agricultores#primaryimage"},"thumbnailUrl":"https:\/\/www.asajacyl.com\/leon\/wp-content\/uploads\/sites\/6\/2017\/11\/im_predefinida_1920x1080.jpg","datePublished":"2003-02-14T23:00:00+00:00","dateModified":"2017-11-15T09:03:57+00:00","author":{"@id":"https:\/\/www.asajacyl.com\/leon\/#\/schema\/person\/7e884476cee132331142e8ac9689f20c"},"description":"Son muchos los agricultores del Bierzo, especialmente j&#243;venes, que se est&#225;n echando para atr&#225;s a la hora de poner en marcha una","breadcrumb":{"@id":"https:\/\/www.asajacyl.com\/leon\/asaja-leon-informa\/la-ley-de-montes-no-puede-ignorar-a-los-agricultores#breadcrumb"},"inLanguage":"es","potentialAction":[{"@type":"ReadAction","target":["https:\/\/www.asajacyl.com\/leon\/asaja-leon-informa\/la-ley-de-montes-no-puede-ignorar-a-los-agricultores"]}]},{"@type":"ImageObject","inLanguage":"es","@id":"https:\/\/www.asajacyl.com\/leon\/asaja-leon-informa\/la-ley-de-montes-no-puede-ignorar-a-los-agricultores#primaryimage","url":"https:\/\/www.asajacyl.com\/leon\/wp-content\/uploads\/sites\/6\/2017\/11\/im_predefinida_1920x1080.jpg","contentUrl":"https:\/\/www.asajacyl.com\/leon\/wp-content\/uploads\/sites\/6\/2017\/11\/im_predefinida_1920x1080.jpg","width":1920,"height":1080,"caption":"Logotipo ASAJA Le\u00f3n"},{"@type":"BreadcrumbList","@id":"https:\/\/www.asajacyl.com\/leon\/asaja-leon-informa\/la-ley-de-montes-no-puede-ignorar-a-los-agricultores#breadcrumb","itemListElement":[{"@type":"ListItem","position":1,"name":"Portada","item":"https:\/\/www.asajacyl.com\/leon\/"},{"@type":"ListItem","position":2,"name":"LA LEY DE MONTES NO PUEDE IGNORAR A LOS AGRICULTORES"}]},{"@type":"WebSite","@id":"https:\/\/www.asajacyl.com\/leon\/#website","url":"https:\/\/www.asajacyl.com\/leon\/","name":"ASAJA Le\u00f3n","description":"Otro sitio m\u00e1s de Provincias ASAJA Castilla y Le\u00f3n","potentialAction":[{"@type":"SearchAction","target":{"@type":"EntryPoint","urlTemplate":"https:\/\/www.asajacyl.com\/leon\/?s={search_term_string}"},"query-input":{"@type":"PropertyValueSpecification","valueRequired":true,"valueName":"search_term_string"}}],"inLanguage":"es"},{"@type":"Person","@id":"https:\/\/www.asajacyl.com\/leon\/#\/schema\/person\/7e884476cee132331142e8ac9689f20c","name":"Editor","image":{"@type":"ImageObject","inLanguage":"es","@id":"https:\/\/www.asajacyl.com\/leon\/#\/schema\/person\/image\/","url":"https:\/\/secure.gravatar.com\/avatar\/a2ef43c165669686cfcfb0e1ffa59869?s=96&d=mm&r=g","contentUrl":"https:\/\/secure.gravatar.com\/avatar\/a2ef43c165669686cfcfb0e1ffa59869?s=96&d=mm&r=g","caption":"Editor"},"url":"https:\/\/www.asajacyl.com\/leon\/author\/oscargg"}]}},"_links":{"self":[{"href":"https:\/\/www.asajacyl.com\/leon\/wp-json\/wp\/v2\/posts\/939"}],"collection":[{"href":"https:\/\/www.asajacyl.com\/leon\/wp-json\/wp\/v2\/posts"}],"about":[{"href":"https:\/\/www.asajacyl.com\/leon\/wp-json\/wp\/v2\/types\/post"}],"author":[{"embeddable":true,"href":"https:\/\/www.asajacyl.com\/leon\/wp-json\/wp\/v2\/users\/3"}],"replies":[{"embeddable":true,"href":"https:\/\/www.asajacyl.com\/leon\/wp-json\/wp\/v2\/comments?post=939"}],"version-history":[{"count":1,"href":"https:\/\/www.asajacyl.com\/leon\/wp-json\/wp\/v2\/posts\/939\/revisions"}],"predecessor-version":[{"id":1304,"href":"https:\/\/www.asajacyl.com\/leon\/wp-json\/wp\/v2\/posts\/939\/revisions\/1304"}],"wp:featuredmedia":[{"embeddable":true,"href":"https:\/\/www.asajacyl.com\/leon\/wp-json\/wp\/v2\/media\/8174"}],"wp:attachment":[{"href":"https:\/\/www.asajacyl.com\/leon\/wp-json\/wp\/v2\/media?parent=939"}],"wp:term":[{"taxonomy":"category","embeddable":true,"href":"https:\/\/www.asajacyl.com\/leon\/wp-json\/wp\/v2\/categories?post=939"},{"taxonomy":"post_tag","embeddable":true,"href":"https:\/\/www.asajacyl.com\/leon\/wp-json\/wp\/v2\/tags?post=939"}],"curies":[{"name":"wp","href":"https:\/\/api.w.org\/{rel}","templated":true}]}}