{"id":9445,"date":"2018-11-07T09:16:26","date_gmt":"2018-11-07T08:16:26","guid":{"rendered":"https:\/\/www.asajacyl.com\/leon\/?p=9445"},"modified":"2018-11-16T08:54:22","modified_gmt":"2018-11-16T07:54:22","slug":"asaja-no-abre-al-publico-el-9-de-noviembre","status":"publish","type":"post","link":"https:\/\/www.asajacyl.com\/leon\/asaja-leon-informa\/noticias\/asaja-no-abre-al-publico-el-9-de-noviembre","title":{"rendered":"Asaja no abre al p\u00fablico el 9 de noviembre"},"content":{"rendered":"<h6><span style=\"color: #000000;font-family: Times New Roman;font-size: medium\">Informamos a todos los socios que el viernes d\u00eda 9 de noviembre todas las oficinas comarcales, as\u00ed como la oficina principal de ASAJA en la capital leonesa, permanecer\u00e1n cerradas al p\u00fablico. El motivo es que la plantilla al completo participar en una jornada de formaci\u00f3n junto con el resto de empleados de ASAJA en las nueve provincias de Castilla y Le\u00f3n. Disculpen las molestias.<\/span><\/h6>\n<p>&nbsp;<\/p>\n","protected":false},"excerpt":{"rendered":"<p>Informamos a todos los socios que el viernes d\u00eda 9 de noviembre todas las oficinas comarcales, as\u00ed como la oficina principal de ASAJA en la capital leonesa, permanecer\u00e1n cerradas al p\u00fablico. El motivo es que la plantilla al completo participar en una jornada de formaci\u00f3n junto con el resto de empleados de ASAJA en las [&hellip;]<\/p>\n","protected":false},"author":8,"featured_media":4153,"comment_status":"open","ping_status":"open","sticky":false,"template":"","format":"standard","meta":{"footnotes":""},"categories":[4,9],"tags":[],"yoast_head":"<!-- This site is optimized with the Yoast SEO plugin v24.5 - https:\/\/yoast.com\/wordpress\/plugins\/seo\/ -->\n<title>Asaja no abre al p\u00fablico el 9 de noviembre - ASAJA Le\u00f3n<\/title>\n<meta name=\"description\" content=\"Informamos a todos los socios que el viernes d\u00eda 9 de noviembre todas las oficinas comarcales, as\u00ed como la oficina principal de ASAJA en la capital\" \/>\n<meta name=\"robots\" content=\"index, follow, max-snippet:-1, max-image-preview:large, max-video-preview:-1\" \/>\n<link rel=\"canonical\" href=\"https:\/\/www.asajacyl.com\/leon\/asaja-leon-informa\/noticias\/asaja-no-abre-al-publico-el-9-de-noviembre\" \/>\n<meta property=\"og:locale\" content=\"es_ES\" \/>\n<meta property=\"og:type\" content=\"article\" \/>\n<meta property=\"og:title\" content=\"Asaja no abre al p\u00fablico el 9 de noviembre - ASAJA Le\u00f3n\" \/>\n<meta property=\"og:description\" content=\"Informamos a todos los socios que el viernes d\u00eda 9 de noviembre todas las oficinas comarcales, as\u00ed como la oficina principal de ASAJA en la capital\" \/>\n<meta property=\"og:url\" content=\"https:\/\/www.asajacyl.com\/leon\/asaja-leon-informa\/noticias\/asaja-no-abre-al-publico-el-9-de-noviembre\" \/>\n<meta property=\"og:site_name\" content=\"ASAJA Le\u00f3n\" \/>\n<meta property=\"article:published_time\" content=\"2018-11-07T08:16:26+00:00\" \/>\n<meta property=\"article:modified_time\" content=\"2018-11-16T07:54:22+00:00\" \/>\n<meta property=\"og:image\" content=\"https:\/\/www.asajacyl.com\/leon\/wp-content\/uploads\/sites\/6\/2017\/11\/leon-1024x683.jpg\" \/>\n\t<meta property=\"og:image:width\" content=\"1024\" \/>\n\t<meta property=\"og:image:height\" content=\"683\" \/>\n\t<meta property=\"og:image:type\" content=\"image\/jpeg\" \/>\n<meta name=\"author\" content=\"Eduardo\" \/>\n<meta name=\"twitter:card\" content=\"summary_large_image\" \/>\n<meta name=\"twitter:label1\" content=\"Escrito por\" \/>\n\t<meta name=\"twitter:data1\" content=\"Eduardo\" \/>\n<script type=\"application\/ld+json\" class=\"yoast-schema-graph\">{\"@context\":\"https:\/\/schema.org\",\"@graph\":[{\"@type\":\"WebPage\",\"@id\":\"https:\/\/www.asajacyl.com\/leon\/asaja-leon-informa\/noticias\/asaja-no-abre-al-publico-el-9-de-noviembre\",\"url\":\"https:\/\/www.asajacyl.com\/leon\/asaja-leon-informa\/noticias\/asaja-no-abre-al-publico-el-9-de-noviembre\",\"name\":\"Asaja no abre al p\u00fablico el 9 de noviembre - ASAJA Le\u00f3n\",\"isPartOf\":{\"@id\":\"https:\/\/www.asajacyl.com\/leon\/#website\"},\"primaryImageOfPage\":{\"@id\":\"https:\/\/www.asajacyl.com\/leon\/asaja-leon-informa\/noticias\/asaja-no-abre-al-publico-el-9-de-noviembre#primaryimage\"},\"image\":{\"@id\":\"https:\/\/www.asajacyl.com\/leon\/asaja-leon-informa\/noticias\/asaja-no-abre-al-publico-el-9-de-noviembre#primaryimage\"},\"thumbnailUrl\":\"https:\/\/www.asajacyl.com\/leon\/wp-content\/uploads\/sites\/6\/2017\/11\/leon.jpg\",\"datePublished\":\"2018-11-07T08:16:26+00:00\",\"dateModified\":\"2018-11-16T07:54:22+00:00\",\"author\":{\"@id\":\"https:\/\/www.asajacyl.com\/leon\/#\/schema\/person\/a39ff3609fc182e4c789ab486e865d32\"},\"description\":\"Informamos a todos los socios que el viernes d\u00eda 9 de noviembre todas las oficinas comarcales, as\u00ed como la oficina principal de ASAJA en la capital\",\"breadcrumb\":{\"@id\":\"https:\/\/www.asajacyl.com\/leon\/asaja-leon-informa\/noticias\/asaja-no-abre-al-publico-el-9-de-noviembre#breadcrumb\"},\"inLanguage\":\"es\",\"potentialAction\":[{\"@type\":\"ReadAction\",\"target\":[\"https:\/\/www.asajacyl.com\/leon\/asaja-leon-informa\/noticias\/asaja-no-abre-al-publico-el-9-de-noviembre\"]}]},{\"@type\":\"ImageObject\",\"inLanguage\":\"es\",\"@id\":\"https:\/\/www.asajacyl.com\/leon\/asaja-leon-informa\/noticias\/asaja-no-abre-al-publico-el-9-de-noviembre#primaryimage\",\"url\":\"https:\/\/www.asajacyl.com\/leon\/wp-content\/uploads\/sites\/6\/2017\/11\/leon.jpg\",\"contentUrl\":\"https:\/\/www.asajacyl.com\/leon\/wp-content\/uploads\/sites\/6\/2017\/11\/leon.jpg\",\"width\":3888,\"height\":2592,\"caption\":\"Oficina de Le\u00f3n\"},{\"@type\":\"BreadcrumbList\",\"@id\":\"https:\/\/www.asajacyl.com\/leon\/asaja-leon-informa\/noticias\/asaja-no-abre-al-publico-el-9-de-noviembre#breadcrumb\",\"itemListElement\":[{\"@type\":\"ListItem\",\"position\":1,\"name\":\"Portada\",\"item\":\"https:\/\/www.asajacyl.com\/leon\/\"},{\"@type\":\"ListItem\",\"position\":2,\"name\":\"Asaja no abre al p\u00fablico el 9 de noviembre\"}]},{\"@type\":\"WebSite\",\"@id\":\"https:\/\/www.asajacyl.com\/leon\/#website\",\"url\":\"https:\/\/www.asajacyl.com\/leon\/\",\"name\":\"ASAJA Le\u00f3n\",\"description\":\"Otro sitio m\u00e1s de Provincias ASAJA Castilla y Le\u00f3n\",\"potentialAction\":[{\"@type\":\"SearchAction\",\"target\":{\"@type\":\"EntryPoint\",\"urlTemplate\":\"https:\/\/www.asajacyl.com\/leon\/?s={search_term_string}\"},\"query-input\":{\"@type\":\"PropertyValueSpecification\",\"valueRequired\":true,\"valueName\":\"search_term_string\"}}],\"inLanguage\":\"es\"},{\"@type\":\"Person\",\"@id\":\"https:\/\/www.asajacyl.com\/leon\/#\/schema\/person\/a39ff3609fc182e4c789ab486e865d32\",\"name\":\"Eduardo\",\"image\":{\"@type\":\"ImageObject\",\"inLanguage\":\"es\",\"@id\":\"https:\/\/www.asajacyl.com\/leon\/#\/schema\/person\/image\/\",\"url\":\"https:\/\/secure.gravatar.com\/avatar\/9ebd6aba21d817dcf9595bc9ca505af5?s=96&d=mm&r=g\",\"contentUrl\":\"https:\/\/secure.gravatar.com\/avatar\/9ebd6aba21d817dcf9595bc9ca505af5?s=96&d=mm&r=g\",\"caption\":\"Eduardo\"},\"url\":\"https:\/\/www.asajacyl.com\/leon\/author\/eduardovv\"}]}<\/script>\n<!-- \/ Yoast SEO plugin. -->","yoast_head_json":{"title":"Asaja no abre al p\u00fablico el 9 de noviembre - ASAJA Le\u00f3n","description":"Informamos a todos los socios que el viernes d\u00eda 9 de noviembre todas las oficinas comarcales, as\u00ed como la oficina principal de ASAJA en la capital","robots":{"index":"index","follow":"follow","max-snippet":"max-snippet:-1","max-image-preview":"max-image-preview:large","max-video-preview":"max-video-preview:-1"},"canonical":"https:\/\/www.asajacyl.com\/leon\/asaja-leon-informa\/noticias\/asaja-no-abre-al-publico-el-9-de-noviembre","og_locale":"es_ES","og_type":"article","og_title":"Asaja no abre al p\u00fablico el 9 de noviembre - ASAJA Le\u00f3n","og_description":"Informamos a todos los socios que el viernes d\u00eda 9 de noviembre todas las oficinas comarcales, as\u00ed como la oficina principal de ASAJA en la capital","og_url":"https:\/\/www.asajacyl.com\/leon\/asaja-leon-informa\/noticias\/asaja-no-abre-al-publico-el-9-de-noviembre","og_site_name":"ASAJA Le\u00f3n","article_published_time":"2018-11-07T08:16:26+00:00","article_modified_time":"2018-11-16T07:54:22+00:00","og_image":[{"width":1024,"height":683,"url":"https:\/\/www.asajacyl.com\/leon\/wp-content\/uploads\/sites\/6\/2017\/11\/leon-1024x683.jpg","type":"image\/jpeg"}],"author":"Eduardo","twitter_card":"summary_large_image","twitter_misc":{"Escrito por":"Eduardo"},"schema":{"@context":"https:\/\/schema.org","@graph":[{"@type":"WebPage","@id":"https:\/\/www.asajacyl.com\/leon\/asaja-leon-informa\/noticias\/asaja-no-abre-al-publico-el-9-de-noviembre","url":"https:\/\/www.asajacyl.com\/leon\/asaja-leon-informa\/noticias\/asaja-no-abre-al-publico-el-9-de-noviembre","name":"Asaja no abre al p\u00fablico el 9 de noviembre - ASAJA Le\u00f3n","isPartOf":{"@id":"https:\/\/www.asajacyl.com\/leon\/#website"},"primaryImageOfPage":{"@id":"https:\/\/www.asajacyl.com\/leon\/asaja-leon-informa\/noticias\/asaja-no-abre-al-publico-el-9-de-noviembre#primaryimage"},"image":{"@id":"https:\/\/www.asajacyl.com\/leon\/asaja-leon-informa\/noticias\/asaja-no-abre-al-publico-el-9-de-noviembre#primaryimage"},"thumbnailUrl":"https:\/\/www.asajacyl.com\/leon\/wp-content\/uploads\/sites\/6\/2017\/11\/leon.jpg","datePublished":"2018-11-07T08:16:26+00:00","dateModified":"2018-11-16T07:54:22+00:00","author":{"@id":"https:\/\/www.asajacyl.com\/leon\/#\/schema\/person\/a39ff3609fc182e4c789ab486e865d32"},"description":"Informamos a todos los socios que el viernes d\u00eda 9 de noviembre todas las oficinas comarcales, as\u00ed como la oficina principal de ASAJA en la capital","breadcrumb":{"@id":"https:\/\/www.asajacyl.com\/leon\/asaja-leon-informa\/noticias\/asaja-no-abre-al-publico-el-9-de-noviembre#breadcrumb"},"inLanguage":"es","potentialAction":[{"@type":"ReadAction","target":["https:\/\/www.asajacyl.com\/leon\/asaja-leon-informa\/noticias\/asaja-no-abre-al-publico-el-9-de-noviembre"]}]},{"@type":"ImageObject","inLanguage":"es","@id":"https:\/\/www.asajacyl.com\/leon\/asaja-leon-informa\/noticias\/asaja-no-abre-al-publico-el-9-de-noviembre#primaryimage","url":"https:\/\/www.asajacyl.com\/leon\/wp-content\/uploads\/sites\/6\/2017\/11\/leon.jpg","contentUrl":"https:\/\/www.asajacyl.com\/leon\/wp-content\/uploads\/sites\/6\/2017\/11\/leon.jpg","width":3888,"height":2592,"caption":"Oficina de Le\u00f3n"},{"@type":"BreadcrumbList","@id":"https:\/\/www.asajacyl.com\/leon\/asaja-leon-informa\/noticias\/asaja-no-abre-al-publico-el-9-de-noviembre#breadcrumb","itemListElement":[{"@type":"ListItem","position":1,"name":"Portada","item":"https:\/\/www.asajacyl.com\/leon\/"},{"@type":"ListItem","position":2,"name":"Asaja no abre al p\u00fablico el 9 de noviembre"}]},{"@type":"WebSite","@id":"https:\/\/www.asajacyl.com\/leon\/#website","url":"https:\/\/www.asajacyl.com\/leon\/","name":"ASAJA Le\u00f3n","description":"Otro sitio m\u00e1s de Provincias ASAJA Castilla y Le\u00f3n","potentialAction":[{"@type":"SearchAction","target":{"@type":"EntryPoint","urlTemplate":"https:\/\/www.asajacyl.com\/leon\/?s={search_term_string}"},"query-input":{"@type":"PropertyValueSpecification","valueRequired":true,"valueName":"search_term_string"}}],"inLanguage":"es"},{"@type":"Person","@id":"https:\/\/www.asajacyl.com\/leon\/#\/schema\/person\/a39ff3609fc182e4c789ab486e865d32","name":"Eduardo","image":{"@type":"ImageObject","inLanguage":"es","@id":"https:\/\/www.asajacyl.com\/leon\/#\/schema\/person\/image\/","url":"https:\/\/secure.gravatar.com\/avatar\/9ebd6aba21d817dcf9595bc9ca505af5?s=96&d=mm&r=g","contentUrl":"https:\/\/secure.gravatar.com\/avatar\/9ebd6aba21d817dcf9595bc9ca505af5?s=96&d=mm&r=g","caption":"Eduardo"},"url":"https:\/\/www.asajacyl.com\/leon\/author\/eduardovv"}]}},"_links":{"self":[{"href":"https:\/\/www.asajacyl.com\/leon\/wp-json\/wp\/v2\/posts\/9445"}],"collection":[{"href":"https:\/\/www.asajacyl.com\/leon\/wp-json\/wp\/v2\/posts"}],"about":[{"href":"https:\/\/www.asajacyl.com\/leon\/wp-json\/wp\/v2\/types\/post"}],"author":[{"embeddable":true,"href":"https:\/\/www.asajacyl.com\/leon\/wp-json\/wp\/v2\/users\/8"}],"replies":[{"embeddable":true,"href":"https:\/\/www.asajacyl.com\/leon\/wp-json\/wp\/v2\/comments?post=9445"}],"version-history":[{"count":1,"href":"https:\/\/www.asajacyl.com\/leon\/wp-json\/wp\/v2\/posts\/9445\/revisions"}],"predecessor-version":[{"id":9446,"href":"https:\/\/www.asajacyl.com\/leon\/wp-json\/wp\/v2\/posts\/9445\/revisions\/9446"}],"wp:featuredmedia":[{"embeddable":true,"href":"https:\/\/www.asajacyl.com\/leon\/wp-json\/wp\/v2\/media\/4153"}],"wp:attachment":[{"href":"https:\/\/www.asajacyl.com\/leon\/wp-json\/wp\/v2\/media?parent=9445"}],"wp:term":[{"taxonomy":"category","embeddable":true,"href":"https:\/\/www.asajacyl.com\/leon\/wp-json\/wp\/v2\/categories?post=9445"},{"taxonomy":"post_tag","embeddable":true,"href":"https:\/\/www.asajacyl.com\/leon\/wp-json\/wp\/v2\/tags?post=9445"}],"curies":[{"name":"wp","href":"https:\/\/api.w.org\/{rel}","templated":true}]}}