{"id":9639,"date":"2019-01-10T12:26:46","date_gmt":"2019-01-10T11:26:46","guid":{"rendered":"https:\/\/www.asajacyl.com\/leon\/?p=9639"},"modified":"2019-01-16T16:48:28","modified_gmt":"2019-01-16T15:48:28","slug":"asaja-estima-unas-25-las-incorporaciones-jovenes-agricultores-bierzo-la-convocatoria-finaliza-15-febrero","status":"publish","type":"post","link":"https:\/\/www.asajacyl.com\/leon\/asaja-leon-informa\/asaja-estima-unas-25-las-incorporaciones-jovenes-agricultores-bierzo-la-convocatoria-finaliza-15-febrero","title":{"rendered":"ASAJA estima en unas 25 las incorporaciones de j\u00f3venes agricultores en El Bierzo en la convocatoria que finaliza el 15 de febrero"},"content":{"rendered":"<p>La organizaci\u00f3n agraria ASAJA estima en 25 el n\u00famero de j\u00f3venes que se incorporar\u00e1n a la agricultura y ganader\u00eda como agricultores profesionales en la comarca del Bierzo, al amparo de las ayudas convocadas por la consejer\u00eda de Agricultura en el BOCYL del 31 de diciembre. Desde el 30 de septiembre de 2017, cuando finaliz\u00f3 la anterior solicitud de estas ayudas, ASAJA ha tramitado ya en la comarca 17 solicitudes de incorporaci\u00f3n de j\u00f3venes a la agricultura y ganader\u00eda, y no espera muchas m\u00e1s en las pr\u00f3ximas fechas, por lo que, junto a las que se hayan tramitado a trav\u00e9s de otros colectivos, se llegar\u00eda a esa cifra estimada de 25 incorporaciones.<\/p>\n<p>Se ha de tener en cuenta que las incorporaciones que se llevan a cabo aprovechando las l\u00edneas de ayudada del Fondo Europeo de Desarrollo Rural exigen compromisos de permanencia en el sector y exigen una profesionalidad basada en la ocupaci\u00f3n en la actividad y en que las rentas del trabajo sean mayoritariamente agroganaderas. Estos j\u00f3venes previamente han participado en los cursos de formaci\u00f3n impartidos por ASAJA, bien de forma presencial o en la modalidad online, para acreditar la capacitaci\u00f3n exigida.<\/p>\n<p>ASAJA, que tramitar\u00e1 al menos el 80 por ciento de todos los expedientes de la comarca, destaca que, si se cumplen sus previsiones y se incorporan 25 j\u00f3venes, es un n\u00famero razonable, acorde con la dimensi\u00f3n del sector. La mitad de estos j\u00f3venes se incorporan en actividades ganaderas, incluyendo dentro de estas tambi\u00e9n la apicultura, y el otro cincuenta por ciento en los sectores de la fruticultura, horticultura y vi\u00f1edo.<\/p>\n<p>Una mejor gesti\u00f3n de los aprovechamientos de pastos en los montes p\u00fablicos y fincas de particulares de la comarca, y sobre todo la concentraci\u00f3n parcelaria y la modernizaci\u00f3n de los regad\u00edos, permitir\u00edan un incremento y redimensionamiento de las explotaciones y, como consecuencia, tambi\u00e9n de las incorporaciones de j\u00f3venes. En una comarca en la que hay que convivir con el minifundismo y con unas estructuras productivas obsoletas, donde no se aplican las reglas de la econom\u00eda de escala, es imprescindible diferenciar los productos para que el consumidor aprecie la calidad y se puedan vender con un mayor margen que la industria agroalimentaria debe de revertir \u00edntegramente en el productor, algo que hoy por hoy no est\u00e1 ocurriendo.<\/p>\n","protected":false},"excerpt":{"rendered":"<p>La organizaci\u00f3n agraria ASAJA estima en 25 el n\u00famero de j\u00f3venes que se incorporar\u00e1n a la agricultura y ganader\u00eda como agricultores profesionales en la comarca del Bierzo, al amparo de las ayudas convocadas por la consejer\u00eda de Agricultura en el BOCYL del 31 de diciembre. Desde el 30 de septiembre de 2017, cuando finaliz\u00f3 la [&hellip;]<\/p>\n","protected":false},"author":17,"featured_media":9643,"comment_status":"open","ping_status":"open","sticky":false,"template":"","format":"standard","meta":{"footnotes":""},"categories":[4,9],"tags":[],"yoast_head":"<!-- This site is optimized with the Yoast SEO plugin v24.5 - https:\/\/yoast.com\/wordpress\/plugins\/seo\/ -->\n<title>ASAJA estima en unas 25 las incorporaciones de j\u00f3venes agricultores en El Bierzo en la convocatoria que finaliza el 15 de febrero - ASAJA Le\u00f3n<\/title>\n<meta name=\"description\" content=\"La organizaci\u00f3n agraria ASAJA estima en 25 el n\u00famero de j\u00f3venes que se incorporar\u00e1n a la agricultura y ganader\u00eda como agricultores profesionales en la\" \/>\n<meta name=\"robots\" content=\"index, follow, max-snippet:-1, max-image-preview:large, max-video-preview:-1\" \/>\n<link rel=\"canonical\" href=\"https:\/\/www.asajacyl.com\/leon\/asaja-leon-informa\/asaja-estima-unas-25-las-incorporaciones-jovenes-agricultores-bierzo-la-convocatoria-finaliza-15-febrero\" \/>\n<meta property=\"og:locale\" content=\"es_ES\" \/>\n<meta property=\"og:type\" content=\"article\" \/>\n<meta property=\"og:title\" content=\"ASAJA estima en unas 25 las incorporaciones de j\u00f3venes agricultores en El Bierzo en la convocatoria que finaliza el 15 de febrero - ASAJA Le\u00f3n\" \/>\n<meta property=\"og:description\" content=\"La organizaci\u00f3n agraria ASAJA estima en 25 el n\u00famero de j\u00f3venes que se incorporar\u00e1n a la agricultura y ganader\u00eda como agricultores profesionales en la\" \/>\n<meta property=\"og:url\" content=\"https:\/\/www.asajacyl.com\/leon\/asaja-leon-informa\/asaja-estima-unas-25-las-incorporaciones-jovenes-agricultores-bierzo-la-convocatoria-finaliza-15-febrero\" \/>\n<meta property=\"og:site_name\" content=\"ASAJA Le\u00f3n\" \/>\n<meta property=\"article:published_time\" content=\"2019-01-10T11:26:46+00:00\" \/>\n<meta property=\"article:modified_time\" content=\"2019-01-16T15:48:28+00:00\" \/>\n<meta property=\"og:image\" content=\"https:\/\/www.asajacyl.com\/leon\/wp-content\/uploads\/sites\/6\/2019\/01\/ALUMNOS_CIEA.jpg\" \/>\n\t<meta property=\"og:image:width\" content=\"2500\" \/>\n\t<meta property=\"og:image:height\" content=\"1213\" \/>\n\t<meta property=\"og:image:type\" content=\"image\/jpeg\" \/>\n<meta name=\"author\" content=\"gonzalofa\" \/>\n<meta name=\"twitter:card\" content=\"summary_large_image\" \/>\n<meta name=\"twitter:label1\" content=\"Escrito por\" \/>\n\t<meta name=\"twitter:data1\" content=\"gonzalofa\" \/>\n\t<meta name=\"twitter:label2\" content=\"Tiempo de lectura\" \/>\n\t<meta name=\"twitter:data2\" content=\"2 minutos\" \/>\n<script type=\"application\/ld+json\" class=\"yoast-schema-graph\">{\"@context\":\"https:\/\/schema.org\",\"@graph\":[{\"@type\":\"WebPage\",\"@id\":\"https:\/\/www.asajacyl.com\/leon\/asaja-leon-informa\/asaja-estima-unas-25-las-incorporaciones-jovenes-agricultores-bierzo-la-convocatoria-finaliza-15-febrero\",\"url\":\"https:\/\/www.asajacyl.com\/leon\/asaja-leon-informa\/asaja-estima-unas-25-las-incorporaciones-jovenes-agricultores-bierzo-la-convocatoria-finaliza-15-febrero\",\"name\":\"ASAJA estima en unas 25 las incorporaciones de j\u00f3venes agricultores en El Bierzo en la convocatoria que finaliza el 15 de febrero - ASAJA Le\u00f3n\",\"isPartOf\":{\"@id\":\"https:\/\/www.asajacyl.com\/leon\/#website\"},\"primaryImageOfPage\":{\"@id\":\"https:\/\/www.asajacyl.com\/leon\/asaja-leon-informa\/asaja-estima-unas-25-las-incorporaciones-jovenes-agricultores-bierzo-la-convocatoria-finaliza-15-febrero#primaryimage\"},\"image\":{\"@id\":\"https:\/\/www.asajacyl.com\/leon\/asaja-leon-informa\/asaja-estima-unas-25-las-incorporaciones-jovenes-agricultores-bierzo-la-convocatoria-finaliza-15-febrero#primaryimage\"},\"thumbnailUrl\":\"https:\/\/www.asajacyl.com\/leon\/wp-content\/uploads\/sites\/6\/2019\/01\/ALUMNOS_CIEA.jpg\",\"datePublished\":\"2019-01-10T11:26:46+00:00\",\"dateModified\":\"2019-01-16T15:48:28+00:00\",\"author\":{\"@id\":\"https:\/\/www.asajacyl.com\/leon\/#\/schema\/person\/061f8efaa09cf43f8868e57fe9592bfa\"},\"description\":\"La organizaci\u00f3n agraria ASAJA estima en 25 el n\u00famero de j\u00f3venes que se incorporar\u00e1n a la agricultura y ganader\u00eda como agricultores profesionales en la\",\"breadcrumb\":{\"@id\":\"https:\/\/www.asajacyl.com\/leon\/asaja-leon-informa\/asaja-estima-unas-25-las-incorporaciones-jovenes-agricultores-bierzo-la-convocatoria-finaliza-15-febrero#breadcrumb\"},\"inLanguage\":\"es\",\"potentialAction\":[{\"@type\":\"ReadAction\",\"target\":[\"https:\/\/www.asajacyl.com\/leon\/asaja-leon-informa\/asaja-estima-unas-25-las-incorporaciones-jovenes-agricultores-bierzo-la-convocatoria-finaliza-15-febrero\"]}]},{\"@type\":\"ImageObject\",\"inLanguage\":\"es\",\"@id\":\"https:\/\/www.asajacyl.com\/leon\/asaja-leon-informa\/asaja-estima-unas-25-las-incorporaciones-jovenes-agricultores-bierzo-la-convocatoria-finaliza-15-febrero#primaryimage\",\"url\":\"https:\/\/www.asajacyl.com\/leon\/wp-content\/uploads\/sites\/6\/2019\/01\/ALUMNOS_CIEA.jpg\",\"contentUrl\":\"https:\/\/www.asajacyl.com\/leon\/wp-content\/uploads\/sites\/6\/2019\/01\/ALUMNOS_CIEA.jpg\",\"width\":2500,\"height\":1213},{\"@type\":\"BreadcrumbList\",\"@id\":\"https:\/\/www.asajacyl.com\/leon\/asaja-leon-informa\/asaja-estima-unas-25-las-incorporaciones-jovenes-agricultores-bierzo-la-convocatoria-finaliza-15-febrero#breadcrumb\",\"itemListElement\":[{\"@type\":\"ListItem\",\"position\":1,\"name\":\"Portada\",\"item\":\"https:\/\/www.asajacyl.com\/leon\/\"},{\"@type\":\"ListItem\",\"position\":2,\"name\":\"ASAJA estima en unas 25 las incorporaciones de j\u00f3venes agricultores en El Bierzo en la convocatoria que finaliza el 15 de febrero\"}]},{\"@type\":\"WebSite\",\"@id\":\"https:\/\/www.asajacyl.com\/leon\/#website\",\"url\":\"https:\/\/www.asajacyl.com\/leon\/\",\"name\":\"ASAJA Le\u00f3n\",\"description\":\"Otro sitio m\u00e1s de Provincias ASAJA Castilla y Le\u00f3n\",\"potentialAction\":[{\"@type\":\"SearchAction\",\"target\":{\"@type\":\"EntryPoint\",\"urlTemplate\":\"https:\/\/www.asajacyl.com\/leon\/?s={search_term_string}\"},\"query-input\":{\"@type\":\"PropertyValueSpecification\",\"valueRequired\":true,\"valueName\":\"search_term_string\"}}],\"inLanguage\":\"es\"},{\"@type\":\"Person\",\"@id\":\"https:\/\/www.asajacyl.com\/leon\/#\/schema\/person\/061f8efaa09cf43f8868e57fe9592bfa\",\"name\":\"gonzalofa\",\"image\":{\"@type\":\"ImageObject\",\"inLanguage\":\"es\",\"@id\":\"https:\/\/www.asajacyl.com\/leon\/#\/schema\/person\/image\/\",\"url\":\"https:\/\/secure.gravatar.com\/avatar\/ae85559b262be23fe1587f91beb8e527?s=96&d=mm&r=g\",\"contentUrl\":\"https:\/\/secure.gravatar.com\/avatar\/ae85559b262be23fe1587f91beb8e527?s=96&d=mm&r=g\",\"caption\":\"gonzalofa\"},\"url\":\"https:\/\/www.asajacyl.com\/leon\/author\/gonzalofa\"}]}<\/script>\n<!-- \/ Yoast SEO plugin. -->","yoast_head_json":{"title":"ASAJA estima en unas 25 las incorporaciones de j\u00f3venes agricultores en El Bierzo en la convocatoria que finaliza el 15 de febrero - ASAJA Le\u00f3n","description":"La organizaci\u00f3n agraria ASAJA estima en 25 el n\u00famero de j\u00f3venes que se incorporar\u00e1n a la agricultura y ganader\u00eda como agricultores profesionales en la","robots":{"index":"index","follow":"follow","max-snippet":"max-snippet:-1","max-image-preview":"max-image-preview:large","max-video-preview":"max-video-preview:-1"},"canonical":"https:\/\/www.asajacyl.com\/leon\/asaja-leon-informa\/asaja-estima-unas-25-las-incorporaciones-jovenes-agricultores-bierzo-la-convocatoria-finaliza-15-febrero","og_locale":"es_ES","og_type":"article","og_title":"ASAJA estima en unas 25 las incorporaciones de j\u00f3venes agricultores en El Bierzo en la convocatoria que finaliza el 15 de febrero - ASAJA Le\u00f3n","og_description":"La organizaci\u00f3n agraria ASAJA estima en 25 el n\u00famero de j\u00f3venes que se incorporar\u00e1n a la agricultura y ganader\u00eda como agricultores profesionales en la","og_url":"https:\/\/www.asajacyl.com\/leon\/asaja-leon-informa\/asaja-estima-unas-25-las-incorporaciones-jovenes-agricultores-bierzo-la-convocatoria-finaliza-15-febrero","og_site_name":"ASAJA Le\u00f3n","article_published_time":"2019-01-10T11:26:46+00:00","article_modified_time":"2019-01-16T15:48:28+00:00","og_image":[{"width":2500,"height":1213,"url":"https:\/\/www.asajacyl.com\/leon\/wp-content\/uploads\/sites\/6\/2019\/01\/ALUMNOS_CIEA.jpg","type":"image\/jpeg"}],"author":"gonzalofa","twitter_card":"summary_large_image","twitter_misc":{"Escrito por":"gonzalofa","Tiempo de lectura":"2 minutos"},"schema":{"@context":"https:\/\/schema.org","@graph":[{"@type":"WebPage","@id":"https:\/\/www.asajacyl.com\/leon\/asaja-leon-informa\/asaja-estima-unas-25-las-incorporaciones-jovenes-agricultores-bierzo-la-convocatoria-finaliza-15-febrero","url":"https:\/\/www.asajacyl.com\/leon\/asaja-leon-informa\/asaja-estima-unas-25-las-incorporaciones-jovenes-agricultores-bierzo-la-convocatoria-finaliza-15-febrero","name":"ASAJA estima en unas 25 las incorporaciones de j\u00f3venes agricultores en El Bierzo en la convocatoria que finaliza el 15 de febrero - ASAJA Le\u00f3n","isPartOf":{"@id":"https:\/\/www.asajacyl.com\/leon\/#website"},"primaryImageOfPage":{"@id":"https:\/\/www.asajacyl.com\/leon\/asaja-leon-informa\/asaja-estima-unas-25-las-incorporaciones-jovenes-agricultores-bierzo-la-convocatoria-finaliza-15-febrero#primaryimage"},"image":{"@id":"https:\/\/www.asajacyl.com\/leon\/asaja-leon-informa\/asaja-estima-unas-25-las-incorporaciones-jovenes-agricultores-bierzo-la-convocatoria-finaliza-15-febrero#primaryimage"},"thumbnailUrl":"https:\/\/www.asajacyl.com\/leon\/wp-content\/uploads\/sites\/6\/2019\/01\/ALUMNOS_CIEA.jpg","datePublished":"2019-01-10T11:26:46+00:00","dateModified":"2019-01-16T15:48:28+00:00","author":{"@id":"https:\/\/www.asajacyl.com\/leon\/#\/schema\/person\/061f8efaa09cf43f8868e57fe9592bfa"},"description":"La organizaci\u00f3n agraria ASAJA estima en 25 el n\u00famero de j\u00f3venes que se incorporar\u00e1n a la agricultura y ganader\u00eda como agricultores profesionales en la","breadcrumb":{"@id":"https:\/\/www.asajacyl.com\/leon\/asaja-leon-informa\/asaja-estima-unas-25-las-incorporaciones-jovenes-agricultores-bierzo-la-convocatoria-finaliza-15-febrero#breadcrumb"},"inLanguage":"es","potentialAction":[{"@type":"ReadAction","target":["https:\/\/www.asajacyl.com\/leon\/asaja-leon-informa\/asaja-estima-unas-25-las-incorporaciones-jovenes-agricultores-bierzo-la-convocatoria-finaliza-15-febrero"]}]},{"@type":"ImageObject","inLanguage":"es","@id":"https:\/\/www.asajacyl.com\/leon\/asaja-leon-informa\/asaja-estima-unas-25-las-incorporaciones-jovenes-agricultores-bierzo-la-convocatoria-finaliza-15-febrero#primaryimage","url":"https:\/\/www.asajacyl.com\/leon\/wp-content\/uploads\/sites\/6\/2019\/01\/ALUMNOS_CIEA.jpg","contentUrl":"https:\/\/www.asajacyl.com\/leon\/wp-content\/uploads\/sites\/6\/2019\/01\/ALUMNOS_CIEA.jpg","width":2500,"height":1213},{"@type":"BreadcrumbList","@id":"https:\/\/www.asajacyl.com\/leon\/asaja-leon-informa\/asaja-estima-unas-25-las-incorporaciones-jovenes-agricultores-bierzo-la-convocatoria-finaliza-15-febrero#breadcrumb","itemListElement":[{"@type":"ListItem","position":1,"name":"Portada","item":"https:\/\/www.asajacyl.com\/leon\/"},{"@type":"ListItem","position":2,"name":"ASAJA estima en unas 25 las incorporaciones de j\u00f3venes agricultores en El Bierzo en la convocatoria que finaliza el 15 de febrero"}]},{"@type":"WebSite","@id":"https:\/\/www.asajacyl.com\/leon\/#website","url":"https:\/\/www.asajacyl.com\/leon\/","name":"ASAJA Le\u00f3n","description":"Otro sitio m\u00e1s de Provincias ASAJA Castilla y Le\u00f3n","potentialAction":[{"@type":"SearchAction","target":{"@type":"EntryPoint","urlTemplate":"https:\/\/www.asajacyl.com\/leon\/?s={search_term_string}"},"query-input":{"@type":"PropertyValueSpecification","valueRequired":true,"valueName":"search_term_string"}}],"inLanguage":"es"},{"@type":"Person","@id":"https:\/\/www.asajacyl.com\/leon\/#\/schema\/person\/061f8efaa09cf43f8868e57fe9592bfa","name":"gonzalofa","image":{"@type":"ImageObject","inLanguage":"es","@id":"https:\/\/www.asajacyl.com\/leon\/#\/schema\/person\/image\/","url":"https:\/\/secure.gravatar.com\/avatar\/ae85559b262be23fe1587f91beb8e527?s=96&d=mm&r=g","contentUrl":"https:\/\/secure.gravatar.com\/avatar\/ae85559b262be23fe1587f91beb8e527?s=96&d=mm&r=g","caption":"gonzalofa"},"url":"https:\/\/www.asajacyl.com\/leon\/author\/gonzalofa"}]}},"_links":{"self":[{"href":"https:\/\/www.asajacyl.com\/leon\/wp-json\/wp\/v2\/posts\/9639"}],"collection":[{"href":"https:\/\/www.asajacyl.com\/leon\/wp-json\/wp\/v2\/posts"}],"about":[{"href":"https:\/\/www.asajacyl.com\/leon\/wp-json\/wp\/v2\/types\/post"}],"author":[{"embeddable":true,"href":"https:\/\/www.asajacyl.com\/leon\/wp-json\/wp\/v2\/users\/17"}],"replies":[{"embeddable":true,"href":"https:\/\/www.asajacyl.com\/leon\/wp-json\/wp\/v2\/comments?post=9639"}],"version-history":[{"count":4,"href":"https:\/\/www.asajacyl.com\/leon\/wp-json\/wp\/v2\/posts\/9639\/revisions"}],"predecessor-version":[{"id":9644,"href":"https:\/\/www.asajacyl.com\/leon\/wp-json\/wp\/v2\/posts\/9639\/revisions\/9644"}],"wp:featuredmedia":[{"embeddable":true,"href":"https:\/\/www.asajacyl.com\/leon\/wp-json\/wp\/v2\/media\/9643"}],"wp:attachment":[{"href":"https:\/\/www.asajacyl.com\/leon\/wp-json\/wp\/v2\/media?parent=9639"}],"wp:term":[{"taxonomy":"category","embeddable":true,"href":"https:\/\/www.asajacyl.com\/leon\/wp-json\/wp\/v2\/categories?post=9639"},{"taxonomy":"post_tag","embeddable":true,"href":"https:\/\/www.asajacyl.com\/leon\/wp-json\/wp\/v2\/tags?post=9639"}],"curies":[{"name":"wp","href":"https:\/\/api.w.org\/{rel}","templated":true}]}}