{"id":9655,"date":"2019-01-11T08:50:08","date_gmt":"2019-01-11T07:50:08","guid":{"rendered":"https:\/\/www.asajacyl.com\/leon\/?p=9655"},"modified":"2019-01-18T09:28:31","modified_gmt":"2019-01-18T08:28:31","slug":"las-seis-noticias-agrarias-la-semana-11-01-2019","status":"publish","type":"post","link":"https:\/\/www.asajacyl.com\/leon\/asaja-leon-informa\/las-seis-noticias-agrarias-la-semana-11-01-2019","title":{"rendered":"Las seis noticias agrarias de la semana \u2013 11\/01\/2019"},"content":{"rendered":"<h2>Renta de referencia; 6.838 aut\u00f3nomos agricultores y ganaderos; Mesa de seguimiento de la Azucarera de La Ba\u00f1eza; pedan\u00eda de Morriondo; Asociaci\u00f3n Berciana de Agricultores y Consejo Comarcal del Bierzo; servicio gratuito de la Diputaci\u00f3n de an\u00e1lisis de tierra.<\/h2>\n<ol>\n<li>\n<h6>El ministerio de Agricultura ha publicado una Orden por la que se actualiza, para el a\u00f1o 2019, la denominada <strong>\u201crenta de referencia\u201d<\/strong>, y la fija en 28.888,88 euros. Este concepto, el de la renta de referencia, se establece en la Ley de Modernizaci\u00f3n de Explotaciones del a\u00f1o 1995, y el importe se tiene en cuenta a efectos de determinadas cuestiones que aborda la mencionada Ley.<\/h6>\n<\/li>\n<li>\n<h6>El mes de diciembre se cerr\u00f3 con un total de <strong>6.838 agricultores dados de alta como aut\u00f3nomos en la agricultura y la ganader\u00eda<\/strong> en la provincia de Le\u00f3n, lo que representa un descenso del 1,92% respecto a los del pasado a\u00f1o por las mismas fechas. Los asalariados en labores agropecuarias ascend\u00edan a 1.935, cifra ligeramente superior a la de doce meses antes. Asalariados y aut\u00f3nomos del campo,\u00a0 en su conjunto, representaron el 5,72% de la poblaci\u00f3n ocupada de la provincia de Le\u00f3n.<\/h6>\n<\/li>\n<li>\n<h6>La <strong>Mesa de Seguimiento de la F\u00e1brica Azucarera de La Ba\u00f1eza<\/strong>, reunida el pasado mi\u00e9rcoles 9 de enero, analiz\u00f3 la situaci\u00f3n climatol\u00f3gica actual y el estado del cultivo de la remolacha, y decidi\u00f3 la apertura de la planta azucarera para el lunes d\u00eda 21 de enero. Si la climatolog\u00eda lo permite, en escasamente dos meses se molturar\u00e1n las 400.000 toneladas de remolacha que tiene aforadas la compa\u00f1\u00eda.<\/h6>\n<\/li>\n<li>\n<h6>La <strong>pedan\u00eda de Morriondo<\/strong> ha criticado al Servicio Territorial de Medio Ambiente de Le\u00f3n por poner obst\u00e1culos para el cambio a uso agr\u00edcola del Monte de Utilidad P\u00fablica n\u00famero 23 de dicha localidad, uso al que hist\u00f3ricamente ha estado destinado. La negativa al cambio supone un perjuicio econ\u00f3mico para la Junta Vecinal y cierra la puerta a su uso por gente joven del pueblo o de la comarca que estar\u00eda dispuesta a trabajarlo.<\/h6>\n<\/li>\n<li>\n<h6>La <strong>Asociaci\u00f3n Berciana de Agricultores y el Consejo Comarcal del Bierzo<\/strong> est\u00e1n celebrando unas jornadas sobre cooperativismo agrario en el marco de las cuales anunciaron que promover\u00e1n una cooperativa para la transformaci\u00f3n de productos hort\u00edcolas en la comarca. Lo chocante es que esta misma informaci\u00f3n ya apareci\u00f3 en la prensa local en oto\u00f1o de 2016, es decir, hace dos a\u00f1os, anunciando por lo tanto de nuevo lo mismo y sin haber hecho otra cosa que gastar dinero p\u00fablico en consultor\u00eda.<\/h6>\n<\/li>\n<li>\n<h6>En el\u00a0Bolet\u00edn Oficial de la Provincia de Le\u00f3n del mi\u00e9rcoles 9 de enero se publican las bases por las que se regula el <strong>servicio gratuito de la Diputaci\u00f3n de an\u00e1lisis de tierra a agricultores profesionales<\/strong> de la provincia. La solicitud, junto con las muestras de tierra y la documentaci\u00f3n pertinente, se ha de presentar en el Servicio de Desarrollo Rural de la Diputaci\u00f3n, y aunque el plazo est\u00e1 abierto a lo largo de todo el a\u00f1o, el servicio se interrumpe cuando se haya agotado el presupuesto previsto para este fin, por lo que se aconseja hacerlo cuanto antes.<\/h6>\n<\/li>\n<\/ol>\n<p>&nbsp;<\/p>\n","protected":false},"excerpt":{"rendered":"<p>Renta de referencia; 6.838 aut\u00f3nomos agricultores y ganaderos; Mesa de seguimiento de la Azucarera de La Ba\u00f1eza; pedan\u00eda de Morriondo; Asociaci\u00f3n Berciana de Agricultores y Consejo Comarcal del Bierzo; servicio gratuito de la Diputaci\u00f3n de an\u00e1lisis de tierra. El ministerio de Agricultura ha publicado una Orden por la que se actualiza, para el a\u00f1o 2019, [&hellip;]<\/p>\n","protected":false},"author":17,"featured_media":9657,"comment_status":"open","ping_status":"open","sticky":false,"template":"","format":"standard","meta":{"footnotes":""},"categories":[4,9],"tags":[],"yoast_head":"<!-- This site is optimized with the Yoast SEO plugin v24.5 - https:\/\/yoast.com\/wordpress\/plugins\/seo\/ -->\n<title>Las seis noticias agrarias de la semana \u2013 11\/01\/2019 - ASAJA Le\u00f3n<\/title>\n<meta name=\"description\" content=\"Renta de referencia; 6.838 aut\u00f3nomos agricultores y ganaderos; Mesa de seguimiento de la Azucarera de La Ba\u00f1eza; pedan\u00eda de Morriondo; Asociaci\u00f3n Berciana\" \/>\n<meta name=\"robots\" content=\"index, follow, max-snippet:-1, max-image-preview:large, max-video-preview:-1\" \/>\n<link rel=\"canonical\" href=\"https:\/\/www.asajacyl.com\/leon\/asaja-leon-informa\/las-seis-noticias-agrarias-la-semana-11-01-2019\" \/>\n<meta property=\"og:locale\" content=\"es_ES\" \/>\n<meta property=\"og:type\" content=\"article\" \/>\n<meta property=\"og:title\" content=\"Las seis noticias agrarias de la semana \u2013 11\/01\/2019 - ASAJA Le\u00f3n\" \/>\n<meta property=\"og:description\" content=\"Renta de referencia; 6.838 aut\u00f3nomos agricultores y ganaderos; Mesa de seguimiento de la Azucarera de La Ba\u00f1eza; pedan\u00eda de Morriondo; Asociaci\u00f3n Berciana\" \/>\n<meta property=\"og:url\" content=\"https:\/\/www.asajacyl.com\/leon\/asaja-leon-informa\/las-seis-noticias-agrarias-la-semana-11-01-2019\" \/>\n<meta property=\"og:site_name\" content=\"ASAJA Le\u00f3n\" \/>\n<meta property=\"article:published_time\" content=\"2019-01-11T07:50:08+00:00\" \/>\n<meta property=\"article:modified_time\" content=\"2019-01-18T08:28:31+00:00\" \/>\n<meta property=\"og:image\" content=\"https:\/\/www.asajacyl.com\/leon\/wp-content\/uploads\/sites\/6\/2019\/01\/analsis-tierra.jpg\" \/>\n\t<meta property=\"og:image:width\" content=\"646\" \/>\n\t<meta property=\"og:image:height\" content=\"388\" \/>\n\t<meta property=\"og:image:type\" content=\"image\/jpeg\" \/>\n<meta name=\"author\" content=\"gonzalofa\" \/>\n<meta name=\"twitter:card\" content=\"summary_large_image\" \/>\n<meta name=\"twitter:label1\" content=\"Escrito por\" \/>\n\t<meta name=\"twitter:data1\" content=\"gonzalofa\" \/>\n\t<meta name=\"twitter:label2\" content=\"Tiempo de lectura\" \/>\n\t<meta name=\"twitter:data2\" content=\"3 minutos\" \/>\n<script type=\"application\/ld+json\" class=\"yoast-schema-graph\">{\"@context\":\"https:\/\/schema.org\",\"@graph\":[{\"@type\":\"WebPage\",\"@id\":\"https:\/\/www.asajacyl.com\/leon\/asaja-leon-informa\/las-seis-noticias-agrarias-la-semana-11-01-2019\",\"url\":\"https:\/\/www.asajacyl.com\/leon\/asaja-leon-informa\/las-seis-noticias-agrarias-la-semana-11-01-2019\",\"name\":\"Las seis noticias agrarias de la semana \u2013 11\/01\/2019 - ASAJA Le\u00f3n\",\"isPartOf\":{\"@id\":\"https:\/\/www.asajacyl.com\/leon\/#website\"},\"primaryImageOfPage\":{\"@id\":\"https:\/\/www.asajacyl.com\/leon\/asaja-leon-informa\/las-seis-noticias-agrarias-la-semana-11-01-2019#primaryimage\"},\"image\":{\"@id\":\"https:\/\/www.asajacyl.com\/leon\/asaja-leon-informa\/las-seis-noticias-agrarias-la-semana-11-01-2019#primaryimage\"},\"thumbnailUrl\":\"https:\/\/www.asajacyl.com\/leon\/wp-content\/uploads\/sites\/6\/2019\/01\/analsis-tierra.jpg\",\"datePublished\":\"2019-01-11T07:50:08+00:00\",\"dateModified\":\"2019-01-18T08:28:31+00:00\",\"author\":{\"@id\":\"https:\/\/www.asajacyl.com\/leon\/#\/schema\/person\/061f8efaa09cf43f8868e57fe9592bfa\"},\"description\":\"Renta de referencia; 6.838 aut\u00f3nomos agricultores y ganaderos; Mesa de seguimiento de la Azucarera de La Ba\u00f1eza; pedan\u00eda de Morriondo; Asociaci\u00f3n Berciana\",\"breadcrumb\":{\"@id\":\"https:\/\/www.asajacyl.com\/leon\/asaja-leon-informa\/las-seis-noticias-agrarias-la-semana-11-01-2019#breadcrumb\"},\"inLanguage\":\"es\",\"potentialAction\":[{\"@type\":\"ReadAction\",\"target\":[\"https:\/\/www.asajacyl.com\/leon\/asaja-leon-informa\/las-seis-noticias-agrarias-la-semana-11-01-2019\"]}]},{\"@type\":\"ImageObject\",\"inLanguage\":\"es\",\"@id\":\"https:\/\/www.asajacyl.com\/leon\/asaja-leon-informa\/las-seis-noticias-agrarias-la-semana-11-01-2019#primaryimage\",\"url\":\"https:\/\/www.asajacyl.com\/leon\/wp-content\/uploads\/sites\/6\/2019\/01\/analsis-tierra.jpg\",\"contentUrl\":\"https:\/\/www.asajacyl.com\/leon\/wp-content\/uploads\/sites\/6\/2019\/01\/analsis-tierra.jpg\",\"width\":646,\"height\":388},{\"@type\":\"BreadcrumbList\",\"@id\":\"https:\/\/www.asajacyl.com\/leon\/asaja-leon-informa\/las-seis-noticias-agrarias-la-semana-11-01-2019#breadcrumb\",\"itemListElement\":[{\"@type\":\"ListItem\",\"position\":1,\"name\":\"Portada\",\"item\":\"https:\/\/www.asajacyl.com\/leon\/\"},{\"@type\":\"ListItem\",\"position\":2,\"name\":\"Las seis noticias agrarias de la semana \u2013 11\/01\/2019\"}]},{\"@type\":\"WebSite\",\"@id\":\"https:\/\/www.asajacyl.com\/leon\/#website\",\"url\":\"https:\/\/www.asajacyl.com\/leon\/\",\"name\":\"ASAJA Le\u00f3n\",\"description\":\"Otro sitio m\u00e1s de Provincias ASAJA Castilla y Le\u00f3n\",\"potentialAction\":[{\"@type\":\"SearchAction\",\"target\":{\"@type\":\"EntryPoint\",\"urlTemplate\":\"https:\/\/www.asajacyl.com\/leon\/?s={search_term_string}\"},\"query-input\":{\"@type\":\"PropertyValueSpecification\",\"valueRequired\":true,\"valueName\":\"search_term_string\"}}],\"inLanguage\":\"es\"},{\"@type\":\"Person\",\"@id\":\"https:\/\/www.asajacyl.com\/leon\/#\/schema\/person\/061f8efaa09cf43f8868e57fe9592bfa\",\"name\":\"gonzalofa\",\"image\":{\"@type\":\"ImageObject\",\"inLanguage\":\"es\",\"@id\":\"https:\/\/www.asajacyl.com\/leon\/#\/schema\/person\/image\/\",\"url\":\"https:\/\/secure.gravatar.com\/avatar\/ae85559b262be23fe1587f91beb8e527?s=96&d=mm&r=g\",\"contentUrl\":\"https:\/\/secure.gravatar.com\/avatar\/ae85559b262be23fe1587f91beb8e527?s=96&d=mm&r=g\",\"caption\":\"gonzalofa\"},\"url\":\"https:\/\/www.asajacyl.com\/leon\/author\/gonzalofa\"}]}<\/script>\n<!-- \/ Yoast SEO plugin. -->","yoast_head_json":{"title":"Las seis noticias agrarias de la semana \u2013 11\/01\/2019 - ASAJA Le\u00f3n","description":"Renta de referencia; 6.838 aut\u00f3nomos agricultores y ganaderos; Mesa de seguimiento de la Azucarera de La Ba\u00f1eza; pedan\u00eda de Morriondo; Asociaci\u00f3n Berciana","robots":{"index":"index","follow":"follow","max-snippet":"max-snippet:-1","max-image-preview":"max-image-preview:large","max-video-preview":"max-video-preview:-1"},"canonical":"https:\/\/www.asajacyl.com\/leon\/asaja-leon-informa\/las-seis-noticias-agrarias-la-semana-11-01-2019","og_locale":"es_ES","og_type":"article","og_title":"Las seis noticias agrarias de la semana \u2013 11\/01\/2019 - ASAJA Le\u00f3n","og_description":"Renta de referencia; 6.838 aut\u00f3nomos agricultores y ganaderos; Mesa de seguimiento de la Azucarera de La Ba\u00f1eza; pedan\u00eda de Morriondo; Asociaci\u00f3n Berciana","og_url":"https:\/\/www.asajacyl.com\/leon\/asaja-leon-informa\/las-seis-noticias-agrarias-la-semana-11-01-2019","og_site_name":"ASAJA Le\u00f3n","article_published_time":"2019-01-11T07:50:08+00:00","article_modified_time":"2019-01-18T08:28:31+00:00","og_image":[{"width":646,"height":388,"url":"https:\/\/www.asajacyl.com\/leon\/wp-content\/uploads\/sites\/6\/2019\/01\/analsis-tierra.jpg","type":"image\/jpeg"}],"author":"gonzalofa","twitter_card":"summary_large_image","twitter_misc":{"Escrito por":"gonzalofa","Tiempo de lectura":"3 minutos"},"schema":{"@context":"https:\/\/schema.org","@graph":[{"@type":"WebPage","@id":"https:\/\/www.asajacyl.com\/leon\/asaja-leon-informa\/las-seis-noticias-agrarias-la-semana-11-01-2019","url":"https:\/\/www.asajacyl.com\/leon\/asaja-leon-informa\/las-seis-noticias-agrarias-la-semana-11-01-2019","name":"Las seis noticias agrarias de la semana \u2013 11\/01\/2019 - ASAJA Le\u00f3n","isPartOf":{"@id":"https:\/\/www.asajacyl.com\/leon\/#website"},"primaryImageOfPage":{"@id":"https:\/\/www.asajacyl.com\/leon\/asaja-leon-informa\/las-seis-noticias-agrarias-la-semana-11-01-2019#primaryimage"},"image":{"@id":"https:\/\/www.asajacyl.com\/leon\/asaja-leon-informa\/las-seis-noticias-agrarias-la-semana-11-01-2019#primaryimage"},"thumbnailUrl":"https:\/\/www.asajacyl.com\/leon\/wp-content\/uploads\/sites\/6\/2019\/01\/analsis-tierra.jpg","datePublished":"2019-01-11T07:50:08+00:00","dateModified":"2019-01-18T08:28:31+00:00","author":{"@id":"https:\/\/www.asajacyl.com\/leon\/#\/schema\/person\/061f8efaa09cf43f8868e57fe9592bfa"},"description":"Renta de referencia; 6.838 aut\u00f3nomos agricultores y ganaderos; Mesa de seguimiento de la Azucarera de La Ba\u00f1eza; pedan\u00eda de Morriondo; Asociaci\u00f3n Berciana","breadcrumb":{"@id":"https:\/\/www.asajacyl.com\/leon\/asaja-leon-informa\/las-seis-noticias-agrarias-la-semana-11-01-2019#breadcrumb"},"inLanguage":"es","potentialAction":[{"@type":"ReadAction","target":["https:\/\/www.asajacyl.com\/leon\/asaja-leon-informa\/las-seis-noticias-agrarias-la-semana-11-01-2019"]}]},{"@type":"ImageObject","inLanguage":"es","@id":"https:\/\/www.asajacyl.com\/leon\/asaja-leon-informa\/las-seis-noticias-agrarias-la-semana-11-01-2019#primaryimage","url":"https:\/\/www.asajacyl.com\/leon\/wp-content\/uploads\/sites\/6\/2019\/01\/analsis-tierra.jpg","contentUrl":"https:\/\/www.asajacyl.com\/leon\/wp-content\/uploads\/sites\/6\/2019\/01\/analsis-tierra.jpg","width":646,"height":388},{"@type":"BreadcrumbList","@id":"https:\/\/www.asajacyl.com\/leon\/asaja-leon-informa\/las-seis-noticias-agrarias-la-semana-11-01-2019#breadcrumb","itemListElement":[{"@type":"ListItem","position":1,"name":"Portada","item":"https:\/\/www.asajacyl.com\/leon\/"},{"@type":"ListItem","position":2,"name":"Las seis noticias agrarias de la semana \u2013 11\/01\/2019"}]},{"@type":"WebSite","@id":"https:\/\/www.asajacyl.com\/leon\/#website","url":"https:\/\/www.asajacyl.com\/leon\/","name":"ASAJA Le\u00f3n","description":"Otro sitio m\u00e1s de Provincias ASAJA Castilla y Le\u00f3n","potentialAction":[{"@type":"SearchAction","target":{"@type":"EntryPoint","urlTemplate":"https:\/\/www.asajacyl.com\/leon\/?s={search_term_string}"},"query-input":{"@type":"PropertyValueSpecification","valueRequired":true,"valueName":"search_term_string"}}],"inLanguage":"es"},{"@type":"Person","@id":"https:\/\/www.asajacyl.com\/leon\/#\/schema\/person\/061f8efaa09cf43f8868e57fe9592bfa","name":"gonzalofa","image":{"@type":"ImageObject","inLanguage":"es","@id":"https:\/\/www.asajacyl.com\/leon\/#\/schema\/person\/image\/","url":"https:\/\/secure.gravatar.com\/avatar\/ae85559b262be23fe1587f91beb8e527?s=96&d=mm&r=g","contentUrl":"https:\/\/secure.gravatar.com\/avatar\/ae85559b262be23fe1587f91beb8e527?s=96&d=mm&r=g","caption":"gonzalofa"},"url":"https:\/\/www.asajacyl.com\/leon\/author\/gonzalofa"}]}},"_links":{"self":[{"href":"https:\/\/www.asajacyl.com\/leon\/wp-json\/wp\/v2\/posts\/9655"}],"collection":[{"href":"https:\/\/www.asajacyl.com\/leon\/wp-json\/wp\/v2\/posts"}],"about":[{"href":"https:\/\/www.asajacyl.com\/leon\/wp-json\/wp\/v2\/types\/post"}],"author":[{"embeddable":true,"href":"https:\/\/www.asajacyl.com\/leon\/wp-json\/wp\/v2\/users\/17"}],"replies":[{"embeddable":true,"href":"https:\/\/www.asajacyl.com\/leon\/wp-json\/wp\/v2\/comments?post=9655"}],"version-history":[{"count":2,"href":"https:\/\/www.asajacyl.com\/leon\/wp-json\/wp\/v2\/posts\/9655\/revisions"}],"predecessor-version":[{"id":9660,"href":"https:\/\/www.asajacyl.com\/leon\/wp-json\/wp\/v2\/posts\/9655\/revisions\/9660"}],"wp:featuredmedia":[{"embeddable":true,"href":"https:\/\/www.asajacyl.com\/leon\/wp-json\/wp\/v2\/media\/9657"}],"wp:attachment":[{"href":"https:\/\/www.asajacyl.com\/leon\/wp-json\/wp\/v2\/media?parent=9655"}],"wp:term":[{"taxonomy":"category","embeddable":true,"href":"https:\/\/www.asajacyl.com\/leon\/wp-json\/wp\/v2\/categories?post=9655"},{"taxonomy":"post_tag","embeddable":true,"href":"https:\/\/www.asajacyl.com\/leon\/wp-json\/wp\/v2\/tags?post=9655"}],"curies":[{"name":"wp","href":"https:\/\/api.w.org\/{rel}","templated":true}]}}