{"id":9834,"date":"2019-02-20T08:49:33","date_gmt":"2019-02-20T07:49:33","guid":{"rendered":"https:\/\/www.asajacyl.com\/leon\/?p=9834"},"modified":"2019-02-20T08:51:08","modified_gmt":"2019-02-20T07:51:08","slug":"conclusiones-del-i-congreso-iberico-del-maiz-2019-organizado-por-apromis-y-agpme","status":"publish","type":"post","link":"https:\/\/www.asajacyl.com\/leon\/servicios-socio\/sectores\/conclusiones-del-i-congreso-iberico-del-maiz-2019-organizado-por-apromis-y-agpme","title":{"rendered":"Conclusiones del I Congreso Ib\u00e9rico del Ma\u00edz 2019 organizado por Apromis y AGPME"},"content":{"rendered":"<h6>El primer Congreso Ib\u00e9rico del Ma\u00edz ha reunido en Lisboa el pasado 13 y 14 de febrero a 650 profesionales de Portugal y Espa\u00f1a y a un prestigio panel de 35 ponentes que han reafirmado la importancia del cultivo de ma\u00edz en la agricultura de regad\u00edo del sur de Europa, ayudando a crear empleo, generando desarrollo socioecon\u00f3mico y fijando la poblaci\u00f3n en el territorio.<\/h6>\n<h6>Anpromis (Associa\u00e7\u00e3o dos Produtores de Milho e Sorgo de Portugal) y AGPME (Asociaci\u00f3n General de Productores de Ma\u00edz Espa\u00f1a), entidades responsables del evento, han redactado las siguientes conclusiones del Congreso:<\/h6>\n<ul>\n<li>\n<h6>El ma\u00edz es un de los principales cultivos de regad\u00edo en la Pen\u00ednsula Ib\u00e9rica, ocupando un \u00e1rea cercana a las 650 mil hect\u00e1reas.<\/h6>\n<\/li>\n<li>\n<h6>El I Congreso Ib\u00e9rico del Ma\u00edz fue un primer paso muy importante hacia la creaci\u00f3n de una plataforma para el di\u00e1logo, el intercambio de conocimientos y la defensa conjunta de los intereses de los productores de ma\u00edz de Portugal y Espa\u00f1a, tanto a nivel nacional como europeo.<\/h6>\n<\/li>\n<li>\n<h6>El ma\u00edz, reconocidamente, se encuentra entre los cultivos que mejor rentabilizan el uso de los factores de producci\u00f3n, en particular el agua y la energ\u00eda.<\/h6>\n<\/li>\n<li>\n<h6>El ma\u00edz producido en la Pen\u00ednsula Ib\u00e9rica es reconocido por su calidad y tiene una importancia primordial en la alimentaci\u00f3n humana y animal de nuestros dos pa\u00edses.<\/h6>\n<\/li>\n<li>\n<h6>Los cultivos de regad\u00edo, y en concreto el ma\u00edz, contribuyen de forma notoria a fijar las poblaciones en el territorio rural de los pa\u00edses del Sur de Europa, creando empleo y desarrollo socioecon\u00f3mico.<\/h6>\n<\/li>\n<li>\n<h6>La importancia que la agricultura de regad\u00edo tiene en la preservaci\u00f3n del paisaje ib\u00e9rico y en el ordenamiento de su territorio, tiene que ser compensada a trav\u00e9s de la creaci\u00f3n de servicios de ecosistemas adaptados a la realidad de nuestros dos pa\u00edses.<\/h6>\n<\/li>\n<li>\n<h6>Portugal y Espa\u00f1a tienen que defender de forma audaz el regad\u00edo, tanto a nivel nacional como a nivel europeo.<\/h6>\n<\/li>\n<li>\n<h6>El apoyo a iniciativas que privilegien no s\u00f3lo el uso eficiente del agua, si no tambi\u00e9n la rehabilitaci\u00f3n y la construcci\u00f3n de nuevos sistemas de almacenamiento de agua, debe constituir una apuesta conjunta de nuestros dos pa\u00edses.<\/h6>\n<\/li>\n<li>\n<h6>Los productores de ma\u00edz son conscientes de los retos que se plantean en el marco de la adaptaci\u00f3n al cambio clim\u00e1tico, lo que podr\u00eda pasar incluso por la creaci\u00f3n de un Observatorio Ib\u00e9rico que profundice en los conocimientos que tenemos en esta materia.<\/h6>\n<\/li>\n<li>\n<h6>Las ambiciosas metas previstas en el marco del Acuerdo de Par\u00eds obligan a una significativa reducci\u00f3n de las emisiones de gases de efecto invernadero, que s\u00f3lo es posible alcanzar si existe una significativa apuesta por la innovaci\u00f3n y la adopci\u00f3n de nuevas tecnolog\u00edas que permitan un uso cada vez m\u00e1s eficiente de los recursos naturales, en particular del agua y del suelo.<\/h6>\n<\/li>\n<li>\n<h6>Es imperativo que Portugal y Espa\u00f1a garanticen el mantenimiento de los niveles actuales de financiaci\u00f3n comunitaria en el marco de la Pol\u00edtica Agr\u00edcola Com\u00fan despu\u00e9s de 2020, con el fin de contribuir a la competitividad del ma\u00edz en nuestros dos pa\u00edses y mantener la cohesi\u00f3n necesaria de su territorio.<\/h6>\n<\/li>\n<\/ul>\n<h6>Lisboa, 14 de febrero de 2019<\/h6>\n","protected":false},"excerpt":{"rendered":"<p>El primer Congreso Ib\u00e9rico del Ma\u00edz ha reunido en Lisboa el pasado 13 y 14 de febrero a 650 profesionales de Portugal y Espa\u00f1a y a un prestigio panel de 35 ponentes que han reafirmado la importancia del cultivo de ma\u00edz en la agricultura de regad\u00edo del sur de Europa, ayudando a crear empleo, generando [&hellip;]<\/p>\n","protected":false},"author":8,"featured_media":9836,"comment_status":"open","ping_status":"open","sticky":false,"template":"","format":"standard","meta":{"footnotes":""},"categories":[21,5],"tags":[],"yoast_head":"<!-- This site is optimized with the Yoast SEO plugin v24.5 - https:\/\/yoast.com\/wordpress\/plugins\/seo\/ -->\n<title>Conclusiones del I Congreso Ib\u00e9rico del Ma\u00edz 2019 organizado por Apromis y AGPME - ASAJA Le\u00f3n<\/title>\n<meta name=\"description\" content=\"El primer Congreso Ib\u00e9rico del Ma\u00edz ha reunido en Lisboa el pasado 13 y 14 de febrero a 650 profesionales de Portugal y Espa\u00f1a y a un prestigio panel de\" \/>\n<meta name=\"robots\" content=\"index, follow, max-snippet:-1, max-image-preview:large, max-video-preview:-1\" \/>\n<link rel=\"canonical\" href=\"https:\/\/www.asajacyl.com\/leon\/servicios-socio\/sectores\/conclusiones-del-i-congreso-iberico-del-maiz-2019-organizado-por-apromis-y-agpme\" \/>\n<meta property=\"og:locale\" content=\"es_ES\" \/>\n<meta property=\"og:type\" content=\"article\" \/>\n<meta property=\"og:title\" content=\"Conclusiones del I Congreso Ib\u00e9rico del Ma\u00edz 2019 organizado por Apromis y AGPME - ASAJA Le\u00f3n\" \/>\n<meta property=\"og:description\" content=\"El primer Congreso Ib\u00e9rico del Ma\u00edz ha reunido en Lisboa el pasado 13 y 14 de febrero a 650 profesionales de Portugal y Espa\u00f1a y a un prestigio panel de\" \/>\n<meta property=\"og:url\" content=\"https:\/\/www.asajacyl.com\/leon\/servicios-socio\/sectores\/conclusiones-del-i-congreso-iberico-del-maiz-2019-organizado-por-apromis-y-agpme\" \/>\n<meta property=\"og:site_name\" content=\"ASAJA Le\u00f3n\" \/>\n<meta property=\"article:published_time\" content=\"2019-02-20T07:49:33+00:00\" \/>\n<meta property=\"article:modified_time\" content=\"2019-02-20T07:51:08+00:00\" \/>\n<meta property=\"og:image\" content=\"https:\/\/www.asajacyl.com\/leon\/wp-content\/uploads\/sites\/6\/2019\/02\/2.-El-Congreso-Ibe\u0301rico-del-Mai\u0301z-ha-sido-un-e\u0301xito-de-Asistentes.jpeg\" \/>\n\t<meta property=\"og:image:width\" content=\"1280\" \/>\n\t<meta property=\"og:image:height\" content=\"854\" \/>\n\t<meta property=\"og:image:type\" content=\"image\/jpeg\" \/>\n<meta name=\"author\" content=\"Eduardo\" \/>\n<meta name=\"twitter:card\" content=\"summary_large_image\" \/>\n<meta name=\"twitter:label1\" content=\"Escrito por\" \/>\n\t<meta name=\"twitter:data1\" content=\"Eduardo\" \/>\n\t<meta name=\"twitter:label2\" content=\"Tiempo de lectura\" \/>\n\t<meta name=\"twitter:data2\" content=\"3 minutos\" \/>\n<script type=\"application\/ld+json\" class=\"yoast-schema-graph\">{\"@context\":\"https:\/\/schema.org\",\"@graph\":[{\"@type\":\"WebPage\",\"@id\":\"https:\/\/www.asajacyl.com\/leon\/servicios-socio\/sectores\/conclusiones-del-i-congreso-iberico-del-maiz-2019-organizado-por-apromis-y-agpme\",\"url\":\"https:\/\/www.asajacyl.com\/leon\/servicios-socio\/sectores\/conclusiones-del-i-congreso-iberico-del-maiz-2019-organizado-por-apromis-y-agpme\",\"name\":\"Conclusiones del I Congreso Ib\u00e9rico del Ma\u00edz 2019 organizado por Apromis y AGPME - ASAJA Le\u00f3n\",\"isPartOf\":{\"@id\":\"https:\/\/www.asajacyl.com\/leon\/#website\"},\"primaryImageOfPage\":{\"@id\":\"https:\/\/www.asajacyl.com\/leon\/servicios-socio\/sectores\/conclusiones-del-i-congreso-iberico-del-maiz-2019-organizado-por-apromis-y-agpme#primaryimage\"},\"image\":{\"@id\":\"https:\/\/www.asajacyl.com\/leon\/servicios-socio\/sectores\/conclusiones-del-i-congreso-iberico-del-maiz-2019-organizado-por-apromis-y-agpme#primaryimage\"},\"thumbnailUrl\":\"https:\/\/www.asajacyl.com\/leon\/wp-content\/uploads\/sites\/6\/2019\/02\/2.-El-Congreso-Ibe\u0301rico-del-Mai\u0301z-ha-sido-un-e\u0301xito-de-Asistentes.jpeg\",\"datePublished\":\"2019-02-20T07:49:33+00:00\",\"dateModified\":\"2019-02-20T07:51:08+00:00\",\"author\":{\"@id\":\"https:\/\/www.asajacyl.com\/leon\/#\/schema\/person\/a39ff3609fc182e4c789ab486e865d32\"},\"description\":\"El primer Congreso Ib\u00e9rico del Ma\u00edz ha reunido en Lisboa el pasado 13 y 14 de febrero a 650 profesionales de Portugal y Espa\u00f1a y a un prestigio panel de\",\"breadcrumb\":{\"@id\":\"https:\/\/www.asajacyl.com\/leon\/servicios-socio\/sectores\/conclusiones-del-i-congreso-iberico-del-maiz-2019-organizado-por-apromis-y-agpme#breadcrumb\"},\"inLanguage\":\"es\",\"potentialAction\":[{\"@type\":\"ReadAction\",\"target\":[\"https:\/\/www.asajacyl.com\/leon\/servicios-socio\/sectores\/conclusiones-del-i-congreso-iberico-del-maiz-2019-organizado-por-apromis-y-agpme\"]}]},{\"@type\":\"ImageObject\",\"inLanguage\":\"es\",\"@id\":\"https:\/\/www.asajacyl.com\/leon\/servicios-socio\/sectores\/conclusiones-del-i-congreso-iberico-del-maiz-2019-organizado-por-apromis-y-agpme#primaryimage\",\"url\":\"https:\/\/www.asajacyl.com\/leon\/wp-content\/uploads\/sites\/6\/2019\/02\/2.-El-Congreso-Ibe\u0301rico-del-Mai\u0301z-ha-sido-un-e\u0301xito-de-Asistentes.jpeg\",\"contentUrl\":\"https:\/\/www.asajacyl.com\/leon\/wp-content\/uploads\/sites\/6\/2019\/02\/2.-El-Congreso-Ibe\u0301rico-del-Mai\u0301z-ha-sido-un-e\u0301xito-de-Asistentes.jpeg\",\"width\":1280,\"height\":854},{\"@type\":\"BreadcrumbList\",\"@id\":\"https:\/\/www.asajacyl.com\/leon\/servicios-socio\/sectores\/conclusiones-del-i-congreso-iberico-del-maiz-2019-organizado-por-apromis-y-agpme#breadcrumb\",\"itemListElement\":[{\"@type\":\"ListItem\",\"position\":1,\"name\":\"Portada\",\"item\":\"https:\/\/www.asajacyl.com\/leon\/\"},{\"@type\":\"ListItem\",\"position\":2,\"name\":\"Conclusiones del I Congreso Ib\u00e9rico del Ma\u00edz 2019 organizado por Apromis y AGPME\"}]},{\"@type\":\"WebSite\",\"@id\":\"https:\/\/www.asajacyl.com\/leon\/#website\",\"url\":\"https:\/\/www.asajacyl.com\/leon\/\",\"name\":\"ASAJA Le\u00f3n\",\"description\":\"Otro sitio m\u00e1s de Provincias ASAJA Castilla y Le\u00f3n\",\"potentialAction\":[{\"@type\":\"SearchAction\",\"target\":{\"@type\":\"EntryPoint\",\"urlTemplate\":\"https:\/\/www.asajacyl.com\/leon\/?s={search_term_string}\"},\"query-input\":{\"@type\":\"PropertyValueSpecification\",\"valueRequired\":true,\"valueName\":\"search_term_string\"}}],\"inLanguage\":\"es\"},{\"@type\":\"Person\",\"@id\":\"https:\/\/www.asajacyl.com\/leon\/#\/schema\/person\/a39ff3609fc182e4c789ab486e865d32\",\"name\":\"Eduardo\",\"image\":{\"@type\":\"ImageObject\",\"inLanguage\":\"es\",\"@id\":\"https:\/\/www.asajacyl.com\/leon\/#\/schema\/person\/image\/\",\"url\":\"https:\/\/secure.gravatar.com\/avatar\/9ebd6aba21d817dcf9595bc9ca505af5?s=96&d=mm&r=g\",\"contentUrl\":\"https:\/\/secure.gravatar.com\/avatar\/9ebd6aba21d817dcf9595bc9ca505af5?s=96&d=mm&r=g\",\"caption\":\"Eduardo\"},\"url\":\"https:\/\/www.asajacyl.com\/leon\/author\/eduardovv\"}]}<\/script>\n<!-- \/ Yoast SEO plugin. -->","yoast_head_json":{"title":"Conclusiones del I Congreso Ib\u00e9rico del Ma\u00edz 2019 organizado por Apromis y AGPME - ASAJA Le\u00f3n","description":"El primer Congreso Ib\u00e9rico del Ma\u00edz ha reunido en Lisboa el pasado 13 y 14 de febrero a 650 profesionales de Portugal y Espa\u00f1a y a un prestigio panel de","robots":{"index":"index","follow":"follow","max-snippet":"max-snippet:-1","max-image-preview":"max-image-preview:large","max-video-preview":"max-video-preview:-1"},"canonical":"https:\/\/www.asajacyl.com\/leon\/servicios-socio\/sectores\/conclusiones-del-i-congreso-iberico-del-maiz-2019-organizado-por-apromis-y-agpme","og_locale":"es_ES","og_type":"article","og_title":"Conclusiones del I Congreso Ib\u00e9rico del Ma\u00edz 2019 organizado por Apromis y AGPME - ASAJA Le\u00f3n","og_description":"El primer Congreso Ib\u00e9rico del Ma\u00edz ha reunido en Lisboa el pasado 13 y 14 de febrero a 650 profesionales de Portugal y Espa\u00f1a y a un prestigio panel de","og_url":"https:\/\/www.asajacyl.com\/leon\/servicios-socio\/sectores\/conclusiones-del-i-congreso-iberico-del-maiz-2019-organizado-por-apromis-y-agpme","og_site_name":"ASAJA Le\u00f3n","article_published_time":"2019-02-20T07:49:33+00:00","article_modified_time":"2019-02-20T07:51:08+00:00","og_image":[{"width":1280,"height":854,"url":"https:\/\/www.asajacyl.com\/leon\/wp-content\/uploads\/sites\/6\/2019\/02\/2.-El-Congreso-Ibe\u0301rico-del-Mai\u0301z-ha-sido-un-e\u0301xito-de-Asistentes.jpeg","type":"image\/jpeg"}],"author":"Eduardo","twitter_card":"summary_large_image","twitter_misc":{"Escrito por":"Eduardo","Tiempo de lectura":"3 minutos"},"schema":{"@context":"https:\/\/schema.org","@graph":[{"@type":"WebPage","@id":"https:\/\/www.asajacyl.com\/leon\/servicios-socio\/sectores\/conclusiones-del-i-congreso-iberico-del-maiz-2019-organizado-por-apromis-y-agpme","url":"https:\/\/www.asajacyl.com\/leon\/servicios-socio\/sectores\/conclusiones-del-i-congreso-iberico-del-maiz-2019-organizado-por-apromis-y-agpme","name":"Conclusiones del I Congreso Ib\u00e9rico del Ma\u00edz 2019 organizado por Apromis y AGPME - ASAJA Le\u00f3n","isPartOf":{"@id":"https:\/\/www.asajacyl.com\/leon\/#website"},"primaryImageOfPage":{"@id":"https:\/\/www.asajacyl.com\/leon\/servicios-socio\/sectores\/conclusiones-del-i-congreso-iberico-del-maiz-2019-organizado-por-apromis-y-agpme#primaryimage"},"image":{"@id":"https:\/\/www.asajacyl.com\/leon\/servicios-socio\/sectores\/conclusiones-del-i-congreso-iberico-del-maiz-2019-organizado-por-apromis-y-agpme#primaryimage"},"thumbnailUrl":"https:\/\/www.asajacyl.com\/leon\/wp-content\/uploads\/sites\/6\/2019\/02\/2.-El-Congreso-Ibe\u0301rico-del-Mai\u0301z-ha-sido-un-e\u0301xito-de-Asistentes.jpeg","datePublished":"2019-02-20T07:49:33+00:00","dateModified":"2019-02-20T07:51:08+00:00","author":{"@id":"https:\/\/www.asajacyl.com\/leon\/#\/schema\/person\/a39ff3609fc182e4c789ab486e865d32"},"description":"El primer Congreso Ib\u00e9rico del Ma\u00edz ha reunido en Lisboa el pasado 13 y 14 de febrero a 650 profesionales de Portugal y Espa\u00f1a y a un prestigio panel de","breadcrumb":{"@id":"https:\/\/www.asajacyl.com\/leon\/servicios-socio\/sectores\/conclusiones-del-i-congreso-iberico-del-maiz-2019-organizado-por-apromis-y-agpme#breadcrumb"},"inLanguage":"es","potentialAction":[{"@type":"ReadAction","target":["https:\/\/www.asajacyl.com\/leon\/servicios-socio\/sectores\/conclusiones-del-i-congreso-iberico-del-maiz-2019-organizado-por-apromis-y-agpme"]}]},{"@type":"ImageObject","inLanguage":"es","@id":"https:\/\/www.asajacyl.com\/leon\/servicios-socio\/sectores\/conclusiones-del-i-congreso-iberico-del-maiz-2019-organizado-por-apromis-y-agpme#primaryimage","url":"https:\/\/www.asajacyl.com\/leon\/wp-content\/uploads\/sites\/6\/2019\/02\/2.-El-Congreso-Ibe\u0301rico-del-Mai\u0301z-ha-sido-un-e\u0301xito-de-Asistentes.jpeg","contentUrl":"https:\/\/www.asajacyl.com\/leon\/wp-content\/uploads\/sites\/6\/2019\/02\/2.-El-Congreso-Ibe\u0301rico-del-Mai\u0301z-ha-sido-un-e\u0301xito-de-Asistentes.jpeg","width":1280,"height":854},{"@type":"BreadcrumbList","@id":"https:\/\/www.asajacyl.com\/leon\/servicios-socio\/sectores\/conclusiones-del-i-congreso-iberico-del-maiz-2019-organizado-por-apromis-y-agpme#breadcrumb","itemListElement":[{"@type":"ListItem","position":1,"name":"Portada","item":"https:\/\/www.asajacyl.com\/leon\/"},{"@type":"ListItem","position":2,"name":"Conclusiones del I Congreso Ib\u00e9rico del Ma\u00edz 2019 organizado por Apromis y AGPME"}]},{"@type":"WebSite","@id":"https:\/\/www.asajacyl.com\/leon\/#website","url":"https:\/\/www.asajacyl.com\/leon\/","name":"ASAJA Le\u00f3n","description":"Otro sitio m\u00e1s de Provincias ASAJA Castilla y Le\u00f3n","potentialAction":[{"@type":"SearchAction","target":{"@type":"EntryPoint","urlTemplate":"https:\/\/www.asajacyl.com\/leon\/?s={search_term_string}"},"query-input":{"@type":"PropertyValueSpecification","valueRequired":true,"valueName":"search_term_string"}}],"inLanguage":"es"},{"@type":"Person","@id":"https:\/\/www.asajacyl.com\/leon\/#\/schema\/person\/a39ff3609fc182e4c789ab486e865d32","name":"Eduardo","image":{"@type":"ImageObject","inLanguage":"es","@id":"https:\/\/www.asajacyl.com\/leon\/#\/schema\/person\/image\/","url":"https:\/\/secure.gravatar.com\/avatar\/9ebd6aba21d817dcf9595bc9ca505af5?s=96&d=mm&r=g","contentUrl":"https:\/\/secure.gravatar.com\/avatar\/9ebd6aba21d817dcf9595bc9ca505af5?s=96&d=mm&r=g","caption":"Eduardo"},"url":"https:\/\/www.asajacyl.com\/leon\/author\/eduardovv"}]}},"_links":{"self":[{"href":"https:\/\/www.asajacyl.com\/leon\/wp-json\/wp\/v2\/posts\/9834"}],"collection":[{"href":"https:\/\/www.asajacyl.com\/leon\/wp-json\/wp\/v2\/posts"}],"about":[{"href":"https:\/\/www.asajacyl.com\/leon\/wp-json\/wp\/v2\/types\/post"}],"author":[{"embeddable":true,"href":"https:\/\/www.asajacyl.com\/leon\/wp-json\/wp\/v2\/users\/8"}],"replies":[{"embeddable":true,"href":"https:\/\/www.asajacyl.com\/leon\/wp-json\/wp\/v2\/comments?post=9834"}],"version-history":[{"count":1,"href":"https:\/\/www.asajacyl.com\/leon\/wp-json\/wp\/v2\/posts\/9834\/revisions"}],"predecessor-version":[{"id":9835,"href":"https:\/\/www.asajacyl.com\/leon\/wp-json\/wp\/v2\/posts\/9834\/revisions\/9835"}],"wp:featuredmedia":[{"embeddable":true,"href":"https:\/\/www.asajacyl.com\/leon\/wp-json\/wp\/v2\/media\/9836"}],"wp:attachment":[{"href":"https:\/\/www.asajacyl.com\/leon\/wp-json\/wp\/v2\/media?parent=9834"}],"wp:term":[{"taxonomy":"category","embeddable":true,"href":"https:\/\/www.asajacyl.com\/leon\/wp-json\/wp\/v2\/categories?post=9834"},{"taxonomy":"post_tag","embeddable":true,"href":"https:\/\/www.asajacyl.com\/leon\/wp-json\/wp\/v2\/tags?post=9834"}],"curies":[{"name":"wp","href":"https:\/\/api.w.org\/{rel}","templated":true}]}}