{"id":9867,"date":"2019-02-28T10:08:16","date_gmt":"2019-02-28T09:08:16","guid":{"rendered":"https:\/\/www.asajacyl.com\/leon\/?p=9867"},"modified":"2019-03-07T16:05:24","modified_gmt":"2019-03-07T15:05:24","slug":"concluye-le-visita-de-agricultores-leoneses-a-la-feria-agricola-de-paris","status":"publish","type":"post","link":"https:\/\/www.asajacyl.com\/leon\/sin-categoria\/concluye-le-visita-de-agricultores-leoneses-a-la-feria-agricola-de-paris","title":{"rendered":"Concluye la visita de agricultores leoneses a la Feria Agr\u00edcola de Par\u00eds"},"content":{"rendered":"<p><span style=\"font-family: 'Arial','sans-serif';font-size: 14pt\">Un grupo de sesenta agricultores y agricultoras de ASAJA de Le\u00f3n, entre los que se encuentra el presidente de la asociaci\u00f3n, Arsenio Garc\u00eda Vidal, finalizan hoy jueves un viaje iniciado el pasado domingo al Sal\u00f3n Internacional de la Agricultura (www.salon-agriculture.com) y al Sal\u00f3n Internacional de Maquinaria Agr\u00edcola -SIMA- (www.simaonline.com), en la ciudad de Par\u00eds.<\/span><\/p>\n<p><span style=\"font-family: 'Arial','sans-serif';font-size: 14pt\">Estos cert\u00e1menes feriales son los m\u00e1s importantes de Europa y en ellos se dan cita expositores y visitantes de los cinco continentes. La primera vez que ASAJA de Le\u00f3n realiz\u00f3 una vista organizada con agricultores de la provincia a estos dos cert\u00e1menes feriales fue en el ya lejano 1987, y desde entonces se ha repetido en varias ocasiones.<\/span><\/p>\n<p><span style=\"font-family: 'Arial','sans-serif';font-size: 14pt\">Los agricultores leoneses han conocido en estas ferias profesionales los \u00faltimos avances tecnol\u00f3gicos en maquinaria y tractores, los avances en selecci\u00f3n gen\u00e9tica de las principales especies de animales dom\u00e9sticos, los avances en semillas y otros medios de producci\u00f3n, y han podido intercambiar con colegas franceses opini\u00f3n sobre el futuro de un sector marcado por la m\u00e1xima competitividad, la globalizaci\u00f3n de los mercados y las normas de pol\u00edtica agraria. La delegaci\u00f3n leonesa ha mantenido encuentros con las asociaciones amigas del pa\u00eds vecino, como son el CNJA (www.jeunes-agriculteurs.fr) y la FNSEA (www.fnsea.fr).<\/span><\/p>\n<p><span style=\"font-family: 'Arial','sans-serif';font-size: 14pt\">En la inauguraci\u00f3n del Sal\u00f3n Internacional de la Agricultura, celebrada el pasado s\u00e1bado d\u00eda 23, el presidente franc\u00e9s, Emmanuel Macron, pidi\u00f3 \u201csoberan\u00eda alimentaria\u201d para Europa y exigi\u00f3 \u201cque no se destine ni un euro menos, en el nuevo periodo financiero, para las pol\u00edticas agrarias\u201d.<\/span><\/p>\n<p><span style=\"font-family: 'Arial','sans-serif';font-size: 14pt\">Los agricultores han agradecido tambi\u00e9n el recorrido tur\u00edstico por la capital del Sena en un viaje organizado por la empresa local Viajes Leontur.<\/span><\/p>\n<p><span style=\"font-family: 'Arial','sans-serif';font-size: 14pt\">\u00a0<\/span><span style=\"font-family: 'Arial','sans-serif';font-size: 14pt\">Le\u00f3n, 28 de febrero de 2019<\/span><\/p>\n<p>&nbsp;<\/p>\n<a href=\"https:\/\/www.asajacyl.com\/leon\/wp-content\/plugins\/download-attachments\/includes\/download.php?id=9869\" attachment_id=\"9869\" title=\"VIAJE FERIA PARIS FEBRERO 2019-1\" class=\"da-download-link da-download-attachment-9869\">VIAJE FERIA PARIS FEBRERO 2019-1<\/a>\n<a href=\"https:\/\/www.asajacyl.com\/leon\/wp-content\/plugins\/download-attachments\/includes\/download.php?id=9876\" attachment_id=\"9876\" title=\"VIAJE FERIA A PARIS FEBRERO 2019-2\" class=\"da-download-link da-download-attachment-9876\">VIAJE FERIA A PARIS FEBRERO 2019-2<\/a>\n<p>&nbsp;<\/p>\n<p>&nbsp;<\/p>\n","protected":false},"excerpt":{"rendered":"<p>Un grupo de sesenta agricultores y agricultoras de ASAJA de Le\u00f3n, entre los que se encuentra el presidente de la asociaci\u00f3n, Arsenio Garc\u00eda Vidal, finalizan hoy jueves un viaje iniciado el pasado domingo al Sal\u00f3n Internacional de la Agricultura (www.salon-agriculture.com) y al Sal\u00f3n Internacional de Maquinaria Agr\u00edcola -SIMA- (www.simaonline.com), en la ciudad de Par\u00eds. Estos [&hellip;]<\/p>\n","protected":false},"author":17,"featured_media":9882,"comment_status":"open","ping_status":"open","sticky":false,"template":"","format":"standard","meta":{"footnotes":""},"categories":[4,9,1],"tags":[],"yoast_head":"<!-- This site is optimized with the Yoast SEO plugin v24.5 - https:\/\/yoast.com\/wordpress\/plugins\/seo\/ -->\n<title>Concluye la visita de agricultores leoneses a la Feria Agr\u00edcola de Par\u00eds - ASAJA Le\u00f3n<\/title>\n<meta name=\"description\" content=\"Un grupo de sesenta agricultores y agricultoras de ASAJA de Le\u00f3n, entre los que se encuentra el presidente de la asociaci\u00f3n, Arsenio Garc\u00eda Vidal,\" \/>\n<meta name=\"robots\" content=\"index, follow, max-snippet:-1, max-image-preview:large, max-video-preview:-1\" \/>\n<link rel=\"canonical\" href=\"https:\/\/www.asajacyl.com\/leon\/sin-categoria\/concluye-le-visita-de-agricultores-leoneses-a-la-feria-agricola-de-paris\" \/>\n<meta property=\"og:locale\" content=\"es_ES\" \/>\n<meta property=\"og:type\" content=\"article\" \/>\n<meta property=\"og:title\" content=\"Concluye la visita de agricultores leoneses a la Feria Agr\u00edcola de Par\u00eds - ASAJA Le\u00f3n\" \/>\n<meta property=\"og:description\" content=\"Un grupo de sesenta agricultores y agricultoras de ASAJA de Le\u00f3n, entre los que se encuentra el presidente de la asociaci\u00f3n, Arsenio Garc\u00eda Vidal,\" \/>\n<meta property=\"og:url\" content=\"https:\/\/www.asajacyl.com\/leon\/sin-categoria\/concluye-le-visita-de-agricultores-leoneses-a-la-feria-agricola-de-paris\" \/>\n<meta property=\"og:site_name\" content=\"ASAJA Le\u00f3n\" \/>\n<meta property=\"article:published_time\" content=\"2019-02-28T09:08:16+00:00\" \/>\n<meta property=\"article:modified_time\" content=\"2019-03-07T15:05:24+00:00\" \/>\n<meta property=\"og:image\" content=\"https:\/\/www.asajacyl.com\/leon\/wp-content\/uploads\/sites\/6\/2019\/02\/VIAJE-FERIA-A-PARIS.jpg\" \/>\n\t<meta property=\"og:image:width\" content=\"2500\" \/>\n\t<meta property=\"og:image:height\" content=\"1095\" \/>\n\t<meta property=\"og:image:type\" content=\"image\/jpeg\" \/>\n<meta name=\"author\" content=\"gonzalofa\" \/>\n<meta name=\"twitter:card\" content=\"summary_large_image\" \/>\n<meta name=\"twitter:label1\" content=\"Escrito por\" \/>\n\t<meta name=\"twitter:data1\" content=\"gonzalofa\" \/>\n\t<meta name=\"twitter:label2\" content=\"Tiempo de lectura\" \/>\n\t<meta name=\"twitter:data2\" content=\"2 minutos\" \/>\n<script type=\"application\/ld+json\" class=\"yoast-schema-graph\">{\"@context\":\"https:\/\/schema.org\",\"@graph\":[{\"@type\":\"WebPage\",\"@id\":\"https:\/\/www.asajacyl.com\/leon\/sin-categoria\/concluye-le-visita-de-agricultores-leoneses-a-la-feria-agricola-de-paris\",\"url\":\"https:\/\/www.asajacyl.com\/leon\/sin-categoria\/concluye-le-visita-de-agricultores-leoneses-a-la-feria-agricola-de-paris\",\"name\":\"Concluye la visita de agricultores leoneses a la Feria Agr\u00edcola de Par\u00eds - ASAJA Le\u00f3n\",\"isPartOf\":{\"@id\":\"https:\/\/www.asajacyl.com\/leon\/#website\"},\"primaryImageOfPage\":{\"@id\":\"https:\/\/www.asajacyl.com\/leon\/sin-categoria\/concluye-le-visita-de-agricultores-leoneses-a-la-feria-agricola-de-paris#primaryimage\"},\"image\":{\"@id\":\"https:\/\/www.asajacyl.com\/leon\/sin-categoria\/concluye-le-visita-de-agricultores-leoneses-a-la-feria-agricola-de-paris#primaryimage\"},\"thumbnailUrl\":\"https:\/\/www.asajacyl.com\/leon\/wp-content\/uploads\/sites\/6\/2019\/02\/VIAJE-FERIA-A-PARIS.jpg\",\"datePublished\":\"2019-02-28T09:08:16+00:00\",\"dateModified\":\"2019-03-07T15:05:24+00:00\",\"author\":{\"@id\":\"https:\/\/www.asajacyl.com\/leon\/#\/schema\/person\/061f8efaa09cf43f8868e57fe9592bfa\"},\"description\":\"Un grupo de sesenta agricultores y agricultoras de ASAJA de Le\u00f3n, entre los que se encuentra el presidente de la asociaci\u00f3n, Arsenio Garc\u00eda Vidal,\",\"breadcrumb\":{\"@id\":\"https:\/\/www.asajacyl.com\/leon\/sin-categoria\/concluye-le-visita-de-agricultores-leoneses-a-la-feria-agricola-de-paris#breadcrumb\"},\"inLanguage\":\"es\",\"potentialAction\":[{\"@type\":\"ReadAction\",\"target\":[\"https:\/\/www.asajacyl.com\/leon\/sin-categoria\/concluye-le-visita-de-agricultores-leoneses-a-la-feria-agricola-de-paris\"]}]},{\"@type\":\"ImageObject\",\"inLanguage\":\"es\",\"@id\":\"https:\/\/www.asajacyl.com\/leon\/sin-categoria\/concluye-le-visita-de-agricultores-leoneses-a-la-feria-agricola-de-paris#primaryimage\",\"url\":\"https:\/\/www.asajacyl.com\/leon\/wp-content\/uploads\/sites\/6\/2019\/02\/VIAJE-FERIA-A-PARIS.jpg\",\"contentUrl\":\"https:\/\/www.asajacyl.com\/leon\/wp-content\/uploads\/sites\/6\/2019\/02\/VIAJE-FERIA-A-PARIS.jpg\",\"width\":2500,\"height\":1095},{\"@type\":\"BreadcrumbList\",\"@id\":\"https:\/\/www.asajacyl.com\/leon\/sin-categoria\/concluye-le-visita-de-agricultores-leoneses-a-la-feria-agricola-de-paris#breadcrumb\",\"itemListElement\":[{\"@type\":\"ListItem\",\"position\":1,\"name\":\"Portada\",\"item\":\"https:\/\/www.asajacyl.com\/leon\/\"},{\"@type\":\"ListItem\",\"position\":2,\"name\":\"Concluye la visita de agricultores leoneses a la Feria Agr\u00edcola de Par\u00eds\"}]},{\"@type\":\"WebSite\",\"@id\":\"https:\/\/www.asajacyl.com\/leon\/#website\",\"url\":\"https:\/\/www.asajacyl.com\/leon\/\",\"name\":\"ASAJA Le\u00f3n\",\"description\":\"Otro sitio m\u00e1s de Provincias ASAJA Castilla y Le\u00f3n\",\"potentialAction\":[{\"@type\":\"SearchAction\",\"target\":{\"@type\":\"EntryPoint\",\"urlTemplate\":\"https:\/\/www.asajacyl.com\/leon\/?s={search_term_string}\"},\"query-input\":{\"@type\":\"PropertyValueSpecification\",\"valueRequired\":true,\"valueName\":\"search_term_string\"}}],\"inLanguage\":\"es\"},{\"@type\":\"Person\",\"@id\":\"https:\/\/www.asajacyl.com\/leon\/#\/schema\/person\/061f8efaa09cf43f8868e57fe9592bfa\",\"name\":\"gonzalofa\",\"image\":{\"@type\":\"ImageObject\",\"inLanguage\":\"es\",\"@id\":\"https:\/\/www.asajacyl.com\/leon\/#\/schema\/person\/image\/\",\"url\":\"https:\/\/secure.gravatar.com\/avatar\/ae85559b262be23fe1587f91beb8e527?s=96&d=mm&r=g\",\"contentUrl\":\"https:\/\/secure.gravatar.com\/avatar\/ae85559b262be23fe1587f91beb8e527?s=96&d=mm&r=g\",\"caption\":\"gonzalofa\"},\"url\":\"https:\/\/www.asajacyl.com\/leon\/author\/gonzalofa\"}]}<\/script>\n<!-- \/ Yoast SEO plugin. -->","yoast_head_json":{"title":"Concluye la visita de agricultores leoneses a la Feria Agr\u00edcola de Par\u00eds - ASAJA Le\u00f3n","description":"Un grupo de sesenta agricultores y agricultoras de ASAJA de Le\u00f3n, entre los que se encuentra el presidente de la asociaci\u00f3n, Arsenio Garc\u00eda Vidal,","robots":{"index":"index","follow":"follow","max-snippet":"max-snippet:-1","max-image-preview":"max-image-preview:large","max-video-preview":"max-video-preview:-1"},"canonical":"https:\/\/www.asajacyl.com\/leon\/sin-categoria\/concluye-le-visita-de-agricultores-leoneses-a-la-feria-agricola-de-paris","og_locale":"es_ES","og_type":"article","og_title":"Concluye la visita de agricultores leoneses a la Feria Agr\u00edcola de Par\u00eds - ASAJA Le\u00f3n","og_description":"Un grupo de sesenta agricultores y agricultoras de ASAJA de Le\u00f3n, entre los que se encuentra el presidente de la asociaci\u00f3n, Arsenio Garc\u00eda Vidal,","og_url":"https:\/\/www.asajacyl.com\/leon\/sin-categoria\/concluye-le-visita-de-agricultores-leoneses-a-la-feria-agricola-de-paris","og_site_name":"ASAJA Le\u00f3n","article_published_time":"2019-02-28T09:08:16+00:00","article_modified_time":"2019-03-07T15:05:24+00:00","og_image":[{"width":2500,"height":1095,"url":"https:\/\/www.asajacyl.com\/leon\/wp-content\/uploads\/sites\/6\/2019\/02\/VIAJE-FERIA-A-PARIS.jpg","type":"image\/jpeg"}],"author":"gonzalofa","twitter_card":"summary_large_image","twitter_misc":{"Escrito por":"gonzalofa","Tiempo de lectura":"2 minutos"},"schema":{"@context":"https:\/\/schema.org","@graph":[{"@type":"WebPage","@id":"https:\/\/www.asajacyl.com\/leon\/sin-categoria\/concluye-le-visita-de-agricultores-leoneses-a-la-feria-agricola-de-paris","url":"https:\/\/www.asajacyl.com\/leon\/sin-categoria\/concluye-le-visita-de-agricultores-leoneses-a-la-feria-agricola-de-paris","name":"Concluye la visita de agricultores leoneses a la Feria Agr\u00edcola de Par\u00eds - ASAJA Le\u00f3n","isPartOf":{"@id":"https:\/\/www.asajacyl.com\/leon\/#website"},"primaryImageOfPage":{"@id":"https:\/\/www.asajacyl.com\/leon\/sin-categoria\/concluye-le-visita-de-agricultores-leoneses-a-la-feria-agricola-de-paris#primaryimage"},"image":{"@id":"https:\/\/www.asajacyl.com\/leon\/sin-categoria\/concluye-le-visita-de-agricultores-leoneses-a-la-feria-agricola-de-paris#primaryimage"},"thumbnailUrl":"https:\/\/www.asajacyl.com\/leon\/wp-content\/uploads\/sites\/6\/2019\/02\/VIAJE-FERIA-A-PARIS.jpg","datePublished":"2019-02-28T09:08:16+00:00","dateModified":"2019-03-07T15:05:24+00:00","author":{"@id":"https:\/\/www.asajacyl.com\/leon\/#\/schema\/person\/061f8efaa09cf43f8868e57fe9592bfa"},"description":"Un grupo de sesenta agricultores y agricultoras de ASAJA de Le\u00f3n, entre los que se encuentra el presidente de la asociaci\u00f3n, Arsenio Garc\u00eda Vidal,","breadcrumb":{"@id":"https:\/\/www.asajacyl.com\/leon\/sin-categoria\/concluye-le-visita-de-agricultores-leoneses-a-la-feria-agricola-de-paris#breadcrumb"},"inLanguage":"es","potentialAction":[{"@type":"ReadAction","target":["https:\/\/www.asajacyl.com\/leon\/sin-categoria\/concluye-le-visita-de-agricultores-leoneses-a-la-feria-agricola-de-paris"]}]},{"@type":"ImageObject","inLanguage":"es","@id":"https:\/\/www.asajacyl.com\/leon\/sin-categoria\/concluye-le-visita-de-agricultores-leoneses-a-la-feria-agricola-de-paris#primaryimage","url":"https:\/\/www.asajacyl.com\/leon\/wp-content\/uploads\/sites\/6\/2019\/02\/VIAJE-FERIA-A-PARIS.jpg","contentUrl":"https:\/\/www.asajacyl.com\/leon\/wp-content\/uploads\/sites\/6\/2019\/02\/VIAJE-FERIA-A-PARIS.jpg","width":2500,"height":1095},{"@type":"BreadcrumbList","@id":"https:\/\/www.asajacyl.com\/leon\/sin-categoria\/concluye-le-visita-de-agricultores-leoneses-a-la-feria-agricola-de-paris#breadcrumb","itemListElement":[{"@type":"ListItem","position":1,"name":"Portada","item":"https:\/\/www.asajacyl.com\/leon\/"},{"@type":"ListItem","position":2,"name":"Concluye la visita de agricultores leoneses a la Feria Agr\u00edcola de Par\u00eds"}]},{"@type":"WebSite","@id":"https:\/\/www.asajacyl.com\/leon\/#website","url":"https:\/\/www.asajacyl.com\/leon\/","name":"ASAJA Le\u00f3n","description":"Otro sitio m\u00e1s de Provincias ASAJA Castilla y Le\u00f3n","potentialAction":[{"@type":"SearchAction","target":{"@type":"EntryPoint","urlTemplate":"https:\/\/www.asajacyl.com\/leon\/?s={search_term_string}"},"query-input":{"@type":"PropertyValueSpecification","valueRequired":true,"valueName":"search_term_string"}}],"inLanguage":"es"},{"@type":"Person","@id":"https:\/\/www.asajacyl.com\/leon\/#\/schema\/person\/061f8efaa09cf43f8868e57fe9592bfa","name":"gonzalofa","image":{"@type":"ImageObject","inLanguage":"es","@id":"https:\/\/www.asajacyl.com\/leon\/#\/schema\/person\/image\/","url":"https:\/\/secure.gravatar.com\/avatar\/ae85559b262be23fe1587f91beb8e527?s=96&d=mm&r=g","contentUrl":"https:\/\/secure.gravatar.com\/avatar\/ae85559b262be23fe1587f91beb8e527?s=96&d=mm&r=g","caption":"gonzalofa"},"url":"https:\/\/www.asajacyl.com\/leon\/author\/gonzalofa"}]}},"_links":{"self":[{"href":"https:\/\/www.asajacyl.com\/leon\/wp-json\/wp\/v2\/posts\/9867"}],"collection":[{"href":"https:\/\/www.asajacyl.com\/leon\/wp-json\/wp\/v2\/posts"}],"about":[{"href":"https:\/\/www.asajacyl.com\/leon\/wp-json\/wp\/v2\/types\/post"}],"author":[{"embeddable":true,"href":"https:\/\/www.asajacyl.com\/leon\/wp-json\/wp\/v2\/users\/17"}],"replies":[{"embeddable":true,"href":"https:\/\/www.asajacyl.com\/leon\/wp-json\/wp\/v2\/comments?post=9867"}],"version-history":[{"count":12,"href":"https:\/\/www.asajacyl.com\/leon\/wp-json\/wp\/v2\/posts\/9867\/revisions"}],"predecessor-version":[{"id":9885,"href":"https:\/\/www.asajacyl.com\/leon\/wp-json\/wp\/v2\/posts\/9867\/revisions\/9885"}],"wp:featuredmedia":[{"embeddable":true,"href":"https:\/\/www.asajacyl.com\/leon\/wp-json\/wp\/v2\/media\/9882"}],"wp:attachment":[{"href":"https:\/\/www.asajacyl.com\/leon\/wp-json\/wp\/v2\/media?parent=9867"}],"wp:term":[{"taxonomy":"category","embeddable":true,"href":"https:\/\/www.asajacyl.com\/leon\/wp-json\/wp\/v2\/categories?post=9867"},{"taxonomy":"post_tag","embeddable":true,"href":"https:\/\/www.asajacyl.com\/leon\/wp-json\/wp\/v2\/tags?post=9867"}],"curies":[{"name":"wp","href":"https:\/\/api.w.org\/{rel}","templated":true}]}}