{"id":9891,"date":"2019-03-01T09:37:03","date_gmt":"2019-03-01T08:37:03","guid":{"rendered":"https:\/\/www.asajacyl.com\/leon\/?p=9891"},"modified":"2019-03-08T09:19:09","modified_gmt":"2019-03-08T08:19:09","slug":"las-seis-noticias-agrarias-de-la-semana-26-02-2019","status":"publish","type":"post","link":"https:\/\/www.asajacyl.com\/leon\/asaja-leon-informa\/las-seis-noticias-agrarias-de-la-semana-26-02-2019","title":{"rendered":"Las seis noticias agrarias de la semana &#8211; 01\/03\/2019"},"content":{"rendered":"<h2><strong>Neocotinoides; asignaci\u00f3n nuevos\u00a0Derechos de la Reserva Nacional; agricultores de la Valduerna; campa\u00f1a tramitaci\u00f3n PAC 2019; paralizaci\u00f3n de la caza en Castilla y Le\u00f3n; Congreso de Alimentaci\u00f3n Animal.<\/strong><\/h2>\n<p><strong>\u00a0<\/strong><\/p>\n<ol>\n<li>\n<h6>El ministerio de Agricultura ha autorizado, por una campa\u00f1a, el uso de semillas de remolacha tratadas con productos conocidos como <strong>neocotinoides<\/strong>. Su utilizaci\u00f3n est\u00e1 condicionada a que las siembras se hagan entre el 15 de febrero y el 25 de mayo, a dejar en las fincas una banda de\u00a0 tierra en barbecho de 1 metro, perimetral a la parcela sembrada, y a que el cultivo del a\u00f1o siguiente sea de los considerados no atractivos para los insectos polinizadores. Las siembras con estos productos hay que comunicarlas a la administraci\u00f3n competente.<\/h6>\n<\/li>\n<li>\n<h6>El ministerio de Agricultura ha asignado los <strong>nuevos derechos de Pago B\u00e1sico de la Reserva Nacional<\/strong> solicitados en la PAC de 2018, de los cuales los principales beneficiarios han sido los j\u00f3venes. A un total de 2.767 beneficiarios se le asignaron 95.653 derechos con un importe global de 12,6 millones de euros. Castilla y Le\u00f3n fue la comunidad m\u00e1s beneficiada despu\u00e9s de Extremadura. El importe medio por beneficiario, en Castilla y Le\u00f3n, ascendi\u00f3 a 4.900 euros, y el valor medio por derecho a 111 euros.<\/h6>\n<\/li>\n<li>\n<h6>Un grupo de <strong>agricultores de la Valduerna<\/strong> se manifestaron el pasado martes coincidiendo con la visita del ministro Luis Planas a la provincia de Le\u00f3n, reclamando una vez m\u00e1s soluciones a la situaci\u00f3n de alegalidad en la que se encuentran los pozos con los que vienen regando sus campos desde\u00a0 hace d\u00e9cadas y que la Confederaci\u00f3n Hidrogr\u00e1fica del Duero pretende clausurar. El ministro le prometi\u00f3 una nueva entrevista con la CHD en Valladolid para abordar la cuesti\u00f3n.<\/h6>\n<\/li>\n<li>\n<h6>La organizaci\u00f3n agraria ASAJA de Le\u00f3n comienza el pr\u00f3ximo lunes d\u00edas 4 de marzo la <strong>campa\u00f1a de tramitaci\u00f3n de las ayudas de la PAC<\/strong> del a\u00f1o 2019, para lo cual dispondr\u00e1 de personal todos los d\u00edas de la semana, de lunes a viernes, en las siete oficinas de la organizaci\u00f3n en la provincia. ASAJA aconseja a los socios que pidan cita lo antes posible y que se adelanten a hacer estas gestiones evitando las aglomeraciones de las \u00faltimas fechas cuando adem\u00e1s el agricultor dispone de menos tiempo por tener que hacer sus labores.<\/h6>\n<\/li>\n<li>\n<h6>Un auto de la sala de lo Contencioso Administrativo de Valladolid, atendiendo a una denuncia de ecologistas y animalistas, ha suspendido el decreto de la Junta de Castilla y Le\u00f3n que regula la conservaci\u00f3n de las especies cineg\u00e9ticas. Esta decisi\u00f3n supone la <strong>paralizaci\u00f3n de toda actividad cineg\u00e9tica en Castilla y Le\u00f3n<\/strong>, proh\u00edbe cazar. Las organizaciones agrarias se han mostrado alarmadas por una medida que supone que el campo de Castilla y Le\u00f3n se va a convertir en una selva donde proliferen todas las especies que devastan los cultivos, y matan y hacen enfermar al ganado.<\/h6>\n<\/li>\n<li>\n<h6>El <strong>VI Congreso de Alimentaci\u00f3n Animal<\/strong> tendr\u00e1 lugar en Valladolid los d\u00edas 4 y 5 de abril, organizado por la asociaci\u00f3n empresarial que representa a los fabricantes de piensos. Se abordar\u00e1n temas de innovaci\u00f3n y competitividad de las materias primas, econom\u00eda circular en alimentaci\u00f3n animal, comunicaci\u00f3n hacia el consumidor, resistencias antimicrobianas, seguridad alimentaria y futuro del sector.<\/h6>\n<\/li>\n<\/ol>\n","protected":false},"excerpt":{"rendered":"<p>Neocotinoides; asignaci\u00f3n nuevos\u00a0Derechos de la Reserva Nacional; agricultores de la Valduerna; campa\u00f1a tramitaci\u00f3n PAC 2019; paralizaci\u00f3n de la caza en Castilla y Le\u00f3n; Congreso de Alimentaci\u00f3n Animal. \u00a0 El ministerio de Agricultura ha autorizado, por una campa\u00f1a, el uso de semillas de remolacha tratadas con productos conocidos como neocotinoides. Su utilizaci\u00f3n est\u00e1 condicionada a que [&hellip;]<\/p>\n","protected":false},"author":17,"featured_media":9894,"comment_status":"open","ping_status":"open","sticky":false,"template":"","format":"standard","meta":{"footnotes":""},"categories":[4,9],"tags":[],"yoast_head":"<!-- This site is optimized with the Yoast SEO plugin v24.5 - https:\/\/yoast.com\/wordpress\/plugins\/seo\/ -->\n<title>Las seis noticias agrarias de la semana - 01\/03\/2019 - ASAJA Le\u00f3n<\/title>\n<meta name=\"description\" content=\"Neocotinoides; asignaci\u00f3n nuevos\u00a0Derechos de la Reserva Nacional; agricultores de la Valduerna; campa\u00f1a tramitaci\u00f3n PAC 2019; paralizaci\u00f3n de la caza en\" \/>\n<meta name=\"robots\" content=\"index, follow, max-snippet:-1, max-image-preview:large, max-video-preview:-1\" \/>\n<link rel=\"canonical\" href=\"https:\/\/www.asajacyl.com\/leon\/asaja-leon-informa\/las-seis-noticias-agrarias-de-la-semana-26-02-2019\" \/>\n<meta property=\"og:locale\" content=\"es_ES\" \/>\n<meta property=\"og:type\" content=\"article\" \/>\n<meta property=\"og:title\" content=\"Las seis noticias agrarias de la semana - 01\/03\/2019 - ASAJA Le\u00f3n\" \/>\n<meta property=\"og:description\" content=\"Neocotinoides; asignaci\u00f3n nuevos\u00a0Derechos de la Reserva Nacional; agricultores de la Valduerna; campa\u00f1a tramitaci\u00f3n PAC 2019; paralizaci\u00f3n de la caza en\" \/>\n<meta property=\"og:url\" content=\"https:\/\/www.asajacyl.com\/leon\/asaja-leon-informa\/las-seis-noticias-agrarias-de-la-semana-26-02-2019\" \/>\n<meta property=\"og:site_name\" content=\"ASAJA Le\u00f3n\" \/>\n<meta property=\"article:published_time\" content=\"2019-03-01T08:37:03+00:00\" \/>\n<meta property=\"article:modified_time\" content=\"2019-03-08T08:19:09+00:00\" \/>\n<meta property=\"og:image\" content=\"https:\/\/www.asajacyl.com\/leon\/wp-content\/uploads\/sites\/6\/2019\/03\/SEMILLAS_REMOLACHA.jpg\" \/>\n\t<meta property=\"og:image:width\" content=\"1022\" \/>\n\t<meta property=\"og:image:height\" content=\"584\" \/>\n\t<meta property=\"og:image:type\" content=\"image\/jpeg\" \/>\n<meta name=\"author\" content=\"gonzalofa\" \/>\n<meta name=\"twitter:card\" content=\"summary_large_image\" \/>\n<meta name=\"twitter:label1\" content=\"Escrito por\" \/>\n\t<meta name=\"twitter:data1\" content=\"gonzalofa\" \/>\n\t<meta name=\"twitter:label2\" content=\"Tiempo de lectura\" \/>\n\t<meta name=\"twitter:data2\" content=\"3 minutos\" \/>\n<script type=\"application\/ld+json\" class=\"yoast-schema-graph\">{\"@context\":\"https:\/\/schema.org\",\"@graph\":[{\"@type\":\"WebPage\",\"@id\":\"https:\/\/www.asajacyl.com\/leon\/asaja-leon-informa\/las-seis-noticias-agrarias-de-la-semana-26-02-2019\",\"url\":\"https:\/\/www.asajacyl.com\/leon\/asaja-leon-informa\/las-seis-noticias-agrarias-de-la-semana-26-02-2019\",\"name\":\"Las seis noticias agrarias de la semana - 01\/03\/2019 - ASAJA Le\u00f3n\",\"isPartOf\":{\"@id\":\"https:\/\/www.asajacyl.com\/leon\/#website\"},\"primaryImageOfPage\":{\"@id\":\"https:\/\/www.asajacyl.com\/leon\/asaja-leon-informa\/las-seis-noticias-agrarias-de-la-semana-26-02-2019#primaryimage\"},\"image\":{\"@id\":\"https:\/\/www.asajacyl.com\/leon\/asaja-leon-informa\/las-seis-noticias-agrarias-de-la-semana-26-02-2019#primaryimage\"},\"thumbnailUrl\":\"https:\/\/www.asajacyl.com\/leon\/wp-content\/uploads\/sites\/6\/2019\/03\/SEMILLAS_REMOLACHA.jpg\",\"datePublished\":\"2019-03-01T08:37:03+00:00\",\"dateModified\":\"2019-03-08T08:19:09+00:00\",\"author\":{\"@id\":\"https:\/\/www.asajacyl.com\/leon\/#\/schema\/person\/061f8efaa09cf43f8868e57fe9592bfa\"},\"description\":\"Neocotinoides; asignaci\u00f3n nuevos\u00a0Derechos de la Reserva Nacional; agricultores de la Valduerna; campa\u00f1a tramitaci\u00f3n PAC 2019; paralizaci\u00f3n de la caza en\",\"breadcrumb\":{\"@id\":\"https:\/\/www.asajacyl.com\/leon\/asaja-leon-informa\/las-seis-noticias-agrarias-de-la-semana-26-02-2019#breadcrumb\"},\"inLanguage\":\"es\",\"potentialAction\":[{\"@type\":\"ReadAction\",\"target\":[\"https:\/\/www.asajacyl.com\/leon\/asaja-leon-informa\/las-seis-noticias-agrarias-de-la-semana-26-02-2019\"]}]},{\"@type\":\"ImageObject\",\"inLanguage\":\"es\",\"@id\":\"https:\/\/www.asajacyl.com\/leon\/asaja-leon-informa\/las-seis-noticias-agrarias-de-la-semana-26-02-2019#primaryimage\",\"url\":\"https:\/\/www.asajacyl.com\/leon\/wp-content\/uploads\/sites\/6\/2019\/03\/SEMILLAS_REMOLACHA.jpg\",\"contentUrl\":\"https:\/\/www.asajacyl.com\/leon\/wp-content\/uploads\/sites\/6\/2019\/03\/SEMILLAS_REMOLACHA.jpg\",\"width\":1022,\"height\":584},{\"@type\":\"BreadcrumbList\",\"@id\":\"https:\/\/www.asajacyl.com\/leon\/asaja-leon-informa\/las-seis-noticias-agrarias-de-la-semana-26-02-2019#breadcrumb\",\"itemListElement\":[{\"@type\":\"ListItem\",\"position\":1,\"name\":\"Portada\",\"item\":\"https:\/\/www.asajacyl.com\/leon\/\"},{\"@type\":\"ListItem\",\"position\":2,\"name\":\"Las seis noticias agrarias de la semana &#8211; 01\/03\/2019\"}]},{\"@type\":\"WebSite\",\"@id\":\"https:\/\/www.asajacyl.com\/leon\/#website\",\"url\":\"https:\/\/www.asajacyl.com\/leon\/\",\"name\":\"ASAJA Le\u00f3n\",\"description\":\"Otro sitio m\u00e1s de Provincias ASAJA Castilla y Le\u00f3n\",\"potentialAction\":[{\"@type\":\"SearchAction\",\"target\":{\"@type\":\"EntryPoint\",\"urlTemplate\":\"https:\/\/www.asajacyl.com\/leon\/?s={search_term_string}\"},\"query-input\":{\"@type\":\"PropertyValueSpecification\",\"valueRequired\":true,\"valueName\":\"search_term_string\"}}],\"inLanguage\":\"es\"},{\"@type\":\"Person\",\"@id\":\"https:\/\/www.asajacyl.com\/leon\/#\/schema\/person\/061f8efaa09cf43f8868e57fe9592bfa\",\"name\":\"gonzalofa\",\"image\":{\"@type\":\"ImageObject\",\"inLanguage\":\"es\",\"@id\":\"https:\/\/www.asajacyl.com\/leon\/#\/schema\/person\/image\/\",\"url\":\"https:\/\/secure.gravatar.com\/avatar\/ae85559b262be23fe1587f91beb8e527?s=96&d=mm&r=g\",\"contentUrl\":\"https:\/\/secure.gravatar.com\/avatar\/ae85559b262be23fe1587f91beb8e527?s=96&d=mm&r=g\",\"caption\":\"gonzalofa\"},\"url\":\"https:\/\/www.asajacyl.com\/leon\/author\/gonzalofa\"}]}<\/script>\n<!-- \/ Yoast SEO plugin. -->","yoast_head_json":{"title":"Las seis noticias agrarias de la semana - 01\/03\/2019 - ASAJA Le\u00f3n","description":"Neocotinoides; asignaci\u00f3n nuevos\u00a0Derechos de la Reserva Nacional; agricultores de la Valduerna; campa\u00f1a tramitaci\u00f3n PAC 2019; paralizaci\u00f3n de la caza en","robots":{"index":"index","follow":"follow","max-snippet":"max-snippet:-1","max-image-preview":"max-image-preview:large","max-video-preview":"max-video-preview:-1"},"canonical":"https:\/\/www.asajacyl.com\/leon\/asaja-leon-informa\/las-seis-noticias-agrarias-de-la-semana-26-02-2019","og_locale":"es_ES","og_type":"article","og_title":"Las seis noticias agrarias de la semana - 01\/03\/2019 - ASAJA Le\u00f3n","og_description":"Neocotinoides; asignaci\u00f3n nuevos\u00a0Derechos de la Reserva Nacional; agricultores de la Valduerna; campa\u00f1a tramitaci\u00f3n PAC 2019; paralizaci\u00f3n de la caza en","og_url":"https:\/\/www.asajacyl.com\/leon\/asaja-leon-informa\/las-seis-noticias-agrarias-de-la-semana-26-02-2019","og_site_name":"ASAJA Le\u00f3n","article_published_time":"2019-03-01T08:37:03+00:00","article_modified_time":"2019-03-08T08:19:09+00:00","og_image":[{"width":1022,"height":584,"url":"https:\/\/www.asajacyl.com\/leon\/wp-content\/uploads\/sites\/6\/2019\/03\/SEMILLAS_REMOLACHA.jpg","type":"image\/jpeg"}],"author":"gonzalofa","twitter_card":"summary_large_image","twitter_misc":{"Escrito por":"gonzalofa","Tiempo de lectura":"3 minutos"},"schema":{"@context":"https:\/\/schema.org","@graph":[{"@type":"WebPage","@id":"https:\/\/www.asajacyl.com\/leon\/asaja-leon-informa\/las-seis-noticias-agrarias-de-la-semana-26-02-2019","url":"https:\/\/www.asajacyl.com\/leon\/asaja-leon-informa\/las-seis-noticias-agrarias-de-la-semana-26-02-2019","name":"Las seis noticias agrarias de la semana - 01\/03\/2019 - ASAJA Le\u00f3n","isPartOf":{"@id":"https:\/\/www.asajacyl.com\/leon\/#website"},"primaryImageOfPage":{"@id":"https:\/\/www.asajacyl.com\/leon\/asaja-leon-informa\/las-seis-noticias-agrarias-de-la-semana-26-02-2019#primaryimage"},"image":{"@id":"https:\/\/www.asajacyl.com\/leon\/asaja-leon-informa\/las-seis-noticias-agrarias-de-la-semana-26-02-2019#primaryimage"},"thumbnailUrl":"https:\/\/www.asajacyl.com\/leon\/wp-content\/uploads\/sites\/6\/2019\/03\/SEMILLAS_REMOLACHA.jpg","datePublished":"2019-03-01T08:37:03+00:00","dateModified":"2019-03-08T08:19:09+00:00","author":{"@id":"https:\/\/www.asajacyl.com\/leon\/#\/schema\/person\/061f8efaa09cf43f8868e57fe9592bfa"},"description":"Neocotinoides; asignaci\u00f3n nuevos\u00a0Derechos de la Reserva Nacional; agricultores de la Valduerna; campa\u00f1a tramitaci\u00f3n PAC 2019; paralizaci\u00f3n de la caza en","breadcrumb":{"@id":"https:\/\/www.asajacyl.com\/leon\/asaja-leon-informa\/las-seis-noticias-agrarias-de-la-semana-26-02-2019#breadcrumb"},"inLanguage":"es","potentialAction":[{"@type":"ReadAction","target":["https:\/\/www.asajacyl.com\/leon\/asaja-leon-informa\/las-seis-noticias-agrarias-de-la-semana-26-02-2019"]}]},{"@type":"ImageObject","inLanguage":"es","@id":"https:\/\/www.asajacyl.com\/leon\/asaja-leon-informa\/las-seis-noticias-agrarias-de-la-semana-26-02-2019#primaryimage","url":"https:\/\/www.asajacyl.com\/leon\/wp-content\/uploads\/sites\/6\/2019\/03\/SEMILLAS_REMOLACHA.jpg","contentUrl":"https:\/\/www.asajacyl.com\/leon\/wp-content\/uploads\/sites\/6\/2019\/03\/SEMILLAS_REMOLACHA.jpg","width":1022,"height":584},{"@type":"BreadcrumbList","@id":"https:\/\/www.asajacyl.com\/leon\/asaja-leon-informa\/las-seis-noticias-agrarias-de-la-semana-26-02-2019#breadcrumb","itemListElement":[{"@type":"ListItem","position":1,"name":"Portada","item":"https:\/\/www.asajacyl.com\/leon\/"},{"@type":"ListItem","position":2,"name":"Las seis noticias agrarias de la semana &#8211; 01\/03\/2019"}]},{"@type":"WebSite","@id":"https:\/\/www.asajacyl.com\/leon\/#website","url":"https:\/\/www.asajacyl.com\/leon\/","name":"ASAJA Le\u00f3n","description":"Otro sitio m\u00e1s de Provincias ASAJA Castilla y Le\u00f3n","potentialAction":[{"@type":"SearchAction","target":{"@type":"EntryPoint","urlTemplate":"https:\/\/www.asajacyl.com\/leon\/?s={search_term_string}"},"query-input":{"@type":"PropertyValueSpecification","valueRequired":true,"valueName":"search_term_string"}}],"inLanguage":"es"},{"@type":"Person","@id":"https:\/\/www.asajacyl.com\/leon\/#\/schema\/person\/061f8efaa09cf43f8868e57fe9592bfa","name":"gonzalofa","image":{"@type":"ImageObject","inLanguage":"es","@id":"https:\/\/www.asajacyl.com\/leon\/#\/schema\/person\/image\/","url":"https:\/\/secure.gravatar.com\/avatar\/ae85559b262be23fe1587f91beb8e527?s=96&d=mm&r=g","contentUrl":"https:\/\/secure.gravatar.com\/avatar\/ae85559b262be23fe1587f91beb8e527?s=96&d=mm&r=g","caption":"gonzalofa"},"url":"https:\/\/www.asajacyl.com\/leon\/author\/gonzalofa"}]}},"_links":{"self":[{"href":"https:\/\/www.asajacyl.com\/leon\/wp-json\/wp\/v2\/posts\/9891"}],"collection":[{"href":"https:\/\/www.asajacyl.com\/leon\/wp-json\/wp\/v2\/posts"}],"about":[{"href":"https:\/\/www.asajacyl.com\/leon\/wp-json\/wp\/v2\/types\/post"}],"author":[{"embeddable":true,"href":"https:\/\/www.asajacyl.com\/leon\/wp-json\/wp\/v2\/users\/17"}],"replies":[{"embeddable":true,"href":"https:\/\/www.asajacyl.com\/leon\/wp-json\/wp\/v2\/comments?post=9891"}],"version-history":[{"count":3,"href":"https:\/\/www.asajacyl.com\/leon\/wp-json\/wp\/v2\/posts\/9891\/revisions"}],"predecessor-version":[{"id":9901,"href":"https:\/\/www.asajacyl.com\/leon\/wp-json\/wp\/v2\/posts\/9891\/revisions\/9901"}],"wp:featuredmedia":[{"embeddable":true,"href":"https:\/\/www.asajacyl.com\/leon\/wp-json\/wp\/v2\/media\/9894"}],"wp:attachment":[{"href":"https:\/\/www.asajacyl.com\/leon\/wp-json\/wp\/v2\/media?parent=9891"}],"wp:term":[{"taxonomy":"category","embeddable":true,"href":"https:\/\/www.asajacyl.com\/leon\/wp-json\/wp\/v2\/categories?post=9891"},{"taxonomy":"post_tag","embeddable":true,"href":"https:\/\/www.asajacyl.com\/leon\/wp-json\/wp\/v2\/tags?post=9891"}],"curies":[{"name":"wp","href":"https:\/\/api.w.org\/{rel}","templated":true}]}}