{"id":10002,"date":"2022-03-09T07:52:00","date_gmt":"2022-03-09T06:52:00","guid":{"rendered":"https:\/\/www.asajacyl.com\/palencia\/?p=10002"},"modified":"2022-03-09T07:55:11","modified_gmt":"2022-03-09T06:55:11","slug":"asaja-reafirma-con-hechos-su-compromiso-en-la-lucha-por-la-igualdad-real-de-las-mujeres-agricultoras-y-ganaderas","status":"publish","type":"post","link":"https:\/\/www.asajacyl.com\/palencia\/asaja-palencia-informa\/asaja-reafirma-con-hechos-su-compromiso-en-la-lucha-por-la-igualdad-real-de-las-mujeres-agricultoras-y-ganaderas","title":{"rendered":"ASAJA reafirma con hechos su compromiso en la lucha por la igualdad real de las mujeres agricultoras y ganaderas"},"content":{"rendered":"\n<p>Con motivo del D\u00eda Internacional de la Mujer ayer d\u00eda 8 de marzo, ASAJA de Castilla y Le\u00f3n reafirma su compromiso con el objetivo de igualdad real entre mujeres y hombres en todos los aspectos de la vida, incluido como no puede ser de otra forma en el desarrollo de la actividad empresarial de la agricultura y la ganader\u00eda.<\/p>\n\n\n\n<p>En el campo, la igualdad de la mujer en el encuadramiento en la Seguridad Social por Cuenta Propia es hoy d\u00eda una realidad, aunque el camino no ha sido f\u00e1cil ni corto, y la figura de la Titularidad Compartida de las Explotaciones, que ASAJA apoya y promueve, siendo la OPA que m\u00e1s solicitudes tramita, es una buena f\u00f3rmula para que la mujer no sufra discriminaci\u00f3n respecto a la gesti\u00f3n, la propiedad o el trabajo en el negocio agroganadero conjunto con su pareja.<\/p>\n\n\n\n<p>El sector agroganadero de Castilla y Le\u00f3n est\u00e1 representado por mujeres en aproximadamente un tercio del total. Es notable el n\u00famero de mujeres j\u00f3venes que se est\u00e1n incorporando, que fueron 558 sobre un total de 1.652 j\u00f3venes en la \u00faltima convocatoria de ayudas (2021), lo que significa que una de cada tres incorporaciones al campo es de mujeres, y muchas de ellas lo han hecho de la mano de ASAJA. El objetivo no tiene que ser \u00fanicamente aumentar este n\u00famero, sino que se den las condiciones propicias para que se incorporen sin ninguna limitaci\u00f3n ni cortapisas las que quieran hacer de esto su medio de vida, y que en todo caso que se creen alternativas de empleo en el medio rural, m\u00e1s all\u00e1 del sector primario. La profesi\u00f3n de agricultor o agricultora es hoy una elecci\u00f3n personal de quien busca el trabajo aut\u00f3nomo en el campo, asumiendo riesgos, y disfrutando de la labor de producir alimentos, y es en esta elecci\u00f3n, muchas veces vocacional, en la que la mujer debe de encontrar un camino despejado y sin obst\u00e1culos a\u00f1adidos.<\/p>\n\n\n\n<p>ASAJA considera que la mujer no est\u00e1 suficientemente representada en los \u00f3rganos de gobierno de organizaciones agrarias, cooperativas, comunidades de regantes, juntas agropecuarias y movimiento asociativo en general, como tampoco lo est\u00e1 en las instituciones locales, por lo que se compromete a seguir trabajando, en la medida de su responsabilidad, para cambiar la situaci\u00f3n, de modo que haya una mayor presencia femenina en los \u00f3rganos de decisi\u00f3n de estos entes. Mencionar la reciente incorporaci\u00f3n de la apicultora Bego\u00f1a Bello como vicepresidenta de ASAJA Le\u00f3n y responsable de la organizaci\u00f3n en El Bierzo, que se une a la tambi\u00e9n vicepresidenta de ASAJA Soria, la agricultora Ana Pastor, as\u00ed como a otras vocales que forman parte de los \u00f3rganos directivos de las provinciales de ASAJA.<\/p>\n\n\n\n<p>ASAJA reivindica permanentemente mejoras en los servicios p\u00fablicos en el medio rural, incluido el acceso a un servicio de calidad en las nuevas tecnolog\u00edas, algo imprescindible para el asentamiento de poblaci\u00f3n en nuestros pueblos y para la conciliaci\u00f3n de la vida familiar y laboral, y tambi\u00e9n esenciales para el desempe\u00f1o del trabajo agr\u00edcola.<\/p>\n","protected":false},"excerpt":{"rendered":"<p>Con motivo del D\u00eda Internacional de la Mujer ayer d\u00eda 8 de marzo, ASAJA de Castilla y Le\u00f3n reafirma su compromiso con el objetivo de igualdad real entre mujeres y hombres en todos los aspectos de la vida, incluido como no puede ser de otra forma en el desarrollo de la actividad empresarial de la [&hellip;]<\/p>\n","protected":false},"author":9,"featured_media":10003,"comment_status":"open","ping_status":"open","sticky":false,"template":"","format":"standard","meta":{"footnotes":""},"categories":[9,29,28],"tags":[],"yoast_head":"<!-- This site is optimized with the Yoast SEO plugin v24.5 - https:\/\/yoast.com\/wordpress\/plugins\/seo\/ -->\n<title>ASAJA reafirma con hechos su compromiso en la lucha por la igualdad real de las mujeres agricultoras y ganaderas - ASAJA Palencia<\/title>\n<meta name=\"description\" content=\"Con motivo del D\u00eda Internacional de la Mujer ayer d\u00eda 8 de marzo, ASAJA de Castilla y Le\u00f3n reafirma su compromiso con el objetivo de igualdad real entre\" \/>\n<meta name=\"robots\" content=\"index, follow, max-snippet:-1, max-image-preview:large, max-video-preview:-1\" \/>\n<link rel=\"canonical\" href=\"https:\/\/www.asajacyl.com\/palencia\/asaja-palencia-informa\/asaja-reafirma-con-hechos-su-compromiso-en-la-lucha-por-la-igualdad-real-de-las-mujeres-agricultoras-y-ganaderas\" \/>\n<meta property=\"og:locale\" content=\"es_ES\" \/>\n<meta property=\"og:type\" content=\"article\" \/>\n<meta property=\"og:title\" content=\"ASAJA reafirma con hechos su compromiso en la lucha por la igualdad real de las mujeres agricultoras y ganaderas - ASAJA Palencia\" \/>\n<meta property=\"og:description\" content=\"Con motivo del D\u00eda Internacional de la Mujer ayer d\u00eda 8 de marzo, ASAJA de Castilla y Le\u00f3n reafirma su compromiso con el objetivo de igualdad real entre\" \/>\n<meta property=\"og:url\" content=\"https:\/\/www.asajacyl.com\/palencia\/asaja-palencia-informa\/asaja-reafirma-con-hechos-su-compromiso-en-la-lucha-por-la-igualdad-real-de-las-mujeres-agricultoras-y-ganaderas\" \/>\n<meta property=\"og:site_name\" content=\"ASAJA Palencia\" \/>\n<meta property=\"article:published_time\" content=\"2022-03-09T06:52:00+00:00\" \/>\n<meta property=\"article:modified_time\" content=\"2022-03-09T06:55:11+00:00\" \/>\n<meta property=\"og:image\" content=\"https:\/\/www.asajacyl.com\/palencia\/wp-content\/uploads\/sites\/3\/2022\/03\/MUJER.jpg\" \/>\n\t<meta property=\"og:image:width\" content=\"1024\" \/>\n\t<meta property=\"og:image:height\" content=\"768\" \/>\n\t<meta property=\"og:image:type\" content=\"image\/jpeg\" \/>\n<meta name=\"author\" content=\"Administrador\" \/>\n<meta name=\"twitter:card\" content=\"summary_large_image\" \/>\n<meta name=\"twitter:label1\" content=\"Escrito por\" \/>\n\t<meta name=\"twitter:data1\" content=\"Administrador\" \/>\n\t<meta name=\"twitter:label2\" content=\"Tiempo de lectura\" \/>\n\t<meta name=\"twitter:data2\" content=\"3 minutos\" \/>\n<script type=\"application\/ld+json\" class=\"yoast-schema-graph\">{\"@context\":\"https:\/\/schema.org\",\"@graph\":[{\"@type\":\"WebPage\",\"@id\":\"https:\/\/www.asajacyl.com\/palencia\/asaja-palencia-informa\/asaja-reafirma-con-hechos-su-compromiso-en-la-lucha-por-la-igualdad-real-de-las-mujeres-agricultoras-y-ganaderas\",\"url\":\"https:\/\/www.asajacyl.com\/palencia\/asaja-palencia-informa\/asaja-reafirma-con-hechos-su-compromiso-en-la-lucha-por-la-igualdad-real-de-las-mujeres-agricultoras-y-ganaderas\",\"name\":\"ASAJA reafirma con hechos su compromiso en la lucha por la igualdad real de las mujeres agricultoras y ganaderas - ASAJA Palencia\",\"isPartOf\":{\"@id\":\"https:\/\/www.asajacyl.com\/palencia\/#website\"},\"primaryImageOfPage\":{\"@id\":\"https:\/\/www.asajacyl.com\/palencia\/asaja-palencia-informa\/asaja-reafirma-con-hechos-su-compromiso-en-la-lucha-por-la-igualdad-real-de-las-mujeres-agricultoras-y-ganaderas#primaryimage\"},\"image\":{\"@id\":\"https:\/\/www.asajacyl.com\/palencia\/asaja-palencia-informa\/asaja-reafirma-con-hechos-su-compromiso-en-la-lucha-por-la-igualdad-real-de-las-mujeres-agricultoras-y-ganaderas#primaryimage\"},\"thumbnailUrl\":\"https:\/\/www.asajacyl.com\/palencia\/wp-content\/uploads\/sites\/3\/2022\/03\/MUJER.jpg\",\"datePublished\":\"2022-03-09T06:52:00+00:00\",\"dateModified\":\"2022-03-09T06:55:11+00:00\",\"author\":{\"@id\":\"https:\/\/www.asajacyl.com\/palencia\/#\/schema\/person\/3ab17aeb03527485c317557fae64aab1\"},\"description\":\"Con motivo del D\u00eda Internacional de la Mujer ayer d\u00eda 8 de marzo, ASAJA de Castilla y Le\u00f3n reafirma su compromiso con el objetivo de igualdad real entre\",\"breadcrumb\":{\"@id\":\"https:\/\/www.asajacyl.com\/palencia\/asaja-palencia-informa\/asaja-reafirma-con-hechos-su-compromiso-en-la-lucha-por-la-igualdad-real-de-las-mujeres-agricultoras-y-ganaderas#breadcrumb\"},\"inLanguage\":\"es\",\"potentialAction\":[{\"@type\":\"ReadAction\",\"target\":[\"https:\/\/www.asajacyl.com\/palencia\/asaja-palencia-informa\/asaja-reafirma-con-hechos-su-compromiso-en-la-lucha-por-la-igualdad-real-de-las-mujeres-agricultoras-y-ganaderas\"]}]},{\"@type\":\"ImageObject\",\"inLanguage\":\"es\",\"@id\":\"https:\/\/www.asajacyl.com\/palencia\/asaja-palencia-informa\/asaja-reafirma-con-hechos-su-compromiso-en-la-lucha-por-la-igualdad-real-de-las-mujeres-agricultoras-y-ganaderas#primaryimage\",\"url\":\"https:\/\/www.asajacyl.com\/palencia\/wp-content\/uploads\/sites\/3\/2022\/03\/MUJER.jpg\",\"contentUrl\":\"https:\/\/www.asajacyl.com\/palencia\/wp-content\/uploads\/sites\/3\/2022\/03\/MUJER.jpg\",\"width\":1024,\"height\":768},{\"@type\":\"BreadcrumbList\",\"@id\":\"https:\/\/www.asajacyl.com\/palencia\/asaja-palencia-informa\/asaja-reafirma-con-hechos-su-compromiso-en-la-lucha-por-la-igualdad-real-de-las-mujeres-agricultoras-y-ganaderas#breadcrumb\",\"itemListElement\":[{\"@type\":\"ListItem\",\"position\":1,\"name\":\"Portada\",\"item\":\"https:\/\/www.asajacyl.com\/palencia\/\"},{\"@type\":\"ListItem\",\"position\":2,\"name\":\"ASAJA reafirma con hechos su compromiso en la lucha por la igualdad real de las mujeres agricultoras y ganaderas\"}]},{\"@type\":\"WebSite\",\"@id\":\"https:\/\/www.asajacyl.com\/palencia\/#website\",\"url\":\"https:\/\/www.asajacyl.com\/palencia\/\",\"name\":\"ASAJA Palencia\",\"description\":\"Otro sitio m\u00e1s de Provincias ASAJA Castilla y Le\u00f3n\",\"potentialAction\":[{\"@type\":\"SearchAction\",\"target\":{\"@type\":\"EntryPoint\",\"urlTemplate\":\"https:\/\/www.asajacyl.com\/palencia\/?s={search_term_string}\"},\"query-input\":{\"@type\":\"PropertyValueSpecification\",\"valueRequired\":true,\"valueName\":\"search_term_string\"}}],\"inLanguage\":\"es\"},{\"@type\":\"Person\",\"@id\":\"https:\/\/www.asajacyl.com\/palencia\/#\/schema\/person\/3ab17aeb03527485c317557fae64aab1\",\"name\":\"Administrador\",\"image\":{\"@type\":\"ImageObject\",\"inLanguage\":\"es\",\"@id\":\"https:\/\/www.asajacyl.com\/palencia\/#\/schema\/person\/image\/\",\"url\":\"https:\/\/secure.gravatar.com\/avatar\/517384810d242ca9e38c180f3c9fb973?s=96&d=mm&r=g\",\"contentUrl\":\"https:\/\/secure.gravatar.com\/avatar\/517384810d242ca9e38c180f3c9fb973?s=96&d=mm&r=g\",\"caption\":\"Administrador\"},\"url\":\"https:\/\/www.asajacyl.com\/palencia\/author\/carlosrm\"}]}<\/script>\n<!-- \/ Yoast SEO plugin. -->","yoast_head_json":{"title":"ASAJA reafirma con hechos su compromiso en la lucha por la igualdad real de las mujeres agricultoras y ganaderas - ASAJA Palencia","description":"Con motivo del D\u00eda Internacional de la Mujer ayer d\u00eda 8 de marzo, ASAJA de Castilla y Le\u00f3n reafirma su compromiso con el objetivo de igualdad real entre","robots":{"index":"index","follow":"follow","max-snippet":"max-snippet:-1","max-image-preview":"max-image-preview:large","max-video-preview":"max-video-preview:-1"},"canonical":"https:\/\/www.asajacyl.com\/palencia\/asaja-palencia-informa\/asaja-reafirma-con-hechos-su-compromiso-en-la-lucha-por-la-igualdad-real-de-las-mujeres-agricultoras-y-ganaderas","og_locale":"es_ES","og_type":"article","og_title":"ASAJA reafirma con hechos su compromiso en la lucha por la igualdad real de las mujeres agricultoras y ganaderas - ASAJA Palencia","og_description":"Con motivo del D\u00eda Internacional de la Mujer ayer d\u00eda 8 de marzo, ASAJA de Castilla y Le\u00f3n reafirma su compromiso con el objetivo de igualdad real entre","og_url":"https:\/\/www.asajacyl.com\/palencia\/asaja-palencia-informa\/asaja-reafirma-con-hechos-su-compromiso-en-la-lucha-por-la-igualdad-real-de-las-mujeres-agricultoras-y-ganaderas","og_site_name":"ASAJA Palencia","article_published_time":"2022-03-09T06:52:00+00:00","article_modified_time":"2022-03-09T06:55:11+00:00","og_image":[{"width":1024,"height":768,"url":"https:\/\/www.asajacyl.com\/palencia\/wp-content\/uploads\/sites\/3\/2022\/03\/MUJER.jpg","type":"image\/jpeg"}],"author":"Administrador","twitter_card":"summary_large_image","twitter_misc":{"Escrito por":"Administrador","Tiempo de lectura":"3 minutos"},"schema":{"@context":"https:\/\/schema.org","@graph":[{"@type":"WebPage","@id":"https:\/\/www.asajacyl.com\/palencia\/asaja-palencia-informa\/asaja-reafirma-con-hechos-su-compromiso-en-la-lucha-por-la-igualdad-real-de-las-mujeres-agricultoras-y-ganaderas","url":"https:\/\/www.asajacyl.com\/palencia\/asaja-palencia-informa\/asaja-reafirma-con-hechos-su-compromiso-en-la-lucha-por-la-igualdad-real-de-las-mujeres-agricultoras-y-ganaderas","name":"ASAJA reafirma con hechos su compromiso en la lucha por la igualdad real de las mujeres agricultoras y ganaderas - ASAJA Palencia","isPartOf":{"@id":"https:\/\/www.asajacyl.com\/palencia\/#website"},"primaryImageOfPage":{"@id":"https:\/\/www.asajacyl.com\/palencia\/asaja-palencia-informa\/asaja-reafirma-con-hechos-su-compromiso-en-la-lucha-por-la-igualdad-real-de-las-mujeres-agricultoras-y-ganaderas#primaryimage"},"image":{"@id":"https:\/\/www.asajacyl.com\/palencia\/asaja-palencia-informa\/asaja-reafirma-con-hechos-su-compromiso-en-la-lucha-por-la-igualdad-real-de-las-mujeres-agricultoras-y-ganaderas#primaryimage"},"thumbnailUrl":"https:\/\/www.asajacyl.com\/palencia\/wp-content\/uploads\/sites\/3\/2022\/03\/MUJER.jpg","datePublished":"2022-03-09T06:52:00+00:00","dateModified":"2022-03-09T06:55:11+00:00","author":{"@id":"https:\/\/www.asajacyl.com\/palencia\/#\/schema\/person\/3ab17aeb03527485c317557fae64aab1"},"description":"Con motivo del D\u00eda Internacional de la Mujer ayer d\u00eda 8 de marzo, ASAJA de Castilla y Le\u00f3n reafirma su compromiso con el objetivo de igualdad real entre","breadcrumb":{"@id":"https:\/\/www.asajacyl.com\/palencia\/asaja-palencia-informa\/asaja-reafirma-con-hechos-su-compromiso-en-la-lucha-por-la-igualdad-real-de-las-mujeres-agricultoras-y-ganaderas#breadcrumb"},"inLanguage":"es","potentialAction":[{"@type":"ReadAction","target":["https:\/\/www.asajacyl.com\/palencia\/asaja-palencia-informa\/asaja-reafirma-con-hechos-su-compromiso-en-la-lucha-por-la-igualdad-real-de-las-mujeres-agricultoras-y-ganaderas"]}]},{"@type":"ImageObject","inLanguage":"es","@id":"https:\/\/www.asajacyl.com\/palencia\/asaja-palencia-informa\/asaja-reafirma-con-hechos-su-compromiso-en-la-lucha-por-la-igualdad-real-de-las-mujeres-agricultoras-y-ganaderas#primaryimage","url":"https:\/\/www.asajacyl.com\/palencia\/wp-content\/uploads\/sites\/3\/2022\/03\/MUJER.jpg","contentUrl":"https:\/\/www.asajacyl.com\/palencia\/wp-content\/uploads\/sites\/3\/2022\/03\/MUJER.jpg","width":1024,"height":768},{"@type":"BreadcrumbList","@id":"https:\/\/www.asajacyl.com\/palencia\/asaja-palencia-informa\/asaja-reafirma-con-hechos-su-compromiso-en-la-lucha-por-la-igualdad-real-de-las-mujeres-agricultoras-y-ganaderas#breadcrumb","itemListElement":[{"@type":"ListItem","position":1,"name":"Portada","item":"https:\/\/www.asajacyl.com\/palencia\/"},{"@type":"ListItem","position":2,"name":"ASAJA reafirma con hechos su compromiso en la lucha por la igualdad real de las mujeres agricultoras y ganaderas"}]},{"@type":"WebSite","@id":"https:\/\/www.asajacyl.com\/palencia\/#website","url":"https:\/\/www.asajacyl.com\/palencia\/","name":"ASAJA Palencia","description":"Otro sitio m\u00e1s de Provincias ASAJA Castilla y Le\u00f3n","potentialAction":[{"@type":"SearchAction","target":{"@type":"EntryPoint","urlTemplate":"https:\/\/www.asajacyl.com\/palencia\/?s={search_term_string}"},"query-input":{"@type":"PropertyValueSpecification","valueRequired":true,"valueName":"search_term_string"}}],"inLanguage":"es"},{"@type":"Person","@id":"https:\/\/www.asajacyl.com\/palencia\/#\/schema\/person\/3ab17aeb03527485c317557fae64aab1","name":"Administrador","image":{"@type":"ImageObject","inLanguage":"es","@id":"https:\/\/www.asajacyl.com\/palencia\/#\/schema\/person\/image\/","url":"https:\/\/secure.gravatar.com\/avatar\/517384810d242ca9e38c180f3c9fb973?s=96&d=mm&r=g","contentUrl":"https:\/\/secure.gravatar.com\/avatar\/517384810d242ca9e38c180f3c9fb973?s=96&d=mm&r=g","caption":"Administrador"},"url":"https:\/\/www.asajacyl.com\/palencia\/author\/carlosrm"}]}},"_links":{"self":[{"href":"https:\/\/www.asajacyl.com\/palencia\/wp-json\/wp\/v2\/posts\/10002"}],"collection":[{"href":"https:\/\/www.asajacyl.com\/palencia\/wp-json\/wp\/v2\/posts"}],"about":[{"href":"https:\/\/www.asajacyl.com\/palencia\/wp-json\/wp\/v2\/types\/post"}],"author":[{"embeddable":true,"href":"https:\/\/www.asajacyl.com\/palencia\/wp-json\/wp\/v2\/users\/9"}],"replies":[{"embeddable":true,"href":"https:\/\/www.asajacyl.com\/palencia\/wp-json\/wp\/v2\/comments?post=10002"}],"version-history":[{"count":1,"href":"https:\/\/www.asajacyl.com\/palencia\/wp-json\/wp\/v2\/posts\/10002\/revisions"}],"predecessor-version":[{"id":10004,"href":"https:\/\/www.asajacyl.com\/palencia\/wp-json\/wp\/v2\/posts\/10002\/revisions\/10004"}],"wp:featuredmedia":[{"embeddable":true,"href":"https:\/\/www.asajacyl.com\/palencia\/wp-json\/wp\/v2\/media\/10003"}],"wp:attachment":[{"href":"https:\/\/www.asajacyl.com\/palencia\/wp-json\/wp\/v2\/media?parent=10002"}],"wp:term":[{"taxonomy":"category","embeddable":true,"href":"https:\/\/www.asajacyl.com\/palencia\/wp-json\/wp\/v2\/categories?post=10002"},{"taxonomy":"post_tag","embeddable":true,"href":"https:\/\/www.asajacyl.com\/palencia\/wp-json\/wp\/v2\/tags?post=10002"}],"curies":[{"name":"wp","href":"https:\/\/api.w.org\/{rel}","templated":true}]}}