{"id":10009,"date":"2022-03-10T13:25:09","date_gmt":"2022-03-10T12:25:09","guid":{"rendered":"https:\/\/www.asajacyl.com\/palencia\/?p=10009"},"modified":"2022-03-10T13:26:03","modified_gmt":"2022-03-10T12:26:03","slug":"asaja-palencia-celebro-su-asamblea-general","status":"publish","type":"post","link":"https:\/\/www.asajacyl.com\/palencia\/asaja-palencia-informa\/asaja-palencia-celebro-su-asamblea-general","title":{"rendered":"ASAJA-Palencia celebr\u00f3 su Asamblea General"},"content":{"rendered":"\n<p>En el d\u00eda de ayer tuvo lugar la Asamblea General Ordinaria de ASAJA-Palencia, un evento que se realiza anualmente como as\u00ed indican los estatutos de la asociaci\u00f3n y que no ha dejado de realizarse en los a\u00f1os 2020 y 2021, pese a la pandemia de Covid, ya que se utilizaron \u00e9pocas de baja incidencia de la enfermedad y utilizando locales bien dimensionados.<\/p>\n\n\n\n<p>Este a\u00f1o la asociaci\u00f3n agraria ha vuelto a utilizar el auditorio situado en la calle Mayor de Palencia congregando a varios cientos de personas. El acto se inici\u00f3 con la presentaci\u00f3n de las cuentas de 2021 y el presupuesto para 2022, que fueron aprobados por los presentes.<\/p>\n\n\n\n<p>A continuaci\u00f3n, el presidente de ASAJA-Palencia, Honorato Meneses, inici\u00f3 su informe hablando de la alta volatilidad en los mercados, la guerra de Ucrania est\u00e1 afectando a los mercados, hay riesgo de desabastecimiento y preocupan las cosechas ucranianas, que no est\u00e1n en la mejor situaci\u00f3n para ser cuidadas, y el proteccionismo de los estados exportadores.<\/p>\n\n\n\n<p>En su intervenci\u00f3n critic\u00f3 la pol\u00edtica europea, que ha facilitado la crisis energ\u00e9tica en que se encuentra sumida la Uni\u00f3n Europea. Tambi\u00e9n critic\u00f3 el punto de vista verde que se aplica en todas las pol\u00edticas, algo que va contra la productividad y la soberan\u00eda alimentaria, algo necesario a todas luces, no ahora sino siempre. Se est\u00e1 yendo contra las pol\u00edticas de hace d\u00e9cadas, que se mostraron eficientes, y ahora toda la sociedad tendr\u00e1 que pagar las consecuencias de no priorizar a los sectores primarios.<\/p>\n\n\n\n<p>Tambi\u00e9n expuso el presidente que en Palencia no existe falta de agua, lo que existe es falta de infraestructuras, algo a lo que los pol\u00edticos no han sabido o querido dar respuesta. El estado de los sistemas Carri\u00f3n y Pisuerga es m\u00e1s que preocupante y las siembras de cultivos como remolacha y ma\u00edz penden de un hilo. Adem\u00e1s, record\u00f3 en su intervenci\u00f3n que desde el Gobierno se est\u00e1 buscando meter la mano en el bolsillo a agricultores y ganaderos a base de impuestos.<\/p>\n\n\n\n<p>Finalmente record\u00f3 que \u00e9ste era el \u00faltimo a\u00f1o de su presidencia, algo que conllevaba mucho esfuerzo, trabajo y responsabilidad, y pidi\u00f3 a los socios que se valore a las personas que invierten su tiempo en defender los intereses de los socios y se colabore con ellos para conseguir entre todos una asociaci\u00f3n mejor.<\/p>\n\n\n\n<p>A continuaci\u00f3n, el presidente regional de ASAJA, Donaciano Dujo, alab\u00f3 la presidencia de Honorato Meneses y mostr\u00f3 su gratitud como un socio m\u00e1s de ASAJA-Palencia. Su intervenci\u00f3n se centr\u00f3 en las reivindicaciones de la manifestaci\u00f3n que se desarrollar\u00e1 en Madrid el d\u00eda 20 de marzo, fundamentalmente los elevad\u00edsimos costes de producci\u00f3n, principalmente en el caso del sector l\u00e1cteo aunque ahora ya en todo el sector agrario, que est\u00e1 llevando a una tremenda inflaci\u00f3n. La profesionalidad de los agricultores y ganaderos se est\u00e1 perjudicando por las pol\u00edticas que impiden que se produzca como se realiza en otras partes del mundo y buen ejemplo de ello son los ataques directos a los regad\u00edos por parte de la CHD y la falta de previsi\u00f3n europea para no incentivar las producciones en las que somos deficitarios.<\/p>\n\n\n\n<p>Tras los discursos de ambos presidentes se realiz\u00f3 un sentido homenaje a tres hist\u00f3ricos miembros de la Junta Provincial: Isaac Laso, ganadero de vacuno de leche de la comarca de Salda\u00f1a, Loli Urue\u00f1a, presidenta de la Rama de la Mujer, y Juan Carlos Abia, agricultor de la comarca de Buenavista de Valdavia.<\/p>\n\n\n\n<p>Finaliz\u00f3 la asamblea con los sorteos de viajes vacacionales, habiendo sido agraciados los siguientes socios:<\/p>\n\n\n\n<ul><li>Isidoro Abril Villalba<\/li><li>Rafael Morata Palacios<\/li><li>Primitivo Toledo Alegre<\/li><li>F\u00e9lix Melero Alegre<\/li><li>Mar\u00eda Jos\u00e9 Villanueva Bret\u00f3n<\/li><li>Mar\u00eda Mercedes Gil Ant\u00f3n<\/li><li>Gonzalo Ac\u00edtores Abarquero<\/li><li>Jes\u00fas P\u00e9rez P\u00e9rez<\/li><li>Gerardo de la Hera Franc\u00e9s<\/li><li>Jaime Barrionuevo L\u00f3pez<\/li><\/ul>\n","protected":false},"excerpt":{"rendered":"<p>En el d\u00eda de ayer tuvo lugar la Asamblea General Ordinaria de ASAJA-Palencia, un evento que se realiza anualmente como as\u00ed indican los estatutos de la asociaci\u00f3n y que no ha dejado de realizarse en los a\u00f1os 2020 y 2021, pese a la pandemia de Covid, ya que se utilizaron \u00e9pocas de baja incidencia de [&hellip;]<\/p>\n","protected":false},"author":9,"featured_media":10006,"comment_status":"open","ping_status":"open","sticky":false,"template":"","format":"standard","meta":{"footnotes":""},"categories":[9,29,28],"tags":[],"yoast_head":"<!-- This site is optimized with the Yoast SEO plugin v24.5 - https:\/\/yoast.com\/wordpress\/plugins\/seo\/ -->\n<title>ASAJA-Palencia celebr\u00f3 su Asamblea General - ASAJA Palencia<\/title>\n<meta name=\"description\" content=\"En el d\u00eda de ayer tuvo lugar la Asamblea General Ordinaria de ASAJA-Palencia, un evento que se realiza anualmente como as\u00ed indican los estatutos de la\" \/>\n<meta name=\"robots\" content=\"index, follow, max-snippet:-1, max-image-preview:large, max-video-preview:-1\" \/>\n<link rel=\"canonical\" href=\"https:\/\/www.asajacyl.com\/palencia\/asaja-palencia-informa\/asaja-palencia-celebro-su-asamblea-general\" \/>\n<meta property=\"og:locale\" content=\"es_ES\" \/>\n<meta property=\"og:type\" content=\"article\" \/>\n<meta property=\"og:title\" content=\"ASAJA-Palencia celebr\u00f3 su Asamblea General - ASAJA Palencia\" \/>\n<meta property=\"og:description\" content=\"En el d\u00eda de ayer tuvo lugar la Asamblea General Ordinaria de ASAJA-Palencia, un evento que se realiza anualmente como as\u00ed indican los estatutos de la\" \/>\n<meta property=\"og:url\" content=\"https:\/\/www.asajacyl.com\/palencia\/asaja-palencia-informa\/asaja-palencia-celebro-su-asamblea-general\" \/>\n<meta property=\"og:site_name\" content=\"ASAJA Palencia\" \/>\n<meta property=\"article:published_time\" content=\"2022-03-10T12:25:09+00:00\" \/>\n<meta property=\"article:modified_time\" content=\"2022-03-10T12:26:03+00:00\" \/>\n<meta property=\"og:image\" content=\"https:\/\/www.asajacyl.com\/palencia\/wp-content\/uploads\/sites\/3\/2022\/03\/ASAMBLEA-GENERAL.jpg\" \/>\n\t<meta property=\"og:image:width\" content=\"1024\" \/>\n\t<meta property=\"og:image:height\" content=\"768\" \/>\n\t<meta property=\"og:image:type\" content=\"image\/jpeg\" \/>\n<meta name=\"author\" content=\"Administrador\" \/>\n<meta name=\"twitter:card\" content=\"summary_large_image\" \/>\n<meta name=\"twitter:label1\" content=\"Escrito por\" \/>\n\t<meta name=\"twitter:data1\" content=\"Administrador\" \/>\n\t<meta name=\"twitter:label2\" content=\"Tiempo de lectura\" \/>\n\t<meta name=\"twitter:data2\" content=\"3 minutos\" \/>\n<script type=\"application\/ld+json\" class=\"yoast-schema-graph\">{\"@context\":\"https:\/\/schema.org\",\"@graph\":[{\"@type\":\"WebPage\",\"@id\":\"https:\/\/www.asajacyl.com\/palencia\/asaja-palencia-informa\/asaja-palencia-celebro-su-asamblea-general\",\"url\":\"https:\/\/www.asajacyl.com\/palencia\/asaja-palencia-informa\/asaja-palencia-celebro-su-asamblea-general\",\"name\":\"ASAJA-Palencia celebr\u00f3 su Asamblea General - ASAJA Palencia\",\"isPartOf\":{\"@id\":\"https:\/\/www.asajacyl.com\/palencia\/#website\"},\"primaryImageOfPage\":{\"@id\":\"https:\/\/www.asajacyl.com\/palencia\/asaja-palencia-informa\/asaja-palencia-celebro-su-asamblea-general#primaryimage\"},\"image\":{\"@id\":\"https:\/\/www.asajacyl.com\/palencia\/asaja-palencia-informa\/asaja-palencia-celebro-su-asamblea-general#primaryimage\"},\"thumbnailUrl\":\"https:\/\/www.asajacyl.com\/palencia\/wp-content\/uploads\/sites\/3\/2022\/03\/ASAMBLEA-GENERAL.jpg\",\"datePublished\":\"2022-03-10T12:25:09+00:00\",\"dateModified\":\"2022-03-10T12:26:03+00:00\",\"author\":{\"@id\":\"https:\/\/www.asajacyl.com\/palencia\/#\/schema\/person\/3ab17aeb03527485c317557fae64aab1\"},\"description\":\"En el d\u00eda de ayer tuvo lugar la Asamblea General Ordinaria de ASAJA-Palencia, un evento que se realiza anualmente como as\u00ed indican los estatutos de la\",\"breadcrumb\":{\"@id\":\"https:\/\/www.asajacyl.com\/palencia\/asaja-palencia-informa\/asaja-palencia-celebro-su-asamblea-general#breadcrumb\"},\"inLanguage\":\"es\",\"potentialAction\":[{\"@type\":\"ReadAction\",\"target\":[\"https:\/\/www.asajacyl.com\/palencia\/asaja-palencia-informa\/asaja-palencia-celebro-su-asamblea-general\"]}]},{\"@type\":\"ImageObject\",\"inLanguage\":\"es\",\"@id\":\"https:\/\/www.asajacyl.com\/palencia\/asaja-palencia-informa\/asaja-palencia-celebro-su-asamblea-general#primaryimage\",\"url\":\"https:\/\/www.asajacyl.com\/palencia\/wp-content\/uploads\/sites\/3\/2022\/03\/ASAMBLEA-GENERAL.jpg\",\"contentUrl\":\"https:\/\/www.asajacyl.com\/palencia\/wp-content\/uploads\/sites\/3\/2022\/03\/ASAMBLEA-GENERAL.jpg\",\"width\":1024,\"height\":768},{\"@type\":\"BreadcrumbList\",\"@id\":\"https:\/\/www.asajacyl.com\/palencia\/asaja-palencia-informa\/asaja-palencia-celebro-su-asamblea-general#breadcrumb\",\"itemListElement\":[{\"@type\":\"ListItem\",\"position\":1,\"name\":\"Portada\",\"item\":\"https:\/\/www.asajacyl.com\/palencia\/\"},{\"@type\":\"ListItem\",\"position\":2,\"name\":\"ASAJA-Palencia celebr\u00f3 su Asamblea General\"}]},{\"@type\":\"WebSite\",\"@id\":\"https:\/\/www.asajacyl.com\/palencia\/#website\",\"url\":\"https:\/\/www.asajacyl.com\/palencia\/\",\"name\":\"ASAJA Palencia\",\"description\":\"Otro sitio m\u00e1s de Provincias ASAJA Castilla y Le\u00f3n\",\"potentialAction\":[{\"@type\":\"SearchAction\",\"target\":{\"@type\":\"EntryPoint\",\"urlTemplate\":\"https:\/\/www.asajacyl.com\/palencia\/?s={search_term_string}\"},\"query-input\":{\"@type\":\"PropertyValueSpecification\",\"valueRequired\":true,\"valueName\":\"search_term_string\"}}],\"inLanguage\":\"es\"},{\"@type\":\"Person\",\"@id\":\"https:\/\/www.asajacyl.com\/palencia\/#\/schema\/person\/3ab17aeb03527485c317557fae64aab1\",\"name\":\"Administrador\",\"image\":{\"@type\":\"ImageObject\",\"inLanguage\":\"es\",\"@id\":\"https:\/\/www.asajacyl.com\/palencia\/#\/schema\/person\/image\/\",\"url\":\"https:\/\/secure.gravatar.com\/avatar\/517384810d242ca9e38c180f3c9fb973?s=96&d=mm&r=g\",\"contentUrl\":\"https:\/\/secure.gravatar.com\/avatar\/517384810d242ca9e38c180f3c9fb973?s=96&d=mm&r=g\",\"caption\":\"Administrador\"},\"url\":\"https:\/\/www.asajacyl.com\/palencia\/author\/carlosrm\"}]}<\/script>\n<!-- \/ Yoast SEO plugin. -->","yoast_head_json":{"title":"ASAJA-Palencia celebr\u00f3 su Asamblea General - ASAJA Palencia","description":"En el d\u00eda de ayer tuvo lugar la Asamblea General Ordinaria de ASAJA-Palencia, un evento que se realiza anualmente como as\u00ed indican los estatutos de la","robots":{"index":"index","follow":"follow","max-snippet":"max-snippet:-1","max-image-preview":"max-image-preview:large","max-video-preview":"max-video-preview:-1"},"canonical":"https:\/\/www.asajacyl.com\/palencia\/asaja-palencia-informa\/asaja-palencia-celebro-su-asamblea-general","og_locale":"es_ES","og_type":"article","og_title":"ASAJA-Palencia celebr\u00f3 su Asamblea General - ASAJA Palencia","og_description":"En el d\u00eda de ayer tuvo lugar la Asamblea General Ordinaria de ASAJA-Palencia, un evento que se realiza anualmente como as\u00ed indican los estatutos de la","og_url":"https:\/\/www.asajacyl.com\/palencia\/asaja-palencia-informa\/asaja-palencia-celebro-su-asamblea-general","og_site_name":"ASAJA Palencia","article_published_time":"2022-03-10T12:25:09+00:00","article_modified_time":"2022-03-10T12:26:03+00:00","og_image":[{"width":1024,"height":768,"url":"https:\/\/www.asajacyl.com\/palencia\/wp-content\/uploads\/sites\/3\/2022\/03\/ASAMBLEA-GENERAL.jpg","type":"image\/jpeg"}],"author":"Administrador","twitter_card":"summary_large_image","twitter_misc":{"Escrito por":"Administrador","Tiempo de lectura":"3 minutos"},"schema":{"@context":"https:\/\/schema.org","@graph":[{"@type":"WebPage","@id":"https:\/\/www.asajacyl.com\/palencia\/asaja-palencia-informa\/asaja-palencia-celebro-su-asamblea-general","url":"https:\/\/www.asajacyl.com\/palencia\/asaja-palencia-informa\/asaja-palencia-celebro-su-asamblea-general","name":"ASAJA-Palencia celebr\u00f3 su Asamblea General - ASAJA Palencia","isPartOf":{"@id":"https:\/\/www.asajacyl.com\/palencia\/#website"},"primaryImageOfPage":{"@id":"https:\/\/www.asajacyl.com\/palencia\/asaja-palencia-informa\/asaja-palencia-celebro-su-asamblea-general#primaryimage"},"image":{"@id":"https:\/\/www.asajacyl.com\/palencia\/asaja-palencia-informa\/asaja-palencia-celebro-su-asamblea-general#primaryimage"},"thumbnailUrl":"https:\/\/www.asajacyl.com\/palencia\/wp-content\/uploads\/sites\/3\/2022\/03\/ASAMBLEA-GENERAL.jpg","datePublished":"2022-03-10T12:25:09+00:00","dateModified":"2022-03-10T12:26:03+00:00","author":{"@id":"https:\/\/www.asajacyl.com\/palencia\/#\/schema\/person\/3ab17aeb03527485c317557fae64aab1"},"description":"En el d\u00eda de ayer tuvo lugar la Asamblea General Ordinaria de ASAJA-Palencia, un evento que se realiza anualmente como as\u00ed indican los estatutos de la","breadcrumb":{"@id":"https:\/\/www.asajacyl.com\/palencia\/asaja-palencia-informa\/asaja-palencia-celebro-su-asamblea-general#breadcrumb"},"inLanguage":"es","potentialAction":[{"@type":"ReadAction","target":["https:\/\/www.asajacyl.com\/palencia\/asaja-palencia-informa\/asaja-palencia-celebro-su-asamblea-general"]}]},{"@type":"ImageObject","inLanguage":"es","@id":"https:\/\/www.asajacyl.com\/palencia\/asaja-palencia-informa\/asaja-palencia-celebro-su-asamblea-general#primaryimage","url":"https:\/\/www.asajacyl.com\/palencia\/wp-content\/uploads\/sites\/3\/2022\/03\/ASAMBLEA-GENERAL.jpg","contentUrl":"https:\/\/www.asajacyl.com\/palencia\/wp-content\/uploads\/sites\/3\/2022\/03\/ASAMBLEA-GENERAL.jpg","width":1024,"height":768},{"@type":"BreadcrumbList","@id":"https:\/\/www.asajacyl.com\/palencia\/asaja-palencia-informa\/asaja-palencia-celebro-su-asamblea-general#breadcrumb","itemListElement":[{"@type":"ListItem","position":1,"name":"Portada","item":"https:\/\/www.asajacyl.com\/palencia\/"},{"@type":"ListItem","position":2,"name":"ASAJA-Palencia celebr\u00f3 su Asamblea General"}]},{"@type":"WebSite","@id":"https:\/\/www.asajacyl.com\/palencia\/#website","url":"https:\/\/www.asajacyl.com\/palencia\/","name":"ASAJA Palencia","description":"Otro sitio m\u00e1s de Provincias ASAJA Castilla y Le\u00f3n","potentialAction":[{"@type":"SearchAction","target":{"@type":"EntryPoint","urlTemplate":"https:\/\/www.asajacyl.com\/palencia\/?s={search_term_string}"},"query-input":{"@type":"PropertyValueSpecification","valueRequired":true,"valueName":"search_term_string"}}],"inLanguage":"es"},{"@type":"Person","@id":"https:\/\/www.asajacyl.com\/palencia\/#\/schema\/person\/3ab17aeb03527485c317557fae64aab1","name":"Administrador","image":{"@type":"ImageObject","inLanguage":"es","@id":"https:\/\/www.asajacyl.com\/palencia\/#\/schema\/person\/image\/","url":"https:\/\/secure.gravatar.com\/avatar\/517384810d242ca9e38c180f3c9fb973?s=96&d=mm&r=g","contentUrl":"https:\/\/secure.gravatar.com\/avatar\/517384810d242ca9e38c180f3c9fb973?s=96&d=mm&r=g","caption":"Administrador"},"url":"https:\/\/www.asajacyl.com\/palencia\/author\/carlosrm"}]}},"_links":{"self":[{"href":"https:\/\/www.asajacyl.com\/palencia\/wp-json\/wp\/v2\/posts\/10009"}],"collection":[{"href":"https:\/\/www.asajacyl.com\/palencia\/wp-json\/wp\/v2\/posts"}],"about":[{"href":"https:\/\/www.asajacyl.com\/palencia\/wp-json\/wp\/v2\/types\/post"}],"author":[{"embeddable":true,"href":"https:\/\/www.asajacyl.com\/palencia\/wp-json\/wp\/v2\/users\/9"}],"replies":[{"embeddable":true,"href":"https:\/\/www.asajacyl.com\/palencia\/wp-json\/wp\/v2\/comments?post=10009"}],"version-history":[{"count":2,"href":"https:\/\/www.asajacyl.com\/palencia\/wp-json\/wp\/v2\/posts\/10009\/revisions"}],"predecessor-version":[{"id":10011,"href":"https:\/\/www.asajacyl.com\/palencia\/wp-json\/wp\/v2\/posts\/10009\/revisions\/10011"}],"wp:featuredmedia":[{"embeddable":true,"href":"https:\/\/www.asajacyl.com\/palencia\/wp-json\/wp\/v2\/media\/10006"}],"wp:attachment":[{"href":"https:\/\/www.asajacyl.com\/palencia\/wp-json\/wp\/v2\/media?parent=10009"}],"wp:term":[{"taxonomy":"category","embeddable":true,"href":"https:\/\/www.asajacyl.com\/palencia\/wp-json\/wp\/v2\/categories?post=10009"},{"taxonomy":"post_tag","embeddable":true,"href":"https:\/\/www.asajacyl.com\/palencia\/wp-json\/wp\/v2\/tags?post=10009"}],"curies":[{"name":"wp","href":"https:\/\/api.w.org\/{rel}","templated":true}]}}