{"id":10012,"date":"2022-03-12T07:56:00","date_gmt":"2022-03-12T06:56:00","guid":{"rendered":"https:\/\/www.asajacyl.com\/palencia\/?p=10012"},"modified":"2022-03-11T07:58:09","modified_gmt":"2022-03-11T06:58:09","slug":"el-foro-agrario-nacional-de-ucrania-se-une-al-copa-y-a-la-cogeca","status":"publish","type":"post","link":"https:\/\/www.asajacyl.com\/palencia\/asaja-palencia-informa\/el-foro-agrario-nacional-de-ucrania-se-une-al-copa-y-a-la-cogeca","title":{"rendered":"El Foro Agrario Nacional de Ucrania se une al Copa y a la Cogeca"},"content":{"rendered":"\n<p>Las Presidencias del Copa y de la Cogeca al completo han dado hoy una calurosa bienvenida al Foro Agrario Nacional de Ucrania como nueva organizaci\u00f3n colaboradora, durante una reuni\u00f3n por videoconferencia con su directora, la Sra. Mariia Dudikh.<\/p>\n\n\n\n<p>Despu\u00e9s de dedicar unas palabras de admiraci\u00f3n ante el coraje del pueblo ucraniano, la presidenta del Copa, Christiane Lambert, ha declarado lo siguiente: \u00abEs un gran honor acogerles como parte de la familia agr\u00edcola del Copa. Ha sido una decisi\u00f3n un\u00e1nime que los miembros del Copa y la Cogeca han tomado en un tiempo r\u00e9cord. Una decisi\u00f3n con una gran carga simb\u00f3lica y emotiva, a la luz de la situaci\u00f3n actual. Con ello queremos manifestarles oficialmente nuestro pleno apoyo frente a la dur\u00edsima situaci\u00f3n que se vive en su pa\u00eds. Somos conscientes de su compromiso e implicaci\u00f3n, por las im\u00e1genes que nos llegan a diario. En mi calidad de presidenta del Copa y a t\u00edtulo personal quiero reafirmar solemnemente nuestra solidaridad con el pueblo ucraniano y con ustedes, los agricultores de Ucrania\u00bb.<\/p>\n\n\n\n<p>Por su parte, el Sr. Ram\u00f3n Armengol, presidente de la Cogeca, ha declarado lo siguiente: \u00abQuisiera expresar, en nombre del cooperativismo agr\u00edcola europeo, nuestra m\u00e1s sincera y profunda solidaridad con toda la comunidad agr\u00edcola ucraniana que usted representa hoy aqu\u00ed. Sentimos la agresi\u00f3n que est\u00e1n sufriendo como si fuera en nuestro propio territorio. Cuando vemos a sus familias abandonar sus pueblos y sus hogares, es como si fueran las nuestras. Cuando vemos a esas familias rotas partir al exilio de manera forzosa, es como si fueran las nuestras. Sepan que no est\u00e1n solos\u037e estamos con ustedes y les ayudaremos en todo lo que podamos\u00bb.<\/p>\n\n\n\n<p>La Sra. Dudikh, pese a la situaci\u00f3n que sufren sus compatriotas y los agricultores ucranianos, ha expresado en sus palabras su pleno compromiso con el trabajo del Copa y la Cogeca: \u00abQuisiera expresar todos mis respetos por la decisi\u00f3n que han tomado para aceptar que el Foro Agrario Nacional de Ucrania se una al Copa y la Cogeca en calidad de organizaci\u00f3n colaboradora. Por desgracia, esto llega en medio de la guerra en Ucrania, una guerra por la que nuestro pa\u00eds est\u00e1 pagando muy caro\u00bb. La Sra. Dudikh tambi\u00e9n ha manifestado sus temores por la seguridad alimentaria de Ucrania y del resto del mundo como consecuencia del conflicto actual, en vista de la incapacidad de los agricultores de seguir produciendo como lo hac\u00edan hasta ahora. Asimismo, la Sra. Dudikh ha querido destacar los numerosos problemas que sufren actualmente los agricultores ucranianos, especialmente la carest\u00eda de carburantes y otros insumos necesarios para seguir adelante con sus actividades agr\u00edcolas.<\/p>\n\n\n\n<p>Aparte de acoger oficialmente a la organizaci\u00f3n ucraniana en la familia agr\u00edcola europea, la reuni\u00f3n se organiz\u00f3 con una finalidad importante: comprender el alcance de los desaf\u00edos que afrontan los agricultores ucranianos y qu\u00e9 tipo de ayuda se les puede proporcionar.<\/p>\n","protected":false},"excerpt":{"rendered":"<p>Las Presidencias del Copa y de la Cogeca al completo han dado hoy una calurosa bienvenida al Foro Agrario Nacional de Ucrania como nueva organizaci\u00f3n colaboradora, durante una reuni\u00f3n por videoconferencia con su directora, la Sra. Mariia Dudikh. Despu\u00e9s de dedicar unas palabras de admiraci\u00f3n ante el coraje del pueblo ucraniano, la presidenta del Copa, [&hellip;]<\/p>\n","protected":false},"author":9,"featured_media":9936,"comment_status":"open","ping_status":"open","sticky":false,"template":"","format":"standard","meta":{"footnotes":""},"categories":[9,29,28],"tags":[],"yoast_head":"<!-- This site is optimized with the Yoast SEO plugin v24.5 - https:\/\/yoast.com\/wordpress\/plugins\/seo\/ -->\n<title>El Foro Agrario Nacional de Ucrania se une al Copa y a la Cogeca - ASAJA Palencia<\/title>\n<meta name=\"description\" content=\"Las Presidencias del Copa y de la Cogeca al completo han dado hoy una calurosa bienvenida al Foro Agrario Nacional de Ucrania como nueva organizaci\u00f3n\" \/>\n<meta name=\"robots\" content=\"index, follow, max-snippet:-1, max-image-preview:large, max-video-preview:-1\" \/>\n<link rel=\"canonical\" href=\"https:\/\/www.asajacyl.com\/palencia\/asaja-palencia-informa\/el-foro-agrario-nacional-de-ucrania-se-une-al-copa-y-a-la-cogeca\" \/>\n<meta property=\"og:locale\" content=\"es_ES\" \/>\n<meta property=\"og:type\" content=\"article\" \/>\n<meta property=\"og:title\" content=\"El Foro Agrario Nacional de Ucrania se une al Copa y a la Cogeca - ASAJA Palencia\" \/>\n<meta property=\"og:description\" content=\"Las Presidencias del Copa y de la Cogeca al completo han dado hoy una calurosa bienvenida al Foro Agrario Nacional de Ucrania como nueva organizaci\u00f3n\" \/>\n<meta property=\"og:url\" content=\"https:\/\/www.asajacyl.com\/palencia\/asaja-palencia-informa\/el-foro-agrario-nacional-de-ucrania-se-une-al-copa-y-a-la-cogeca\" \/>\n<meta property=\"og:site_name\" content=\"ASAJA Palencia\" \/>\n<meta property=\"article:published_time\" content=\"2022-03-12T06:56:00+00:00\" \/>\n<meta property=\"og:image\" content=\"https:\/\/www.asajacyl.com\/palencia\/wp-content\/uploads\/sites\/3\/2022\/02\/UCRANIA.jpg\" \/>\n\t<meta property=\"og:image:width\" content=\"1000\" \/>\n\t<meta property=\"og:image:height\" content=\"665\" \/>\n\t<meta property=\"og:image:type\" content=\"image\/jpeg\" \/>\n<meta name=\"author\" content=\"Administrador\" \/>\n<meta name=\"twitter:card\" content=\"summary_large_image\" \/>\n<meta name=\"twitter:label1\" content=\"Escrito por\" \/>\n\t<meta name=\"twitter:data1\" content=\"Administrador\" \/>\n\t<meta name=\"twitter:label2\" content=\"Tiempo de lectura\" \/>\n\t<meta name=\"twitter:data2\" content=\"3 minutos\" \/>\n<script type=\"application\/ld+json\" class=\"yoast-schema-graph\">{\"@context\":\"https:\/\/schema.org\",\"@graph\":[{\"@type\":\"WebPage\",\"@id\":\"https:\/\/www.asajacyl.com\/palencia\/asaja-palencia-informa\/el-foro-agrario-nacional-de-ucrania-se-une-al-copa-y-a-la-cogeca\",\"url\":\"https:\/\/www.asajacyl.com\/palencia\/asaja-palencia-informa\/el-foro-agrario-nacional-de-ucrania-se-une-al-copa-y-a-la-cogeca\",\"name\":\"El Foro Agrario Nacional de Ucrania se une al Copa y a la Cogeca - ASAJA Palencia\",\"isPartOf\":{\"@id\":\"https:\/\/www.asajacyl.com\/palencia\/#website\"},\"primaryImageOfPage\":{\"@id\":\"https:\/\/www.asajacyl.com\/palencia\/asaja-palencia-informa\/el-foro-agrario-nacional-de-ucrania-se-une-al-copa-y-a-la-cogeca#primaryimage\"},\"image\":{\"@id\":\"https:\/\/www.asajacyl.com\/palencia\/asaja-palencia-informa\/el-foro-agrario-nacional-de-ucrania-se-une-al-copa-y-a-la-cogeca#primaryimage\"},\"thumbnailUrl\":\"https:\/\/www.asajacyl.com\/palencia\/wp-content\/uploads\/sites\/3\/2022\/02\/UCRANIA.jpg\",\"datePublished\":\"2022-03-12T06:56:00+00:00\",\"author\":{\"@id\":\"https:\/\/www.asajacyl.com\/palencia\/#\/schema\/person\/3ab17aeb03527485c317557fae64aab1\"},\"description\":\"Las Presidencias del Copa y de la Cogeca al completo han dado hoy una calurosa bienvenida al Foro Agrario Nacional de Ucrania como nueva organizaci\u00f3n\",\"breadcrumb\":{\"@id\":\"https:\/\/www.asajacyl.com\/palencia\/asaja-palencia-informa\/el-foro-agrario-nacional-de-ucrania-se-une-al-copa-y-a-la-cogeca#breadcrumb\"},\"inLanguage\":\"es\",\"potentialAction\":[{\"@type\":\"ReadAction\",\"target\":[\"https:\/\/www.asajacyl.com\/palencia\/asaja-palencia-informa\/el-foro-agrario-nacional-de-ucrania-se-une-al-copa-y-a-la-cogeca\"]}]},{\"@type\":\"ImageObject\",\"inLanguage\":\"es\",\"@id\":\"https:\/\/www.asajacyl.com\/palencia\/asaja-palencia-informa\/el-foro-agrario-nacional-de-ucrania-se-une-al-copa-y-a-la-cogeca#primaryimage\",\"url\":\"https:\/\/www.asajacyl.com\/palencia\/wp-content\/uploads\/sites\/3\/2022\/02\/UCRANIA.jpg\",\"contentUrl\":\"https:\/\/www.asajacyl.com\/palencia\/wp-content\/uploads\/sites\/3\/2022\/02\/UCRANIA.jpg\",\"width\":1000,\"height\":665},{\"@type\":\"BreadcrumbList\",\"@id\":\"https:\/\/www.asajacyl.com\/palencia\/asaja-palencia-informa\/el-foro-agrario-nacional-de-ucrania-se-une-al-copa-y-a-la-cogeca#breadcrumb\",\"itemListElement\":[{\"@type\":\"ListItem\",\"position\":1,\"name\":\"Portada\",\"item\":\"https:\/\/www.asajacyl.com\/palencia\/\"},{\"@type\":\"ListItem\",\"position\":2,\"name\":\"El Foro Agrario Nacional de Ucrania se une al Copa y a la Cogeca\"}]},{\"@type\":\"WebSite\",\"@id\":\"https:\/\/www.asajacyl.com\/palencia\/#website\",\"url\":\"https:\/\/www.asajacyl.com\/palencia\/\",\"name\":\"ASAJA Palencia\",\"description\":\"Otro sitio m\u00e1s de Provincias ASAJA Castilla y Le\u00f3n\",\"potentialAction\":[{\"@type\":\"SearchAction\",\"target\":{\"@type\":\"EntryPoint\",\"urlTemplate\":\"https:\/\/www.asajacyl.com\/palencia\/?s={search_term_string}\"},\"query-input\":{\"@type\":\"PropertyValueSpecification\",\"valueRequired\":true,\"valueName\":\"search_term_string\"}}],\"inLanguage\":\"es\"},{\"@type\":\"Person\",\"@id\":\"https:\/\/www.asajacyl.com\/palencia\/#\/schema\/person\/3ab17aeb03527485c317557fae64aab1\",\"name\":\"Administrador\",\"image\":{\"@type\":\"ImageObject\",\"inLanguage\":\"es\",\"@id\":\"https:\/\/www.asajacyl.com\/palencia\/#\/schema\/person\/image\/\",\"url\":\"https:\/\/secure.gravatar.com\/avatar\/517384810d242ca9e38c180f3c9fb973?s=96&d=mm&r=g\",\"contentUrl\":\"https:\/\/secure.gravatar.com\/avatar\/517384810d242ca9e38c180f3c9fb973?s=96&d=mm&r=g\",\"caption\":\"Administrador\"},\"url\":\"https:\/\/www.asajacyl.com\/palencia\/author\/carlosrm\"}]}<\/script>\n<!-- \/ Yoast SEO plugin. -->","yoast_head_json":{"title":"El Foro Agrario Nacional de Ucrania se une al Copa y a la Cogeca - ASAJA Palencia","description":"Las Presidencias del Copa y de la Cogeca al completo han dado hoy una calurosa bienvenida al Foro Agrario Nacional de Ucrania como nueva organizaci\u00f3n","robots":{"index":"index","follow":"follow","max-snippet":"max-snippet:-1","max-image-preview":"max-image-preview:large","max-video-preview":"max-video-preview:-1"},"canonical":"https:\/\/www.asajacyl.com\/palencia\/asaja-palencia-informa\/el-foro-agrario-nacional-de-ucrania-se-une-al-copa-y-a-la-cogeca","og_locale":"es_ES","og_type":"article","og_title":"El Foro Agrario Nacional de Ucrania se une al Copa y a la Cogeca - ASAJA Palencia","og_description":"Las Presidencias del Copa y de la Cogeca al completo han dado hoy una calurosa bienvenida al Foro Agrario Nacional de Ucrania como nueva organizaci\u00f3n","og_url":"https:\/\/www.asajacyl.com\/palencia\/asaja-palencia-informa\/el-foro-agrario-nacional-de-ucrania-se-une-al-copa-y-a-la-cogeca","og_site_name":"ASAJA Palencia","article_published_time":"2022-03-12T06:56:00+00:00","og_image":[{"width":1000,"height":665,"url":"https:\/\/www.asajacyl.com\/palencia\/wp-content\/uploads\/sites\/3\/2022\/02\/UCRANIA.jpg","type":"image\/jpeg"}],"author":"Administrador","twitter_card":"summary_large_image","twitter_misc":{"Escrito por":"Administrador","Tiempo de lectura":"3 minutos"},"schema":{"@context":"https:\/\/schema.org","@graph":[{"@type":"WebPage","@id":"https:\/\/www.asajacyl.com\/palencia\/asaja-palencia-informa\/el-foro-agrario-nacional-de-ucrania-se-une-al-copa-y-a-la-cogeca","url":"https:\/\/www.asajacyl.com\/palencia\/asaja-palencia-informa\/el-foro-agrario-nacional-de-ucrania-se-une-al-copa-y-a-la-cogeca","name":"El Foro Agrario Nacional de Ucrania se une al Copa y a la Cogeca - ASAJA Palencia","isPartOf":{"@id":"https:\/\/www.asajacyl.com\/palencia\/#website"},"primaryImageOfPage":{"@id":"https:\/\/www.asajacyl.com\/palencia\/asaja-palencia-informa\/el-foro-agrario-nacional-de-ucrania-se-une-al-copa-y-a-la-cogeca#primaryimage"},"image":{"@id":"https:\/\/www.asajacyl.com\/palencia\/asaja-palencia-informa\/el-foro-agrario-nacional-de-ucrania-se-une-al-copa-y-a-la-cogeca#primaryimage"},"thumbnailUrl":"https:\/\/www.asajacyl.com\/palencia\/wp-content\/uploads\/sites\/3\/2022\/02\/UCRANIA.jpg","datePublished":"2022-03-12T06:56:00+00:00","author":{"@id":"https:\/\/www.asajacyl.com\/palencia\/#\/schema\/person\/3ab17aeb03527485c317557fae64aab1"},"description":"Las Presidencias del Copa y de la Cogeca al completo han dado hoy una calurosa bienvenida al Foro Agrario Nacional de Ucrania como nueva organizaci\u00f3n","breadcrumb":{"@id":"https:\/\/www.asajacyl.com\/palencia\/asaja-palencia-informa\/el-foro-agrario-nacional-de-ucrania-se-une-al-copa-y-a-la-cogeca#breadcrumb"},"inLanguage":"es","potentialAction":[{"@type":"ReadAction","target":["https:\/\/www.asajacyl.com\/palencia\/asaja-palencia-informa\/el-foro-agrario-nacional-de-ucrania-se-une-al-copa-y-a-la-cogeca"]}]},{"@type":"ImageObject","inLanguage":"es","@id":"https:\/\/www.asajacyl.com\/palencia\/asaja-palencia-informa\/el-foro-agrario-nacional-de-ucrania-se-une-al-copa-y-a-la-cogeca#primaryimage","url":"https:\/\/www.asajacyl.com\/palencia\/wp-content\/uploads\/sites\/3\/2022\/02\/UCRANIA.jpg","contentUrl":"https:\/\/www.asajacyl.com\/palencia\/wp-content\/uploads\/sites\/3\/2022\/02\/UCRANIA.jpg","width":1000,"height":665},{"@type":"BreadcrumbList","@id":"https:\/\/www.asajacyl.com\/palencia\/asaja-palencia-informa\/el-foro-agrario-nacional-de-ucrania-se-une-al-copa-y-a-la-cogeca#breadcrumb","itemListElement":[{"@type":"ListItem","position":1,"name":"Portada","item":"https:\/\/www.asajacyl.com\/palencia\/"},{"@type":"ListItem","position":2,"name":"El Foro Agrario Nacional de Ucrania se une al Copa y a la Cogeca"}]},{"@type":"WebSite","@id":"https:\/\/www.asajacyl.com\/palencia\/#website","url":"https:\/\/www.asajacyl.com\/palencia\/","name":"ASAJA Palencia","description":"Otro sitio m\u00e1s de Provincias ASAJA Castilla y Le\u00f3n","potentialAction":[{"@type":"SearchAction","target":{"@type":"EntryPoint","urlTemplate":"https:\/\/www.asajacyl.com\/palencia\/?s={search_term_string}"},"query-input":{"@type":"PropertyValueSpecification","valueRequired":true,"valueName":"search_term_string"}}],"inLanguage":"es"},{"@type":"Person","@id":"https:\/\/www.asajacyl.com\/palencia\/#\/schema\/person\/3ab17aeb03527485c317557fae64aab1","name":"Administrador","image":{"@type":"ImageObject","inLanguage":"es","@id":"https:\/\/www.asajacyl.com\/palencia\/#\/schema\/person\/image\/","url":"https:\/\/secure.gravatar.com\/avatar\/517384810d242ca9e38c180f3c9fb973?s=96&d=mm&r=g","contentUrl":"https:\/\/secure.gravatar.com\/avatar\/517384810d242ca9e38c180f3c9fb973?s=96&d=mm&r=g","caption":"Administrador"},"url":"https:\/\/www.asajacyl.com\/palencia\/author\/carlosrm"}]}},"_links":{"self":[{"href":"https:\/\/www.asajacyl.com\/palencia\/wp-json\/wp\/v2\/posts\/10012"}],"collection":[{"href":"https:\/\/www.asajacyl.com\/palencia\/wp-json\/wp\/v2\/posts"}],"about":[{"href":"https:\/\/www.asajacyl.com\/palencia\/wp-json\/wp\/v2\/types\/post"}],"author":[{"embeddable":true,"href":"https:\/\/www.asajacyl.com\/palencia\/wp-json\/wp\/v2\/users\/9"}],"replies":[{"embeddable":true,"href":"https:\/\/www.asajacyl.com\/palencia\/wp-json\/wp\/v2\/comments?post=10012"}],"version-history":[{"count":1,"href":"https:\/\/www.asajacyl.com\/palencia\/wp-json\/wp\/v2\/posts\/10012\/revisions"}],"predecessor-version":[{"id":10013,"href":"https:\/\/www.asajacyl.com\/palencia\/wp-json\/wp\/v2\/posts\/10012\/revisions\/10013"}],"wp:featuredmedia":[{"embeddable":true,"href":"https:\/\/www.asajacyl.com\/palencia\/wp-json\/wp\/v2\/media\/9936"}],"wp:attachment":[{"href":"https:\/\/www.asajacyl.com\/palencia\/wp-json\/wp\/v2\/media?parent=10012"}],"wp:term":[{"taxonomy":"category","embeddable":true,"href":"https:\/\/www.asajacyl.com\/palencia\/wp-json\/wp\/v2\/categories?post=10012"},{"taxonomy":"post_tag","embeddable":true,"href":"https:\/\/www.asajacyl.com\/palencia\/wp-json\/wp\/v2\/tags?post=10012"}],"curies":[{"name":"wp","href":"https:\/\/api.w.org\/{rel}","templated":true}]}}