{"id":10020,"date":"2022-03-12T00:57:12","date_gmt":"2022-03-11T23:57:12","guid":{"rendered":"https:\/\/www.asajacyl.com\/palencia\/?p=10020"},"modified":"2022-03-12T19:21:46","modified_gmt":"2022-03-12T18:21:46","slug":"carrion-y-pisuerga-se-encuentran-en-situacion-de-alerta","status":"publish","type":"post","link":"https:\/\/www.asajacyl.com\/palencia\/asaja-palencia-informa\/carrion-y-pisuerga-se-encuentran-en-situacion-de-alerta","title":{"rendered":"Carri\u00f3n y Pisuerga se encuentran en situaci\u00f3n de \u00abalerta\u00bb"},"content":{"rendered":"\n<p>La Confederaci\u00f3n Hidrogr\u00e1fica del Duero ha publicado los resultados, a 28 de febrero de 2022, del Informe Mensual de Seguimiento del Plan Especial de Sequ\u00eda. Concretamente se valoran dos circunstancias para cada sistema: la sequ\u00eda prolongada y la escasez del recurso h\u00eddrico.<\/p>\n\n\n\n<p>La sequ\u00eda prolongada se calcula teniendo en cuenta las aportaciones al sistema. En el caso del Carri\u00f3n se ponderan cuatro mediciones:<\/p>\n\n\n\n<ul><li>Entradas en seis meses al embalse de Camporredondo (70%)<\/li><li>Aforo en seis meses del r\u00edo Grande en Besande (10%)<\/li><li>Aforo en seis meses del r\u00edo Ucieza en Villalc\u00e1zar de Sirga (10%)<\/li><li>Pluviometr\u00eda medida durante nueve meses en la estaci\u00f3n meteorol\u00f3gica de Autilla del Pino (10%)<\/li><\/ul>\n\n\n\n<p>En el caso del sistema Pisuerga se ponderan seis mediciones:<\/p>\n\n\n\n<ul><li>Entradas en seis meses al embalse de Requejada (40%)<\/li><li>Entradas en seis meses al embalse de Ruesga (20%)<\/li><li>Aforo en seis meses del r\u00edo Esgueva en Caba\u00f1es de Esgueva (10%)<\/li><li>Aforo en seis meses del r\u00edo Odra en Pedrosa del Pr\u00edncipe (10%)<\/li><li>Aforo en seis meses del r\u00edo Camesa en Villaescusa de las Torres (10%)<\/li><li>Pluviometr\u00eda medida durante nueve meses en la estaci\u00f3n meteorol\u00f3gica de Valladolid (10%)<\/li><\/ul>\n\n\n\n<p>El resultado de estas mediciones ha generado un resultado por el que el sistema Carri\u00f3n se encuentra en \u00abnormalidad\u00bb y el sistema Pisuerga en \u00absequ\u00eda prolongada\u00bb.<\/p>\n\n\n\n<p>Por otra parte, se calcula la escasez viendo la cantidad embalsada de agua en los embalses del sistema. En este caso el dato es muy preocupante en ambos sistemas ya que se encuentran en estado de \u00abalerta\u00bb.<\/p>\n\n\n\n<p>A d\u00eda de hoy el sistema Carri\u00f3n embalsa 79,8 hm<sup>3<\/sup> sobre un total embalsable de 165 hm<sup>3<\/sup> (48,4%) cuando la media de los \u00faltimos diez a\u00f1os es de 121,1 hm<sup>3<\/sup> (73,4% sobre el total embalsable). Por su parte, el Pisuerga contiene 121,8 hm<sup>3<\/sup> (37,8%) cuando la media de los \u00faltimos diez a\u00f1os es de 202,5 hm<sup>3<\/sup> (62,9% sobre el total embalsable).<\/p>\n\n\n\n<figure class=\"wp-block-image size-large\"><img loading=\"lazy\" decoding=\"async\" width=\"1024\" height=\"725\" src=\"https:\/\/www.asajacyl.com\/palencia\/wp-content\/uploads\/sites\/3\/2022\/03\/CHD-ESCASEZ-FEBRERO-2022-1024x725.jpg\" alt=\"\" class=\"wp-image-10028\" srcset=\"https:\/\/www.asajacyl.com\/palencia\/wp-content\/uploads\/sites\/3\/2022\/03\/CHD-ESCASEZ-FEBRERO-2022-1024x725.jpg 1024w, https:\/\/www.asajacyl.com\/palencia\/wp-content\/uploads\/sites\/3\/2022\/03\/CHD-ESCASEZ-FEBRERO-2022-300x212.jpg 300w, https:\/\/www.asajacyl.com\/palencia\/wp-content\/uploads\/sites\/3\/2022\/03\/CHD-ESCASEZ-FEBRERO-2022-768x544.jpg 768w, https:\/\/www.asajacyl.com\/palencia\/wp-content\/uploads\/sites\/3\/2022\/03\/CHD-ESCASEZ-FEBRERO-2022-1536x1087.jpg 1536w, https:\/\/www.asajacyl.com\/palencia\/wp-content\/uploads\/sites\/3\/2022\/03\/CHD-ESCASEZ-FEBRERO-2022-696x493.jpg 696w, https:\/\/www.asajacyl.com\/palencia\/wp-content\/uploads\/sites\/3\/2022\/03\/CHD-ESCASEZ-FEBRERO-2022-1068x756.jpg 1068w, https:\/\/www.asajacyl.com\/palencia\/wp-content\/uploads\/sites\/3\/2022\/03\/CHD-ESCASEZ-FEBRERO-2022-593x420.jpg 593w, https:\/\/www.asajacyl.com\/palencia\/wp-content\/uploads\/sites\/3\/2022\/03\/CHD-ESCASEZ-FEBRERO-2022.jpg 1753w\" sizes=\"(max-width: 1024px) 100vw, 1024px\" \/><\/figure>\n\n\n\n<p><\/p>\n","protected":false},"excerpt":{"rendered":"<p>La Confederaci\u00f3n Hidrogr\u00e1fica del Duero ha publicado los resultados, a 28 de febrero de 2022, del Informe Mensual de Seguimiento del Plan Especial de Sequ\u00eda. Concretamente se valoran dos circunstancias para cada sistema: la sequ\u00eda prolongada y la escasez del recurso h\u00eddrico. La sequ\u00eda prolongada se calcula teniendo en cuenta las aportaciones al sistema. En [&hellip;]<\/p>\n","protected":false},"author":9,"featured_media":10028,"comment_status":"open","ping_status":"open","sticky":false,"template":"","format":"standard","meta":{"footnotes":""},"categories":[9,29,28],"tags":[],"yoast_head":"<!-- This site is optimized with the Yoast SEO plugin v24.5 - https:\/\/yoast.com\/wordpress\/plugins\/seo\/ -->\n<title>Carri\u00f3n y Pisuerga se encuentran en situaci\u00f3n de &quot;alerta&quot; - ASAJA Palencia<\/title>\n<meta name=\"description\" content=\"La Confederaci\u00f3n Hidrogr\u00e1fica del Duero ha publicado los resultados, a 28 de febrero de 2022, del Informe Mensual de Seguimiento del Plan Especial de\" \/>\n<meta name=\"robots\" content=\"index, follow, max-snippet:-1, max-image-preview:large, max-video-preview:-1\" \/>\n<link rel=\"canonical\" href=\"https:\/\/www.asajacyl.com\/palencia\/asaja-palencia-informa\/carrion-y-pisuerga-se-encuentran-en-situacion-de-alerta\" \/>\n<meta property=\"og:locale\" content=\"es_ES\" \/>\n<meta property=\"og:type\" content=\"article\" \/>\n<meta property=\"og:title\" content=\"Carri\u00f3n y Pisuerga se encuentran en situaci\u00f3n de &quot;alerta&quot; - ASAJA Palencia\" \/>\n<meta property=\"og:description\" content=\"La Confederaci\u00f3n Hidrogr\u00e1fica del Duero ha publicado los resultados, a 28 de febrero de 2022, del Informe Mensual de Seguimiento del Plan Especial de\" \/>\n<meta property=\"og:url\" content=\"https:\/\/www.asajacyl.com\/palencia\/asaja-palencia-informa\/carrion-y-pisuerga-se-encuentran-en-situacion-de-alerta\" \/>\n<meta property=\"og:site_name\" content=\"ASAJA Palencia\" \/>\n<meta property=\"article:published_time\" content=\"2022-03-11T23:57:12+00:00\" \/>\n<meta property=\"article:modified_time\" content=\"2022-03-12T18:21:46+00:00\" \/>\n<meta property=\"og:image\" content=\"https:\/\/www.asajacyl.com\/palencia\/wp-content\/uploads\/sites\/3\/2022\/03\/CHD-ESCASEZ-FEBRERO-2022.jpg\" \/>\n\t<meta property=\"og:image:width\" content=\"1753\" \/>\n\t<meta property=\"og:image:height\" content=\"1241\" \/>\n\t<meta property=\"og:image:type\" content=\"image\/jpeg\" \/>\n<meta name=\"author\" content=\"Administrador\" \/>\n<meta name=\"twitter:card\" content=\"summary_large_image\" \/>\n<meta name=\"twitter:label1\" content=\"Escrito por\" \/>\n\t<meta name=\"twitter:data1\" content=\"Administrador\" \/>\n\t<meta name=\"twitter:label2\" content=\"Tiempo de lectura\" \/>\n\t<meta name=\"twitter:data2\" content=\"2 minutos\" \/>\n<script type=\"application\/ld+json\" class=\"yoast-schema-graph\">{\"@context\":\"https:\/\/schema.org\",\"@graph\":[{\"@type\":\"WebPage\",\"@id\":\"https:\/\/www.asajacyl.com\/palencia\/asaja-palencia-informa\/carrion-y-pisuerga-se-encuentran-en-situacion-de-alerta\",\"url\":\"https:\/\/www.asajacyl.com\/palencia\/asaja-palencia-informa\/carrion-y-pisuerga-se-encuentran-en-situacion-de-alerta\",\"name\":\"Carri\u00f3n y Pisuerga se encuentran en situaci\u00f3n de \\\"alerta\\\" - ASAJA Palencia\",\"isPartOf\":{\"@id\":\"https:\/\/www.asajacyl.com\/palencia\/#website\"},\"primaryImageOfPage\":{\"@id\":\"https:\/\/www.asajacyl.com\/palencia\/asaja-palencia-informa\/carrion-y-pisuerga-se-encuentran-en-situacion-de-alerta#primaryimage\"},\"image\":{\"@id\":\"https:\/\/www.asajacyl.com\/palencia\/asaja-palencia-informa\/carrion-y-pisuerga-se-encuentran-en-situacion-de-alerta#primaryimage\"},\"thumbnailUrl\":\"https:\/\/www.asajacyl.com\/palencia\/wp-content\/uploads\/sites\/3\/2022\/03\/CHD-ESCASEZ-FEBRERO-2022.jpg\",\"datePublished\":\"2022-03-11T23:57:12+00:00\",\"dateModified\":\"2022-03-12T18:21:46+00:00\",\"author\":{\"@id\":\"https:\/\/www.asajacyl.com\/palencia\/#\/schema\/person\/3ab17aeb03527485c317557fae64aab1\"},\"description\":\"La Confederaci\u00f3n Hidrogr\u00e1fica del Duero ha publicado los resultados, a 28 de febrero de 2022, del Informe Mensual de Seguimiento del Plan Especial de\",\"breadcrumb\":{\"@id\":\"https:\/\/www.asajacyl.com\/palencia\/asaja-palencia-informa\/carrion-y-pisuerga-se-encuentran-en-situacion-de-alerta#breadcrumb\"},\"inLanguage\":\"es\",\"potentialAction\":[{\"@type\":\"ReadAction\",\"target\":[\"https:\/\/www.asajacyl.com\/palencia\/asaja-palencia-informa\/carrion-y-pisuerga-se-encuentran-en-situacion-de-alerta\"]}]},{\"@type\":\"ImageObject\",\"inLanguage\":\"es\",\"@id\":\"https:\/\/www.asajacyl.com\/palencia\/asaja-palencia-informa\/carrion-y-pisuerga-se-encuentran-en-situacion-de-alerta#primaryimage\",\"url\":\"https:\/\/www.asajacyl.com\/palencia\/wp-content\/uploads\/sites\/3\/2022\/03\/CHD-ESCASEZ-FEBRERO-2022.jpg\",\"contentUrl\":\"https:\/\/www.asajacyl.com\/palencia\/wp-content\/uploads\/sites\/3\/2022\/03\/CHD-ESCASEZ-FEBRERO-2022.jpg\",\"width\":1753,\"height\":1241},{\"@type\":\"BreadcrumbList\",\"@id\":\"https:\/\/www.asajacyl.com\/palencia\/asaja-palencia-informa\/carrion-y-pisuerga-se-encuentran-en-situacion-de-alerta#breadcrumb\",\"itemListElement\":[{\"@type\":\"ListItem\",\"position\":1,\"name\":\"Portada\",\"item\":\"https:\/\/www.asajacyl.com\/palencia\/\"},{\"@type\":\"ListItem\",\"position\":2,\"name\":\"Carri\u00f3n y Pisuerga se encuentran en situaci\u00f3n de \u00abalerta\u00bb\"}]},{\"@type\":\"WebSite\",\"@id\":\"https:\/\/www.asajacyl.com\/palencia\/#website\",\"url\":\"https:\/\/www.asajacyl.com\/palencia\/\",\"name\":\"ASAJA Palencia\",\"description\":\"Otro sitio m\u00e1s de Provincias ASAJA Castilla y Le\u00f3n\",\"potentialAction\":[{\"@type\":\"SearchAction\",\"target\":{\"@type\":\"EntryPoint\",\"urlTemplate\":\"https:\/\/www.asajacyl.com\/palencia\/?s={search_term_string}\"},\"query-input\":{\"@type\":\"PropertyValueSpecification\",\"valueRequired\":true,\"valueName\":\"search_term_string\"}}],\"inLanguage\":\"es\"},{\"@type\":\"Person\",\"@id\":\"https:\/\/www.asajacyl.com\/palencia\/#\/schema\/person\/3ab17aeb03527485c317557fae64aab1\",\"name\":\"Administrador\",\"image\":{\"@type\":\"ImageObject\",\"inLanguage\":\"es\",\"@id\":\"https:\/\/www.asajacyl.com\/palencia\/#\/schema\/person\/image\/\",\"url\":\"https:\/\/secure.gravatar.com\/avatar\/517384810d242ca9e38c180f3c9fb973?s=96&d=mm&r=g\",\"contentUrl\":\"https:\/\/secure.gravatar.com\/avatar\/517384810d242ca9e38c180f3c9fb973?s=96&d=mm&r=g\",\"caption\":\"Administrador\"},\"url\":\"https:\/\/www.asajacyl.com\/palencia\/author\/carlosrm\"}]}<\/script>\n<!-- \/ Yoast SEO plugin. -->","yoast_head_json":{"title":"Carri\u00f3n y Pisuerga se encuentran en situaci\u00f3n de \"alerta\" - ASAJA Palencia","description":"La Confederaci\u00f3n Hidrogr\u00e1fica del Duero ha publicado los resultados, a 28 de febrero de 2022, del Informe Mensual de Seguimiento del Plan Especial de","robots":{"index":"index","follow":"follow","max-snippet":"max-snippet:-1","max-image-preview":"max-image-preview:large","max-video-preview":"max-video-preview:-1"},"canonical":"https:\/\/www.asajacyl.com\/palencia\/asaja-palencia-informa\/carrion-y-pisuerga-se-encuentran-en-situacion-de-alerta","og_locale":"es_ES","og_type":"article","og_title":"Carri\u00f3n y Pisuerga se encuentran en situaci\u00f3n de \"alerta\" - ASAJA Palencia","og_description":"La Confederaci\u00f3n Hidrogr\u00e1fica del Duero ha publicado los resultados, a 28 de febrero de 2022, del Informe Mensual de Seguimiento del Plan Especial de","og_url":"https:\/\/www.asajacyl.com\/palencia\/asaja-palencia-informa\/carrion-y-pisuerga-se-encuentran-en-situacion-de-alerta","og_site_name":"ASAJA Palencia","article_published_time":"2022-03-11T23:57:12+00:00","article_modified_time":"2022-03-12T18:21:46+00:00","og_image":[{"width":1753,"height":1241,"url":"https:\/\/www.asajacyl.com\/palencia\/wp-content\/uploads\/sites\/3\/2022\/03\/CHD-ESCASEZ-FEBRERO-2022.jpg","type":"image\/jpeg"}],"author":"Administrador","twitter_card":"summary_large_image","twitter_misc":{"Escrito por":"Administrador","Tiempo de lectura":"2 minutos"},"schema":{"@context":"https:\/\/schema.org","@graph":[{"@type":"WebPage","@id":"https:\/\/www.asajacyl.com\/palencia\/asaja-palencia-informa\/carrion-y-pisuerga-se-encuentran-en-situacion-de-alerta","url":"https:\/\/www.asajacyl.com\/palencia\/asaja-palencia-informa\/carrion-y-pisuerga-se-encuentran-en-situacion-de-alerta","name":"Carri\u00f3n y Pisuerga se encuentran en situaci\u00f3n de \"alerta\" - ASAJA Palencia","isPartOf":{"@id":"https:\/\/www.asajacyl.com\/palencia\/#website"},"primaryImageOfPage":{"@id":"https:\/\/www.asajacyl.com\/palencia\/asaja-palencia-informa\/carrion-y-pisuerga-se-encuentran-en-situacion-de-alerta#primaryimage"},"image":{"@id":"https:\/\/www.asajacyl.com\/palencia\/asaja-palencia-informa\/carrion-y-pisuerga-se-encuentran-en-situacion-de-alerta#primaryimage"},"thumbnailUrl":"https:\/\/www.asajacyl.com\/palencia\/wp-content\/uploads\/sites\/3\/2022\/03\/CHD-ESCASEZ-FEBRERO-2022.jpg","datePublished":"2022-03-11T23:57:12+00:00","dateModified":"2022-03-12T18:21:46+00:00","author":{"@id":"https:\/\/www.asajacyl.com\/palencia\/#\/schema\/person\/3ab17aeb03527485c317557fae64aab1"},"description":"La Confederaci\u00f3n Hidrogr\u00e1fica del Duero ha publicado los resultados, a 28 de febrero de 2022, del Informe Mensual de Seguimiento del Plan Especial de","breadcrumb":{"@id":"https:\/\/www.asajacyl.com\/palencia\/asaja-palencia-informa\/carrion-y-pisuerga-se-encuentran-en-situacion-de-alerta#breadcrumb"},"inLanguage":"es","potentialAction":[{"@type":"ReadAction","target":["https:\/\/www.asajacyl.com\/palencia\/asaja-palencia-informa\/carrion-y-pisuerga-se-encuentran-en-situacion-de-alerta"]}]},{"@type":"ImageObject","inLanguage":"es","@id":"https:\/\/www.asajacyl.com\/palencia\/asaja-palencia-informa\/carrion-y-pisuerga-se-encuentran-en-situacion-de-alerta#primaryimage","url":"https:\/\/www.asajacyl.com\/palencia\/wp-content\/uploads\/sites\/3\/2022\/03\/CHD-ESCASEZ-FEBRERO-2022.jpg","contentUrl":"https:\/\/www.asajacyl.com\/palencia\/wp-content\/uploads\/sites\/3\/2022\/03\/CHD-ESCASEZ-FEBRERO-2022.jpg","width":1753,"height":1241},{"@type":"BreadcrumbList","@id":"https:\/\/www.asajacyl.com\/palencia\/asaja-palencia-informa\/carrion-y-pisuerga-se-encuentran-en-situacion-de-alerta#breadcrumb","itemListElement":[{"@type":"ListItem","position":1,"name":"Portada","item":"https:\/\/www.asajacyl.com\/palencia\/"},{"@type":"ListItem","position":2,"name":"Carri\u00f3n y Pisuerga se encuentran en situaci\u00f3n de \u00abalerta\u00bb"}]},{"@type":"WebSite","@id":"https:\/\/www.asajacyl.com\/palencia\/#website","url":"https:\/\/www.asajacyl.com\/palencia\/","name":"ASAJA Palencia","description":"Otro sitio m\u00e1s de Provincias ASAJA Castilla y Le\u00f3n","potentialAction":[{"@type":"SearchAction","target":{"@type":"EntryPoint","urlTemplate":"https:\/\/www.asajacyl.com\/palencia\/?s={search_term_string}"},"query-input":{"@type":"PropertyValueSpecification","valueRequired":true,"valueName":"search_term_string"}}],"inLanguage":"es"},{"@type":"Person","@id":"https:\/\/www.asajacyl.com\/palencia\/#\/schema\/person\/3ab17aeb03527485c317557fae64aab1","name":"Administrador","image":{"@type":"ImageObject","inLanguage":"es","@id":"https:\/\/www.asajacyl.com\/palencia\/#\/schema\/person\/image\/","url":"https:\/\/secure.gravatar.com\/avatar\/517384810d242ca9e38c180f3c9fb973?s=96&d=mm&r=g","contentUrl":"https:\/\/secure.gravatar.com\/avatar\/517384810d242ca9e38c180f3c9fb973?s=96&d=mm&r=g","caption":"Administrador"},"url":"https:\/\/www.asajacyl.com\/palencia\/author\/carlosrm"}]}},"_links":{"self":[{"href":"https:\/\/www.asajacyl.com\/palencia\/wp-json\/wp\/v2\/posts\/10020"}],"collection":[{"href":"https:\/\/www.asajacyl.com\/palencia\/wp-json\/wp\/v2\/posts"}],"about":[{"href":"https:\/\/www.asajacyl.com\/palencia\/wp-json\/wp\/v2\/types\/post"}],"author":[{"embeddable":true,"href":"https:\/\/www.asajacyl.com\/palencia\/wp-json\/wp\/v2\/users\/9"}],"replies":[{"embeddable":true,"href":"https:\/\/www.asajacyl.com\/palencia\/wp-json\/wp\/v2\/comments?post=10020"}],"version-history":[{"count":2,"href":"https:\/\/www.asajacyl.com\/palencia\/wp-json\/wp\/v2\/posts\/10020\/revisions"}],"predecessor-version":[{"id":10029,"href":"https:\/\/www.asajacyl.com\/palencia\/wp-json\/wp\/v2\/posts\/10020\/revisions\/10029"}],"wp:featuredmedia":[{"embeddable":true,"href":"https:\/\/www.asajacyl.com\/palencia\/wp-json\/wp\/v2\/media\/10028"}],"wp:attachment":[{"href":"https:\/\/www.asajacyl.com\/palencia\/wp-json\/wp\/v2\/media?parent=10020"}],"wp:term":[{"taxonomy":"category","embeddable":true,"href":"https:\/\/www.asajacyl.com\/palencia\/wp-json\/wp\/v2\/categories?post=10020"},{"taxonomy":"post_tag","embeddable":true,"href":"https:\/\/www.asajacyl.com\/palencia\/wp-json\/wp\/v2\/tags?post=10020"}],"curies":[{"name":"wp","href":"https:\/\/api.w.org\/{rel}","templated":true}]}}