{"id":10023,"date":"2022-03-14T13:44:00","date_gmt":"2022-03-14T12:44:00","guid":{"rendered":"https:\/\/www.asajacyl.com\/palencia\/?p=10023"},"modified":"2022-03-12T01:58:37","modified_gmt":"2022-03-12T00:58:37","slug":"campeonato-nacional-de-arada-en-mansilla-de-las-mulas-leon-el-26-y-27-de-marzo","status":"publish","type":"post","link":"https:\/\/www.asajacyl.com\/palencia\/asaja-palencia-informa\/campeonato-nacional-de-arada-en-mansilla-de-las-mulas-leon-el-26-y-27-de-marzo","title":{"rendered":"Campeonato Nacional de Arada en Mansilla de las Mulas (Le\u00f3n) el 26 y 27 de marzo"},"content":{"rendered":"\n<p>Tras dos a\u00f1os de espera debido a la crisis sanitaria de la Covid-19, por fin la 41\u00aa edici\u00f3n del Campeonato Nacional de Arada tiene nueva fecha. Ser\u00e1 los pr\u00f3ximos 26 y 27 de marzo y, como estaba previsto, en la localidad de Mansilla de las Mulas, en la provincia de Le\u00f3n. El primer d\u00eda se celebrar\u00e1 la competici\u00f3n sobre rastrojo y la segunda jornada sobre pradera.<\/p>\n\n\n\n<p>Una gran cita para los amantes de la agricultura y del campo, que quieran disfrutar siguiendo la labor de aradores llegados desde varios puntos de Espa\u00f1a, que convierten en arte una actividad agraria tan t\u00edpica como es la de arar. Adem\u00e1s, se podr\u00e1 disfrutar de una gran feria de maquinaria agr\u00edcola, as\u00ed como de un \u00e1rea de demostraciones. Para ello, se cuenta con el apoyo de grandes patrocinadores y colaboradores de las principales firmas del sector.<\/p>\n\n\n\n<p>La historia de esta competici\u00f3n en nuestro pa\u00eds se inici\u00f3 en los a\u00f1os 70, y se rige por la <a href=\"https:\/\/worldploughing.org\/wp-content\/uploads\/Rule-Book-2020-1.pdf\">normativa de la Organizaci\u00f3n Mundial de Arada<\/a>, que ha cancelado el Campeonato del Mundo que deber\u00eda tener lugar el 13 de agosto en San Petersburgo (Rusia) debido a la invasi\u00f3n que este pa\u00eds ha realizado del vecino Ucrania. En 2023 el Campeonato del Mundo tendr\u00e1 lugar en Irlanda.<\/p>\n\n\n\n<p>En esta ocasi\u00f3n la organizaci\u00f3n correr\u00e1 a cargo de la Junta Agropecuaria Local de Mansilla de las Mulas, para lo que cuenta con el apoyo del Ayuntamiento del municipio, as\u00ed como de la Junta de Castilla y Le\u00f3n y tambi\u00e9n de ASAJA.<\/p>\n\n\n\n<p>Localizaci\u00f3n: La finca donde se celebra el Campeonato est\u00e1 a un kil\u00f3metro de Mansilla de Mulas, junto al camino de Santiago y la carretera N-601.<\/p>\n","protected":false},"excerpt":{"rendered":"<p>Tras dos a\u00f1os de espera debido a la crisis sanitaria de la Covid-19, por fin la 41\u00aa edici\u00f3n del Campeonato Nacional de Arada tiene nueva fecha. Ser\u00e1 los pr\u00f3ximos 26 y 27 de marzo y, como estaba previsto, en la localidad de Mansilla de las Mulas, en la provincia de Le\u00f3n. El primer d\u00eda se [&hellip;]<\/p>\n","protected":false},"author":9,"featured_media":10024,"comment_status":"open","ping_status":"open","sticky":false,"template":"","format":"standard","meta":{"footnotes":""},"categories":[9,29,28],"tags":[],"yoast_head":"<!-- This site is optimized with the Yoast SEO plugin v24.5 - https:\/\/yoast.com\/wordpress\/plugins\/seo\/ -->\n<title>Campeonato Nacional de Arada en Mansilla de las Mulas (Le\u00f3n) el 26 y 27 de marzo - ASAJA Palencia<\/title>\n<meta name=\"description\" content=\"Tras dos a\u00f1os de espera debido a la crisis sanitaria de la Covid-19, por fin la 41\u00aa edici\u00f3n del Campeonato Nacional de Arada tiene nueva fecha. Ser\u00e1 los\" \/>\n<meta name=\"robots\" content=\"index, follow, max-snippet:-1, max-image-preview:large, max-video-preview:-1\" \/>\n<link rel=\"canonical\" href=\"https:\/\/www.asajacyl.com\/palencia\/asaja-palencia-informa\/campeonato-nacional-de-arada-en-mansilla-de-las-mulas-leon-el-26-y-27-de-marzo\" \/>\n<meta property=\"og:locale\" content=\"es_ES\" \/>\n<meta property=\"og:type\" content=\"article\" \/>\n<meta property=\"og:title\" content=\"Campeonato Nacional de Arada en Mansilla de las Mulas (Le\u00f3n) el 26 y 27 de marzo - ASAJA Palencia\" \/>\n<meta property=\"og:description\" content=\"Tras dos a\u00f1os de espera debido a la crisis sanitaria de la Covid-19, por fin la 41\u00aa edici\u00f3n del Campeonato Nacional de Arada tiene nueva fecha. Ser\u00e1 los\" \/>\n<meta property=\"og:url\" content=\"https:\/\/www.asajacyl.com\/palencia\/asaja-palencia-informa\/campeonato-nacional-de-arada-en-mansilla-de-las-mulas-leon-el-26-y-27-de-marzo\" \/>\n<meta property=\"og:site_name\" content=\"ASAJA Palencia\" \/>\n<meta property=\"article:published_time\" content=\"2022-03-14T12:44:00+00:00\" \/>\n<meta property=\"og:image\" content=\"https:\/\/www.asajacyl.com\/palencia\/wp-content\/uploads\/sites\/3\/2022\/03\/CAMPEONATO-ARADA-2022.jpg\" \/>\n\t<meta property=\"og:image:width\" content=\"389\" \/>\n\t<meta property=\"og:image:height\" content=\"393\" \/>\n\t<meta property=\"og:image:type\" content=\"image\/jpeg\" \/>\n<meta name=\"author\" content=\"Administrador\" \/>\n<meta name=\"twitter:card\" content=\"summary_large_image\" \/>\n<meta name=\"twitter:label1\" content=\"Escrito por\" \/>\n\t<meta name=\"twitter:data1\" content=\"Administrador\" \/>\n\t<meta name=\"twitter:label2\" content=\"Tiempo de lectura\" \/>\n\t<meta name=\"twitter:data2\" content=\"2 minutos\" \/>\n<script type=\"application\/ld+json\" class=\"yoast-schema-graph\">{\"@context\":\"https:\/\/schema.org\",\"@graph\":[{\"@type\":\"WebPage\",\"@id\":\"https:\/\/www.asajacyl.com\/palencia\/asaja-palencia-informa\/campeonato-nacional-de-arada-en-mansilla-de-las-mulas-leon-el-26-y-27-de-marzo\",\"url\":\"https:\/\/www.asajacyl.com\/palencia\/asaja-palencia-informa\/campeonato-nacional-de-arada-en-mansilla-de-las-mulas-leon-el-26-y-27-de-marzo\",\"name\":\"Campeonato Nacional de Arada en Mansilla de las Mulas (Le\u00f3n) el 26 y 27 de marzo - ASAJA Palencia\",\"isPartOf\":{\"@id\":\"https:\/\/www.asajacyl.com\/palencia\/#website\"},\"primaryImageOfPage\":{\"@id\":\"https:\/\/www.asajacyl.com\/palencia\/asaja-palencia-informa\/campeonato-nacional-de-arada-en-mansilla-de-las-mulas-leon-el-26-y-27-de-marzo#primaryimage\"},\"image\":{\"@id\":\"https:\/\/www.asajacyl.com\/palencia\/asaja-palencia-informa\/campeonato-nacional-de-arada-en-mansilla-de-las-mulas-leon-el-26-y-27-de-marzo#primaryimage\"},\"thumbnailUrl\":\"https:\/\/www.asajacyl.com\/palencia\/wp-content\/uploads\/sites\/3\/2022\/03\/CAMPEONATO-ARADA-2022.jpg\",\"datePublished\":\"2022-03-14T12:44:00+00:00\",\"author\":{\"@id\":\"https:\/\/www.asajacyl.com\/palencia\/#\/schema\/person\/3ab17aeb03527485c317557fae64aab1\"},\"description\":\"Tras dos a\u00f1os de espera debido a la crisis sanitaria de la Covid-19, por fin la 41\u00aa edici\u00f3n del Campeonato Nacional de Arada tiene nueva fecha. Ser\u00e1 los\",\"breadcrumb\":{\"@id\":\"https:\/\/www.asajacyl.com\/palencia\/asaja-palencia-informa\/campeonato-nacional-de-arada-en-mansilla-de-las-mulas-leon-el-26-y-27-de-marzo#breadcrumb\"},\"inLanguage\":\"es\",\"potentialAction\":[{\"@type\":\"ReadAction\",\"target\":[\"https:\/\/www.asajacyl.com\/palencia\/asaja-palencia-informa\/campeonato-nacional-de-arada-en-mansilla-de-las-mulas-leon-el-26-y-27-de-marzo\"]}]},{\"@type\":\"ImageObject\",\"inLanguage\":\"es\",\"@id\":\"https:\/\/www.asajacyl.com\/palencia\/asaja-palencia-informa\/campeonato-nacional-de-arada-en-mansilla-de-las-mulas-leon-el-26-y-27-de-marzo#primaryimage\",\"url\":\"https:\/\/www.asajacyl.com\/palencia\/wp-content\/uploads\/sites\/3\/2022\/03\/CAMPEONATO-ARADA-2022.jpg\",\"contentUrl\":\"https:\/\/www.asajacyl.com\/palencia\/wp-content\/uploads\/sites\/3\/2022\/03\/CAMPEONATO-ARADA-2022.jpg\",\"width\":389,\"height\":393},{\"@type\":\"BreadcrumbList\",\"@id\":\"https:\/\/www.asajacyl.com\/palencia\/asaja-palencia-informa\/campeonato-nacional-de-arada-en-mansilla-de-las-mulas-leon-el-26-y-27-de-marzo#breadcrumb\",\"itemListElement\":[{\"@type\":\"ListItem\",\"position\":1,\"name\":\"Portada\",\"item\":\"https:\/\/www.asajacyl.com\/palencia\/\"},{\"@type\":\"ListItem\",\"position\":2,\"name\":\"Campeonato Nacional de Arada en Mansilla de las Mulas (Le\u00f3n) el 26 y 27 de marzo\"}]},{\"@type\":\"WebSite\",\"@id\":\"https:\/\/www.asajacyl.com\/palencia\/#website\",\"url\":\"https:\/\/www.asajacyl.com\/palencia\/\",\"name\":\"ASAJA Palencia\",\"description\":\"Otro sitio m\u00e1s de Provincias ASAJA Castilla y Le\u00f3n\",\"potentialAction\":[{\"@type\":\"SearchAction\",\"target\":{\"@type\":\"EntryPoint\",\"urlTemplate\":\"https:\/\/www.asajacyl.com\/palencia\/?s={search_term_string}\"},\"query-input\":{\"@type\":\"PropertyValueSpecification\",\"valueRequired\":true,\"valueName\":\"search_term_string\"}}],\"inLanguage\":\"es\"},{\"@type\":\"Person\",\"@id\":\"https:\/\/www.asajacyl.com\/palencia\/#\/schema\/person\/3ab17aeb03527485c317557fae64aab1\",\"name\":\"Administrador\",\"image\":{\"@type\":\"ImageObject\",\"inLanguage\":\"es\",\"@id\":\"https:\/\/www.asajacyl.com\/palencia\/#\/schema\/person\/image\/\",\"url\":\"https:\/\/secure.gravatar.com\/avatar\/517384810d242ca9e38c180f3c9fb973?s=96&d=mm&r=g\",\"contentUrl\":\"https:\/\/secure.gravatar.com\/avatar\/517384810d242ca9e38c180f3c9fb973?s=96&d=mm&r=g\",\"caption\":\"Administrador\"},\"url\":\"https:\/\/www.asajacyl.com\/palencia\/author\/carlosrm\"}]}<\/script>\n<!-- \/ Yoast SEO plugin. -->","yoast_head_json":{"title":"Campeonato Nacional de Arada en Mansilla de las Mulas (Le\u00f3n) el 26 y 27 de marzo - ASAJA Palencia","description":"Tras dos a\u00f1os de espera debido a la crisis sanitaria de la Covid-19, por fin la 41\u00aa edici\u00f3n del Campeonato Nacional de Arada tiene nueva fecha. Ser\u00e1 los","robots":{"index":"index","follow":"follow","max-snippet":"max-snippet:-1","max-image-preview":"max-image-preview:large","max-video-preview":"max-video-preview:-1"},"canonical":"https:\/\/www.asajacyl.com\/palencia\/asaja-palencia-informa\/campeonato-nacional-de-arada-en-mansilla-de-las-mulas-leon-el-26-y-27-de-marzo","og_locale":"es_ES","og_type":"article","og_title":"Campeonato Nacional de Arada en Mansilla de las Mulas (Le\u00f3n) el 26 y 27 de marzo - ASAJA Palencia","og_description":"Tras dos a\u00f1os de espera debido a la crisis sanitaria de la Covid-19, por fin la 41\u00aa edici\u00f3n del Campeonato Nacional de Arada tiene nueva fecha. Ser\u00e1 los","og_url":"https:\/\/www.asajacyl.com\/palencia\/asaja-palencia-informa\/campeonato-nacional-de-arada-en-mansilla-de-las-mulas-leon-el-26-y-27-de-marzo","og_site_name":"ASAJA Palencia","article_published_time":"2022-03-14T12:44:00+00:00","og_image":[{"width":389,"height":393,"url":"https:\/\/www.asajacyl.com\/palencia\/wp-content\/uploads\/sites\/3\/2022\/03\/CAMPEONATO-ARADA-2022.jpg","type":"image\/jpeg"}],"author":"Administrador","twitter_card":"summary_large_image","twitter_misc":{"Escrito por":"Administrador","Tiempo de lectura":"2 minutos"},"schema":{"@context":"https:\/\/schema.org","@graph":[{"@type":"WebPage","@id":"https:\/\/www.asajacyl.com\/palencia\/asaja-palencia-informa\/campeonato-nacional-de-arada-en-mansilla-de-las-mulas-leon-el-26-y-27-de-marzo","url":"https:\/\/www.asajacyl.com\/palencia\/asaja-palencia-informa\/campeonato-nacional-de-arada-en-mansilla-de-las-mulas-leon-el-26-y-27-de-marzo","name":"Campeonato Nacional de Arada en Mansilla de las Mulas (Le\u00f3n) el 26 y 27 de marzo - ASAJA Palencia","isPartOf":{"@id":"https:\/\/www.asajacyl.com\/palencia\/#website"},"primaryImageOfPage":{"@id":"https:\/\/www.asajacyl.com\/palencia\/asaja-palencia-informa\/campeonato-nacional-de-arada-en-mansilla-de-las-mulas-leon-el-26-y-27-de-marzo#primaryimage"},"image":{"@id":"https:\/\/www.asajacyl.com\/palencia\/asaja-palencia-informa\/campeonato-nacional-de-arada-en-mansilla-de-las-mulas-leon-el-26-y-27-de-marzo#primaryimage"},"thumbnailUrl":"https:\/\/www.asajacyl.com\/palencia\/wp-content\/uploads\/sites\/3\/2022\/03\/CAMPEONATO-ARADA-2022.jpg","datePublished":"2022-03-14T12:44:00+00:00","author":{"@id":"https:\/\/www.asajacyl.com\/palencia\/#\/schema\/person\/3ab17aeb03527485c317557fae64aab1"},"description":"Tras dos a\u00f1os de espera debido a la crisis sanitaria de la Covid-19, por fin la 41\u00aa edici\u00f3n del Campeonato Nacional de Arada tiene nueva fecha. Ser\u00e1 los","breadcrumb":{"@id":"https:\/\/www.asajacyl.com\/palencia\/asaja-palencia-informa\/campeonato-nacional-de-arada-en-mansilla-de-las-mulas-leon-el-26-y-27-de-marzo#breadcrumb"},"inLanguage":"es","potentialAction":[{"@type":"ReadAction","target":["https:\/\/www.asajacyl.com\/palencia\/asaja-palencia-informa\/campeonato-nacional-de-arada-en-mansilla-de-las-mulas-leon-el-26-y-27-de-marzo"]}]},{"@type":"ImageObject","inLanguage":"es","@id":"https:\/\/www.asajacyl.com\/palencia\/asaja-palencia-informa\/campeonato-nacional-de-arada-en-mansilla-de-las-mulas-leon-el-26-y-27-de-marzo#primaryimage","url":"https:\/\/www.asajacyl.com\/palencia\/wp-content\/uploads\/sites\/3\/2022\/03\/CAMPEONATO-ARADA-2022.jpg","contentUrl":"https:\/\/www.asajacyl.com\/palencia\/wp-content\/uploads\/sites\/3\/2022\/03\/CAMPEONATO-ARADA-2022.jpg","width":389,"height":393},{"@type":"BreadcrumbList","@id":"https:\/\/www.asajacyl.com\/palencia\/asaja-palencia-informa\/campeonato-nacional-de-arada-en-mansilla-de-las-mulas-leon-el-26-y-27-de-marzo#breadcrumb","itemListElement":[{"@type":"ListItem","position":1,"name":"Portada","item":"https:\/\/www.asajacyl.com\/palencia\/"},{"@type":"ListItem","position":2,"name":"Campeonato Nacional de Arada en Mansilla de las Mulas (Le\u00f3n) el 26 y 27 de marzo"}]},{"@type":"WebSite","@id":"https:\/\/www.asajacyl.com\/palencia\/#website","url":"https:\/\/www.asajacyl.com\/palencia\/","name":"ASAJA Palencia","description":"Otro sitio m\u00e1s de Provincias ASAJA Castilla y Le\u00f3n","potentialAction":[{"@type":"SearchAction","target":{"@type":"EntryPoint","urlTemplate":"https:\/\/www.asajacyl.com\/palencia\/?s={search_term_string}"},"query-input":{"@type":"PropertyValueSpecification","valueRequired":true,"valueName":"search_term_string"}}],"inLanguage":"es"},{"@type":"Person","@id":"https:\/\/www.asajacyl.com\/palencia\/#\/schema\/person\/3ab17aeb03527485c317557fae64aab1","name":"Administrador","image":{"@type":"ImageObject","inLanguage":"es","@id":"https:\/\/www.asajacyl.com\/palencia\/#\/schema\/person\/image\/","url":"https:\/\/secure.gravatar.com\/avatar\/517384810d242ca9e38c180f3c9fb973?s=96&d=mm&r=g","contentUrl":"https:\/\/secure.gravatar.com\/avatar\/517384810d242ca9e38c180f3c9fb973?s=96&d=mm&r=g","caption":"Administrador"},"url":"https:\/\/www.asajacyl.com\/palencia\/author\/carlosrm"}]}},"_links":{"self":[{"href":"https:\/\/www.asajacyl.com\/palencia\/wp-json\/wp\/v2\/posts\/10023"}],"collection":[{"href":"https:\/\/www.asajacyl.com\/palencia\/wp-json\/wp\/v2\/posts"}],"about":[{"href":"https:\/\/www.asajacyl.com\/palencia\/wp-json\/wp\/v2\/types\/post"}],"author":[{"embeddable":true,"href":"https:\/\/www.asajacyl.com\/palencia\/wp-json\/wp\/v2\/users\/9"}],"replies":[{"embeddable":true,"href":"https:\/\/www.asajacyl.com\/palencia\/wp-json\/wp\/v2\/comments?post=10023"}],"version-history":[{"count":1,"href":"https:\/\/www.asajacyl.com\/palencia\/wp-json\/wp\/v2\/posts\/10023\/revisions"}],"predecessor-version":[{"id":10025,"href":"https:\/\/www.asajacyl.com\/palencia\/wp-json\/wp\/v2\/posts\/10023\/revisions\/10025"}],"wp:featuredmedia":[{"embeddable":true,"href":"https:\/\/www.asajacyl.com\/palencia\/wp-json\/wp\/v2\/media\/10024"}],"wp:attachment":[{"href":"https:\/\/www.asajacyl.com\/palencia\/wp-json\/wp\/v2\/media?parent=10023"}],"wp:term":[{"taxonomy":"category","embeddable":true,"href":"https:\/\/www.asajacyl.com\/palencia\/wp-json\/wp\/v2\/categories?post=10023"},{"taxonomy":"post_tag","embeddable":true,"href":"https:\/\/www.asajacyl.com\/palencia\/wp-json\/wp\/v2\/tags?post=10023"}],"curies":[{"name":"wp","href":"https:\/\/api.w.org\/{rel}","templated":true}]}}