{"id":10039,"date":"2022-03-17T14:11:00","date_gmt":"2022-03-17T13:11:00","guid":{"rendered":"https:\/\/www.asajacyl.com\/palencia\/?p=10039"},"modified":"2022-03-14T07:49:46","modified_gmt":"2022-03-14T06:49:46","slug":"el-fega-publica-el-importe-del-pago-asociado-a-los-cultivos-proteicos","status":"publish","type":"post","link":"https:\/\/www.asajacyl.com\/palencia\/asaja-palencia-informa\/el-fega-publica-el-importe-del-pago-asociado-a-los-cultivos-proteicos","title":{"rendered":"El FEGA publica el importe del pago asociado a los cultivos proteicos"},"content":{"rendered":"\n<p>El FEGA ha publicado el importe definitivo del pago asociado a los pagos proteicos. Esta ayuda est\u00e1 destinada a dos tipos de cultivos:<\/p>\n\n\n\n<ul><li>Proteaginosas y leguminosas<\/li><li>Oleaginosas<\/li><\/ul>\n\n\n\n<p>En el caso de las proteaginosas (guisante, habas, altramuz) y leguminosas (veza, yeros, algarrobas, titarros, alholva, alverj\u00f3n, alfalfa de secano, esparceta y zulla), la superficie total nacional ha ascendido a 394.441,79 hect\u00e1reas, de las que 224.705,49 hect\u00e1reas corresponden a Castilla y Le\u00f3n (57%), muy por delante del resto de autonom\u00edas. La ayuda de estos cultivos ascender\u00e1 a 53,694639 euros\/ha.<\/p>\n\n\n\n<p>En cuanto a las oleaginosas (girasol, colza, soja, camelina, c\u00e1rtamo), la superficie nacional ha sido de 569.347,26 hect\u00e1reas a las que Castilla y Le\u00f3n ha aportado 251.138,14 hect\u00e1reas (44,1%), seguida de Andaluc\u00eda (24,9%) y de Castilla-La Mancha (22,4%). Cabe destacar que esta ayuda s\u00f3lo se concede a las primeras cincuenta hect\u00e1reas de cada explotaci\u00f3n, algo que en Castilla y Le\u00f3n ha dejado sin ayuda a 31.737,66 hect\u00e1reas. La ayuda que corresponder\u00e1 a las oleaginosas ascender\u00e1 a 39,2691 euros\/ha.<\/p>\n","protected":false},"excerpt":{"rendered":"<p>El FEGA ha publicado el importe definitivo del pago asociado a los pagos proteicos. Esta ayuda est\u00e1 destinada a dos tipos de cultivos: Proteaginosas y leguminosas Oleaginosas En el caso de las proteaginosas (guisante, habas, altramuz) y leguminosas (veza, yeros, algarrobas, titarros, alholva, alverj\u00f3n, alfalfa de secano, esparceta y zulla), la superficie total nacional ha [&hellip;]<\/p>\n","protected":false},"author":9,"featured_media":8199,"comment_status":"open","ping_status":"open","sticky":false,"template":"","format":"standard","meta":{"footnotes":""},"categories":[9,29,28],"tags":[],"yoast_head":"<!-- This site is optimized with the Yoast SEO plugin v24.5 - https:\/\/yoast.com\/wordpress\/plugins\/seo\/ -->\n<title>El FEGA publica el importe del pago asociado a los cultivos proteicos - ASAJA Palencia<\/title>\n<meta name=\"description\" content=\"El FEGA ha publicado el importe definitivo del pago asociado a los pagos proteicos. Esta ayuda est\u00e1 destinada a dos tipos de cultivos: Proteaginosas y\" \/>\n<meta name=\"robots\" content=\"index, follow, max-snippet:-1, max-image-preview:large, max-video-preview:-1\" \/>\n<link rel=\"canonical\" href=\"https:\/\/www.asajacyl.com\/palencia\/asaja-palencia-informa\/el-fega-publica-el-importe-del-pago-asociado-a-los-cultivos-proteicos\" \/>\n<meta property=\"og:locale\" content=\"es_ES\" \/>\n<meta property=\"og:type\" content=\"article\" \/>\n<meta property=\"og:title\" content=\"El FEGA publica el importe del pago asociado a los cultivos proteicos - ASAJA Palencia\" \/>\n<meta property=\"og:description\" content=\"El FEGA ha publicado el importe definitivo del pago asociado a los pagos proteicos. Esta ayuda est\u00e1 destinada a dos tipos de cultivos: Proteaginosas y\" \/>\n<meta property=\"og:url\" content=\"https:\/\/www.asajacyl.com\/palencia\/asaja-palencia-informa\/el-fega-publica-el-importe-del-pago-asociado-a-los-cultivos-proteicos\" \/>\n<meta property=\"og:site_name\" content=\"ASAJA Palencia\" \/>\n<meta property=\"article:published_time\" content=\"2022-03-17T13:11:00+00:00\" \/>\n<meta property=\"og:image\" content=\"https:\/\/www.asajacyl.com\/palencia\/wp-content\/uploads\/sites\/3\/2021\/04\/VEZA-e1619503356419.jpg\" \/>\n\t<meta property=\"og:image:width\" content=\"1600\" \/>\n\t<meta property=\"og:image:height\" content=\"1068\" \/>\n\t<meta property=\"og:image:type\" content=\"image\/jpeg\" \/>\n<meta name=\"author\" content=\"Administrador\" \/>\n<meta name=\"twitter:card\" content=\"summary_large_image\" \/>\n<meta name=\"twitter:label1\" content=\"Escrito por\" \/>\n\t<meta name=\"twitter:data1\" content=\"Administrador\" \/>\n\t<meta name=\"twitter:label2\" content=\"Tiempo de lectura\" \/>\n\t<meta name=\"twitter:data2\" content=\"1 minuto\" \/>\n<script type=\"application\/ld+json\" class=\"yoast-schema-graph\">{\"@context\":\"https:\/\/schema.org\",\"@graph\":[{\"@type\":\"WebPage\",\"@id\":\"https:\/\/www.asajacyl.com\/palencia\/asaja-palencia-informa\/el-fega-publica-el-importe-del-pago-asociado-a-los-cultivos-proteicos\",\"url\":\"https:\/\/www.asajacyl.com\/palencia\/asaja-palencia-informa\/el-fega-publica-el-importe-del-pago-asociado-a-los-cultivos-proteicos\",\"name\":\"El FEGA publica el importe del pago asociado a los cultivos proteicos - ASAJA Palencia\",\"isPartOf\":{\"@id\":\"https:\/\/www.asajacyl.com\/palencia\/#website\"},\"primaryImageOfPage\":{\"@id\":\"https:\/\/www.asajacyl.com\/palencia\/asaja-palencia-informa\/el-fega-publica-el-importe-del-pago-asociado-a-los-cultivos-proteicos#primaryimage\"},\"image\":{\"@id\":\"https:\/\/www.asajacyl.com\/palencia\/asaja-palencia-informa\/el-fega-publica-el-importe-del-pago-asociado-a-los-cultivos-proteicos#primaryimage\"},\"thumbnailUrl\":\"https:\/\/www.asajacyl.com\/palencia\/wp-content\/uploads\/sites\/3\/2021\/04\/VEZA-e1619503356419.jpg\",\"datePublished\":\"2022-03-17T13:11:00+00:00\",\"author\":{\"@id\":\"https:\/\/www.asajacyl.com\/palencia\/#\/schema\/person\/3ab17aeb03527485c317557fae64aab1\"},\"description\":\"El FEGA ha publicado el importe definitivo del pago asociado a los pagos proteicos. Esta ayuda est\u00e1 destinada a dos tipos de cultivos: Proteaginosas y\",\"breadcrumb\":{\"@id\":\"https:\/\/www.asajacyl.com\/palencia\/asaja-palencia-informa\/el-fega-publica-el-importe-del-pago-asociado-a-los-cultivos-proteicos#breadcrumb\"},\"inLanguage\":\"es\",\"potentialAction\":[{\"@type\":\"ReadAction\",\"target\":[\"https:\/\/www.asajacyl.com\/palencia\/asaja-palencia-informa\/el-fega-publica-el-importe-del-pago-asociado-a-los-cultivos-proteicos\"]}]},{\"@type\":\"ImageObject\",\"inLanguage\":\"es\",\"@id\":\"https:\/\/www.asajacyl.com\/palencia\/asaja-palencia-informa\/el-fega-publica-el-importe-del-pago-asociado-a-los-cultivos-proteicos#primaryimage\",\"url\":\"https:\/\/www.asajacyl.com\/palencia\/wp-content\/uploads\/sites\/3\/2021\/04\/VEZA-e1619503356419.jpg\",\"contentUrl\":\"https:\/\/www.asajacyl.com\/palencia\/wp-content\/uploads\/sites\/3\/2021\/04\/VEZA-e1619503356419.jpg\",\"width\":1600,\"height\":1068},{\"@type\":\"BreadcrumbList\",\"@id\":\"https:\/\/www.asajacyl.com\/palencia\/asaja-palencia-informa\/el-fega-publica-el-importe-del-pago-asociado-a-los-cultivos-proteicos#breadcrumb\",\"itemListElement\":[{\"@type\":\"ListItem\",\"position\":1,\"name\":\"Portada\",\"item\":\"https:\/\/www.asajacyl.com\/palencia\/\"},{\"@type\":\"ListItem\",\"position\":2,\"name\":\"El FEGA publica el importe del pago asociado a los cultivos proteicos\"}]},{\"@type\":\"WebSite\",\"@id\":\"https:\/\/www.asajacyl.com\/palencia\/#website\",\"url\":\"https:\/\/www.asajacyl.com\/palencia\/\",\"name\":\"ASAJA Palencia\",\"description\":\"Otro sitio m\u00e1s de Provincias ASAJA Castilla y Le\u00f3n\",\"potentialAction\":[{\"@type\":\"SearchAction\",\"target\":{\"@type\":\"EntryPoint\",\"urlTemplate\":\"https:\/\/www.asajacyl.com\/palencia\/?s={search_term_string}\"},\"query-input\":{\"@type\":\"PropertyValueSpecification\",\"valueRequired\":true,\"valueName\":\"search_term_string\"}}],\"inLanguage\":\"es\"},{\"@type\":\"Person\",\"@id\":\"https:\/\/www.asajacyl.com\/palencia\/#\/schema\/person\/3ab17aeb03527485c317557fae64aab1\",\"name\":\"Administrador\",\"image\":{\"@type\":\"ImageObject\",\"inLanguage\":\"es\",\"@id\":\"https:\/\/www.asajacyl.com\/palencia\/#\/schema\/person\/image\/\",\"url\":\"https:\/\/secure.gravatar.com\/avatar\/517384810d242ca9e38c180f3c9fb973?s=96&d=mm&r=g\",\"contentUrl\":\"https:\/\/secure.gravatar.com\/avatar\/517384810d242ca9e38c180f3c9fb973?s=96&d=mm&r=g\",\"caption\":\"Administrador\"},\"url\":\"https:\/\/www.asajacyl.com\/palencia\/author\/carlosrm\"}]}<\/script>\n<!-- \/ Yoast SEO plugin. -->","yoast_head_json":{"title":"El FEGA publica el importe del pago asociado a los cultivos proteicos - ASAJA Palencia","description":"El FEGA ha publicado el importe definitivo del pago asociado a los pagos proteicos. Esta ayuda est\u00e1 destinada a dos tipos de cultivos: Proteaginosas y","robots":{"index":"index","follow":"follow","max-snippet":"max-snippet:-1","max-image-preview":"max-image-preview:large","max-video-preview":"max-video-preview:-1"},"canonical":"https:\/\/www.asajacyl.com\/palencia\/asaja-palencia-informa\/el-fega-publica-el-importe-del-pago-asociado-a-los-cultivos-proteicos","og_locale":"es_ES","og_type":"article","og_title":"El FEGA publica el importe del pago asociado a los cultivos proteicos - ASAJA Palencia","og_description":"El FEGA ha publicado el importe definitivo del pago asociado a los pagos proteicos. Esta ayuda est\u00e1 destinada a dos tipos de cultivos: Proteaginosas y","og_url":"https:\/\/www.asajacyl.com\/palencia\/asaja-palencia-informa\/el-fega-publica-el-importe-del-pago-asociado-a-los-cultivos-proteicos","og_site_name":"ASAJA Palencia","article_published_time":"2022-03-17T13:11:00+00:00","og_image":[{"width":1600,"height":1068,"url":"https:\/\/www.asajacyl.com\/palencia\/wp-content\/uploads\/sites\/3\/2021\/04\/VEZA-e1619503356419.jpg","type":"image\/jpeg"}],"author":"Administrador","twitter_card":"summary_large_image","twitter_misc":{"Escrito por":"Administrador","Tiempo de lectura":"1 minuto"},"schema":{"@context":"https:\/\/schema.org","@graph":[{"@type":"WebPage","@id":"https:\/\/www.asajacyl.com\/palencia\/asaja-palencia-informa\/el-fega-publica-el-importe-del-pago-asociado-a-los-cultivos-proteicos","url":"https:\/\/www.asajacyl.com\/palencia\/asaja-palencia-informa\/el-fega-publica-el-importe-del-pago-asociado-a-los-cultivos-proteicos","name":"El FEGA publica el importe del pago asociado a los cultivos proteicos - ASAJA Palencia","isPartOf":{"@id":"https:\/\/www.asajacyl.com\/palencia\/#website"},"primaryImageOfPage":{"@id":"https:\/\/www.asajacyl.com\/palencia\/asaja-palencia-informa\/el-fega-publica-el-importe-del-pago-asociado-a-los-cultivos-proteicos#primaryimage"},"image":{"@id":"https:\/\/www.asajacyl.com\/palencia\/asaja-palencia-informa\/el-fega-publica-el-importe-del-pago-asociado-a-los-cultivos-proteicos#primaryimage"},"thumbnailUrl":"https:\/\/www.asajacyl.com\/palencia\/wp-content\/uploads\/sites\/3\/2021\/04\/VEZA-e1619503356419.jpg","datePublished":"2022-03-17T13:11:00+00:00","author":{"@id":"https:\/\/www.asajacyl.com\/palencia\/#\/schema\/person\/3ab17aeb03527485c317557fae64aab1"},"description":"El FEGA ha publicado el importe definitivo del pago asociado a los pagos proteicos. Esta ayuda est\u00e1 destinada a dos tipos de cultivos: Proteaginosas y","breadcrumb":{"@id":"https:\/\/www.asajacyl.com\/palencia\/asaja-palencia-informa\/el-fega-publica-el-importe-del-pago-asociado-a-los-cultivos-proteicos#breadcrumb"},"inLanguage":"es","potentialAction":[{"@type":"ReadAction","target":["https:\/\/www.asajacyl.com\/palencia\/asaja-palencia-informa\/el-fega-publica-el-importe-del-pago-asociado-a-los-cultivos-proteicos"]}]},{"@type":"ImageObject","inLanguage":"es","@id":"https:\/\/www.asajacyl.com\/palencia\/asaja-palencia-informa\/el-fega-publica-el-importe-del-pago-asociado-a-los-cultivos-proteicos#primaryimage","url":"https:\/\/www.asajacyl.com\/palencia\/wp-content\/uploads\/sites\/3\/2021\/04\/VEZA-e1619503356419.jpg","contentUrl":"https:\/\/www.asajacyl.com\/palencia\/wp-content\/uploads\/sites\/3\/2021\/04\/VEZA-e1619503356419.jpg","width":1600,"height":1068},{"@type":"BreadcrumbList","@id":"https:\/\/www.asajacyl.com\/palencia\/asaja-palencia-informa\/el-fega-publica-el-importe-del-pago-asociado-a-los-cultivos-proteicos#breadcrumb","itemListElement":[{"@type":"ListItem","position":1,"name":"Portada","item":"https:\/\/www.asajacyl.com\/palencia\/"},{"@type":"ListItem","position":2,"name":"El FEGA publica el importe del pago asociado a los cultivos proteicos"}]},{"@type":"WebSite","@id":"https:\/\/www.asajacyl.com\/palencia\/#website","url":"https:\/\/www.asajacyl.com\/palencia\/","name":"ASAJA Palencia","description":"Otro sitio m\u00e1s de Provincias ASAJA Castilla y Le\u00f3n","potentialAction":[{"@type":"SearchAction","target":{"@type":"EntryPoint","urlTemplate":"https:\/\/www.asajacyl.com\/palencia\/?s={search_term_string}"},"query-input":{"@type":"PropertyValueSpecification","valueRequired":true,"valueName":"search_term_string"}}],"inLanguage":"es"},{"@type":"Person","@id":"https:\/\/www.asajacyl.com\/palencia\/#\/schema\/person\/3ab17aeb03527485c317557fae64aab1","name":"Administrador","image":{"@type":"ImageObject","inLanguage":"es","@id":"https:\/\/www.asajacyl.com\/palencia\/#\/schema\/person\/image\/","url":"https:\/\/secure.gravatar.com\/avatar\/517384810d242ca9e38c180f3c9fb973?s=96&d=mm&r=g","contentUrl":"https:\/\/secure.gravatar.com\/avatar\/517384810d242ca9e38c180f3c9fb973?s=96&d=mm&r=g","caption":"Administrador"},"url":"https:\/\/www.asajacyl.com\/palencia\/author\/carlosrm"}]}},"_links":{"self":[{"href":"https:\/\/www.asajacyl.com\/palencia\/wp-json\/wp\/v2\/posts\/10039"}],"collection":[{"href":"https:\/\/www.asajacyl.com\/palencia\/wp-json\/wp\/v2\/posts"}],"about":[{"href":"https:\/\/www.asajacyl.com\/palencia\/wp-json\/wp\/v2\/types\/post"}],"author":[{"embeddable":true,"href":"https:\/\/www.asajacyl.com\/palencia\/wp-json\/wp\/v2\/users\/9"}],"replies":[{"embeddable":true,"href":"https:\/\/www.asajacyl.com\/palencia\/wp-json\/wp\/v2\/comments?post=10039"}],"version-history":[{"count":3,"href":"https:\/\/www.asajacyl.com\/palencia\/wp-json\/wp\/v2\/posts\/10039\/revisions"}],"predecessor-version":[{"id":10070,"href":"https:\/\/www.asajacyl.com\/palencia\/wp-json\/wp\/v2\/posts\/10039\/revisions\/10070"}],"wp:featuredmedia":[{"embeddable":true,"href":"https:\/\/www.asajacyl.com\/palencia\/wp-json\/wp\/v2\/media\/8199"}],"wp:attachment":[{"href":"https:\/\/www.asajacyl.com\/palencia\/wp-json\/wp\/v2\/media?parent=10039"}],"wp:term":[{"taxonomy":"category","embeddable":true,"href":"https:\/\/www.asajacyl.com\/palencia\/wp-json\/wp\/v2\/categories?post=10039"},{"taxonomy":"post_tag","embeddable":true,"href":"https:\/\/www.asajacyl.com\/palencia\/wp-json\/wp\/v2\/tags?post=10039"}],"curies":[{"name":"wp","href":"https:\/\/api.w.org\/{rel}","templated":true}]}}