{"id":10049,"date":"2022-03-15T08:23:27","date_gmt":"2022-03-15T07:23:27","guid":{"rendered":"https:\/\/www.asajacyl.com\/palencia\/?p=10049"},"modified":"2022-03-15T08:23:28","modified_gmt":"2022-03-15T07:23:28","slug":"el-20m-rural-preve-reunir-a-mas-de-200-000-personas-para-reivindicar-un-futuro-para-el-campo","status":"publish","type":"post","link":"https:\/\/www.asajacyl.com\/palencia\/asaja-palencia-informa\/el-20m-rural-preve-reunir-a-mas-de-200-000-personas-para-reivindicar-un-futuro-para-el-campo","title":{"rendered":"El 20M Rural prev\u00e9 reunir a m\u00e1s de 200.000 personas para reivindicar un futuro para el campo"},"content":{"rendered":"\n<p><strong><em>La previsi\u00f3n de una asistencia masiva, con m\u00e1s de 1.500 autobuses, ha obligado a la organizaci\u00f3n a cambiar el itinerario de la marcha<\/em><\/strong><\/p>\n\n\n\n<p>Los organizadores de la manifestaci\u00f3n del mundo rural que se celebrar\u00e1 en Madrid el pr\u00f3ximo 20 de marzo, (ASAJA, COAG, UPA, Real Federaci\u00f3n Espa\u00f1ola de Caza (RFEC), Oficina Nacional de la Caza (ONC), Alianza Rural, Uni\u00f3n de Criadores del Toro de Lidia (UCTL), Federaci\u00f3n Nacional de Comunidades de Regantes de Espa\u00f1a (FENACORE) y Cooperativas Agro-alimentarias), prev\u00e9n la asistencia de m\u00e1s de 200.000 personas en lo que se presenta como una cita hist\u00f3rica para reivindicar un futuro para el mundo rural y las actividades que lo sustentan.<\/p>\n\n\n\n<p>La cita comenzar\u00e1 a las 11:00 horas en la Plaza Emperador Carlos V, frente al Ministerio de Agricultura, en Atocha, lo que supone un cambio en el itinerario anunciado hasta el momento, debido precisamente a la previsi\u00f3n de asistencia masiva de manifestantes, que obliga a cambiar el inicio de la misma con el objeto de que los m\u00e1s de 1.500 autobuses puedan acceder al punto de encuentro con facilidad.<\/p>\n\n\n\n<p>Posteriormente, la manifestaci\u00f3n recorrer\u00e1 el Paseo de La Castellana para llegar a la Plaza de San Juan de la Cruz, sede del Ministerio de Transici\u00f3n Ecol\u00f3gica, una de las administraciones responsables de la dif\u00edcil situaci\u00f3n que atraviesa el mundo rural espa\u00f1ol.<\/p>\n\n\n\n<p>El 20 M Rural se presenta como una cita hist\u00f3rica que reunir\u00e1 por primera vez a sectores como el de la agricultura, la ganader\u00eda, la caza, la pesca y otros muchos relacionados con el mundo rural, pero tambi\u00e9n a muchos otros afectados por las pol\u00edticas de las distintas administraciones auton\u00f3micas, gobierno central y las instituciones comunitarias (UE).<\/p>\n\n\n\n<p>En la manifestaci\u00f3n, los asistentes alzar\u00e1n la voz frente al abandono del mundo rural por parte del Gobierno y frente a unas pol\u00edticas incapaces de resolver los problemas que afectan a los hombres y mujeres del campo, que se est\u00e1n viendo obligados a abandonar su forma de vida y sus costumbres.<\/p>\n\n\n\n<p>Desde la organizaci\u00f3n hacen un llamamiento a la asistencia masiva a todos aquellos que desean una agricultura y ganader\u00eda viables como motor econ\u00f3mico del medio rural, conservar las tradiciones, usos y costumbres del campo y a quienes deseen apoyar la existencia de un mundo rural vivo.<\/p>\n","protected":false},"excerpt":{"rendered":"<p>La previsi\u00f3n de una asistencia masiva, con m\u00e1s de 1.500 autobuses, ha obligado a la organizaci\u00f3n a cambiar el itinerario de la marcha Los organizadores de la manifestaci\u00f3n del mundo rural que se celebrar\u00e1 en Madrid el pr\u00f3ximo 20 de marzo, (ASAJA, COAG, UPA, Real Federaci\u00f3n Espa\u00f1ola de Caza (RFEC), Oficina Nacional de la Caza [&hellip;]<\/p>\n","protected":false},"author":9,"featured_media":10050,"comment_status":"open","ping_status":"open","sticky":false,"template":"","format":"standard","meta":{"footnotes":""},"categories":[9,29,28],"tags":[],"yoast_head":"<!-- This site is optimized with the Yoast SEO plugin v24.5 - https:\/\/yoast.com\/wordpress\/plugins\/seo\/ -->\n<title>El 20M Rural prev\u00e9 reunir a m\u00e1s de 200.000 personas para reivindicar un futuro para el campo - ASAJA Palencia<\/title>\n<meta name=\"description\" content=\"La previsi\u00f3n de una asistencia masiva, con m\u00e1s de 1.500 autobuses, ha obligado a la organizaci\u00f3n a cambiar el itinerario de la marcha Los organizadores de\" \/>\n<meta name=\"robots\" content=\"index, follow, max-snippet:-1, max-image-preview:large, max-video-preview:-1\" \/>\n<link rel=\"canonical\" href=\"https:\/\/www.asajacyl.com\/palencia\/asaja-palencia-informa\/el-20m-rural-preve-reunir-a-mas-de-200-000-personas-para-reivindicar-un-futuro-para-el-campo\" \/>\n<meta property=\"og:locale\" content=\"es_ES\" \/>\n<meta property=\"og:type\" content=\"article\" \/>\n<meta property=\"og:title\" content=\"El 20M Rural prev\u00e9 reunir a m\u00e1s de 200.000 personas para reivindicar un futuro para el campo - ASAJA Palencia\" \/>\n<meta property=\"og:description\" content=\"La previsi\u00f3n de una asistencia masiva, con m\u00e1s de 1.500 autobuses, ha obligado a la organizaci\u00f3n a cambiar el itinerario de la marcha Los organizadores de\" \/>\n<meta property=\"og:url\" content=\"https:\/\/www.asajacyl.com\/palencia\/asaja-palencia-informa\/el-20m-rural-preve-reunir-a-mas-de-200-000-personas-para-reivindicar-un-futuro-para-el-campo\" \/>\n<meta property=\"og:site_name\" content=\"ASAJA Palencia\" \/>\n<meta property=\"article:published_time\" content=\"2022-03-15T07:23:27+00:00\" \/>\n<meta property=\"article:modified_time\" content=\"2022-03-15T07:23:28+00:00\" \/>\n<meta property=\"og:image\" content=\"https:\/\/www.asajacyl.com\/palencia\/wp-content\/uploads\/sites\/3\/2022\/03\/MANIFESTACION-20M.jpg\" \/>\n\t<meta property=\"og:image:width\" content=\"716\" \/>\n\t<meta property=\"og:image:height\" content=\"1024\" \/>\n\t<meta property=\"og:image:type\" content=\"image\/jpeg\" \/>\n<meta name=\"author\" content=\"Administrador\" \/>\n<meta name=\"twitter:card\" content=\"summary_large_image\" \/>\n<meta name=\"twitter:label1\" content=\"Escrito por\" \/>\n\t<meta name=\"twitter:data1\" content=\"Administrador\" \/>\n\t<meta name=\"twitter:label2\" content=\"Tiempo de lectura\" \/>\n\t<meta name=\"twitter:data2\" content=\"2 minutos\" \/>\n<script type=\"application\/ld+json\" class=\"yoast-schema-graph\">{\"@context\":\"https:\/\/schema.org\",\"@graph\":[{\"@type\":\"WebPage\",\"@id\":\"https:\/\/www.asajacyl.com\/palencia\/asaja-palencia-informa\/el-20m-rural-preve-reunir-a-mas-de-200-000-personas-para-reivindicar-un-futuro-para-el-campo\",\"url\":\"https:\/\/www.asajacyl.com\/palencia\/asaja-palencia-informa\/el-20m-rural-preve-reunir-a-mas-de-200-000-personas-para-reivindicar-un-futuro-para-el-campo\",\"name\":\"El 20M Rural prev\u00e9 reunir a m\u00e1s de 200.000 personas para reivindicar un futuro para el campo - ASAJA Palencia\",\"isPartOf\":{\"@id\":\"https:\/\/www.asajacyl.com\/palencia\/#website\"},\"primaryImageOfPage\":{\"@id\":\"https:\/\/www.asajacyl.com\/palencia\/asaja-palencia-informa\/el-20m-rural-preve-reunir-a-mas-de-200-000-personas-para-reivindicar-un-futuro-para-el-campo#primaryimage\"},\"image\":{\"@id\":\"https:\/\/www.asajacyl.com\/palencia\/asaja-palencia-informa\/el-20m-rural-preve-reunir-a-mas-de-200-000-personas-para-reivindicar-un-futuro-para-el-campo#primaryimage\"},\"thumbnailUrl\":\"https:\/\/www.asajacyl.com\/palencia\/wp-content\/uploads\/sites\/3\/2022\/03\/MANIFESTACION-20M.jpg\",\"datePublished\":\"2022-03-15T07:23:27+00:00\",\"dateModified\":\"2022-03-15T07:23:28+00:00\",\"author\":{\"@id\":\"https:\/\/www.asajacyl.com\/palencia\/#\/schema\/person\/3ab17aeb03527485c317557fae64aab1\"},\"description\":\"La previsi\u00f3n de una asistencia masiva, con m\u00e1s de 1.500 autobuses, ha obligado a la organizaci\u00f3n a cambiar el itinerario de la marcha Los organizadores de\",\"breadcrumb\":{\"@id\":\"https:\/\/www.asajacyl.com\/palencia\/asaja-palencia-informa\/el-20m-rural-preve-reunir-a-mas-de-200-000-personas-para-reivindicar-un-futuro-para-el-campo#breadcrumb\"},\"inLanguage\":\"es\",\"potentialAction\":[{\"@type\":\"ReadAction\",\"target\":[\"https:\/\/www.asajacyl.com\/palencia\/asaja-palencia-informa\/el-20m-rural-preve-reunir-a-mas-de-200-000-personas-para-reivindicar-un-futuro-para-el-campo\"]}]},{\"@type\":\"ImageObject\",\"inLanguage\":\"es\",\"@id\":\"https:\/\/www.asajacyl.com\/palencia\/asaja-palencia-informa\/el-20m-rural-preve-reunir-a-mas-de-200-000-personas-para-reivindicar-un-futuro-para-el-campo#primaryimage\",\"url\":\"https:\/\/www.asajacyl.com\/palencia\/wp-content\/uploads\/sites\/3\/2022\/03\/MANIFESTACION-20M.jpg\",\"contentUrl\":\"https:\/\/www.asajacyl.com\/palencia\/wp-content\/uploads\/sites\/3\/2022\/03\/MANIFESTACION-20M.jpg\",\"width\":716,\"height\":1024},{\"@type\":\"BreadcrumbList\",\"@id\":\"https:\/\/www.asajacyl.com\/palencia\/asaja-palencia-informa\/el-20m-rural-preve-reunir-a-mas-de-200-000-personas-para-reivindicar-un-futuro-para-el-campo#breadcrumb\",\"itemListElement\":[{\"@type\":\"ListItem\",\"position\":1,\"name\":\"Portada\",\"item\":\"https:\/\/www.asajacyl.com\/palencia\/\"},{\"@type\":\"ListItem\",\"position\":2,\"name\":\"El 20M Rural prev\u00e9 reunir a m\u00e1s de 200.000 personas para reivindicar un futuro para el campo\"}]},{\"@type\":\"WebSite\",\"@id\":\"https:\/\/www.asajacyl.com\/palencia\/#website\",\"url\":\"https:\/\/www.asajacyl.com\/palencia\/\",\"name\":\"ASAJA Palencia\",\"description\":\"Otro sitio m\u00e1s de Provincias ASAJA Castilla y Le\u00f3n\",\"potentialAction\":[{\"@type\":\"SearchAction\",\"target\":{\"@type\":\"EntryPoint\",\"urlTemplate\":\"https:\/\/www.asajacyl.com\/palencia\/?s={search_term_string}\"},\"query-input\":{\"@type\":\"PropertyValueSpecification\",\"valueRequired\":true,\"valueName\":\"search_term_string\"}}],\"inLanguage\":\"es\"},{\"@type\":\"Person\",\"@id\":\"https:\/\/www.asajacyl.com\/palencia\/#\/schema\/person\/3ab17aeb03527485c317557fae64aab1\",\"name\":\"Administrador\",\"image\":{\"@type\":\"ImageObject\",\"inLanguage\":\"es\",\"@id\":\"https:\/\/www.asajacyl.com\/palencia\/#\/schema\/person\/image\/\",\"url\":\"https:\/\/secure.gravatar.com\/avatar\/517384810d242ca9e38c180f3c9fb973?s=96&d=mm&r=g\",\"contentUrl\":\"https:\/\/secure.gravatar.com\/avatar\/517384810d242ca9e38c180f3c9fb973?s=96&d=mm&r=g\",\"caption\":\"Administrador\"},\"url\":\"https:\/\/www.asajacyl.com\/palencia\/author\/carlosrm\"}]}<\/script>\n<!-- \/ Yoast SEO plugin. -->","yoast_head_json":{"title":"El 20M Rural prev\u00e9 reunir a m\u00e1s de 200.000 personas para reivindicar un futuro para el campo - ASAJA Palencia","description":"La previsi\u00f3n de una asistencia masiva, con m\u00e1s de 1.500 autobuses, ha obligado a la organizaci\u00f3n a cambiar el itinerario de la marcha Los organizadores de","robots":{"index":"index","follow":"follow","max-snippet":"max-snippet:-1","max-image-preview":"max-image-preview:large","max-video-preview":"max-video-preview:-1"},"canonical":"https:\/\/www.asajacyl.com\/palencia\/asaja-palencia-informa\/el-20m-rural-preve-reunir-a-mas-de-200-000-personas-para-reivindicar-un-futuro-para-el-campo","og_locale":"es_ES","og_type":"article","og_title":"El 20M Rural prev\u00e9 reunir a m\u00e1s de 200.000 personas para reivindicar un futuro para el campo - ASAJA Palencia","og_description":"La previsi\u00f3n de una asistencia masiva, con m\u00e1s de 1.500 autobuses, ha obligado a la organizaci\u00f3n a cambiar el itinerario de la marcha Los organizadores de","og_url":"https:\/\/www.asajacyl.com\/palencia\/asaja-palencia-informa\/el-20m-rural-preve-reunir-a-mas-de-200-000-personas-para-reivindicar-un-futuro-para-el-campo","og_site_name":"ASAJA Palencia","article_published_time":"2022-03-15T07:23:27+00:00","article_modified_time":"2022-03-15T07:23:28+00:00","og_image":[{"width":716,"height":1024,"url":"https:\/\/www.asajacyl.com\/palencia\/wp-content\/uploads\/sites\/3\/2022\/03\/MANIFESTACION-20M.jpg","type":"image\/jpeg"}],"author":"Administrador","twitter_card":"summary_large_image","twitter_misc":{"Escrito por":"Administrador","Tiempo de lectura":"2 minutos"},"schema":{"@context":"https:\/\/schema.org","@graph":[{"@type":"WebPage","@id":"https:\/\/www.asajacyl.com\/palencia\/asaja-palencia-informa\/el-20m-rural-preve-reunir-a-mas-de-200-000-personas-para-reivindicar-un-futuro-para-el-campo","url":"https:\/\/www.asajacyl.com\/palencia\/asaja-palencia-informa\/el-20m-rural-preve-reunir-a-mas-de-200-000-personas-para-reivindicar-un-futuro-para-el-campo","name":"El 20M Rural prev\u00e9 reunir a m\u00e1s de 200.000 personas para reivindicar un futuro para el campo - ASAJA Palencia","isPartOf":{"@id":"https:\/\/www.asajacyl.com\/palencia\/#website"},"primaryImageOfPage":{"@id":"https:\/\/www.asajacyl.com\/palencia\/asaja-palencia-informa\/el-20m-rural-preve-reunir-a-mas-de-200-000-personas-para-reivindicar-un-futuro-para-el-campo#primaryimage"},"image":{"@id":"https:\/\/www.asajacyl.com\/palencia\/asaja-palencia-informa\/el-20m-rural-preve-reunir-a-mas-de-200-000-personas-para-reivindicar-un-futuro-para-el-campo#primaryimage"},"thumbnailUrl":"https:\/\/www.asajacyl.com\/palencia\/wp-content\/uploads\/sites\/3\/2022\/03\/MANIFESTACION-20M.jpg","datePublished":"2022-03-15T07:23:27+00:00","dateModified":"2022-03-15T07:23:28+00:00","author":{"@id":"https:\/\/www.asajacyl.com\/palencia\/#\/schema\/person\/3ab17aeb03527485c317557fae64aab1"},"description":"La previsi\u00f3n de una asistencia masiva, con m\u00e1s de 1.500 autobuses, ha obligado a la organizaci\u00f3n a cambiar el itinerario de la marcha Los organizadores de","breadcrumb":{"@id":"https:\/\/www.asajacyl.com\/palencia\/asaja-palencia-informa\/el-20m-rural-preve-reunir-a-mas-de-200-000-personas-para-reivindicar-un-futuro-para-el-campo#breadcrumb"},"inLanguage":"es","potentialAction":[{"@type":"ReadAction","target":["https:\/\/www.asajacyl.com\/palencia\/asaja-palencia-informa\/el-20m-rural-preve-reunir-a-mas-de-200-000-personas-para-reivindicar-un-futuro-para-el-campo"]}]},{"@type":"ImageObject","inLanguage":"es","@id":"https:\/\/www.asajacyl.com\/palencia\/asaja-palencia-informa\/el-20m-rural-preve-reunir-a-mas-de-200-000-personas-para-reivindicar-un-futuro-para-el-campo#primaryimage","url":"https:\/\/www.asajacyl.com\/palencia\/wp-content\/uploads\/sites\/3\/2022\/03\/MANIFESTACION-20M.jpg","contentUrl":"https:\/\/www.asajacyl.com\/palencia\/wp-content\/uploads\/sites\/3\/2022\/03\/MANIFESTACION-20M.jpg","width":716,"height":1024},{"@type":"BreadcrumbList","@id":"https:\/\/www.asajacyl.com\/palencia\/asaja-palencia-informa\/el-20m-rural-preve-reunir-a-mas-de-200-000-personas-para-reivindicar-un-futuro-para-el-campo#breadcrumb","itemListElement":[{"@type":"ListItem","position":1,"name":"Portada","item":"https:\/\/www.asajacyl.com\/palencia\/"},{"@type":"ListItem","position":2,"name":"El 20M Rural prev\u00e9 reunir a m\u00e1s de 200.000 personas para reivindicar un futuro para el campo"}]},{"@type":"WebSite","@id":"https:\/\/www.asajacyl.com\/palencia\/#website","url":"https:\/\/www.asajacyl.com\/palencia\/","name":"ASAJA Palencia","description":"Otro sitio m\u00e1s de Provincias ASAJA Castilla y Le\u00f3n","potentialAction":[{"@type":"SearchAction","target":{"@type":"EntryPoint","urlTemplate":"https:\/\/www.asajacyl.com\/palencia\/?s={search_term_string}"},"query-input":{"@type":"PropertyValueSpecification","valueRequired":true,"valueName":"search_term_string"}}],"inLanguage":"es"},{"@type":"Person","@id":"https:\/\/www.asajacyl.com\/palencia\/#\/schema\/person\/3ab17aeb03527485c317557fae64aab1","name":"Administrador","image":{"@type":"ImageObject","inLanguage":"es","@id":"https:\/\/www.asajacyl.com\/palencia\/#\/schema\/person\/image\/","url":"https:\/\/secure.gravatar.com\/avatar\/517384810d242ca9e38c180f3c9fb973?s=96&d=mm&r=g","contentUrl":"https:\/\/secure.gravatar.com\/avatar\/517384810d242ca9e38c180f3c9fb973?s=96&d=mm&r=g","caption":"Administrador"},"url":"https:\/\/www.asajacyl.com\/palencia\/author\/carlosrm"}]}},"_links":{"self":[{"href":"https:\/\/www.asajacyl.com\/palencia\/wp-json\/wp\/v2\/posts\/10049"}],"collection":[{"href":"https:\/\/www.asajacyl.com\/palencia\/wp-json\/wp\/v2\/posts"}],"about":[{"href":"https:\/\/www.asajacyl.com\/palencia\/wp-json\/wp\/v2\/types\/post"}],"author":[{"embeddable":true,"href":"https:\/\/www.asajacyl.com\/palencia\/wp-json\/wp\/v2\/users\/9"}],"replies":[{"embeddable":true,"href":"https:\/\/www.asajacyl.com\/palencia\/wp-json\/wp\/v2\/comments?post=10049"}],"version-history":[{"count":1,"href":"https:\/\/www.asajacyl.com\/palencia\/wp-json\/wp\/v2\/posts\/10049\/revisions"}],"predecessor-version":[{"id":10051,"href":"https:\/\/www.asajacyl.com\/palencia\/wp-json\/wp\/v2\/posts\/10049\/revisions\/10051"}],"wp:featuredmedia":[{"embeddable":true,"href":"https:\/\/www.asajacyl.com\/palencia\/wp-json\/wp\/v2\/media\/10050"}],"wp:attachment":[{"href":"https:\/\/www.asajacyl.com\/palencia\/wp-json\/wp\/v2\/media?parent=10049"}],"wp:term":[{"taxonomy":"category","embeddable":true,"href":"https:\/\/www.asajacyl.com\/palencia\/wp-json\/wp\/v2\/categories?post=10049"},{"taxonomy":"post_tag","embeddable":true,"href":"https:\/\/www.asajacyl.com\/palencia\/wp-json\/wp\/v2\/tags?post=10049"}],"curies":[{"name":"wp","href":"https:\/\/api.w.org\/{rel}","templated":true}]}}