{"id":10054,"date":"2022-03-15T16:16:00","date_gmt":"2022-03-15T15:16:00","guid":{"rendered":"https:\/\/www.asajacyl.com\/palencia\/?p=10054"},"modified":"2022-03-15T13:45:49","modified_gmt":"2022-03-15T12:45:49","slug":"la-organizacion-del-20-de-marzo-hace-un-llamamiento-a-toda-la-poblacion-espanola-a-sumarse-a-la-defensa-del-futuro-del-campo","status":"publish","type":"post","link":"https:\/\/www.asajacyl.com\/palencia\/asaja-palencia-informa\/la-organizacion-del-20-de-marzo-hace-un-llamamiento-a-toda-la-poblacion-espanola-a-sumarse-a-la-defensa-del-futuro-del-campo","title":{"rendered":"La organizaci\u00f3n del 20 de marzo hace un llamamiento a toda la poblaci\u00f3n espa\u00f1ola a sumarse a la defensa del futuro del campo"},"content":{"rendered":"\n<p><br>Los organizadores de la manifestaci\u00f3n del Mundo Rural convocada el pr\u00f3ximo 20 de marzo en Madrid (ASAJA, COAG, UPA, Real Federaci\u00f3n Espa\u00f1ola de Caza (RFEC), Oficina Nacional de la Caza (ONC), Alianza Rural, Uni\u00f3n de Criadores del Toro de Lidia (UCTL), Federaci\u00f3n Nacional de Comunidades de Regantes de Espa\u00f1a (FENACORE) y Cooperativas Agro-alimentarias) han realizado un llamamiento a toda la poblaci\u00f3n espa\u00f1ola comprometida con la supervivencia del campo porque, aseguran, el futuro del campo es cosa de todos.<\/p>\n\n\n\n<p>A la cita se prev\u00e9 la asistencia de m\u00e1s de 200.000 personas provenientes de todos los puntos del pa\u00eds, especialmente de aquellas zonas en las que actividades ligadas al medio rural como la agricultura, la ganader\u00eda o la caza son una fuente principal de subsistencia y desarrollo.<\/p>\n\n\n\n<p>En este sentido, se espera la llegada de m\u00e1s de 1.500 autobuses movilizados por distintas organizaciones, entidades y particulares del mundo rural, para lo que se ha preparado un dispositivo hist\u00f3rico que garantice la llegada segura y escalonada de todos los participantes.<\/p>\n\n\n\n<p>Pero los organizadores quieren extender la participaci\u00f3n a cualquier persona que quiera defender un mundo rural vivo, puesto que el abandono del campo no solo afecta a quienes viven en \u00e9l, sino a toda la sociedad que consume sus productos, respira el ox\u00edgeno de sus plantas y disfruta de su tranquilidad cuando busca descanso.<\/p>\n\n\n\n<p>La cita comenzar\u00e1 a las 11:00 horas en la Plaza Emperador Carlos V, frente al Ministerio de Agricultura, tras haber tenido que cambiar el recorrido ante la previsi\u00f3n de asistencia masiva de manifestantes. Recorrer\u00e1 el Paseo de la Castellana para llegar a la Fuente de San Juan de la Cruz, a las puertas del Ministerio de Transici\u00f3n Ecol\u00f3gica, administraci\u00f3n responsable de muchos de los problemas que afectan al campo.<\/p>\n\n\n\n<p>Para las organizaciones promotoras de la manifestaci\u00f3n, es muy importante que toda la sociedad, tambi\u00e9n quienes viven en las ciudades y est\u00e1n m\u00e1s alejados del campo, se una al mundo rural y muestren su apoyo y fuerza a unos sectores que son vitales para el pa\u00eds y que est\u00e1n cada d\u00eda m\u00e1s asfixiados.<\/p>\n\n\n\n<p>Por otro lado, las organizaciones convocantes han recalcado el car\u00e1cter apol\u00edtico de la movilizaci\u00f3n, ya que el verdadero protagonista de la manifestaci\u00f3n es el campo espa\u00f1ol y todo el mundo rural.<\/p>\n\n\n\n<p>Es el momento de unir nuestras voces frente a unas pol\u00edticas ineficaces que est\u00e1n dando la espalda a quienes trabajan d\u00eda a d\u00eda para llenar las neveras de todos los espa\u00f1oles y para cuidar de un medio ambiente que todos necesitamos y del que todos disfrutamos.<\/p>\n","protected":false},"excerpt":{"rendered":"<p>Los organizadores de la manifestaci\u00f3n del Mundo Rural convocada el pr\u00f3ximo 20 de marzo en Madrid (ASAJA, COAG, UPA, Real Federaci\u00f3n Espa\u00f1ola de Caza (RFEC), Oficina Nacional de la Caza (ONC), Alianza Rural, Uni\u00f3n de Criadores del Toro de Lidia (UCTL), Federaci\u00f3n Nacional de Comunidades de Regantes de Espa\u00f1a (FENACORE) y Cooperativas Agro-alimentarias) han realizado [&hellip;]<\/p>\n","protected":false},"author":9,"featured_media":10058,"comment_status":"open","ping_status":"open","sticky":false,"template":"","format":"standard","meta":{"footnotes":""},"categories":[9,29,28],"tags":[],"yoast_head":"<!-- This site is optimized with the Yoast SEO plugin v24.5 - https:\/\/yoast.com\/wordpress\/plugins\/seo\/ -->\n<title>La organizaci\u00f3n del 20 de marzo hace un llamamiento a toda la poblaci\u00f3n espa\u00f1ola a sumarse a la defensa del futuro del campo - ASAJA Palencia<\/title>\n<meta name=\"description\" content=\"Los organizadores de la manifestaci\u00f3n del Mundo Rural convocada el pr\u00f3ximo 20 de marzo en Madrid (ASAJA, COAG, UPA, Real Federaci\u00f3n Espa\u00f1ola de Caza\" \/>\n<meta name=\"robots\" content=\"index, follow, max-snippet:-1, max-image-preview:large, max-video-preview:-1\" \/>\n<link rel=\"canonical\" href=\"https:\/\/www.asajacyl.com\/palencia\/asaja-palencia-informa\/la-organizacion-del-20-de-marzo-hace-un-llamamiento-a-toda-la-poblacion-espanola-a-sumarse-a-la-defensa-del-futuro-del-campo\" \/>\n<meta property=\"og:locale\" content=\"es_ES\" \/>\n<meta property=\"og:type\" content=\"article\" \/>\n<meta property=\"og:title\" content=\"La organizaci\u00f3n del 20 de marzo hace un llamamiento a toda la poblaci\u00f3n espa\u00f1ola a sumarse a la defensa del futuro del campo - ASAJA Palencia\" \/>\n<meta property=\"og:description\" content=\"Los organizadores de la manifestaci\u00f3n del Mundo Rural convocada el pr\u00f3ximo 20 de marzo en Madrid (ASAJA, COAG, UPA, Real Federaci\u00f3n Espa\u00f1ola de Caza\" \/>\n<meta property=\"og:url\" content=\"https:\/\/www.asajacyl.com\/palencia\/asaja-palencia-informa\/la-organizacion-del-20-de-marzo-hace-un-llamamiento-a-toda-la-poblacion-espanola-a-sumarse-a-la-defensa-del-futuro-del-campo\" \/>\n<meta property=\"og:site_name\" content=\"ASAJA Palencia\" \/>\n<meta property=\"article:published_time\" content=\"2022-03-15T15:16:00+00:00\" \/>\n<meta property=\"og:image\" content=\"https:\/\/www.asajacyl.com\/palencia\/wp-content\/uploads\/sites\/3\/2022\/03\/CARTEL-20M.jpg\" \/>\n\t<meta property=\"og:image:width\" content=\"1587\" \/>\n\t<meta property=\"og:image:height\" content=\"2245\" \/>\n\t<meta property=\"og:image:type\" content=\"image\/jpeg\" \/>\n<meta name=\"author\" content=\"Administrador\" \/>\n<meta name=\"twitter:card\" content=\"summary_large_image\" \/>\n<meta name=\"twitter:label1\" content=\"Escrito por\" \/>\n\t<meta name=\"twitter:data1\" content=\"Administrador\" \/>\n\t<meta name=\"twitter:label2\" content=\"Tiempo de lectura\" \/>\n\t<meta name=\"twitter:data2\" content=\"2 minutos\" \/>\n<script type=\"application\/ld+json\" class=\"yoast-schema-graph\">{\"@context\":\"https:\/\/schema.org\",\"@graph\":[{\"@type\":\"WebPage\",\"@id\":\"https:\/\/www.asajacyl.com\/palencia\/asaja-palencia-informa\/la-organizacion-del-20-de-marzo-hace-un-llamamiento-a-toda-la-poblacion-espanola-a-sumarse-a-la-defensa-del-futuro-del-campo\",\"url\":\"https:\/\/www.asajacyl.com\/palencia\/asaja-palencia-informa\/la-organizacion-del-20-de-marzo-hace-un-llamamiento-a-toda-la-poblacion-espanola-a-sumarse-a-la-defensa-del-futuro-del-campo\",\"name\":\"La organizaci\u00f3n del 20 de marzo hace un llamamiento a toda la poblaci\u00f3n espa\u00f1ola a sumarse a la defensa del futuro del campo - ASAJA Palencia\",\"isPartOf\":{\"@id\":\"https:\/\/www.asajacyl.com\/palencia\/#website\"},\"primaryImageOfPage\":{\"@id\":\"https:\/\/www.asajacyl.com\/palencia\/asaja-palencia-informa\/la-organizacion-del-20-de-marzo-hace-un-llamamiento-a-toda-la-poblacion-espanola-a-sumarse-a-la-defensa-del-futuro-del-campo#primaryimage\"},\"image\":{\"@id\":\"https:\/\/www.asajacyl.com\/palencia\/asaja-palencia-informa\/la-organizacion-del-20-de-marzo-hace-un-llamamiento-a-toda-la-poblacion-espanola-a-sumarse-a-la-defensa-del-futuro-del-campo#primaryimage\"},\"thumbnailUrl\":\"https:\/\/www.asajacyl.com\/palencia\/wp-content\/uploads\/sites\/3\/2022\/03\/CARTEL-20M.jpg\",\"datePublished\":\"2022-03-15T15:16:00+00:00\",\"author\":{\"@id\":\"https:\/\/www.asajacyl.com\/palencia\/#\/schema\/person\/3ab17aeb03527485c317557fae64aab1\"},\"description\":\"Los organizadores de la manifestaci\u00f3n del Mundo Rural convocada el pr\u00f3ximo 20 de marzo en Madrid (ASAJA, COAG, UPA, Real Federaci\u00f3n Espa\u00f1ola de Caza\",\"breadcrumb\":{\"@id\":\"https:\/\/www.asajacyl.com\/palencia\/asaja-palencia-informa\/la-organizacion-del-20-de-marzo-hace-un-llamamiento-a-toda-la-poblacion-espanola-a-sumarse-a-la-defensa-del-futuro-del-campo#breadcrumb\"},\"inLanguage\":\"es\",\"potentialAction\":[{\"@type\":\"ReadAction\",\"target\":[\"https:\/\/www.asajacyl.com\/palencia\/asaja-palencia-informa\/la-organizacion-del-20-de-marzo-hace-un-llamamiento-a-toda-la-poblacion-espanola-a-sumarse-a-la-defensa-del-futuro-del-campo\"]}]},{\"@type\":\"ImageObject\",\"inLanguage\":\"es\",\"@id\":\"https:\/\/www.asajacyl.com\/palencia\/asaja-palencia-informa\/la-organizacion-del-20-de-marzo-hace-un-llamamiento-a-toda-la-poblacion-espanola-a-sumarse-a-la-defensa-del-futuro-del-campo#primaryimage\",\"url\":\"https:\/\/www.asajacyl.com\/palencia\/wp-content\/uploads\/sites\/3\/2022\/03\/CARTEL-20M.jpg\",\"contentUrl\":\"https:\/\/www.asajacyl.com\/palencia\/wp-content\/uploads\/sites\/3\/2022\/03\/CARTEL-20M.jpg\",\"width\":1587,\"height\":2245},{\"@type\":\"BreadcrumbList\",\"@id\":\"https:\/\/www.asajacyl.com\/palencia\/asaja-palencia-informa\/la-organizacion-del-20-de-marzo-hace-un-llamamiento-a-toda-la-poblacion-espanola-a-sumarse-a-la-defensa-del-futuro-del-campo#breadcrumb\",\"itemListElement\":[{\"@type\":\"ListItem\",\"position\":1,\"name\":\"Portada\",\"item\":\"https:\/\/www.asajacyl.com\/palencia\/\"},{\"@type\":\"ListItem\",\"position\":2,\"name\":\"La organizaci\u00f3n del 20 de marzo hace un llamamiento a toda la poblaci\u00f3n espa\u00f1ola a sumarse a la defensa del futuro del campo\"}]},{\"@type\":\"WebSite\",\"@id\":\"https:\/\/www.asajacyl.com\/palencia\/#website\",\"url\":\"https:\/\/www.asajacyl.com\/palencia\/\",\"name\":\"ASAJA Palencia\",\"description\":\"Otro sitio m\u00e1s de Provincias ASAJA Castilla y Le\u00f3n\",\"potentialAction\":[{\"@type\":\"SearchAction\",\"target\":{\"@type\":\"EntryPoint\",\"urlTemplate\":\"https:\/\/www.asajacyl.com\/palencia\/?s={search_term_string}\"},\"query-input\":{\"@type\":\"PropertyValueSpecification\",\"valueRequired\":true,\"valueName\":\"search_term_string\"}}],\"inLanguage\":\"es\"},{\"@type\":\"Person\",\"@id\":\"https:\/\/www.asajacyl.com\/palencia\/#\/schema\/person\/3ab17aeb03527485c317557fae64aab1\",\"name\":\"Administrador\",\"image\":{\"@type\":\"ImageObject\",\"inLanguage\":\"es\",\"@id\":\"https:\/\/www.asajacyl.com\/palencia\/#\/schema\/person\/image\/\",\"url\":\"https:\/\/secure.gravatar.com\/avatar\/517384810d242ca9e38c180f3c9fb973?s=96&d=mm&r=g\",\"contentUrl\":\"https:\/\/secure.gravatar.com\/avatar\/517384810d242ca9e38c180f3c9fb973?s=96&d=mm&r=g\",\"caption\":\"Administrador\"},\"url\":\"https:\/\/www.asajacyl.com\/palencia\/author\/carlosrm\"}]}<\/script>\n<!-- \/ Yoast SEO plugin. -->","yoast_head_json":{"title":"La organizaci\u00f3n del 20 de marzo hace un llamamiento a toda la poblaci\u00f3n espa\u00f1ola a sumarse a la defensa del futuro del campo - ASAJA Palencia","description":"Los organizadores de la manifestaci\u00f3n del Mundo Rural convocada el pr\u00f3ximo 20 de marzo en Madrid (ASAJA, COAG, UPA, Real Federaci\u00f3n Espa\u00f1ola de Caza","robots":{"index":"index","follow":"follow","max-snippet":"max-snippet:-1","max-image-preview":"max-image-preview:large","max-video-preview":"max-video-preview:-1"},"canonical":"https:\/\/www.asajacyl.com\/palencia\/asaja-palencia-informa\/la-organizacion-del-20-de-marzo-hace-un-llamamiento-a-toda-la-poblacion-espanola-a-sumarse-a-la-defensa-del-futuro-del-campo","og_locale":"es_ES","og_type":"article","og_title":"La organizaci\u00f3n del 20 de marzo hace un llamamiento a toda la poblaci\u00f3n espa\u00f1ola a sumarse a la defensa del futuro del campo - ASAJA Palencia","og_description":"Los organizadores de la manifestaci\u00f3n del Mundo Rural convocada el pr\u00f3ximo 20 de marzo en Madrid (ASAJA, COAG, UPA, Real Federaci\u00f3n Espa\u00f1ola de Caza","og_url":"https:\/\/www.asajacyl.com\/palencia\/asaja-palencia-informa\/la-organizacion-del-20-de-marzo-hace-un-llamamiento-a-toda-la-poblacion-espanola-a-sumarse-a-la-defensa-del-futuro-del-campo","og_site_name":"ASAJA Palencia","article_published_time":"2022-03-15T15:16:00+00:00","og_image":[{"width":1587,"height":2245,"url":"https:\/\/www.asajacyl.com\/palencia\/wp-content\/uploads\/sites\/3\/2022\/03\/CARTEL-20M.jpg","type":"image\/jpeg"}],"author":"Administrador","twitter_card":"summary_large_image","twitter_misc":{"Escrito por":"Administrador","Tiempo de lectura":"2 minutos"},"schema":{"@context":"https:\/\/schema.org","@graph":[{"@type":"WebPage","@id":"https:\/\/www.asajacyl.com\/palencia\/asaja-palencia-informa\/la-organizacion-del-20-de-marzo-hace-un-llamamiento-a-toda-la-poblacion-espanola-a-sumarse-a-la-defensa-del-futuro-del-campo","url":"https:\/\/www.asajacyl.com\/palencia\/asaja-palencia-informa\/la-organizacion-del-20-de-marzo-hace-un-llamamiento-a-toda-la-poblacion-espanola-a-sumarse-a-la-defensa-del-futuro-del-campo","name":"La organizaci\u00f3n del 20 de marzo hace un llamamiento a toda la poblaci\u00f3n espa\u00f1ola a sumarse a la defensa del futuro del campo - ASAJA Palencia","isPartOf":{"@id":"https:\/\/www.asajacyl.com\/palencia\/#website"},"primaryImageOfPage":{"@id":"https:\/\/www.asajacyl.com\/palencia\/asaja-palencia-informa\/la-organizacion-del-20-de-marzo-hace-un-llamamiento-a-toda-la-poblacion-espanola-a-sumarse-a-la-defensa-del-futuro-del-campo#primaryimage"},"image":{"@id":"https:\/\/www.asajacyl.com\/palencia\/asaja-palencia-informa\/la-organizacion-del-20-de-marzo-hace-un-llamamiento-a-toda-la-poblacion-espanola-a-sumarse-a-la-defensa-del-futuro-del-campo#primaryimage"},"thumbnailUrl":"https:\/\/www.asajacyl.com\/palencia\/wp-content\/uploads\/sites\/3\/2022\/03\/CARTEL-20M.jpg","datePublished":"2022-03-15T15:16:00+00:00","author":{"@id":"https:\/\/www.asajacyl.com\/palencia\/#\/schema\/person\/3ab17aeb03527485c317557fae64aab1"},"description":"Los organizadores de la manifestaci\u00f3n del Mundo Rural convocada el pr\u00f3ximo 20 de marzo en Madrid (ASAJA, COAG, UPA, Real Federaci\u00f3n Espa\u00f1ola de Caza","breadcrumb":{"@id":"https:\/\/www.asajacyl.com\/palencia\/asaja-palencia-informa\/la-organizacion-del-20-de-marzo-hace-un-llamamiento-a-toda-la-poblacion-espanola-a-sumarse-a-la-defensa-del-futuro-del-campo#breadcrumb"},"inLanguage":"es","potentialAction":[{"@type":"ReadAction","target":["https:\/\/www.asajacyl.com\/palencia\/asaja-palencia-informa\/la-organizacion-del-20-de-marzo-hace-un-llamamiento-a-toda-la-poblacion-espanola-a-sumarse-a-la-defensa-del-futuro-del-campo"]}]},{"@type":"ImageObject","inLanguage":"es","@id":"https:\/\/www.asajacyl.com\/palencia\/asaja-palencia-informa\/la-organizacion-del-20-de-marzo-hace-un-llamamiento-a-toda-la-poblacion-espanola-a-sumarse-a-la-defensa-del-futuro-del-campo#primaryimage","url":"https:\/\/www.asajacyl.com\/palencia\/wp-content\/uploads\/sites\/3\/2022\/03\/CARTEL-20M.jpg","contentUrl":"https:\/\/www.asajacyl.com\/palencia\/wp-content\/uploads\/sites\/3\/2022\/03\/CARTEL-20M.jpg","width":1587,"height":2245},{"@type":"BreadcrumbList","@id":"https:\/\/www.asajacyl.com\/palencia\/asaja-palencia-informa\/la-organizacion-del-20-de-marzo-hace-un-llamamiento-a-toda-la-poblacion-espanola-a-sumarse-a-la-defensa-del-futuro-del-campo#breadcrumb","itemListElement":[{"@type":"ListItem","position":1,"name":"Portada","item":"https:\/\/www.asajacyl.com\/palencia\/"},{"@type":"ListItem","position":2,"name":"La organizaci\u00f3n del 20 de marzo hace un llamamiento a toda la poblaci\u00f3n espa\u00f1ola a sumarse a la defensa del futuro del campo"}]},{"@type":"WebSite","@id":"https:\/\/www.asajacyl.com\/palencia\/#website","url":"https:\/\/www.asajacyl.com\/palencia\/","name":"ASAJA Palencia","description":"Otro sitio m\u00e1s de Provincias ASAJA Castilla y Le\u00f3n","potentialAction":[{"@type":"SearchAction","target":{"@type":"EntryPoint","urlTemplate":"https:\/\/www.asajacyl.com\/palencia\/?s={search_term_string}"},"query-input":{"@type":"PropertyValueSpecification","valueRequired":true,"valueName":"search_term_string"}}],"inLanguage":"es"},{"@type":"Person","@id":"https:\/\/www.asajacyl.com\/palencia\/#\/schema\/person\/3ab17aeb03527485c317557fae64aab1","name":"Administrador","image":{"@type":"ImageObject","inLanguage":"es","@id":"https:\/\/www.asajacyl.com\/palencia\/#\/schema\/person\/image\/","url":"https:\/\/secure.gravatar.com\/avatar\/517384810d242ca9e38c180f3c9fb973?s=96&d=mm&r=g","contentUrl":"https:\/\/secure.gravatar.com\/avatar\/517384810d242ca9e38c180f3c9fb973?s=96&d=mm&r=g","caption":"Administrador"},"url":"https:\/\/www.asajacyl.com\/palencia\/author\/carlosrm"}]}},"_links":{"self":[{"href":"https:\/\/www.asajacyl.com\/palencia\/wp-json\/wp\/v2\/posts\/10054"}],"collection":[{"href":"https:\/\/www.asajacyl.com\/palencia\/wp-json\/wp\/v2\/posts"}],"about":[{"href":"https:\/\/www.asajacyl.com\/palencia\/wp-json\/wp\/v2\/types\/post"}],"author":[{"embeddable":true,"href":"https:\/\/www.asajacyl.com\/palencia\/wp-json\/wp\/v2\/users\/9"}],"replies":[{"embeddable":true,"href":"https:\/\/www.asajacyl.com\/palencia\/wp-json\/wp\/v2\/comments?post=10054"}],"version-history":[{"count":1,"href":"https:\/\/www.asajacyl.com\/palencia\/wp-json\/wp\/v2\/posts\/10054\/revisions"}],"predecessor-version":[{"id":10055,"href":"https:\/\/www.asajacyl.com\/palencia\/wp-json\/wp\/v2\/posts\/10054\/revisions\/10055"}],"wp:featuredmedia":[{"embeddable":true,"href":"https:\/\/www.asajacyl.com\/palencia\/wp-json\/wp\/v2\/media\/10058"}],"wp:attachment":[{"href":"https:\/\/www.asajacyl.com\/palencia\/wp-json\/wp\/v2\/media?parent=10054"}],"wp:term":[{"taxonomy":"category","embeddable":true,"href":"https:\/\/www.asajacyl.com\/palencia\/wp-json\/wp\/v2\/categories?post=10054"},{"taxonomy":"post_tag","embeddable":true,"href":"https:\/\/www.asajacyl.com\/palencia\/wp-json\/wp\/v2\/tags?post=10054"}],"curies":[{"name":"wp","href":"https:\/\/api.w.org\/{rel}","templated":true}]}}