{"id":10059,"date":"2022-03-16T07:11:46","date_gmt":"2022-03-16T06:11:46","guid":{"rendered":"https:\/\/www.asajacyl.com\/palencia\/?p=10059"},"modified":"2022-03-16T07:11:47","modified_gmt":"2022-03-16T06:11:47","slug":"el-ministerio-flexibiliza-las-condiciones-para-la-importacion-de-maiz-de-argentina-y-brasil","status":"publish","type":"post","link":"https:\/\/www.asajacyl.com\/palencia\/asaja-palencia-informa\/el-ministerio-flexibiliza-las-condiciones-para-la-importacion-de-maiz-de-argentina-y-brasil","title":{"rendered":"El Ministerio flexibiliza las condiciones para la importaci\u00f3n de ma\u00edz de Argentina y Brasil"},"content":{"rendered":"\n<p><strong><em>De este modo se facilitar\u00e1 la llegada de materias primas destinadas a la alimentaci\u00f3n animal tras la suspensi\u00f3n de las importaciones de Ucrania<\/em><\/strong><\/p>\n\n\n\n<p>El Ministerio de Agricultura, Pesca y Alimentaci\u00f3n ha publicado una Resoluci\u00f3n por la que se flexibilizan temporalmente los requisitos espec\u00edficos para la importaci\u00f3n de ma\u00edz de Argentina y Brasil, lo que facilitar\u00e1 la entrada en Espa\u00f1a de materias primas destinadas a la alimentaci\u00f3n animal que suplan la paralizaci\u00f3n de las importaciones de Ucrania por la situaci\u00f3n de guerra en la que se encuentra este pa\u00eds tras la invasi\u00f3n rusa.<\/p>\n\n\n\n<p>Ante la incertidumbre existente por el suministro de ma\u00edz provocado por esta situaci\u00f3n, la Comisi\u00f3n Europea convoc\u00f3 a los Estados miembros a una reuni\u00f3n el pasado viernes 11 de marzo para analizar las medidas a adoptar con el objeto flexibilizar determinados requisitos fitosanitarios aplicables a las importaciones procedentes de terceros pa\u00edses, en el marco en la normativa comunitaria de aplicaci\u00f3n y en base al an\u00e1lisis de riesgos realizado por cada estado miembro.<\/p>\n\n\n\n<p>El Ministerio de Agricultura, Pesca y Alimentaci\u00f3n se reuni\u00f3 con la Asociaci\u00f3n Espa\u00f1ola de Comercio Exterior de Cereales y Productos An\u00e1logos (AECEC) el pasado jueves d\u00eda 10 y por segunda vez el lunes 14 de marzo, para analizar las medidas de flexibilidad que afectan al ma\u00edz procedente de Argentina y Brasil. En las citadas reuniones se ha constatado que el ma\u00edz procedente de Estados Unidos no presentaba ning\u00fan problema a estos efectos, no siendo necesaria ninguna medida excepcional.<\/p>\n\n\n\n<p>En base a la informaci\u00f3n suministrada por la AECEC y, tras realizar el correspondiente an\u00e1lisis de riesgos en relaci\u00f3n a 10 productos fitosanitarios, se ha llegado a la conclusi\u00f3n de que 6 de ellos no presentan ning\u00fan problema a la luz de la legislaci\u00f3n actual. Para los 4 restantes, el Ministerio de Agricultura, Pesca y Alimentaci\u00f3n ha acordado establecer un l\u00edmite superior de acuerdo con el citado an\u00e1lisis de riegos, en aplicaci\u00f3n del art\u00edculo 18 del Reglamento 396\/2005, relativo a los l\u00edmites m\u00e1ximos de residuos de plaguicidas en alimentos y piensos de origen vegetal y animal.<\/p>\n\n\n\n<p>En base a todo ello, el MAPA ha publicado la Resoluci\u00f3n, que se aplicar\u00e1 temporalmente para el ma\u00edz originario de Brasil y Argentina y para determinados residuos de plaguicidas. Esta medida resuelve los problemas t\u00e9cnicos planteados por el sector importador y ofrece al mismo tiempo certidumbre y flexibilidad, sin poner en riesgo la seguridad alimentaria.<\/p>\n\n\n\n<p>De esta forma, el sector importador puede comprar ma\u00edz para la alimentaci\u00f3n animal en los principales pa\u00edses productores del mundo y, con ello, garantizar el enlace en el suministro del sector ganadero en Espa\u00f1a.<\/p>\n","protected":false},"excerpt":{"rendered":"<p>De este modo se facilitar\u00e1 la llegada de materias primas destinadas a la alimentaci\u00f3n animal tras la suspensi\u00f3n de las importaciones de Ucrania El Ministerio de Agricultura, Pesca y Alimentaci\u00f3n ha publicado una Resoluci\u00f3n por la que se flexibilizan temporalmente los requisitos espec\u00edficos para la importaci\u00f3n de ma\u00edz de Argentina y Brasil, lo que facilitar\u00e1 [&hellip;]<\/p>\n","protected":false},"author":9,"featured_media":9315,"comment_status":"open","ping_status":"open","sticky":false,"template":"","format":"standard","meta":{"footnotes":""},"categories":[9,29,28],"tags":[],"yoast_head":"<!-- This site is optimized with the Yoast SEO plugin v24.5 - https:\/\/yoast.com\/wordpress\/plugins\/seo\/ -->\n<title>El Ministerio flexibiliza las condiciones para la importaci\u00f3n de ma\u00edz de Argentina y Brasil - ASAJA Palencia<\/title>\n<meta name=\"description\" content=\"De este modo se facilitar\u00e1 la llegada de materias primas destinadas a la alimentaci\u00f3n animal tras la suspensi\u00f3n de las importaciones de Ucrania El\" \/>\n<meta name=\"robots\" content=\"index, follow, max-snippet:-1, max-image-preview:large, max-video-preview:-1\" \/>\n<link rel=\"canonical\" href=\"https:\/\/www.asajacyl.com\/palencia\/asaja-palencia-informa\/el-ministerio-flexibiliza-las-condiciones-para-la-importacion-de-maiz-de-argentina-y-brasil\" \/>\n<meta property=\"og:locale\" content=\"es_ES\" \/>\n<meta property=\"og:type\" content=\"article\" \/>\n<meta property=\"og:title\" content=\"El Ministerio flexibiliza las condiciones para la importaci\u00f3n de ma\u00edz de Argentina y Brasil - ASAJA Palencia\" \/>\n<meta property=\"og:description\" content=\"De este modo se facilitar\u00e1 la llegada de materias primas destinadas a la alimentaci\u00f3n animal tras la suspensi\u00f3n de las importaciones de Ucrania El\" \/>\n<meta property=\"og:url\" content=\"https:\/\/www.asajacyl.com\/palencia\/asaja-palencia-informa\/el-ministerio-flexibiliza-las-condiciones-para-la-importacion-de-maiz-de-argentina-y-brasil\" \/>\n<meta property=\"og:site_name\" content=\"ASAJA Palencia\" \/>\n<meta property=\"article:published_time\" content=\"2022-03-16T06:11:46+00:00\" \/>\n<meta property=\"article:modified_time\" content=\"2022-03-16T06:11:47+00:00\" \/>\n<meta property=\"og:image\" content=\"https:\/\/www.asajacyl.com\/palencia\/wp-content\/uploads\/sites\/3\/2021\/11\/PHOTO-2021-11-16-20-21-12-1-2.jpg\" \/>\n\t<meta property=\"og:image:width\" content=\"1071\" \/>\n\t<meta property=\"og:image:height\" content=\"601\" \/>\n\t<meta property=\"og:image:type\" content=\"image\/jpeg\" \/>\n<meta name=\"author\" content=\"Administrador\" \/>\n<meta name=\"twitter:card\" content=\"summary_large_image\" \/>\n<meta name=\"twitter:label1\" content=\"Escrito por\" \/>\n\t<meta name=\"twitter:data1\" content=\"Administrador\" \/>\n\t<meta name=\"twitter:label2\" content=\"Tiempo de lectura\" \/>\n\t<meta name=\"twitter:data2\" content=\"2 minutos\" \/>\n<script type=\"application\/ld+json\" class=\"yoast-schema-graph\">{\"@context\":\"https:\/\/schema.org\",\"@graph\":[{\"@type\":\"WebPage\",\"@id\":\"https:\/\/www.asajacyl.com\/palencia\/asaja-palencia-informa\/el-ministerio-flexibiliza-las-condiciones-para-la-importacion-de-maiz-de-argentina-y-brasil\",\"url\":\"https:\/\/www.asajacyl.com\/palencia\/asaja-palencia-informa\/el-ministerio-flexibiliza-las-condiciones-para-la-importacion-de-maiz-de-argentina-y-brasil\",\"name\":\"El Ministerio flexibiliza las condiciones para la importaci\u00f3n de ma\u00edz de Argentina y Brasil - ASAJA Palencia\",\"isPartOf\":{\"@id\":\"https:\/\/www.asajacyl.com\/palencia\/#website\"},\"primaryImageOfPage\":{\"@id\":\"https:\/\/www.asajacyl.com\/palencia\/asaja-palencia-informa\/el-ministerio-flexibiliza-las-condiciones-para-la-importacion-de-maiz-de-argentina-y-brasil#primaryimage\"},\"image\":{\"@id\":\"https:\/\/www.asajacyl.com\/palencia\/asaja-palencia-informa\/el-ministerio-flexibiliza-las-condiciones-para-la-importacion-de-maiz-de-argentina-y-brasil#primaryimage\"},\"thumbnailUrl\":\"https:\/\/www.asajacyl.com\/palencia\/wp-content\/uploads\/sites\/3\/2021\/11\/PHOTO-2021-11-16-20-21-12-1-2.jpg\",\"datePublished\":\"2022-03-16T06:11:46+00:00\",\"dateModified\":\"2022-03-16T06:11:47+00:00\",\"author\":{\"@id\":\"https:\/\/www.asajacyl.com\/palencia\/#\/schema\/person\/3ab17aeb03527485c317557fae64aab1\"},\"description\":\"De este modo se facilitar\u00e1 la llegada de materias primas destinadas a la alimentaci\u00f3n animal tras la suspensi\u00f3n de las importaciones de Ucrania El\",\"breadcrumb\":{\"@id\":\"https:\/\/www.asajacyl.com\/palencia\/asaja-palencia-informa\/el-ministerio-flexibiliza-las-condiciones-para-la-importacion-de-maiz-de-argentina-y-brasil#breadcrumb\"},\"inLanguage\":\"es\",\"potentialAction\":[{\"@type\":\"ReadAction\",\"target\":[\"https:\/\/www.asajacyl.com\/palencia\/asaja-palencia-informa\/el-ministerio-flexibiliza-las-condiciones-para-la-importacion-de-maiz-de-argentina-y-brasil\"]}]},{\"@type\":\"ImageObject\",\"inLanguage\":\"es\",\"@id\":\"https:\/\/www.asajacyl.com\/palencia\/asaja-palencia-informa\/el-ministerio-flexibiliza-las-condiciones-para-la-importacion-de-maiz-de-argentina-y-brasil#primaryimage\",\"url\":\"https:\/\/www.asajacyl.com\/palencia\/wp-content\/uploads\/sites\/3\/2021\/11\/PHOTO-2021-11-16-20-21-12-1-2.jpg\",\"contentUrl\":\"https:\/\/www.asajacyl.com\/palencia\/wp-content\/uploads\/sites\/3\/2021\/11\/PHOTO-2021-11-16-20-21-12-1-2.jpg\",\"width\":1071,\"height\":601},{\"@type\":\"BreadcrumbList\",\"@id\":\"https:\/\/www.asajacyl.com\/palencia\/asaja-palencia-informa\/el-ministerio-flexibiliza-las-condiciones-para-la-importacion-de-maiz-de-argentina-y-brasil#breadcrumb\",\"itemListElement\":[{\"@type\":\"ListItem\",\"position\":1,\"name\":\"Portada\",\"item\":\"https:\/\/www.asajacyl.com\/palencia\/\"},{\"@type\":\"ListItem\",\"position\":2,\"name\":\"El Ministerio flexibiliza las condiciones para la importaci\u00f3n de ma\u00edz de Argentina y Brasil\"}]},{\"@type\":\"WebSite\",\"@id\":\"https:\/\/www.asajacyl.com\/palencia\/#website\",\"url\":\"https:\/\/www.asajacyl.com\/palencia\/\",\"name\":\"ASAJA Palencia\",\"description\":\"Otro sitio m\u00e1s de Provincias ASAJA Castilla y Le\u00f3n\",\"potentialAction\":[{\"@type\":\"SearchAction\",\"target\":{\"@type\":\"EntryPoint\",\"urlTemplate\":\"https:\/\/www.asajacyl.com\/palencia\/?s={search_term_string}\"},\"query-input\":{\"@type\":\"PropertyValueSpecification\",\"valueRequired\":true,\"valueName\":\"search_term_string\"}}],\"inLanguage\":\"es\"},{\"@type\":\"Person\",\"@id\":\"https:\/\/www.asajacyl.com\/palencia\/#\/schema\/person\/3ab17aeb03527485c317557fae64aab1\",\"name\":\"Administrador\",\"image\":{\"@type\":\"ImageObject\",\"inLanguage\":\"es\",\"@id\":\"https:\/\/www.asajacyl.com\/palencia\/#\/schema\/person\/image\/\",\"url\":\"https:\/\/secure.gravatar.com\/avatar\/517384810d242ca9e38c180f3c9fb973?s=96&d=mm&r=g\",\"contentUrl\":\"https:\/\/secure.gravatar.com\/avatar\/517384810d242ca9e38c180f3c9fb973?s=96&d=mm&r=g\",\"caption\":\"Administrador\"},\"url\":\"https:\/\/www.asajacyl.com\/palencia\/author\/carlosrm\"}]}<\/script>\n<!-- \/ Yoast SEO plugin. -->","yoast_head_json":{"title":"El Ministerio flexibiliza las condiciones para la importaci\u00f3n de ma\u00edz de Argentina y Brasil - ASAJA Palencia","description":"De este modo se facilitar\u00e1 la llegada de materias primas destinadas a la alimentaci\u00f3n animal tras la suspensi\u00f3n de las importaciones de Ucrania El","robots":{"index":"index","follow":"follow","max-snippet":"max-snippet:-1","max-image-preview":"max-image-preview:large","max-video-preview":"max-video-preview:-1"},"canonical":"https:\/\/www.asajacyl.com\/palencia\/asaja-palencia-informa\/el-ministerio-flexibiliza-las-condiciones-para-la-importacion-de-maiz-de-argentina-y-brasil","og_locale":"es_ES","og_type":"article","og_title":"El Ministerio flexibiliza las condiciones para la importaci\u00f3n de ma\u00edz de Argentina y Brasil - ASAJA Palencia","og_description":"De este modo se facilitar\u00e1 la llegada de materias primas destinadas a la alimentaci\u00f3n animal tras la suspensi\u00f3n de las importaciones de Ucrania El","og_url":"https:\/\/www.asajacyl.com\/palencia\/asaja-palencia-informa\/el-ministerio-flexibiliza-las-condiciones-para-la-importacion-de-maiz-de-argentina-y-brasil","og_site_name":"ASAJA Palencia","article_published_time":"2022-03-16T06:11:46+00:00","article_modified_time":"2022-03-16T06:11:47+00:00","og_image":[{"width":1071,"height":601,"url":"https:\/\/www.asajacyl.com\/palencia\/wp-content\/uploads\/sites\/3\/2021\/11\/PHOTO-2021-11-16-20-21-12-1-2.jpg","type":"image\/jpeg"}],"author":"Administrador","twitter_card":"summary_large_image","twitter_misc":{"Escrito por":"Administrador","Tiempo de lectura":"2 minutos"},"schema":{"@context":"https:\/\/schema.org","@graph":[{"@type":"WebPage","@id":"https:\/\/www.asajacyl.com\/palencia\/asaja-palencia-informa\/el-ministerio-flexibiliza-las-condiciones-para-la-importacion-de-maiz-de-argentina-y-brasil","url":"https:\/\/www.asajacyl.com\/palencia\/asaja-palencia-informa\/el-ministerio-flexibiliza-las-condiciones-para-la-importacion-de-maiz-de-argentina-y-brasil","name":"El Ministerio flexibiliza las condiciones para la importaci\u00f3n de ma\u00edz de Argentina y Brasil - ASAJA Palencia","isPartOf":{"@id":"https:\/\/www.asajacyl.com\/palencia\/#website"},"primaryImageOfPage":{"@id":"https:\/\/www.asajacyl.com\/palencia\/asaja-palencia-informa\/el-ministerio-flexibiliza-las-condiciones-para-la-importacion-de-maiz-de-argentina-y-brasil#primaryimage"},"image":{"@id":"https:\/\/www.asajacyl.com\/palencia\/asaja-palencia-informa\/el-ministerio-flexibiliza-las-condiciones-para-la-importacion-de-maiz-de-argentina-y-brasil#primaryimage"},"thumbnailUrl":"https:\/\/www.asajacyl.com\/palencia\/wp-content\/uploads\/sites\/3\/2021\/11\/PHOTO-2021-11-16-20-21-12-1-2.jpg","datePublished":"2022-03-16T06:11:46+00:00","dateModified":"2022-03-16T06:11:47+00:00","author":{"@id":"https:\/\/www.asajacyl.com\/palencia\/#\/schema\/person\/3ab17aeb03527485c317557fae64aab1"},"description":"De este modo se facilitar\u00e1 la llegada de materias primas destinadas a la alimentaci\u00f3n animal tras la suspensi\u00f3n de las importaciones de Ucrania El","breadcrumb":{"@id":"https:\/\/www.asajacyl.com\/palencia\/asaja-palencia-informa\/el-ministerio-flexibiliza-las-condiciones-para-la-importacion-de-maiz-de-argentina-y-brasil#breadcrumb"},"inLanguage":"es","potentialAction":[{"@type":"ReadAction","target":["https:\/\/www.asajacyl.com\/palencia\/asaja-palencia-informa\/el-ministerio-flexibiliza-las-condiciones-para-la-importacion-de-maiz-de-argentina-y-brasil"]}]},{"@type":"ImageObject","inLanguage":"es","@id":"https:\/\/www.asajacyl.com\/palencia\/asaja-palencia-informa\/el-ministerio-flexibiliza-las-condiciones-para-la-importacion-de-maiz-de-argentina-y-brasil#primaryimage","url":"https:\/\/www.asajacyl.com\/palencia\/wp-content\/uploads\/sites\/3\/2021\/11\/PHOTO-2021-11-16-20-21-12-1-2.jpg","contentUrl":"https:\/\/www.asajacyl.com\/palencia\/wp-content\/uploads\/sites\/3\/2021\/11\/PHOTO-2021-11-16-20-21-12-1-2.jpg","width":1071,"height":601},{"@type":"BreadcrumbList","@id":"https:\/\/www.asajacyl.com\/palencia\/asaja-palencia-informa\/el-ministerio-flexibiliza-las-condiciones-para-la-importacion-de-maiz-de-argentina-y-brasil#breadcrumb","itemListElement":[{"@type":"ListItem","position":1,"name":"Portada","item":"https:\/\/www.asajacyl.com\/palencia\/"},{"@type":"ListItem","position":2,"name":"El Ministerio flexibiliza las condiciones para la importaci\u00f3n de ma\u00edz de Argentina y Brasil"}]},{"@type":"WebSite","@id":"https:\/\/www.asajacyl.com\/palencia\/#website","url":"https:\/\/www.asajacyl.com\/palencia\/","name":"ASAJA Palencia","description":"Otro sitio m\u00e1s de Provincias ASAJA Castilla y Le\u00f3n","potentialAction":[{"@type":"SearchAction","target":{"@type":"EntryPoint","urlTemplate":"https:\/\/www.asajacyl.com\/palencia\/?s={search_term_string}"},"query-input":{"@type":"PropertyValueSpecification","valueRequired":true,"valueName":"search_term_string"}}],"inLanguage":"es"},{"@type":"Person","@id":"https:\/\/www.asajacyl.com\/palencia\/#\/schema\/person\/3ab17aeb03527485c317557fae64aab1","name":"Administrador","image":{"@type":"ImageObject","inLanguage":"es","@id":"https:\/\/www.asajacyl.com\/palencia\/#\/schema\/person\/image\/","url":"https:\/\/secure.gravatar.com\/avatar\/517384810d242ca9e38c180f3c9fb973?s=96&d=mm&r=g","contentUrl":"https:\/\/secure.gravatar.com\/avatar\/517384810d242ca9e38c180f3c9fb973?s=96&d=mm&r=g","caption":"Administrador"},"url":"https:\/\/www.asajacyl.com\/palencia\/author\/carlosrm"}]}},"_links":{"self":[{"href":"https:\/\/www.asajacyl.com\/palencia\/wp-json\/wp\/v2\/posts\/10059"}],"collection":[{"href":"https:\/\/www.asajacyl.com\/palencia\/wp-json\/wp\/v2\/posts"}],"about":[{"href":"https:\/\/www.asajacyl.com\/palencia\/wp-json\/wp\/v2\/types\/post"}],"author":[{"embeddable":true,"href":"https:\/\/www.asajacyl.com\/palencia\/wp-json\/wp\/v2\/users\/9"}],"replies":[{"embeddable":true,"href":"https:\/\/www.asajacyl.com\/palencia\/wp-json\/wp\/v2\/comments?post=10059"}],"version-history":[{"count":1,"href":"https:\/\/www.asajacyl.com\/palencia\/wp-json\/wp\/v2\/posts\/10059\/revisions"}],"predecessor-version":[{"id":10060,"href":"https:\/\/www.asajacyl.com\/palencia\/wp-json\/wp\/v2\/posts\/10059\/revisions\/10060"}],"wp:featuredmedia":[{"embeddable":true,"href":"https:\/\/www.asajacyl.com\/palencia\/wp-json\/wp\/v2\/media\/9315"}],"wp:attachment":[{"href":"https:\/\/www.asajacyl.com\/palencia\/wp-json\/wp\/v2\/media?parent=10059"}],"wp:term":[{"taxonomy":"category","embeddable":true,"href":"https:\/\/www.asajacyl.com\/palencia\/wp-json\/wp\/v2\/categories?post=10059"},{"taxonomy":"post_tag","embeddable":true,"href":"https:\/\/www.asajacyl.com\/palencia\/wp-json\/wp\/v2\/tags?post=10059"}],"curies":[{"name":"wp","href":"https:\/\/api.w.org\/{rel}","templated":true}]}}