{"id":10061,"date":"2022-03-19T07:12:00","date_gmt":"2022-03-19T06:12:00","guid":{"rendered":"https:\/\/www.asajacyl.com\/palencia\/?p=10061"},"modified":"2022-03-16T07:13:20","modified_gmt":"2022-03-16T06:13:20","slug":"asaja-se-ha-reunido-con-el-consejero-para-pedirle-apoyo-urgente-para-los-ganaderos-en-integracion","status":"publish","type":"post","link":"https:\/\/www.asajacyl.com\/palencia\/asaja-palencia-informa\/asaja-se-ha-reunido-con-el-consejero-para-pedirle-apoyo-urgente-para-los-ganaderos-en-integracion","title":{"rendered":"ASAJA se ha reunido con el consejero para pedirle apoyo urgente para los ganaderos en integraci\u00f3n"},"content":{"rendered":"\n<p>Esta ma\u00f1ana el presidente de ASAJA de Castilla y Le\u00f3n, Donaciano Dujo, se ha reunido con el consejero de Agricultura, Ganader\u00eda y Desarrollo Rural, Jes\u00fas Julio Carnero, para exponerle la problem\u00e1tica que atraviesan los ganaderos que est\u00e1n en sistemas de integraci\u00f3n, y en particular aquellos que soportan unos consumos mayores de fuentes energ\u00e9ticas, como la electricidad o el gas natural.<\/p>\n\n\n\n<p>Muchas de estas ganader\u00edas est\u00e1n muy endeudadas porque se han montado recientemente por parte de j\u00f3venes que han tenido que recurrir para afrontar la inversi\u00f3n a la financiaci\u00f3n de los bancos y a determinadas ayudas p\u00fablicas. Trabajan por tanto con unos m\u00e1rgenes muy reducidos y debido a este incremento desmesurado de los costes en estos momentos est\u00e1n produciendo a p\u00e9rdidas.<\/p>\n\n\n\n<p>ASAJA viene reivindicando a las empresas integradoras que suban la compensaci\u00f3n a los ganaderos por animales cebados, petici\u00f3n en la que ha solicitado la mediaci\u00f3n de la Consejer\u00eda. Tambi\u00e9n solicita ASAJA ayudas directas de la administraci\u00f3n para salvar esta situaci\u00f3n sobrevenida y que puede llevar a la quiebra a estos ganaderos, as\u00ed como que las entidades financieras refinancien las deudas sin costes a\u00f1adidos.<\/p>\n\n\n\n<p>Por el momento, la Consejer\u00eda no ha adquirido con ASAJA ning\u00fan compromiso especial y todo lo ha fiado al resultado de la conferencia sectorial que se celebrar\u00e1 ma\u00f1ana con en el Ministerio de Agricultura, en la que se abordar\u00e1 de forma global los problemas que atraviesa el sector ganadero.<\/p>\n","protected":false},"excerpt":{"rendered":"<p>Esta ma\u00f1ana el presidente de ASAJA de Castilla y Le\u00f3n, Donaciano Dujo, se ha reunido con el consejero de Agricultura, Ganader\u00eda y Desarrollo Rural, Jes\u00fas Julio Carnero, para exponerle la problem\u00e1tica que atraviesan los ganaderos que est\u00e1n en sistemas de integraci\u00f3n, y en particular aquellos que soportan unos consumos mayores de fuentes energ\u00e9ticas, como la [&hellip;]<\/p>\n","protected":false},"author":9,"featured_media":10062,"comment_status":"open","ping_status":"open","sticky":false,"template":"","format":"standard","meta":{"footnotes":""},"categories":[9,29,28],"tags":[],"yoast_head":"<!-- This site is optimized with the Yoast SEO plugin v24.5 - https:\/\/yoast.com\/wordpress\/plugins\/seo\/ -->\n<title>ASAJA se ha reunido con el consejero para pedirle apoyo urgente para los ganaderos en integraci\u00f3n - ASAJA Palencia<\/title>\n<meta name=\"description\" content=\"Esta ma\u00f1ana el presidente de ASAJA de Castilla y Le\u00f3n, Donaciano Dujo, se ha reunido con el consejero de Agricultura, Ganader\u00eda y Desarrollo Rural, Jes\u00fas\" \/>\n<meta name=\"robots\" content=\"index, follow, max-snippet:-1, max-image-preview:large, max-video-preview:-1\" \/>\n<link rel=\"canonical\" href=\"https:\/\/www.asajacyl.com\/palencia\/asaja-palencia-informa\/asaja-se-ha-reunido-con-el-consejero-para-pedirle-apoyo-urgente-para-los-ganaderos-en-integracion\" \/>\n<meta property=\"og:locale\" content=\"es_ES\" \/>\n<meta property=\"og:type\" content=\"article\" \/>\n<meta property=\"og:title\" content=\"ASAJA se ha reunido con el consejero para pedirle apoyo urgente para los ganaderos en integraci\u00f3n - ASAJA Palencia\" \/>\n<meta property=\"og:description\" content=\"Esta ma\u00f1ana el presidente de ASAJA de Castilla y Le\u00f3n, Donaciano Dujo, se ha reunido con el consejero de Agricultura, Ganader\u00eda y Desarrollo Rural, Jes\u00fas\" \/>\n<meta property=\"og:url\" content=\"https:\/\/www.asajacyl.com\/palencia\/asaja-palencia-informa\/asaja-se-ha-reunido-con-el-consejero-para-pedirle-apoyo-urgente-para-los-ganaderos-en-integracion\" \/>\n<meta property=\"og:site_name\" content=\"ASAJA Palencia\" \/>\n<meta property=\"article:published_time\" content=\"2022-03-19T06:12:00+00:00\" \/>\n<meta property=\"og:image\" content=\"https:\/\/www.asajacyl.com\/palencia\/wp-content\/uploads\/sites\/3\/2022\/03\/POLLOS.jpg\" \/>\n\t<meta property=\"og:image:width\" content=\"1024\" \/>\n\t<meta property=\"og:image:height\" content=\"736\" \/>\n\t<meta property=\"og:image:type\" content=\"image\/jpeg\" \/>\n<meta name=\"author\" content=\"Administrador\" \/>\n<meta name=\"twitter:card\" content=\"summary_large_image\" \/>\n<meta name=\"twitter:label1\" content=\"Escrito por\" \/>\n\t<meta name=\"twitter:data1\" content=\"Administrador\" \/>\n\t<meta name=\"twitter:label2\" content=\"Tiempo de lectura\" \/>\n\t<meta name=\"twitter:data2\" content=\"2 minutos\" \/>\n<script type=\"application\/ld+json\" class=\"yoast-schema-graph\">{\"@context\":\"https:\/\/schema.org\",\"@graph\":[{\"@type\":\"WebPage\",\"@id\":\"https:\/\/www.asajacyl.com\/palencia\/asaja-palencia-informa\/asaja-se-ha-reunido-con-el-consejero-para-pedirle-apoyo-urgente-para-los-ganaderos-en-integracion\",\"url\":\"https:\/\/www.asajacyl.com\/palencia\/asaja-palencia-informa\/asaja-se-ha-reunido-con-el-consejero-para-pedirle-apoyo-urgente-para-los-ganaderos-en-integracion\",\"name\":\"ASAJA se ha reunido con el consejero para pedirle apoyo urgente para los ganaderos en integraci\u00f3n - ASAJA Palencia\",\"isPartOf\":{\"@id\":\"https:\/\/www.asajacyl.com\/palencia\/#website\"},\"primaryImageOfPage\":{\"@id\":\"https:\/\/www.asajacyl.com\/palencia\/asaja-palencia-informa\/asaja-se-ha-reunido-con-el-consejero-para-pedirle-apoyo-urgente-para-los-ganaderos-en-integracion#primaryimage\"},\"image\":{\"@id\":\"https:\/\/www.asajacyl.com\/palencia\/asaja-palencia-informa\/asaja-se-ha-reunido-con-el-consejero-para-pedirle-apoyo-urgente-para-los-ganaderos-en-integracion#primaryimage\"},\"thumbnailUrl\":\"https:\/\/www.asajacyl.com\/palencia\/wp-content\/uploads\/sites\/3\/2022\/03\/POLLOS.jpg\",\"datePublished\":\"2022-03-19T06:12:00+00:00\",\"author\":{\"@id\":\"https:\/\/www.asajacyl.com\/palencia\/#\/schema\/person\/3ab17aeb03527485c317557fae64aab1\"},\"description\":\"Esta ma\u00f1ana el presidente de ASAJA de Castilla y Le\u00f3n, Donaciano Dujo, se ha reunido con el consejero de Agricultura, Ganader\u00eda y Desarrollo Rural, Jes\u00fas\",\"breadcrumb\":{\"@id\":\"https:\/\/www.asajacyl.com\/palencia\/asaja-palencia-informa\/asaja-se-ha-reunido-con-el-consejero-para-pedirle-apoyo-urgente-para-los-ganaderos-en-integracion#breadcrumb\"},\"inLanguage\":\"es\",\"potentialAction\":[{\"@type\":\"ReadAction\",\"target\":[\"https:\/\/www.asajacyl.com\/palencia\/asaja-palencia-informa\/asaja-se-ha-reunido-con-el-consejero-para-pedirle-apoyo-urgente-para-los-ganaderos-en-integracion\"]}]},{\"@type\":\"ImageObject\",\"inLanguage\":\"es\",\"@id\":\"https:\/\/www.asajacyl.com\/palencia\/asaja-palencia-informa\/asaja-se-ha-reunido-con-el-consejero-para-pedirle-apoyo-urgente-para-los-ganaderos-en-integracion#primaryimage\",\"url\":\"https:\/\/www.asajacyl.com\/palencia\/wp-content\/uploads\/sites\/3\/2022\/03\/POLLOS.jpg\",\"contentUrl\":\"https:\/\/www.asajacyl.com\/palencia\/wp-content\/uploads\/sites\/3\/2022\/03\/POLLOS.jpg\",\"width\":1024,\"height\":736},{\"@type\":\"BreadcrumbList\",\"@id\":\"https:\/\/www.asajacyl.com\/palencia\/asaja-palencia-informa\/asaja-se-ha-reunido-con-el-consejero-para-pedirle-apoyo-urgente-para-los-ganaderos-en-integracion#breadcrumb\",\"itemListElement\":[{\"@type\":\"ListItem\",\"position\":1,\"name\":\"Portada\",\"item\":\"https:\/\/www.asajacyl.com\/palencia\/\"},{\"@type\":\"ListItem\",\"position\":2,\"name\":\"ASAJA se ha reunido con el consejero para pedirle apoyo urgente para los ganaderos en integraci\u00f3n\"}]},{\"@type\":\"WebSite\",\"@id\":\"https:\/\/www.asajacyl.com\/palencia\/#website\",\"url\":\"https:\/\/www.asajacyl.com\/palencia\/\",\"name\":\"ASAJA Palencia\",\"description\":\"Otro sitio m\u00e1s de Provincias ASAJA Castilla y Le\u00f3n\",\"potentialAction\":[{\"@type\":\"SearchAction\",\"target\":{\"@type\":\"EntryPoint\",\"urlTemplate\":\"https:\/\/www.asajacyl.com\/palencia\/?s={search_term_string}\"},\"query-input\":{\"@type\":\"PropertyValueSpecification\",\"valueRequired\":true,\"valueName\":\"search_term_string\"}}],\"inLanguage\":\"es\"},{\"@type\":\"Person\",\"@id\":\"https:\/\/www.asajacyl.com\/palencia\/#\/schema\/person\/3ab17aeb03527485c317557fae64aab1\",\"name\":\"Administrador\",\"image\":{\"@type\":\"ImageObject\",\"inLanguage\":\"es\",\"@id\":\"https:\/\/www.asajacyl.com\/palencia\/#\/schema\/person\/image\/\",\"url\":\"https:\/\/secure.gravatar.com\/avatar\/517384810d242ca9e38c180f3c9fb973?s=96&d=mm&r=g\",\"contentUrl\":\"https:\/\/secure.gravatar.com\/avatar\/517384810d242ca9e38c180f3c9fb973?s=96&d=mm&r=g\",\"caption\":\"Administrador\"},\"url\":\"https:\/\/www.asajacyl.com\/palencia\/author\/carlosrm\"}]}<\/script>\n<!-- \/ Yoast SEO plugin. -->","yoast_head_json":{"title":"ASAJA se ha reunido con el consejero para pedirle apoyo urgente para los ganaderos en integraci\u00f3n - ASAJA Palencia","description":"Esta ma\u00f1ana el presidente de ASAJA de Castilla y Le\u00f3n, Donaciano Dujo, se ha reunido con el consejero de Agricultura, Ganader\u00eda y Desarrollo Rural, Jes\u00fas","robots":{"index":"index","follow":"follow","max-snippet":"max-snippet:-1","max-image-preview":"max-image-preview:large","max-video-preview":"max-video-preview:-1"},"canonical":"https:\/\/www.asajacyl.com\/palencia\/asaja-palencia-informa\/asaja-se-ha-reunido-con-el-consejero-para-pedirle-apoyo-urgente-para-los-ganaderos-en-integracion","og_locale":"es_ES","og_type":"article","og_title":"ASAJA se ha reunido con el consejero para pedirle apoyo urgente para los ganaderos en integraci\u00f3n - ASAJA Palencia","og_description":"Esta ma\u00f1ana el presidente de ASAJA de Castilla y Le\u00f3n, Donaciano Dujo, se ha reunido con el consejero de Agricultura, Ganader\u00eda y Desarrollo Rural, Jes\u00fas","og_url":"https:\/\/www.asajacyl.com\/palencia\/asaja-palencia-informa\/asaja-se-ha-reunido-con-el-consejero-para-pedirle-apoyo-urgente-para-los-ganaderos-en-integracion","og_site_name":"ASAJA Palencia","article_published_time":"2022-03-19T06:12:00+00:00","og_image":[{"width":1024,"height":736,"url":"https:\/\/www.asajacyl.com\/palencia\/wp-content\/uploads\/sites\/3\/2022\/03\/POLLOS.jpg","type":"image\/jpeg"}],"author":"Administrador","twitter_card":"summary_large_image","twitter_misc":{"Escrito por":"Administrador","Tiempo de lectura":"2 minutos"},"schema":{"@context":"https:\/\/schema.org","@graph":[{"@type":"WebPage","@id":"https:\/\/www.asajacyl.com\/palencia\/asaja-palencia-informa\/asaja-se-ha-reunido-con-el-consejero-para-pedirle-apoyo-urgente-para-los-ganaderos-en-integracion","url":"https:\/\/www.asajacyl.com\/palencia\/asaja-palencia-informa\/asaja-se-ha-reunido-con-el-consejero-para-pedirle-apoyo-urgente-para-los-ganaderos-en-integracion","name":"ASAJA se ha reunido con el consejero para pedirle apoyo urgente para los ganaderos en integraci\u00f3n - ASAJA Palencia","isPartOf":{"@id":"https:\/\/www.asajacyl.com\/palencia\/#website"},"primaryImageOfPage":{"@id":"https:\/\/www.asajacyl.com\/palencia\/asaja-palencia-informa\/asaja-se-ha-reunido-con-el-consejero-para-pedirle-apoyo-urgente-para-los-ganaderos-en-integracion#primaryimage"},"image":{"@id":"https:\/\/www.asajacyl.com\/palencia\/asaja-palencia-informa\/asaja-se-ha-reunido-con-el-consejero-para-pedirle-apoyo-urgente-para-los-ganaderos-en-integracion#primaryimage"},"thumbnailUrl":"https:\/\/www.asajacyl.com\/palencia\/wp-content\/uploads\/sites\/3\/2022\/03\/POLLOS.jpg","datePublished":"2022-03-19T06:12:00+00:00","author":{"@id":"https:\/\/www.asajacyl.com\/palencia\/#\/schema\/person\/3ab17aeb03527485c317557fae64aab1"},"description":"Esta ma\u00f1ana el presidente de ASAJA de Castilla y Le\u00f3n, Donaciano Dujo, se ha reunido con el consejero de Agricultura, Ganader\u00eda y Desarrollo Rural, Jes\u00fas","breadcrumb":{"@id":"https:\/\/www.asajacyl.com\/palencia\/asaja-palencia-informa\/asaja-se-ha-reunido-con-el-consejero-para-pedirle-apoyo-urgente-para-los-ganaderos-en-integracion#breadcrumb"},"inLanguage":"es","potentialAction":[{"@type":"ReadAction","target":["https:\/\/www.asajacyl.com\/palencia\/asaja-palencia-informa\/asaja-se-ha-reunido-con-el-consejero-para-pedirle-apoyo-urgente-para-los-ganaderos-en-integracion"]}]},{"@type":"ImageObject","inLanguage":"es","@id":"https:\/\/www.asajacyl.com\/palencia\/asaja-palencia-informa\/asaja-se-ha-reunido-con-el-consejero-para-pedirle-apoyo-urgente-para-los-ganaderos-en-integracion#primaryimage","url":"https:\/\/www.asajacyl.com\/palencia\/wp-content\/uploads\/sites\/3\/2022\/03\/POLLOS.jpg","contentUrl":"https:\/\/www.asajacyl.com\/palencia\/wp-content\/uploads\/sites\/3\/2022\/03\/POLLOS.jpg","width":1024,"height":736},{"@type":"BreadcrumbList","@id":"https:\/\/www.asajacyl.com\/palencia\/asaja-palencia-informa\/asaja-se-ha-reunido-con-el-consejero-para-pedirle-apoyo-urgente-para-los-ganaderos-en-integracion#breadcrumb","itemListElement":[{"@type":"ListItem","position":1,"name":"Portada","item":"https:\/\/www.asajacyl.com\/palencia\/"},{"@type":"ListItem","position":2,"name":"ASAJA se ha reunido con el consejero para pedirle apoyo urgente para los ganaderos en integraci\u00f3n"}]},{"@type":"WebSite","@id":"https:\/\/www.asajacyl.com\/palencia\/#website","url":"https:\/\/www.asajacyl.com\/palencia\/","name":"ASAJA Palencia","description":"Otro sitio m\u00e1s de Provincias ASAJA Castilla y Le\u00f3n","potentialAction":[{"@type":"SearchAction","target":{"@type":"EntryPoint","urlTemplate":"https:\/\/www.asajacyl.com\/palencia\/?s={search_term_string}"},"query-input":{"@type":"PropertyValueSpecification","valueRequired":true,"valueName":"search_term_string"}}],"inLanguage":"es"},{"@type":"Person","@id":"https:\/\/www.asajacyl.com\/palencia\/#\/schema\/person\/3ab17aeb03527485c317557fae64aab1","name":"Administrador","image":{"@type":"ImageObject","inLanguage":"es","@id":"https:\/\/www.asajacyl.com\/palencia\/#\/schema\/person\/image\/","url":"https:\/\/secure.gravatar.com\/avatar\/517384810d242ca9e38c180f3c9fb973?s=96&d=mm&r=g","contentUrl":"https:\/\/secure.gravatar.com\/avatar\/517384810d242ca9e38c180f3c9fb973?s=96&d=mm&r=g","caption":"Administrador"},"url":"https:\/\/www.asajacyl.com\/palencia\/author\/carlosrm"}]}},"_links":{"self":[{"href":"https:\/\/www.asajacyl.com\/palencia\/wp-json\/wp\/v2\/posts\/10061"}],"collection":[{"href":"https:\/\/www.asajacyl.com\/palencia\/wp-json\/wp\/v2\/posts"}],"about":[{"href":"https:\/\/www.asajacyl.com\/palencia\/wp-json\/wp\/v2\/types\/post"}],"author":[{"embeddable":true,"href":"https:\/\/www.asajacyl.com\/palencia\/wp-json\/wp\/v2\/users\/9"}],"replies":[{"embeddable":true,"href":"https:\/\/www.asajacyl.com\/palencia\/wp-json\/wp\/v2\/comments?post=10061"}],"version-history":[{"count":2,"href":"https:\/\/www.asajacyl.com\/palencia\/wp-json\/wp\/v2\/posts\/10061\/revisions"}],"predecessor-version":[{"id":10069,"href":"https:\/\/www.asajacyl.com\/palencia\/wp-json\/wp\/v2\/posts\/10061\/revisions\/10069"}],"wp:featuredmedia":[{"embeddable":true,"href":"https:\/\/www.asajacyl.com\/palencia\/wp-json\/wp\/v2\/media\/10062"}],"wp:attachment":[{"href":"https:\/\/www.asajacyl.com\/palencia\/wp-json\/wp\/v2\/media?parent=10061"}],"wp:term":[{"taxonomy":"category","embeddable":true,"href":"https:\/\/www.asajacyl.com\/palencia\/wp-json\/wp\/v2\/categories?post=10061"},{"taxonomy":"post_tag","embeddable":true,"href":"https:\/\/www.asajacyl.com\/palencia\/wp-json\/wp\/v2\/tags?post=10061"}],"curies":[{"name":"wp","href":"https:\/\/api.w.org\/{rel}","templated":true}]}}