{"id":10072,"date":"2022-03-25T09:15:00","date_gmt":"2022-03-25T08:15:00","guid":{"rendered":"https:\/\/www.asajacyl.com\/palencia\/?p=10072"},"modified":"2022-03-23T07:31:44","modified_gmt":"2022-03-23T06:31:44","slug":"la-primera-reaccion-de-la-comunidad-agricola-europea-a-la-comunicacion-de-repowereu","status":"publish","type":"post","link":"https:\/\/www.asajacyl.com\/palencia\/asaja-palencia-informa\/la-primera-reaccion-de-la-comunidad-agricola-europea-a-la-comunicacion-de-repowereu","title":{"rendered":"La primera reacci\u00f3n de la comunidad agr\u00edcola europea a la comunicaci\u00f3n de REPowerEU"},"content":{"rendered":"\n<p><strong><em>Alexander Bachler, Presidente del Grupo de Trabajo Bioenerg\u00eda en el COPA-COGECA<\/em><\/strong><\/p>\n\n\n\n<p>Europa importa de Rusia el 40% del gas, el 27% del petr\u00f3leo y el 46% del carb\u00f3n que utiliza. Ante la guerra de Ucrania, la UE present\u00f3 hace pocos d\u00edas su comunicaci\u00f3n denominada REPowerEU para reducir la dependencia comunitaria de los combustibles f\u00f3siles rusos mucho antes de 2030.<\/p>\n\n\n\n<p>Entre los principales anuncios emitidos, la Comisi\u00f3n present\u00f3 su ambici\u00f3n de duplicar el objetivo de producci\u00f3n de biometano para alcanzar los 35.000 millones de metros c\u00fabicos (bcm) para 2030. En el Copa y la Cogeca acogemos con satisfacci\u00f3n este objetivo global, ya que creemos que la producci\u00f3n de biog\u00e1s renovable es un segmento que sigue demostrando un gran potencial a la hora de contribuir a que el consumo de gas de la UE sea m\u00e1s sostenible, al tiempo que se limita nuestra dependencia exterior de Rusia. La digesti\u00f3n anaer\u00f3bica tambi\u00e9n permite producir m\u00e1s fertilizantes org\u00e1nicos a partir de los digestatos para la pr\u00e1ctica agr\u00edcola, de acuerdo con las expectativas del Pacto Verde Europeo. En la actualidad, la UE produce 3.000 millones de metros c\u00fabicos de biometano\u037e para llegar a los 35.000 millones de metros c\u00fabicos en pocos a\u00f1os ser\u00e1 necesario movilizar una cantidad sin precedentes de materia prima de biomasa sostenible y certificada, principalmente residuos agroalimentarios, y construir miles de unidades nuevas. El sector agr\u00edcola est\u00e1 dispuesto a contribuir a este reto sin precedentes. En cuanto a la propuesta de triplicar el uso de la energ\u00eda solar en los tejados o las bombas de calor, los edificios agr\u00edcolas tienen un potencial que ya es bien conocido, por lo que no debe dejarse de lado en la comunicaci\u00f3n de la Comisi\u00f3n del mes de junio.<\/p>\n\n\n\n<p>Desde el Copa y la Cogeca apoyamos la ambici\u00f3n que se ha declarado de acortar los procedimientos de concesi\u00f3n de permisos para nuevos proyectos de energ\u00edas renovables, tal y como figura en esta comunicaci\u00f3n. Muy a menudo, los titulares de proyectos de FER (fuentes de energ\u00edas renovables) de \u00edndole agr\u00edcola se enfrentan a tr\u00e1mites burocr\u00e1ticos que resultan a\u00fan m\u00e1s intolerables en las condiciones actuales.<\/p>\n\n\n\n<p>Si bien la comunicaci\u00f3n publicada ayer insiste en el papel que podr\u00eda desempe\u00f1ar el biog\u00e1s, a la comunidad agr\u00edcola y forestal de la UE le sorprende que no se haga referencia a las otras formas de bioenerg\u00eda como los biocombustibles y la bioenerg\u00eda s\u00f3lida. Desde el Copa y la Cogeca lo venimos diciendo desde hace varios meses, y la guerra de Ucrania no hace sino reforzar nuestra convicci\u00f3n: ante la dependencia de las importaciones y la falta de fiabilidad de las cadenas de suministro, nos vemos obligados a movilizar a todo el sector de la bioenerg\u00eda. La biomasa, en sus diversas formas, representa casi el 60% del consumo de energ\u00edas renovables en la UE, y, hoy en d\u00eda, m\u00e1s del 20% del consumo energ\u00e9tico total de la UE. Aplicar un planteamiento uniforme al mix energ\u00e9tico de la UE constituir\u00eda un error estrat\u00e9gico. Hoy por hoy, los combustibles elaborados a partir de biomasa dan soluci\u00f3n a muchos sectores que resultar\u00edan dif\u00edciles de electrificar, por ejemplo.<\/p>\n\n\n\n<p>La iniciativa REPowerEU se ocupa de la agricultura y la horticultura en lo relativo a los sectores m\u00e1s susceptibles de verse afectados por los aumentos del precio de la energ\u00eda. El mantenimiento de la flexibilidad, ya sea con desgravaciones fiscales o con ayudas estatales, como ya se hiciera en su momento con el Marco Temporal relativo a Ayudas Estatales por Covid, sigue siendo de vital importancia para que los agricultores y las cooperativas europeas puedan hacer frente a las perturbaciones provocadas por la guerra en el contexto de los aumentos inusitados de los costes de producci\u00f3n para los agricultores que afectan, por ejemplo, a la energ\u00eda, el gas\u00f3leo y los fertilizantes y piensos. Se esperaba que el tema candente de los precios y mercados de los fertilizantes se abordara en esta comunicaci\u00f3n. En el Copa y la Cogeca tomamos nota de que solo se ha hecho de forma parcial, y esperamos que la otra comunicaci\u00f3n clave prevista para el 23 de marzo sobre la resiliencia de la cadena alimentaria brinde respuestas m\u00e1s s\u00f3lidas a los agricultores. Los precios de los fertilizantes en el mercado europeo llevan casi un a\u00f1o en niveles hist\u00f3ricos, muy por encima de los 600 euros\/tonelada para el m\u00e1s utilizado. Pero a pesar de los reiterados llamamientos del Copa-Cogeca para que se tomen medidas pol\u00edticas a nivel europeo, hasta ahora no se ha hecho nada significativo, y la situaci\u00f3n es apremiante: hay que tomar cartas en el asunto ahora mismo.<\/p>\n\n\n\n<figure class=\"wp-block-image size-large\"><img loading=\"lazy\" decoding=\"async\" width=\"1024\" height=\"1024\" src=\"https:\/\/www.asajacyl.com\/palencia\/wp-content\/uploads\/sites\/3\/2022\/03\/ALEX-BACHLER-1024x1024.jpg\" alt=\"\" class=\"wp-image-10073\" srcset=\"https:\/\/www.asajacyl.com\/palencia\/wp-content\/uploads\/sites\/3\/2022\/03\/ALEX-BACHLER.jpg 1024w, https:\/\/www.asajacyl.com\/palencia\/wp-content\/uploads\/sites\/3\/2022\/03\/ALEX-BACHLER-300x300.jpg 300w, https:\/\/www.asajacyl.com\/palencia\/wp-content\/uploads\/sites\/3\/2022\/03\/ALEX-BACHLER-150x150.jpg 150w, https:\/\/www.asajacyl.com\/palencia\/wp-content\/uploads\/sites\/3\/2022\/03\/ALEX-BACHLER-768x768.jpg 768w, https:\/\/www.asajacyl.com\/palencia\/wp-content\/uploads\/sites\/3\/2022\/03\/ALEX-BACHLER-696x696.jpg 696w, https:\/\/www.asajacyl.com\/palencia\/wp-content\/uploads\/sites\/3\/2022\/03\/ALEX-BACHLER-420x420.jpg 420w\" sizes=\"(max-width: 1024px) 100vw, 1024px\" \/><figcaption>Alexander Bachler, Presidente del Grupo de Trabajo \u00abBioenerg\u00eda\u00bb en el COPA-COGECA<\/figcaption><\/figure>\n","protected":false},"excerpt":{"rendered":"<p>Alexander Bachler, Presidente del Grupo de Trabajo Bioenerg\u00eda en el COPA-COGECA Europa importa de Rusia el 40% del gas, el 27% del petr\u00f3leo y el 46% del carb\u00f3n que utiliza. Ante la guerra de Ucrania, la UE present\u00f3 hace pocos d\u00edas su comunicaci\u00f3n denominada REPowerEU para reducir la dependencia comunitaria de los combustibles f\u00f3siles rusos [&hellip;]<\/p>\n","protected":false},"author":9,"featured_media":10073,"comment_status":"open","ping_status":"open","sticky":false,"template":"","format":"standard","meta":{"footnotes":""},"categories":[9,29,28],"tags":[],"yoast_head":"<!-- This site is optimized with the Yoast SEO plugin v24.5 - https:\/\/yoast.com\/wordpress\/plugins\/seo\/ -->\n<title>La primera reacci\u00f3n de la comunidad agr\u00edcola europea a la comunicaci\u00f3n de REPowerEU - ASAJA Palencia<\/title>\n<meta name=\"description\" content=\"Alexander Bachler, Presidente del Grupo de Trabajo Bioenerg\u00eda en el COPA-COGECA Europa importa de Rusia el 40% del gas, el 27% del petr\u00f3leo y el 46% del\" \/>\n<meta name=\"robots\" content=\"index, follow, max-snippet:-1, max-image-preview:large, max-video-preview:-1\" \/>\n<link rel=\"canonical\" href=\"https:\/\/www.asajacyl.com\/palencia\/asaja-palencia-informa\/la-primera-reaccion-de-la-comunidad-agricola-europea-a-la-comunicacion-de-repowereu\" \/>\n<meta property=\"og:locale\" content=\"es_ES\" \/>\n<meta property=\"og:type\" content=\"article\" \/>\n<meta property=\"og:title\" content=\"La primera reacci\u00f3n de la comunidad agr\u00edcola europea a la comunicaci\u00f3n de REPowerEU - ASAJA Palencia\" \/>\n<meta property=\"og:description\" content=\"Alexander Bachler, Presidente del Grupo de Trabajo Bioenerg\u00eda en el COPA-COGECA Europa importa de Rusia el 40% del gas, el 27% del petr\u00f3leo y el 46% del\" \/>\n<meta property=\"og:url\" content=\"https:\/\/www.asajacyl.com\/palencia\/asaja-palencia-informa\/la-primera-reaccion-de-la-comunidad-agricola-europea-a-la-comunicacion-de-repowereu\" \/>\n<meta property=\"og:site_name\" content=\"ASAJA Palencia\" \/>\n<meta property=\"article:published_time\" content=\"2022-03-25T08:15:00+00:00\" \/>\n<meta property=\"og:image\" content=\"https:\/\/www.asajacyl.com\/palencia\/wp-content\/uploads\/sites\/3\/2022\/03\/ALEX-BACHLER.jpg\" \/>\n\t<meta property=\"og:image:width\" content=\"1024\" \/>\n\t<meta property=\"og:image:height\" content=\"1024\" \/>\n\t<meta property=\"og:image:type\" content=\"image\/jpeg\" \/>\n<meta name=\"author\" content=\"Administrador\" \/>\n<meta name=\"twitter:card\" content=\"summary_large_image\" \/>\n<meta name=\"twitter:label1\" content=\"Escrito por\" \/>\n\t<meta name=\"twitter:data1\" content=\"Administrador\" \/>\n\t<meta name=\"twitter:label2\" content=\"Tiempo de lectura\" \/>\n\t<meta name=\"twitter:data2\" content=\"4 minutos\" \/>\n<script type=\"application\/ld+json\" class=\"yoast-schema-graph\">{\"@context\":\"https:\/\/schema.org\",\"@graph\":[{\"@type\":\"WebPage\",\"@id\":\"https:\/\/www.asajacyl.com\/palencia\/asaja-palencia-informa\/la-primera-reaccion-de-la-comunidad-agricola-europea-a-la-comunicacion-de-repowereu\",\"url\":\"https:\/\/www.asajacyl.com\/palencia\/asaja-palencia-informa\/la-primera-reaccion-de-la-comunidad-agricola-europea-a-la-comunicacion-de-repowereu\",\"name\":\"La primera reacci\u00f3n de la comunidad agr\u00edcola europea a la comunicaci\u00f3n de REPowerEU - ASAJA Palencia\",\"isPartOf\":{\"@id\":\"https:\/\/www.asajacyl.com\/palencia\/#website\"},\"primaryImageOfPage\":{\"@id\":\"https:\/\/www.asajacyl.com\/palencia\/asaja-palencia-informa\/la-primera-reaccion-de-la-comunidad-agricola-europea-a-la-comunicacion-de-repowereu#primaryimage\"},\"image\":{\"@id\":\"https:\/\/www.asajacyl.com\/palencia\/asaja-palencia-informa\/la-primera-reaccion-de-la-comunidad-agricola-europea-a-la-comunicacion-de-repowereu#primaryimage\"},\"thumbnailUrl\":\"https:\/\/www.asajacyl.com\/palencia\/wp-content\/uploads\/sites\/3\/2022\/03\/ALEX-BACHLER.jpg\",\"datePublished\":\"2022-03-25T08:15:00+00:00\",\"author\":{\"@id\":\"https:\/\/www.asajacyl.com\/palencia\/#\/schema\/person\/3ab17aeb03527485c317557fae64aab1\"},\"description\":\"Alexander Bachler, Presidente del Grupo de Trabajo Bioenerg\u00eda en el COPA-COGECA Europa importa de Rusia el 40% del gas, el 27% del petr\u00f3leo y el 46% del\",\"breadcrumb\":{\"@id\":\"https:\/\/www.asajacyl.com\/palencia\/asaja-palencia-informa\/la-primera-reaccion-de-la-comunidad-agricola-europea-a-la-comunicacion-de-repowereu#breadcrumb\"},\"inLanguage\":\"es\",\"potentialAction\":[{\"@type\":\"ReadAction\",\"target\":[\"https:\/\/www.asajacyl.com\/palencia\/asaja-palencia-informa\/la-primera-reaccion-de-la-comunidad-agricola-europea-a-la-comunicacion-de-repowereu\"]}]},{\"@type\":\"ImageObject\",\"inLanguage\":\"es\",\"@id\":\"https:\/\/www.asajacyl.com\/palencia\/asaja-palencia-informa\/la-primera-reaccion-de-la-comunidad-agricola-europea-a-la-comunicacion-de-repowereu#primaryimage\",\"url\":\"https:\/\/www.asajacyl.com\/palencia\/wp-content\/uploads\/sites\/3\/2022\/03\/ALEX-BACHLER.jpg\",\"contentUrl\":\"https:\/\/www.asajacyl.com\/palencia\/wp-content\/uploads\/sites\/3\/2022\/03\/ALEX-BACHLER.jpg\",\"width\":1024,\"height\":1024},{\"@type\":\"BreadcrumbList\",\"@id\":\"https:\/\/www.asajacyl.com\/palencia\/asaja-palencia-informa\/la-primera-reaccion-de-la-comunidad-agricola-europea-a-la-comunicacion-de-repowereu#breadcrumb\",\"itemListElement\":[{\"@type\":\"ListItem\",\"position\":1,\"name\":\"Portada\",\"item\":\"https:\/\/www.asajacyl.com\/palencia\/\"},{\"@type\":\"ListItem\",\"position\":2,\"name\":\"La primera reacci\u00f3n de la comunidad agr\u00edcola europea a la comunicaci\u00f3n de REPowerEU\"}]},{\"@type\":\"WebSite\",\"@id\":\"https:\/\/www.asajacyl.com\/palencia\/#website\",\"url\":\"https:\/\/www.asajacyl.com\/palencia\/\",\"name\":\"ASAJA Palencia\",\"description\":\"Otro sitio m\u00e1s de Provincias ASAJA Castilla y Le\u00f3n\",\"potentialAction\":[{\"@type\":\"SearchAction\",\"target\":{\"@type\":\"EntryPoint\",\"urlTemplate\":\"https:\/\/www.asajacyl.com\/palencia\/?s={search_term_string}\"},\"query-input\":{\"@type\":\"PropertyValueSpecification\",\"valueRequired\":true,\"valueName\":\"search_term_string\"}}],\"inLanguage\":\"es\"},{\"@type\":\"Person\",\"@id\":\"https:\/\/www.asajacyl.com\/palencia\/#\/schema\/person\/3ab17aeb03527485c317557fae64aab1\",\"name\":\"Administrador\",\"image\":{\"@type\":\"ImageObject\",\"inLanguage\":\"es\",\"@id\":\"https:\/\/www.asajacyl.com\/palencia\/#\/schema\/person\/image\/\",\"url\":\"https:\/\/secure.gravatar.com\/avatar\/517384810d242ca9e38c180f3c9fb973?s=96&d=mm&r=g\",\"contentUrl\":\"https:\/\/secure.gravatar.com\/avatar\/517384810d242ca9e38c180f3c9fb973?s=96&d=mm&r=g\",\"caption\":\"Administrador\"},\"url\":\"https:\/\/www.asajacyl.com\/palencia\/author\/carlosrm\"}]}<\/script>\n<!-- \/ Yoast SEO plugin. -->","yoast_head_json":{"title":"La primera reacci\u00f3n de la comunidad agr\u00edcola europea a la comunicaci\u00f3n de REPowerEU - ASAJA Palencia","description":"Alexander Bachler, Presidente del Grupo de Trabajo Bioenerg\u00eda en el COPA-COGECA Europa importa de Rusia el 40% del gas, el 27% del petr\u00f3leo y el 46% del","robots":{"index":"index","follow":"follow","max-snippet":"max-snippet:-1","max-image-preview":"max-image-preview:large","max-video-preview":"max-video-preview:-1"},"canonical":"https:\/\/www.asajacyl.com\/palencia\/asaja-palencia-informa\/la-primera-reaccion-de-la-comunidad-agricola-europea-a-la-comunicacion-de-repowereu","og_locale":"es_ES","og_type":"article","og_title":"La primera reacci\u00f3n de la comunidad agr\u00edcola europea a la comunicaci\u00f3n de REPowerEU - ASAJA Palencia","og_description":"Alexander Bachler, Presidente del Grupo de Trabajo Bioenerg\u00eda en el COPA-COGECA Europa importa de Rusia el 40% del gas, el 27% del petr\u00f3leo y el 46% del","og_url":"https:\/\/www.asajacyl.com\/palencia\/asaja-palencia-informa\/la-primera-reaccion-de-la-comunidad-agricola-europea-a-la-comunicacion-de-repowereu","og_site_name":"ASAJA Palencia","article_published_time":"2022-03-25T08:15:00+00:00","og_image":[{"width":1024,"height":1024,"url":"https:\/\/www.asajacyl.com\/palencia\/wp-content\/uploads\/sites\/3\/2022\/03\/ALEX-BACHLER.jpg","type":"image\/jpeg"}],"author":"Administrador","twitter_card":"summary_large_image","twitter_misc":{"Escrito por":"Administrador","Tiempo de lectura":"4 minutos"},"schema":{"@context":"https:\/\/schema.org","@graph":[{"@type":"WebPage","@id":"https:\/\/www.asajacyl.com\/palencia\/asaja-palencia-informa\/la-primera-reaccion-de-la-comunidad-agricola-europea-a-la-comunicacion-de-repowereu","url":"https:\/\/www.asajacyl.com\/palencia\/asaja-palencia-informa\/la-primera-reaccion-de-la-comunidad-agricola-europea-a-la-comunicacion-de-repowereu","name":"La primera reacci\u00f3n de la comunidad agr\u00edcola europea a la comunicaci\u00f3n de REPowerEU - ASAJA Palencia","isPartOf":{"@id":"https:\/\/www.asajacyl.com\/palencia\/#website"},"primaryImageOfPage":{"@id":"https:\/\/www.asajacyl.com\/palencia\/asaja-palencia-informa\/la-primera-reaccion-de-la-comunidad-agricola-europea-a-la-comunicacion-de-repowereu#primaryimage"},"image":{"@id":"https:\/\/www.asajacyl.com\/palencia\/asaja-palencia-informa\/la-primera-reaccion-de-la-comunidad-agricola-europea-a-la-comunicacion-de-repowereu#primaryimage"},"thumbnailUrl":"https:\/\/www.asajacyl.com\/palencia\/wp-content\/uploads\/sites\/3\/2022\/03\/ALEX-BACHLER.jpg","datePublished":"2022-03-25T08:15:00+00:00","author":{"@id":"https:\/\/www.asajacyl.com\/palencia\/#\/schema\/person\/3ab17aeb03527485c317557fae64aab1"},"description":"Alexander Bachler, Presidente del Grupo de Trabajo Bioenerg\u00eda en el COPA-COGECA Europa importa de Rusia el 40% del gas, el 27% del petr\u00f3leo y el 46% del","breadcrumb":{"@id":"https:\/\/www.asajacyl.com\/palencia\/asaja-palencia-informa\/la-primera-reaccion-de-la-comunidad-agricola-europea-a-la-comunicacion-de-repowereu#breadcrumb"},"inLanguage":"es","potentialAction":[{"@type":"ReadAction","target":["https:\/\/www.asajacyl.com\/palencia\/asaja-palencia-informa\/la-primera-reaccion-de-la-comunidad-agricola-europea-a-la-comunicacion-de-repowereu"]}]},{"@type":"ImageObject","inLanguage":"es","@id":"https:\/\/www.asajacyl.com\/palencia\/asaja-palencia-informa\/la-primera-reaccion-de-la-comunidad-agricola-europea-a-la-comunicacion-de-repowereu#primaryimage","url":"https:\/\/www.asajacyl.com\/palencia\/wp-content\/uploads\/sites\/3\/2022\/03\/ALEX-BACHLER.jpg","contentUrl":"https:\/\/www.asajacyl.com\/palencia\/wp-content\/uploads\/sites\/3\/2022\/03\/ALEX-BACHLER.jpg","width":1024,"height":1024},{"@type":"BreadcrumbList","@id":"https:\/\/www.asajacyl.com\/palencia\/asaja-palencia-informa\/la-primera-reaccion-de-la-comunidad-agricola-europea-a-la-comunicacion-de-repowereu#breadcrumb","itemListElement":[{"@type":"ListItem","position":1,"name":"Portada","item":"https:\/\/www.asajacyl.com\/palencia\/"},{"@type":"ListItem","position":2,"name":"La primera reacci\u00f3n de la comunidad agr\u00edcola europea a la comunicaci\u00f3n de REPowerEU"}]},{"@type":"WebSite","@id":"https:\/\/www.asajacyl.com\/palencia\/#website","url":"https:\/\/www.asajacyl.com\/palencia\/","name":"ASAJA Palencia","description":"Otro sitio m\u00e1s de Provincias ASAJA Castilla y Le\u00f3n","potentialAction":[{"@type":"SearchAction","target":{"@type":"EntryPoint","urlTemplate":"https:\/\/www.asajacyl.com\/palencia\/?s={search_term_string}"},"query-input":{"@type":"PropertyValueSpecification","valueRequired":true,"valueName":"search_term_string"}}],"inLanguage":"es"},{"@type":"Person","@id":"https:\/\/www.asajacyl.com\/palencia\/#\/schema\/person\/3ab17aeb03527485c317557fae64aab1","name":"Administrador","image":{"@type":"ImageObject","inLanguage":"es","@id":"https:\/\/www.asajacyl.com\/palencia\/#\/schema\/person\/image\/","url":"https:\/\/secure.gravatar.com\/avatar\/517384810d242ca9e38c180f3c9fb973?s=96&d=mm&r=g","contentUrl":"https:\/\/secure.gravatar.com\/avatar\/517384810d242ca9e38c180f3c9fb973?s=96&d=mm&r=g","caption":"Administrador"},"url":"https:\/\/www.asajacyl.com\/palencia\/author\/carlosrm"}]}},"_links":{"self":[{"href":"https:\/\/www.asajacyl.com\/palencia\/wp-json\/wp\/v2\/posts\/10072"}],"collection":[{"href":"https:\/\/www.asajacyl.com\/palencia\/wp-json\/wp\/v2\/posts"}],"about":[{"href":"https:\/\/www.asajacyl.com\/palencia\/wp-json\/wp\/v2\/types\/post"}],"author":[{"embeddable":true,"href":"https:\/\/www.asajacyl.com\/palencia\/wp-json\/wp\/v2\/users\/9"}],"replies":[{"embeddable":true,"href":"https:\/\/www.asajacyl.com\/palencia\/wp-json\/wp\/v2\/comments?post=10072"}],"version-history":[{"count":1,"href":"https:\/\/www.asajacyl.com\/palencia\/wp-json\/wp\/v2\/posts\/10072\/revisions"}],"predecessor-version":[{"id":10074,"href":"https:\/\/www.asajacyl.com\/palencia\/wp-json\/wp\/v2\/posts\/10072\/revisions\/10074"}],"wp:featuredmedia":[{"embeddable":true,"href":"https:\/\/www.asajacyl.com\/palencia\/wp-json\/wp\/v2\/media\/10073"}],"wp:attachment":[{"href":"https:\/\/www.asajacyl.com\/palencia\/wp-json\/wp\/v2\/media?parent=10072"}],"wp:term":[{"taxonomy":"category","embeddable":true,"href":"https:\/\/www.asajacyl.com\/palencia\/wp-json\/wp\/v2\/categories?post=10072"},{"taxonomy":"post_tag","embeddable":true,"href":"https:\/\/www.asajacyl.com\/palencia\/wp-json\/wp\/v2\/tags?post=10072"}],"curies":[{"name":"wp","href":"https:\/\/api.w.org\/{rel}","templated":true}]}}