{"id":10075,"date":"2022-03-18T14:24:04","date_gmt":"2022-03-18T13:24:04","guid":{"rendered":"https:\/\/www.asajacyl.com\/palencia\/?p=10075"},"modified":"2022-03-18T14:24:05","modified_gmt":"2022-03-18T13:24:05","slug":"jose-luis-marcos-fernandez-nuevo-presidente-de-asaja-palencia","status":"publish","type":"post","link":"https:\/\/www.asajacyl.com\/palencia\/asaja-palencia-informa\/jose-luis-marcos-fernandez-nuevo-presidente-de-asaja-palencia","title":{"rendered":"Jos\u00e9 Luis Marcos Fern\u00e1ndez nuevo Presidente de ASAJA-Palencia"},"content":{"rendered":"\n<p>En la ma\u00f1ana de hoy ha tenido lugar una reuni\u00f3n de la Junta Provincial de ASAJA en la que se ha elegido a los miembros del nuevo Comit\u00e9 Ejecutivo que dirigir\u00e1 los designios de la organizaci\u00f3n profesional agraria durante los pr\u00f3ximos cuatro a\u00f1os.<\/p>\n\n\n\n<p>Jos\u00e9 Luis Marcos es un agricultor de Villaldav\u00edn y hasta hoy ostentaba el cargo de vicepresidente. Su candidatura ha sido la \u00fanica que ha concurrido a las elecciones de ASAJA-Palencia.<\/p>\n\n\n\n<p>En el nuevo Comit\u00e9 Ejecutivo tambi\u00e9n estar\u00e1n Lorenzo Garc\u00eda, agricultor de Villalc\u00f3n, como vicepresidente, Luis Mar\u00eda Santiago, agricultor de Torquemada, como secretario, Roberto Fern\u00e1ndez, ganadero de vacuno de Dehesa de Romanos, como tesorero, y Carlos Franco, agricultor de Villaherreros, como interventor.<\/p>\n\n\n\n<p>Previamente a la elecci\u00f3n, el presidente saliente, Honorato Meneses, ha realizado un sentido discurso en el que ha afirmado que \u201clo ha hecho lo mejor que ha podido\u201d y ha agradecido a sus compa\u00f1eros de Comit\u00e9 Ejecutivo, a los trabajadores de ASAJA y al presidente regional de ASAJA, Donaciano Dujo, la ayuda que le han prestado durante estos ocho a\u00f1os. La ovaci\u00f3n de los presentes ha sido un\u00e1nime para agradecer a Honorato su trabajo en pos de la mejora constante de la asociaci\u00f3n y su defensa de los intereses de los agricultores y ganaderos palentinos.<\/p>\n\n\n\n<p>Por su parte, el nuevo presidente ha realizado un emotivo discurso en el que se ha comprometido a trabajar por la asociaci\u00f3n as\u00ed como a darlo todo para mantener el alto list\u00f3n dejado por su predecesor.<\/p>\n\n\n\n<figure class=\"wp-block-image size-large\"><img loading=\"lazy\" decoding=\"async\" width=\"1024\" height=\"768\" src=\"https:\/\/www.asajacyl.com\/palencia\/wp-content\/uploads\/sites\/3\/2022\/03\/image-4-1024x768.jpg\" alt=\"\" class=\"wp-image-10076\" srcset=\"https:\/\/www.asajacyl.com\/palencia\/wp-content\/uploads\/sites\/3\/2022\/03\/image-4-1024x768.jpg 1024w, https:\/\/www.asajacyl.com\/palencia\/wp-content\/uploads\/sites\/3\/2022\/03\/image-4-300x225.jpg 300w, https:\/\/www.asajacyl.com\/palencia\/wp-content\/uploads\/sites\/3\/2022\/03\/image-4-768x576.jpg 768w, https:\/\/www.asajacyl.com\/palencia\/wp-content\/uploads\/sites\/3\/2022\/03\/image-4-1536x1152.jpg 1536w, https:\/\/www.asajacyl.com\/palencia\/wp-content\/uploads\/sites\/3\/2022\/03\/image-4-696x522.jpg 696w, https:\/\/www.asajacyl.com\/palencia\/wp-content\/uploads\/sites\/3\/2022\/03\/image-4-1068x801.jpg 1068w, https:\/\/www.asajacyl.com\/palencia\/wp-content\/uploads\/sites\/3\/2022\/03\/image-4-1920x1440.jpg 1920w, https:\/\/www.asajacyl.com\/palencia\/wp-content\/uploads\/sites\/3\/2022\/03\/image-4-560x420.jpg 560w, https:\/\/www.asajacyl.com\/palencia\/wp-content\/uploads\/sites\/3\/2022\/03\/image-4-80x60.jpg 80w, https:\/\/www.asajacyl.com\/palencia\/wp-content\/uploads\/sites\/3\/2022\/03\/image-4.jpg 2016w\" sizes=\"(max-width: 1024px) 100vw, 1024px\" \/><figcaption>Nuevo Comit\u00e9 Ejecutivo (de izquierda a derecha): Carlos Franco, Luis Mar\u00eda Santiago, Jos\u00e9 Luis Marcos, Lorenzo Garc\u00eda y Roberto Fern\u00e1ndez.<\/figcaption><\/figure>\n","protected":false},"excerpt":{"rendered":"<p>En la ma\u00f1ana de hoy ha tenido lugar una reuni\u00f3n de la Junta Provincial de ASAJA en la que se ha elegido a los miembros del nuevo Comit\u00e9 Ejecutivo que dirigir\u00e1 los designios de la organizaci\u00f3n profesional agraria durante los pr\u00f3ximos cuatro a\u00f1os. Jos\u00e9 Luis Marcos es un agricultor de Villaldav\u00edn y hasta hoy ostentaba [&hellip;]<\/p>\n","protected":false},"author":9,"featured_media":10076,"comment_status":"open","ping_status":"open","sticky":false,"template":"","format":"standard","meta":{"footnotes":""},"categories":[9,29,28],"tags":[],"yoast_head":"<!-- This site is optimized with the Yoast SEO plugin v24.5 - https:\/\/yoast.com\/wordpress\/plugins\/seo\/ -->\n<title>Jos\u00e9 Luis Marcos Fern\u00e1ndez nuevo Presidente de ASAJA-Palencia - ASAJA Palencia<\/title>\n<meta name=\"description\" content=\"En la ma\u00f1ana de hoy ha tenido lugar una reuni\u00f3n de la Junta Provincial de ASAJA en la que se ha elegido a los miembros del nuevo Comit\u00e9 Ejecutivo que\" \/>\n<meta name=\"robots\" content=\"index, follow, max-snippet:-1, max-image-preview:large, max-video-preview:-1\" \/>\n<link rel=\"canonical\" href=\"https:\/\/www.asajacyl.com\/palencia\/asaja-palencia-informa\/jose-luis-marcos-fernandez-nuevo-presidente-de-asaja-palencia\" \/>\n<meta property=\"og:locale\" content=\"es_ES\" \/>\n<meta property=\"og:type\" content=\"article\" \/>\n<meta property=\"og:title\" content=\"Jos\u00e9 Luis Marcos Fern\u00e1ndez nuevo Presidente de ASAJA-Palencia - ASAJA Palencia\" \/>\n<meta property=\"og:description\" content=\"En la ma\u00f1ana de hoy ha tenido lugar una reuni\u00f3n de la Junta Provincial de ASAJA en la que se ha elegido a los miembros del nuevo Comit\u00e9 Ejecutivo que\" \/>\n<meta property=\"og:url\" content=\"https:\/\/www.asajacyl.com\/palencia\/asaja-palencia-informa\/jose-luis-marcos-fernandez-nuevo-presidente-de-asaja-palencia\" \/>\n<meta property=\"og:site_name\" content=\"ASAJA Palencia\" \/>\n<meta property=\"article:published_time\" content=\"2022-03-18T13:24:04+00:00\" \/>\n<meta property=\"article:modified_time\" content=\"2022-03-18T13:24:05+00:00\" \/>\n<meta property=\"og:image\" content=\"https:\/\/www.asajacyl.com\/palencia\/wp-content\/uploads\/sites\/3\/2022\/03\/image-4.jpg\" \/>\n\t<meta property=\"og:image:width\" content=\"2016\" \/>\n\t<meta property=\"og:image:height\" content=\"1512\" \/>\n\t<meta property=\"og:image:type\" content=\"image\/jpeg\" \/>\n<meta name=\"author\" content=\"Administrador\" \/>\n<meta name=\"twitter:card\" content=\"summary_large_image\" \/>\n<meta name=\"twitter:label1\" content=\"Escrito por\" \/>\n\t<meta name=\"twitter:data1\" content=\"Administrador\" \/>\n\t<meta name=\"twitter:label2\" content=\"Tiempo de lectura\" \/>\n\t<meta name=\"twitter:data2\" content=\"2 minutos\" \/>\n<script type=\"application\/ld+json\" class=\"yoast-schema-graph\">{\"@context\":\"https:\/\/schema.org\",\"@graph\":[{\"@type\":\"WebPage\",\"@id\":\"https:\/\/www.asajacyl.com\/palencia\/asaja-palencia-informa\/jose-luis-marcos-fernandez-nuevo-presidente-de-asaja-palencia\",\"url\":\"https:\/\/www.asajacyl.com\/palencia\/asaja-palencia-informa\/jose-luis-marcos-fernandez-nuevo-presidente-de-asaja-palencia\",\"name\":\"Jos\u00e9 Luis Marcos Fern\u00e1ndez nuevo Presidente de ASAJA-Palencia - ASAJA Palencia\",\"isPartOf\":{\"@id\":\"https:\/\/www.asajacyl.com\/palencia\/#website\"},\"primaryImageOfPage\":{\"@id\":\"https:\/\/www.asajacyl.com\/palencia\/asaja-palencia-informa\/jose-luis-marcos-fernandez-nuevo-presidente-de-asaja-palencia#primaryimage\"},\"image\":{\"@id\":\"https:\/\/www.asajacyl.com\/palencia\/asaja-palencia-informa\/jose-luis-marcos-fernandez-nuevo-presidente-de-asaja-palencia#primaryimage\"},\"thumbnailUrl\":\"https:\/\/www.asajacyl.com\/palencia\/wp-content\/uploads\/sites\/3\/2022\/03\/image-4.jpg\",\"datePublished\":\"2022-03-18T13:24:04+00:00\",\"dateModified\":\"2022-03-18T13:24:05+00:00\",\"author\":{\"@id\":\"https:\/\/www.asajacyl.com\/palencia\/#\/schema\/person\/3ab17aeb03527485c317557fae64aab1\"},\"description\":\"En la ma\u00f1ana de hoy ha tenido lugar una reuni\u00f3n de la Junta Provincial de ASAJA en la que se ha elegido a los miembros del nuevo Comit\u00e9 Ejecutivo que\",\"breadcrumb\":{\"@id\":\"https:\/\/www.asajacyl.com\/palencia\/asaja-palencia-informa\/jose-luis-marcos-fernandez-nuevo-presidente-de-asaja-palencia#breadcrumb\"},\"inLanguage\":\"es\",\"potentialAction\":[{\"@type\":\"ReadAction\",\"target\":[\"https:\/\/www.asajacyl.com\/palencia\/asaja-palencia-informa\/jose-luis-marcos-fernandez-nuevo-presidente-de-asaja-palencia\"]}]},{\"@type\":\"ImageObject\",\"inLanguage\":\"es\",\"@id\":\"https:\/\/www.asajacyl.com\/palencia\/asaja-palencia-informa\/jose-luis-marcos-fernandez-nuevo-presidente-de-asaja-palencia#primaryimage\",\"url\":\"https:\/\/www.asajacyl.com\/palencia\/wp-content\/uploads\/sites\/3\/2022\/03\/image-4.jpg\",\"contentUrl\":\"https:\/\/www.asajacyl.com\/palencia\/wp-content\/uploads\/sites\/3\/2022\/03\/image-4.jpg\",\"width\":2016,\"height\":1512},{\"@type\":\"BreadcrumbList\",\"@id\":\"https:\/\/www.asajacyl.com\/palencia\/asaja-palencia-informa\/jose-luis-marcos-fernandez-nuevo-presidente-de-asaja-palencia#breadcrumb\",\"itemListElement\":[{\"@type\":\"ListItem\",\"position\":1,\"name\":\"Portada\",\"item\":\"https:\/\/www.asajacyl.com\/palencia\/\"},{\"@type\":\"ListItem\",\"position\":2,\"name\":\"Jos\u00e9 Luis Marcos Fern\u00e1ndez nuevo Presidente de ASAJA-Palencia\"}]},{\"@type\":\"WebSite\",\"@id\":\"https:\/\/www.asajacyl.com\/palencia\/#website\",\"url\":\"https:\/\/www.asajacyl.com\/palencia\/\",\"name\":\"ASAJA Palencia\",\"description\":\"Otro sitio m\u00e1s de Provincias ASAJA Castilla y Le\u00f3n\",\"potentialAction\":[{\"@type\":\"SearchAction\",\"target\":{\"@type\":\"EntryPoint\",\"urlTemplate\":\"https:\/\/www.asajacyl.com\/palencia\/?s={search_term_string}\"},\"query-input\":{\"@type\":\"PropertyValueSpecification\",\"valueRequired\":true,\"valueName\":\"search_term_string\"}}],\"inLanguage\":\"es\"},{\"@type\":\"Person\",\"@id\":\"https:\/\/www.asajacyl.com\/palencia\/#\/schema\/person\/3ab17aeb03527485c317557fae64aab1\",\"name\":\"Administrador\",\"image\":{\"@type\":\"ImageObject\",\"inLanguage\":\"es\",\"@id\":\"https:\/\/www.asajacyl.com\/palencia\/#\/schema\/person\/image\/\",\"url\":\"https:\/\/secure.gravatar.com\/avatar\/517384810d242ca9e38c180f3c9fb973?s=96&d=mm&r=g\",\"contentUrl\":\"https:\/\/secure.gravatar.com\/avatar\/517384810d242ca9e38c180f3c9fb973?s=96&d=mm&r=g\",\"caption\":\"Administrador\"},\"url\":\"https:\/\/www.asajacyl.com\/palencia\/author\/carlosrm\"}]}<\/script>\n<!-- \/ Yoast SEO plugin. -->","yoast_head_json":{"title":"Jos\u00e9 Luis Marcos Fern\u00e1ndez nuevo Presidente de ASAJA-Palencia - ASAJA Palencia","description":"En la ma\u00f1ana de hoy ha tenido lugar una reuni\u00f3n de la Junta Provincial de ASAJA en la que se ha elegido a los miembros del nuevo Comit\u00e9 Ejecutivo que","robots":{"index":"index","follow":"follow","max-snippet":"max-snippet:-1","max-image-preview":"max-image-preview:large","max-video-preview":"max-video-preview:-1"},"canonical":"https:\/\/www.asajacyl.com\/palencia\/asaja-palencia-informa\/jose-luis-marcos-fernandez-nuevo-presidente-de-asaja-palencia","og_locale":"es_ES","og_type":"article","og_title":"Jos\u00e9 Luis Marcos Fern\u00e1ndez nuevo Presidente de ASAJA-Palencia - ASAJA Palencia","og_description":"En la ma\u00f1ana de hoy ha tenido lugar una reuni\u00f3n de la Junta Provincial de ASAJA en la que se ha elegido a los miembros del nuevo Comit\u00e9 Ejecutivo que","og_url":"https:\/\/www.asajacyl.com\/palencia\/asaja-palencia-informa\/jose-luis-marcos-fernandez-nuevo-presidente-de-asaja-palencia","og_site_name":"ASAJA Palencia","article_published_time":"2022-03-18T13:24:04+00:00","article_modified_time":"2022-03-18T13:24:05+00:00","og_image":[{"width":2016,"height":1512,"url":"https:\/\/www.asajacyl.com\/palencia\/wp-content\/uploads\/sites\/3\/2022\/03\/image-4.jpg","type":"image\/jpeg"}],"author":"Administrador","twitter_card":"summary_large_image","twitter_misc":{"Escrito por":"Administrador","Tiempo de lectura":"2 minutos"},"schema":{"@context":"https:\/\/schema.org","@graph":[{"@type":"WebPage","@id":"https:\/\/www.asajacyl.com\/palencia\/asaja-palencia-informa\/jose-luis-marcos-fernandez-nuevo-presidente-de-asaja-palencia","url":"https:\/\/www.asajacyl.com\/palencia\/asaja-palencia-informa\/jose-luis-marcos-fernandez-nuevo-presidente-de-asaja-palencia","name":"Jos\u00e9 Luis Marcos Fern\u00e1ndez nuevo Presidente de ASAJA-Palencia - ASAJA Palencia","isPartOf":{"@id":"https:\/\/www.asajacyl.com\/palencia\/#website"},"primaryImageOfPage":{"@id":"https:\/\/www.asajacyl.com\/palencia\/asaja-palencia-informa\/jose-luis-marcos-fernandez-nuevo-presidente-de-asaja-palencia#primaryimage"},"image":{"@id":"https:\/\/www.asajacyl.com\/palencia\/asaja-palencia-informa\/jose-luis-marcos-fernandez-nuevo-presidente-de-asaja-palencia#primaryimage"},"thumbnailUrl":"https:\/\/www.asajacyl.com\/palencia\/wp-content\/uploads\/sites\/3\/2022\/03\/image-4.jpg","datePublished":"2022-03-18T13:24:04+00:00","dateModified":"2022-03-18T13:24:05+00:00","author":{"@id":"https:\/\/www.asajacyl.com\/palencia\/#\/schema\/person\/3ab17aeb03527485c317557fae64aab1"},"description":"En la ma\u00f1ana de hoy ha tenido lugar una reuni\u00f3n de la Junta Provincial de ASAJA en la que se ha elegido a los miembros del nuevo Comit\u00e9 Ejecutivo que","breadcrumb":{"@id":"https:\/\/www.asajacyl.com\/palencia\/asaja-palencia-informa\/jose-luis-marcos-fernandez-nuevo-presidente-de-asaja-palencia#breadcrumb"},"inLanguage":"es","potentialAction":[{"@type":"ReadAction","target":["https:\/\/www.asajacyl.com\/palencia\/asaja-palencia-informa\/jose-luis-marcos-fernandez-nuevo-presidente-de-asaja-palencia"]}]},{"@type":"ImageObject","inLanguage":"es","@id":"https:\/\/www.asajacyl.com\/palencia\/asaja-palencia-informa\/jose-luis-marcos-fernandez-nuevo-presidente-de-asaja-palencia#primaryimage","url":"https:\/\/www.asajacyl.com\/palencia\/wp-content\/uploads\/sites\/3\/2022\/03\/image-4.jpg","contentUrl":"https:\/\/www.asajacyl.com\/palencia\/wp-content\/uploads\/sites\/3\/2022\/03\/image-4.jpg","width":2016,"height":1512},{"@type":"BreadcrumbList","@id":"https:\/\/www.asajacyl.com\/palencia\/asaja-palencia-informa\/jose-luis-marcos-fernandez-nuevo-presidente-de-asaja-palencia#breadcrumb","itemListElement":[{"@type":"ListItem","position":1,"name":"Portada","item":"https:\/\/www.asajacyl.com\/palencia\/"},{"@type":"ListItem","position":2,"name":"Jos\u00e9 Luis Marcos Fern\u00e1ndez nuevo Presidente de ASAJA-Palencia"}]},{"@type":"WebSite","@id":"https:\/\/www.asajacyl.com\/palencia\/#website","url":"https:\/\/www.asajacyl.com\/palencia\/","name":"ASAJA Palencia","description":"Otro sitio m\u00e1s de Provincias ASAJA Castilla y Le\u00f3n","potentialAction":[{"@type":"SearchAction","target":{"@type":"EntryPoint","urlTemplate":"https:\/\/www.asajacyl.com\/palencia\/?s={search_term_string}"},"query-input":{"@type":"PropertyValueSpecification","valueRequired":true,"valueName":"search_term_string"}}],"inLanguage":"es"},{"@type":"Person","@id":"https:\/\/www.asajacyl.com\/palencia\/#\/schema\/person\/3ab17aeb03527485c317557fae64aab1","name":"Administrador","image":{"@type":"ImageObject","inLanguage":"es","@id":"https:\/\/www.asajacyl.com\/palencia\/#\/schema\/person\/image\/","url":"https:\/\/secure.gravatar.com\/avatar\/517384810d242ca9e38c180f3c9fb973?s=96&d=mm&r=g","contentUrl":"https:\/\/secure.gravatar.com\/avatar\/517384810d242ca9e38c180f3c9fb973?s=96&d=mm&r=g","caption":"Administrador"},"url":"https:\/\/www.asajacyl.com\/palencia\/author\/carlosrm"}]}},"_links":{"self":[{"href":"https:\/\/www.asajacyl.com\/palencia\/wp-json\/wp\/v2\/posts\/10075"}],"collection":[{"href":"https:\/\/www.asajacyl.com\/palencia\/wp-json\/wp\/v2\/posts"}],"about":[{"href":"https:\/\/www.asajacyl.com\/palencia\/wp-json\/wp\/v2\/types\/post"}],"author":[{"embeddable":true,"href":"https:\/\/www.asajacyl.com\/palencia\/wp-json\/wp\/v2\/users\/9"}],"replies":[{"embeddable":true,"href":"https:\/\/www.asajacyl.com\/palencia\/wp-json\/wp\/v2\/comments?post=10075"}],"version-history":[{"count":1,"href":"https:\/\/www.asajacyl.com\/palencia\/wp-json\/wp\/v2\/posts\/10075\/revisions"}],"predecessor-version":[{"id":10077,"href":"https:\/\/www.asajacyl.com\/palencia\/wp-json\/wp\/v2\/posts\/10075\/revisions\/10077"}],"wp:featuredmedia":[{"embeddable":true,"href":"https:\/\/www.asajacyl.com\/palencia\/wp-json\/wp\/v2\/media\/10076"}],"wp:attachment":[{"href":"https:\/\/www.asajacyl.com\/palencia\/wp-json\/wp\/v2\/media?parent=10075"}],"wp:term":[{"taxonomy":"category","embeddable":true,"href":"https:\/\/www.asajacyl.com\/palencia\/wp-json\/wp\/v2\/categories?post=10075"},{"taxonomy":"post_tag","embeddable":true,"href":"https:\/\/www.asajacyl.com\/palencia\/wp-json\/wp\/v2\/tags?post=10075"}],"curies":[{"name":"wp","href":"https:\/\/api.w.org\/{rel}","templated":true}]}}