{"id":10091,"date":"2022-03-21T17:40:11","date_gmt":"2022-03-21T16:40:11","guid":{"rendered":"https:\/\/www.asajacyl.com\/palencia\/?p=10091"},"modified":"2022-03-21T17:49:53","modified_gmt":"2022-03-21T16:49:53","slug":"mas-de-2-000-palentinos-en-la-gran-manifestacion-en-defensa-del-medio-rural","status":"publish","type":"post","link":"https:\/\/www.asajacyl.com\/palencia\/asaja-palencia-informa\/mas-de-2-000-palentinos-en-la-gran-manifestacion-en-defensa-del-medio-rural","title":{"rendered":"M\u00e1s de 2.000 palentinos en la gran manifestaci\u00f3n en defensa del Medio Rural"},"content":{"rendered":"\n<p>Se estimaba que el domingo podr\u00edan acudir a Madrid alrededor de 200.000 personas pero finalmente la participaci\u00f3n ha sido m\u00e1s del doble ya que se han superado las 400.000 personas en la imponente y ejemplar manifestaci\u00f3n que tuvo lugar ayer.<\/p>\n\n\n\n<p>Miles y miles de agricultores, ganaderos, cazadores y personas ligadas al Medio Rural recorrieron el madrile\u00f1o Paseo de la Castellana desde la glorieta de Carlos V -sede del Ministerio de Agricultura, Pesca y Alimentaci\u00f3n- hasta la zona de Nuevos Ministerios -donde tiene su sede el Ministerio de Transici\u00f3n Ecol\u00f3gica y Reto Demogr\u00e1fico-.<\/p>\n\n\n\n<p>El comportamiento de los manifestantes fue exquisito y, al irse toda la gente, Madrid qued\u00f3 igual o mejor que antes de que sus calles se inundaran de personas, algo que recuerda el cuidado que realizan todos estos colectivos del Medio Ambiente.<\/p>\n\n\n\n<p>El lema de la manifestaci\u00f3n fue \u00abJuntos por el campo, por un mundo rural vivo\u00bb y a esa ansiada b\u00fasqueda del respeto hacia el Medio Rural se encaminaron m\u00e1s de 2.000 palentinos en diversos autobuses, fletados por las organizaciones agrarias y colectivos de cazadores, y en multitud de coches particulares, sin obviar a aquellos que prefirieron desplazarse en tren.<\/p>\n\n\n\n<p>El presidente de ASAJA Castilla y Le\u00f3n, Donaciano Dujo, ha calificado a la manifestaci\u00f3n de \u201c\u00e9xito rotundo del campo espa\u00f1ol y una expresi\u00f3n de la fuerza y capacidad de resistencia de los agricultores y ganaderos en un momento cr\u00edtico\u201d. \u201cPresidente del Gobierno, aqu\u00ed tienes al campo. El sector primario alimenta a la sociedad. Pedimos soluciones YA, no promesas. Nuestras explotaciones necesitan ser rentables, costes asumibles y precios dignos para poder vivir de la agricultura y la ganader\u00eda, nosotros y nuestras familias\u201d, ha subrayado el presidente de ASAJA.<\/p>\n\n\n\n<p>El l\u00edder regional ha destacado que el momento actual el campo \u201ces de los m\u00e1s complicados que hemos vivido, y m\u00e1s para una comunidad como la nuestra, l\u00edder en producciones agrarias y ganaderas. Los costes se han disparado hasta un 300%, aunque la leche nos la siguen pagando igual que hace a\u00f1os. La pandemia, la crisis econ\u00f3mica posterior y ahora la guerra en Ucrania han golpeado gravemente a los productores, y la amenaza de quiebra es real para muchos\u201d.<\/p>\n\n\n\n<p>\u201cNo se entiende que en otros pa\u00edses europeos, como Alemania, Italia, Portugal o Francia, ya se est\u00e9n poniendo sobre la mesa medidas para apoyar al campo, y aqu\u00ed no hayamos visto todav\u00eda nada\u201d, ha denunciado Donaciano Dujo, que ha apelado directamente al presidente del Gobierno \u201cporque es el primero que tiene que entender que el campo no aguanta m\u00e1s y poner soluciones, y detr\u00e1s de \u00e9l todos los ministros, porque algunos en lugar de ayudar se han dedicado a desprestigiarnos. Y detr\u00e1s del Gobierno, las comunidades aut\u00f3nomas, que tambi\u00e9n tienen que apostar por el campo. Este es un asunto de Estado y vital para el conjunto de la sociedad, porque est\u00e1 en juego el abastecimiento de alimentos de todos los espa\u00f1oles\u201d.<\/p>\n\n\n\n<p>Los manifestantes palentinos recorrieron la Castellana tras una pancarta con el lema \u201cPrecios dignos y respeto al mundo rural\u201d. Tras ella se encontraba el reci\u00e9n elegido presidente de ASAJA Palencia, Jos\u00e9 Luis Marcos, acompa\u00f1ado por su antecesor, Honorato Meneses. Marcos ha destacado el hartazgo de los agricultores y ganaderos ante los numerosos problemas con los que se enfrenta, y principalmente a los precios de los insumos, que ya eran desorbitados y ahora est\u00e1n totalmente descontrolados desde que comenz\u00f3 la guerra en Ucrania. El Gobierno tiene que mover ficha y aprobar urgentemente medidas de apoyo para el sector\u201d. \u00abHa sido una manifestaci\u00f3n espectacular y ejemplar\u00bb, destac\u00f3.<\/p>\n\n\n\n<figure class=\"wp-block-image size-full\"><img loading=\"lazy\" decoding=\"async\" width=\"1024\" height=\"768\" src=\"https:\/\/www.asajacyl.com\/palencia\/wp-content\/uploads\/sites\/3\/2022\/03\/MANIFESTACION-20M-6.jpg\" alt=\"\" class=\"wp-image-10098\" srcset=\"https:\/\/www.asajacyl.com\/palencia\/wp-content\/uploads\/sites\/3\/2022\/03\/MANIFESTACION-20M-6.jpg 1024w, https:\/\/www.asajacyl.com\/palencia\/wp-content\/uploads\/sites\/3\/2022\/03\/MANIFESTACION-20M-6-300x225.jpg 300w, https:\/\/www.asajacyl.com\/palencia\/wp-content\/uploads\/sites\/3\/2022\/03\/MANIFESTACION-20M-6-768x576.jpg 768w, https:\/\/www.asajacyl.com\/palencia\/wp-content\/uploads\/sites\/3\/2022\/03\/MANIFESTACION-20M-6-696x522.jpg 696w, https:\/\/www.asajacyl.com\/palencia\/wp-content\/uploads\/sites\/3\/2022\/03\/MANIFESTACION-20M-6-560x420.jpg 560w, https:\/\/www.asajacyl.com\/palencia\/wp-content\/uploads\/sites\/3\/2022\/03\/MANIFESTACION-20M-6-80x60.jpg 80w\" sizes=\"(max-width: 1024px) 100vw, 1024px\" \/><\/figure>\n","protected":false},"excerpt":{"rendered":"<p>Se estimaba que el domingo podr\u00edan acudir a Madrid alrededor de 200.000 personas pero finalmente la participaci\u00f3n ha sido m\u00e1s del doble ya que se han superado las 400.000 personas en la imponente y ejemplar manifestaci\u00f3n que tuvo lugar ayer. Miles y miles de agricultores, ganaderos, cazadores y personas ligadas al Medio Rural recorrieron el [&hellip;]<\/p>\n","protected":false},"author":9,"featured_media":10093,"comment_status":"open","ping_status":"open","sticky":false,"template":"","format":"standard","meta":{"footnotes":""},"categories":[9,29,28],"tags":[],"yoast_head":"<!-- This site is optimized with the Yoast SEO plugin v24.5 - https:\/\/yoast.com\/wordpress\/plugins\/seo\/ -->\n<title>M\u00e1s de 2.000 palentinos en la gran manifestaci\u00f3n en defensa del Medio Rural - ASAJA Palencia<\/title>\n<meta name=\"description\" content=\"Se estimaba que el domingo podr\u00edan acudir a Madrid alrededor de 200.000 personas pero finalmente la participaci\u00f3n ha sido m\u00e1s del doble ya que se han\" \/>\n<meta name=\"robots\" content=\"index, follow, max-snippet:-1, max-image-preview:large, max-video-preview:-1\" \/>\n<link rel=\"canonical\" href=\"https:\/\/www.asajacyl.com\/palencia\/asaja-palencia-informa\/mas-de-2-000-palentinos-en-la-gran-manifestacion-en-defensa-del-medio-rural\" \/>\n<meta property=\"og:locale\" content=\"es_ES\" \/>\n<meta property=\"og:type\" content=\"article\" \/>\n<meta property=\"og:title\" content=\"M\u00e1s de 2.000 palentinos en la gran manifestaci\u00f3n en defensa del Medio Rural - ASAJA Palencia\" \/>\n<meta property=\"og:description\" content=\"Se estimaba que el domingo podr\u00edan acudir a Madrid alrededor de 200.000 personas pero finalmente la participaci\u00f3n ha sido m\u00e1s del doble ya que se han\" \/>\n<meta property=\"og:url\" content=\"https:\/\/www.asajacyl.com\/palencia\/asaja-palencia-informa\/mas-de-2-000-palentinos-en-la-gran-manifestacion-en-defensa-del-medio-rural\" \/>\n<meta property=\"og:site_name\" content=\"ASAJA Palencia\" \/>\n<meta property=\"article:published_time\" content=\"2022-03-21T16:40:11+00:00\" \/>\n<meta property=\"article:modified_time\" content=\"2022-03-21T16:49:53+00:00\" \/>\n<meta property=\"og:image\" content=\"https:\/\/www.asajacyl.com\/palencia\/wp-content\/uploads\/sites\/3\/2022\/03\/MANIFESTACION-20M-4.jpg\" \/>\n\t<meta property=\"og:image:width\" content=\"2048\" \/>\n\t<meta property=\"og:image:height\" content=\"1536\" \/>\n\t<meta property=\"og:image:type\" content=\"image\/jpeg\" \/>\n<meta name=\"author\" content=\"Administrador\" \/>\n<meta name=\"twitter:card\" content=\"summary_large_image\" \/>\n<meta name=\"twitter:label1\" content=\"Escrito por\" \/>\n\t<meta name=\"twitter:data1\" content=\"Administrador\" \/>\n\t<meta name=\"twitter:label2\" content=\"Tiempo de lectura\" \/>\n\t<meta name=\"twitter:data2\" content=\"3 minutos\" \/>\n<script type=\"application\/ld+json\" class=\"yoast-schema-graph\">{\"@context\":\"https:\/\/schema.org\",\"@graph\":[{\"@type\":\"WebPage\",\"@id\":\"https:\/\/www.asajacyl.com\/palencia\/asaja-palencia-informa\/mas-de-2-000-palentinos-en-la-gran-manifestacion-en-defensa-del-medio-rural\",\"url\":\"https:\/\/www.asajacyl.com\/palencia\/asaja-palencia-informa\/mas-de-2-000-palentinos-en-la-gran-manifestacion-en-defensa-del-medio-rural\",\"name\":\"M\u00e1s de 2.000 palentinos en la gran manifestaci\u00f3n en defensa del Medio Rural - ASAJA Palencia\",\"isPartOf\":{\"@id\":\"https:\/\/www.asajacyl.com\/palencia\/#website\"},\"primaryImageOfPage\":{\"@id\":\"https:\/\/www.asajacyl.com\/palencia\/asaja-palencia-informa\/mas-de-2-000-palentinos-en-la-gran-manifestacion-en-defensa-del-medio-rural#primaryimage\"},\"image\":{\"@id\":\"https:\/\/www.asajacyl.com\/palencia\/asaja-palencia-informa\/mas-de-2-000-palentinos-en-la-gran-manifestacion-en-defensa-del-medio-rural#primaryimage\"},\"thumbnailUrl\":\"https:\/\/www.asajacyl.com\/palencia\/wp-content\/uploads\/sites\/3\/2022\/03\/MANIFESTACION-20M-4.jpg\",\"datePublished\":\"2022-03-21T16:40:11+00:00\",\"dateModified\":\"2022-03-21T16:49:53+00:00\",\"author\":{\"@id\":\"https:\/\/www.asajacyl.com\/palencia\/#\/schema\/person\/3ab17aeb03527485c317557fae64aab1\"},\"description\":\"Se estimaba que el domingo podr\u00edan acudir a Madrid alrededor de 200.000 personas pero finalmente la participaci\u00f3n ha sido m\u00e1s del doble ya que se han\",\"breadcrumb\":{\"@id\":\"https:\/\/www.asajacyl.com\/palencia\/asaja-palencia-informa\/mas-de-2-000-palentinos-en-la-gran-manifestacion-en-defensa-del-medio-rural#breadcrumb\"},\"inLanguage\":\"es\",\"potentialAction\":[{\"@type\":\"ReadAction\",\"target\":[\"https:\/\/www.asajacyl.com\/palencia\/asaja-palencia-informa\/mas-de-2-000-palentinos-en-la-gran-manifestacion-en-defensa-del-medio-rural\"]}]},{\"@type\":\"ImageObject\",\"inLanguage\":\"es\",\"@id\":\"https:\/\/www.asajacyl.com\/palencia\/asaja-palencia-informa\/mas-de-2-000-palentinos-en-la-gran-manifestacion-en-defensa-del-medio-rural#primaryimage\",\"url\":\"https:\/\/www.asajacyl.com\/palencia\/wp-content\/uploads\/sites\/3\/2022\/03\/MANIFESTACION-20M-4.jpg\",\"contentUrl\":\"https:\/\/www.asajacyl.com\/palencia\/wp-content\/uploads\/sites\/3\/2022\/03\/MANIFESTACION-20M-4.jpg\",\"width\":2048,\"height\":1536},{\"@type\":\"BreadcrumbList\",\"@id\":\"https:\/\/www.asajacyl.com\/palencia\/asaja-palencia-informa\/mas-de-2-000-palentinos-en-la-gran-manifestacion-en-defensa-del-medio-rural#breadcrumb\",\"itemListElement\":[{\"@type\":\"ListItem\",\"position\":1,\"name\":\"Portada\",\"item\":\"https:\/\/www.asajacyl.com\/palencia\/\"},{\"@type\":\"ListItem\",\"position\":2,\"name\":\"M\u00e1s de 2.000 palentinos en la gran manifestaci\u00f3n en defensa del Medio Rural\"}]},{\"@type\":\"WebSite\",\"@id\":\"https:\/\/www.asajacyl.com\/palencia\/#website\",\"url\":\"https:\/\/www.asajacyl.com\/palencia\/\",\"name\":\"ASAJA Palencia\",\"description\":\"Otro sitio m\u00e1s de Provincias ASAJA Castilla y Le\u00f3n\",\"potentialAction\":[{\"@type\":\"SearchAction\",\"target\":{\"@type\":\"EntryPoint\",\"urlTemplate\":\"https:\/\/www.asajacyl.com\/palencia\/?s={search_term_string}\"},\"query-input\":{\"@type\":\"PropertyValueSpecification\",\"valueRequired\":true,\"valueName\":\"search_term_string\"}}],\"inLanguage\":\"es\"},{\"@type\":\"Person\",\"@id\":\"https:\/\/www.asajacyl.com\/palencia\/#\/schema\/person\/3ab17aeb03527485c317557fae64aab1\",\"name\":\"Administrador\",\"image\":{\"@type\":\"ImageObject\",\"inLanguage\":\"es\",\"@id\":\"https:\/\/www.asajacyl.com\/palencia\/#\/schema\/person\/image\/\",\"url\":\"https:\/\/secure.gravatar.com\/avatar\/517384810d242ca9e38c180f3c9fb973?s=96&d=mm&r=g\",\"contentUrl\":\"https:\/\/secure.gravatar.com\/avatar\/517384810d242ca9e38c180f3c9fb973?s=96&d=mm&r=g\",\"caption\":\"Administrador\"},\"url\":\"https:\/\/www.asajacyl.com\/palencia\/author\/carlosrm\"}]}<\/script>\n<!-- \/ Yoast SEO plugin. -->","yoast_head_json":{"title":"M\u00e1s de 2.000 palentinos en la gran manifestaci\u00f3n en defensa del Medio Rural - ASAJA Palencia","description":"Se estimaba que el domingo podr\u00edan acudir a Madrid alrededor de 200.000 personas pero finalmente la participaci\u00f3n ha sido m\u00e1s del doble ya que se han","robots":{"index":"index","follow":"follow","max-snippet":"max-snippet:-1","max-image-preview":"max-image-preview:large","max-video-preview":"max-video-preview:-1"},"canonical":"https:\/\/www.asajacyl.com\/palencia\/asaja-palencia-informa\/mas-de-2-000-palentinos-en-la-gran-manifestacion-en-defensa-del-medio-rural","og_locale":"es_ES","og_type":"article","og_title":"M\u00e1s de 2.000 palentinos en la gran manifestaci\u00f3n en defensa del Medio Rural - ASAJA Palencia","og_description":"Se estimaba que el domingo podr\u00edan acudir a Madrid alrededor de 200.000 personas pero finalmente la participaci\u00f3n ha sido m\u00e1s del doble ya que se han","og_url":"https:\/\/www.asajacyl.com\/palencia\/asaja-palencia-informa\/mas-de-2-000-palentinos-en-la-gran-manifestacion-en-defensa-del-medio-rural","og_site_name":"ASAJA Palencia","article_published_time":"2022-03-21T16:40:11+00:00","article_modified_time":"2022-03-21T16:49:53+00:00","og_image":[{"width":2048,"height":1536,"url":"https:\/\/www.asajacyl.com\/palencia\/wp-content\/uploads\/sites\/3\/2022\/03\/MANIFESTACION-20M-4.jpg","type":"image\/jpeg"}],"author":"Administrador","twitter_card":"summary_large_image","twitter_misc":{"Escrito por":"Administrador","Tiempo de lectura":"3 minutos"},"schema":{"@context":"https:\/\/schema.org","@graph":[{"@type":"WebPage","@id":"https:\/\/www.asajacyl.com\/palencia\/asaja-palencia-informa\/mas-de-2-000-palentinos-en-la-gran-manifestacion-en-defensa-del-medio-rural","url":"https:\/\/www.asajacyl.com\/palencia\/asaja-palencia-informa\/mas-de-2-000-palentinos-en-la-gran-manifestacion-en-defensa-del-medio-rural","name":"M\u00e1s de 2.000 palentinos en la gran manifestaci\u00f3n en defensa del Medio Rural - ASAJA Palencia","isPartOf":{"@id":"https:\/\/www.asajacyl.com\/palencia\/#website"},"primaryImageOfPage":{"@id":"https:\/\/www.asajacyl.com\/palencia\/asaja-palencia-informa\/mas-de-2-000-palentinos-en-la-gran-manifestacion-en-defensa-del-medio-rural#primaryimage"},"image":{"@id":"https:\/\/www.asajacyl.com\/palencia\/asaja-palencia-informa\/mas-de-2-000-palentinos-en-la-gran-manifestacion-en-defensa-del-medio-rural#primaryimage"},"thumbnailUrl":"https:\/\/www.asajacyl.com\/palencia\/wp-content\/uploads\/sites\/3\/2022\/03\/MANIFESTACION-20M-4.jpg","datePublished":"2022-03-21T16:40:11+00:00","dateModified":"2022-03-21T16:49:53+00:00","author":{"@id":"https:\/\/www.asajacyl.com\/palencia\/#\/schema\/person\/3ab17aeb03527485c317557fae64aab1"},"description":"Se estimaba que el domingo podr\u00edan acudir a Madrid alrededor de 200.000 personas pero finalmente la participaci\u00f3n ha sido m\u00e1s del doble ya que se han","breadcrumb":{"@id":"https:\/\/www.asajacyl.com\/palencia\/asaja-palencia-informa\/mas-de-2-000-palentinos-en-la-gran-manifestacion-en-defensa-del-medio-rural#breadcrumb"},"inLanguage":"es","potentialAction":[{"@type":"ReadAction","target":["https:\/\/www.asajacyl.com\/palencia\/asaja-palencia-informa\/mas-de-2-000-palentinos-en-la-gran-manifestacion-en-defensa-del-medio-rural"]}]},{"@type":"ImageObject","inLanguage":"es","@id":"https:\/\/www.asajacyl.com\/palencia\/asaja-palencia-informa\/mas-de-2-000-palentinos-en-la-gran-manifestacion-en-defensa-del-medio-rural#primaryimage","url":"https:\/\/www.asajacyl.com\/palencia\/wp-content\/uploads\/sites\/3\/2022\/03\/MANIFESTACION-20M-4.jpg","contentUrl":"https:\/\/www.asajacyl.com\/palencia\/wp-content\/uploads\/sites\/3\/2022\/03\/MANIFESTACION-20M-4.jpg","width":2048,"height":1536},{"@type":"BreadcrumbList","@id":"https:\/\/www.asajacyl.com\/palencia\/asaja-palencia-informa\/mas-de-2-000-palentinos-en-la-gran-manifestacion-en-defensa-del-medio-rural#breadcrumb","itemListElement":[{"@type":"ListItem","position":1,"name":"Portada","item":"https:\/\/www.asajacyl.com\/palencia\/"},{"@type":"ListItem","position":2,"name":"M\u00e1s de 2.000 palentinos en la gran manifestaci\u00f3n en defensa del Medio Rural"}]},{"@type":"WebSite","@id":"https:\/\/www.asajacyl.com\/palencia\/#website","url":"https:\/\/www.asajacyl.com\/palencia\/","name":"ASAJA Palencia","description":"Otro sitio m\u00e1s de Provincias ASAJA Castilla y Le\u00f3n","potentialAction":[{"@type":"SearchAction","target":{"@type":"EntryPoint","urlTemplate":"https:\/\/www.asajacyl.com\/palencia\/?s={search_term_string}"},"query-input":{"@type":"PropertyValueSpecification","valueRequired":true,"valueName":"search_term_string"}}],"inLanguage":"es"},{"@type":"Person","@id":"https:\/\/www.asajacyl.com\/palencia\/#\/schema\/person\/3ab17aeb03527485c317557fae64aab1","name":"Administrador","image":{"@type":"ImageObject","inLanguage":"es","@id":"https:\/\/www.asajacyl.com\/palencia\/#\/schema\/person\/image\/","url":"https:\/\/secure.gravatar.com\/avatar\/517384810d242ca9e38c180f3c9fb973?s=96&d=mm&r=g","contentUrl":"https:\/\/secure.gravatar.com\/avatar\/517384810d242ca9e38c180f3c9fb973?s=96&d=mm&r=g","caption":"Administrador"},"url":"https:\/\/www.asajacyl.com\/palencia\/author\/carlosrm"}]}},"_links":{"self":[{"href":"https:\/\/www.asajacyl.com\/palencia\/wp-json\/wp\/v2\/posts\/10091"}],"collection":[{"href":"https:\/\/www.asajacyl.com\/palencia\/wp-json\/wp\/v2\/posts"}],"about":[{"href":"https:\/\/www.asajacyl.com\/palencia\/wp-json\/wp\/v2\/types\/post"}],"author":[{"embeddable":true,"href":"https:\/\/www.asajacyl.com\/palencia\/wp-json\/wp\/v2\/users\/9"}],"replies":[{"embeddable":true,"href":"https:\/\/www.asajacyl.com\/palencia\/wp-json\/wp\/v2\/comments?post=10091"}],"version-history":[{"count":2,"href":"https:\/\/www.asajacyl.com\/palencia\/wp-json\/wp\/v2\/posts\/10091\/revisions"}],"predecessor-version":[{"id":10099,"href":"https:\/\/www.asajacyl.com\/palencia\/wp-json\/wp\/v2\/posts\/10091\/revisions\/10099"}],"wp:featuredmedia":[{"embeddable":true,"href":"https:\/\/www.asajacyl.com\/palencia\/wp-json\/wp\/v2\/media\/10093"}],"wp:attachment":[{"href":"https:\/\/www.asajacyl.com\/palencia\/wp-json\/wp\/v2\/media?parent=10091"}],"wp:term":[{"taxonomy":"category","embeddable":true,"href":"https:\/\/www.asajacyl.com\/palencia\/wp-json\/wp\/v2\/categories?post=10091"},{"taxonomy":"post_tag","embeddable":true,"href":"https:\/\/www.asajacyl.com\/palencia\/wp-json\/wp\/v2\/tags?post=10091"}],"curies":[{"name":"wp","href":"https:\/\/api.w.org\/{rel}","templated":true}]}}