{"id":10106,"date":"2022-03-23T07:24:13","date_gmt":"2022-03-23T06:24:13","guid":{"rendered":"https:\/\/www.asajacyl.com\/palencia\/?p=10106"},"modified":"2022-03-23T07:42:49","modified_gmt":"2022-03-23T06:42:49","slug":"asaja-anima-a-los-viticultores-a-visitar-agrovid-que-se-inaugura-manana","status":"publish","type":"post","link":"https:\/\/www.asajacyl.com\/palencia\/asaja-palencia-informa\/asaja-anima-a-los-viticultores-a-visitar-agrovid-que-se-inaugura-manana","title":{"rendered":"ASAJA anima a los viticultores a visitar Agrovid"},"content":{"rendered":"\n<p>ASAJA cuenta con stand en Agrovid, la feria del cultivo del vi\u00f1edo, que acoge la Feria de Valladolid desde ayer martes 22 y hasta el jueves 24 de marzo. En esta segunda edici\u00f3n, junto a Agrovid se celebrar\u00e1 otro certamen complementario, el Sal\u00f3n Ib\u00e9rico de equipamiento para bodega (SIEB).<\/p>\n\n\n\n<p>Ambas ferias ofrecen una exposici\u00f3n comercial de 11.000 metros cuadrados en los que estar\u00e1n presentes empresas que fabrican, importan y comercializan todo tipo de maquinaria, equipos y servicios para el vi\u00f1edo y las bodegas. En Agrovid los visitantes encontrar\u00e1n desde arados hasta sistemas de riego, viveros, protecci\u00f3n de cultivos, equipos de poda, fertilizantes, soluciones tecnol\u00f3gicas para control y seguimiento, etc. Agrovid, que cuenta con el apoyo del Instituto Tecnol\u00f3gico Agrario de Castilla y Le\u00f3n, incorpora tambi\u00e9n un \u00e1rea espec\u00edfica para empresas de car\u00e1cter innovador, Agrotecnol\u00f3gica, en la que se presentan, entre otras soluciones, sistemas de medici\u00f3n meteorol\u00f3gica, predicci\u00f3n de riesgos de enfermedades de la vid, monitorizaci\u00f3n del cultivo, drones, etc. Tambi\u00e9n tendr\u00e1 una presencia importante el sector de los viveros.<\/p>\n\n\n\n<p><strong>Stand de ASAJA<\/strong><\/p>\n\n\n\n<p>Como organizaci\u00f3n colaboradora con Agrovid, ASAJA contar\u00e1 con stand, el n\u00famero 228 en el Pabell\u00f3n central, donde personal t\u00e9cnico de nuestras organizaciones atender\u00e1 a todos los agricultores interesados. Muchos de nuestros socios son viticultores y prueba del peso de nuestra organizaci\u00f3n en el sector es el excelente apoyo recibido a los vocales de ASAJA en las recientes elecciones a Consejos Reguladores celebradas en Castilla y Le\u00f3n.<\/p>\n\n\n\n<p><strong>Jornadas t\u00e9cnicas<\/strong><\/p>\n\n\n\n<p>Agrovid y SIEB incluyen tambi\u00e9n un programa de jornadas t\u00e9cnicas con mesas redondas y presentaciones en las que intervendr\u00e1n expertos en diferentes \u00e1reas de la vitivinicultura que hablar\u00e1n de rentabilidad y sostenibilidad del sector vitivin\u00edcola, bodegas 4.0, innovaci\u00f3n en la elaboraci\u00f3n de vinos, fortalezas y debilidades de la vitivinicultura en el medio y largo plazo, c\u00f3mo crear valor a partir de la I+D+i, etc.<\/p>\n\n\n\n<p>El mi\u00e9rcoles por la tarde, a partir de las 16 horas se celebrar\u00e1 la mesa redonda \u201cEl sector vitivin\u00edcola en la encrucijada, fortalezas y debilidades en el medio y largo plazo\u201d, en la que intervendr\u00e1n los responsables de las OPA de Castilla y Le\u00f3n, entre ellos el presidente de ASAJA, Donaciano Dujo.<\/p>\n\n\n\n<p><strong>Acreditaci\u00f3n<\/strong><\/p>\n\n\n\n<p>Nuestras organizaciones han distribuido invitaciones para que asistan los agricultores interesados. No obstante, es posible acreditarse gratuitamente en <a href=\"https:\/\/feriavalladolid.com\/agrovid\/inscripcion-profesional-2022\/\">https:\/\/feriavalladolid.com\/agrovid\/inscripcion-profesional-2022\/<\/a><\/p>\n","protected":false},"excerpt":{"rendered":"<p>ASAJA cuenta con stand en Agrovid, la feria del cultivo del vi\u00f1edo, que acoge la Feria de Valladolid desde ayer martes 22 y hasta el jueves 24 de marzo. En esta segunda edici\u00f3n, junto a Agrovid se celebrar\u00e1 otro certamen complementario, el Sal\u00f3n Ib\u00e9rico de equipamiento para bodega (SIEB). Ambas ferias ofrecen una exposici\u00f3n comercial [&hellip;]<\/p>\n","protected":false},"author":9,"featured_media":10107,"comment_status":"open","ping_status":"open","sticky":false,"template":"","format":"standard","meta":{"footnotes":""},"categories":[9,29,28],"tags":[],"yoast_head":"<!-- This site is optimized with the Yoast SEO plugin v24.5 - https:\/\/yoast.com\/wordpress\/plugins\/seo\/ -->\n<title>ASAJA anima a los viticultores a visitar Agrovid - ASAJA Palencia<\/title>\n<meta name=\"description\" content=\"ASAJA cuenta con stand en Agrovid, la feria del cultivo del vi\u00f1edo, que acoge la Feria de Valladolid desde ayer martes 22 y hasta el jueves 24 de marzo.\" \/>\n<meta name=\"robots\" content=\"index, follow, max-snippet:-1, max-image-preview:large, max-video-preview:-1\" \/>\n<link rel=\"canonical\" href=\"https:\/\/www.asajacyl.com\/palencia\/asaja-palencia-informa\/asaja-anima-a-los-viticultores-a-visitar-agrovid-que-se-inaugura-manana\" \/>\n<meta property=\"og:locale\" content=\"es_ES\" \/>\n<meta property=\"og:type\" content=\"article\" \/>\n<meta property=\"og:title\" content=\"ASAJA anima a los viticultores a visitar Agrovid - ASAJA Palencia\" \/>\n<meta property=\"og:description\" content=\"ASAJA cuenta con stand en Agrovid, la feria del cultivo del vi\u00f1edo, que acoge la Feria de Valladolid desde ayer martes 22 y hasta el jueves 24 de marzo.\" \/>\n<meta property=\"og:url\" content=\"https:\/\/www.asajacyl.com\/palencia\/asaja-palencia-informa\/asaja-anima-a-los-viticultores-a-visitar-agrovid-que-se-inaugura-manana\" \/>\n<meta property=\"og:site_name\" content=\"ASAJA Palencia\" \/>\n<meta property=\"article:published_time\" content=\"2022-03-23T06:24:13+00:00\" \/>\n<meta property=\"article:modified_time\" content=\"2022-03-23T06:42:49+00:00\" \/>\n<meta property=\"og:image\" content=\"https:\/\/www.asajacyl.com\/palencia\/wp-content\/uploads\/sites\/3\/2022\/03\/AGROVID.png\" \/>\n\t<meta property=\"og:image:width\" content=\"1024\" \/>\n\t<meta property=\"og:image:height\" content=\"1024\" \/>\n\t<meta property=\"og:image:type\" content=\"image\/png\" \/>\n<meta name=\"author\" content=\"Administrador\" \/>\n<meta name=\"twitter:card\" content=\"summary_large_image\" \/>\n<meta name=\"twitter:label1\" content=\"Escrito por\" \/>\n\t<meta name=\"twitter:data1\" content=\"Administrador\" \/>\n\t<meta name=\"twitter:label2\" content=\"Tiempo de lectura\" \/>\n\t<meta name=\"twitter:data2\" content=\"2 minutos\" \/>\n<script type=\"application\/ld+json\" class=\"yoast-schema-graph\">{\"@context\":\"https:\/\/schema.org\",\"@graph\":[{\"@type\":\"WebPage\",\"@id\":\"https:\/\/www.asajacyl.com\/palencia\/asaja-palencia-informa\/asaja-anima-a-los-viticultores-a-visitar-agrovid-que-se-inaugura-manana\",\"url\":\"https:\/\/www.asajacyl.com\/palencia\/asaja-palencia-informa\/asaja-anima-a-los-viticultores-a-visitar-agrovid-que-se-inaugura-manana\",\"name\":\"ASAJA anima a los viticultores a visitar Agrovid - ASAJA Palencia\",\"isPartOf\":{\"@id\":\"https:\/\/www.asajacyl.com\/palencia\/#website\"},\"primaryImageOfPage\":{\"@id\":\"https:\/\/www.asajacyl.com\/palencia\/asaja-palencia-informa\/asaja-anima-a-los-viticultores-a-visitar-agrovid-que-se-inaugura-manana#primaryimage\"},\"image\":{\"@id\":\"https:\/\/www.asajacyl.com\/palencia\/asaja-palencia-informa\/asaja-anima-a-los-viticultores-a-visitar-agrovid-que-se-inaugura-manana#primaryimage\"},\"thumbnailUrl\":\"https:\/\/www.asajacyl.com\/palencia\/wp-content\/uploads\/sites\/3\/2022\/03\/AGROVID.png\",\"datePublished\":\"2022-03-23T06:24:13+00:00\",\"dateModified\":\"2022-03-23T06:42:49+00:00\",\"author\":{\"@id\":\"https:\/\/www.asajacyl.com\/palencia\/#\/schema\/person\/3ab17aeb03527485c317557fae64aab1\"},\"description\":\"ASAJA cuenta con stand en Agrovid, la feria del cultivo del vi\u00f1edo, que acoge la Feria de Valladolid desde ayer martes 22 y hasta el jueves 24 de marzo.\",\"breadcrumb\":{\"@id\":\"https:\/\/www.asajacyl.com\/palencia\/asaja-palencia-informa\/asaja-anima-a-los-viticultores-a-visitar-agrovid-que-se-inaugura-manana#breadcrumb\"},\"inLanguage\":\"es\",\"potentialAction\":[{\"@type\":\"ReadAction\",\"target\":[\"https:\/\/www.asajacyl.com\/palencia\/asaja-palencia-informa\/asaja-anima-a-los-viticultores-a-visitar-agrovid-que-se-inaugura-manana\"]}]},{\"@type\":\"ImageObject\",\"inLanguage\":\"es\",\"@id\":\"https:\/\/www.asajacyl.com\/palencia\/asaja-palencia-informa\/asaja-anima-a-los-viticultores-a-visitar-agrovid-que-se-inaugura-manana#primaryimage\",\"url\":\"https:\/\/www.asajacyl.com\/palencia\/wp-content\/uploads\/sites\/3\/2022\/03\/AGROVID.png\",\"contentUrl\":\"https:\/\/www.asajacyl.com\/palencia\/wp-content\/uploads\/sites\/3\/2022\/03\/AGROVID.png\",\"width\":1024,\"height\":1024},{\"@type\":\"BreadcrumbList\",\"@id\":\"https:\/\/www.asajacyl.com\/palencia\/asaja-palencia-informa\/asaja-anima-a-los-viticultores-a-visitar-agrovid-que-se-inaugura-manana#breadcrumb\",\"itemListElement\":[{\"@type\":\"ListItem\",\"position\":1,\"name\":\"Portada\",\"item\":\"https:\/\/www.asajacyl.com\/palencia\/\"},{\"@type\":\"ListItem\",\"position\":2,\"name\":\"ASAJA anima a los viticultores a visitar Agrovid\"}]},{\"@type\":\"WebSite\",\"@id\":\"https:\/\/www.asajacyl.com\/palencia\/#website\",\"url\":\"https:\/\/www.asajacyl.com\/palencia\/\",\"name\":\"ASAJA Palencia\",\"description\":\"Otro sitio m\u00e1s de Provincias ASAJA Castilla y Le\u00f3n\",\"potentialAction\":[{\"@type\":\"SearchAction\",\"target\":{\"@type\":\"EntryPoint\",\"urlTemplate\":\"https:\/\/www.asajacyl.com\/palencia\/?s={search_term_string}\"},\"query-input\":{\"@type\":\"PropertyValueSpecification\",\"valueRequired\":true,\"valueName\":\"search_term_string\"}}],\"inLanguage\":\"es\"},{\"@type\":\"Person\",\"@id\":\"https:\/\/www.asajacyl.com\/palencia\/#\/schema\/person\/3ab17aeb03527485c317557fae64aab1\",\"name\":\"Administrador\",\"image\":{\"@type\":\"ImageObject\",\"inLanguage\":\"es\",\"@id\":\"https:\/\/www.asajacyl.com\/palencia\/#\/schema\/person\/image\/\",\"url\":\"https:\/\/secure.gravatar.com\/avatar\/517384810d242ca9e38c180f3c9fb973?s=96&d=mm&r=g\",\"contentUrl\":\"https:\/\/secure.gravatar.com\/avatar\/517384810d242ca9e38c180f3c9fb973?s=96&d=mm&r=g\",\"caption\":\"Administrador\"},\"url\":\"https:\/\/www.asajacyl.com\/palencia\/author\/carlosrm\"}]}<\/script>\n<!-- \/ Yoast SEO plugin. -->","yoast_head_json":{"title":"ASAJA anima a los viticultores a visitar Agrovid - ASAJA Palencia","description":"ASAJA cuenta con stand en Agrovid, la feria del cultivo del vi\u00f1edo, que acoge la Feria de Valladolid desde ayer martes 22 y hasta el jueves 24 de marzo.","robots":{"index":"index","follow":"follow","max-snippet":"max-snippet:-1","max-image-preview":"max-image-preview:large","max-video-preview":"max-video-preview:-1"},"canonical":"https:\/\/www.asajacyl.com\/palencia\/asaja-palencia-informa\/asaja-anima-a-los-viticultores-a-visitar-agrovid-que-se-inaugura-manana","og_locale":"es_ES","og_type":"article","og_title":"ASAJA anima a los viticultores a visitar Agrovid - ASAJA Palencia","og_description":"ASAJA cuenta con stand en Agrovid, la feria del cultivo del vi\u00f1edo, que acoge la Feria de Valladolid desde ayer martes 22 y hasta el jueves 24 de marzo.","og_url":"https:\/\/www.asajacyl.com\/palencia\/asaja-palencia-informa\/asaja-anima-a-los-viticultores-a-visitar-agrovid-que-se-inaugura-manana","og_site_name":"ASAJA Palencia","article_published_time":"2022-03-23T06:24:13+00:00","article_modified_time":"2022-03-23T06:42:49+00:00","og_image":[{"width":1024,"height":1024,"url":"https:\/\/www.asajacyl.com\/palencia\/wp-content\/uploads\/sites\/3\/2022\/03\/AGROVID.png","type":"image\/png"}],"author":"Administrador","twitter_card":"summary_large_image","twitter_misc":{"Escrito por":"Administrador","Tiempo de lectura":"2 minutos"},"schema":{"@context":"https:\/\/schema.org","@graph":[{"@type":"WebPage","@id":"https:\/\/www.asajacyl.com\/palencia\/asaja-palencia-informa\/asaja-anima-a-los-viticultores-a-visitar-agrovid-que-se-inaugura-manana","url":"https:\/\/www.asajacyl.com\/palencia\/asaja-palencia-informa\/asaja-anima-a-los-viticultores-a-visitar-agrovid-que-se-inaugura-manana","name":"ASAJA anima a los viticultores a visitar Agrovid - ASAJA Palencia","isPartOf":{"@id":"https:\/\/www.asajacyl.com\/palencia\/#website"},"primaryImageOfPage":{"@id":"https:\/\/www.asajacyl.com\/palencia\/asaja-palencia-informa\/asaja-anima-a-los-viticultores-a-visitar-agrovid-que-se-inaugura-manana#primaryimage"},"image":{"@id":"https:\/\/www.asajacyl.com\/palencia\/asaja-palencia-informa\/asaja-anima-a-los-viticultores-a-visitar-agrovid-que-se-inaugura-manana#primaryimage"},"thumbnailUrl":"https:\/\/www.asajacyl.com\/palencia\/wp-content\/uploads\/sites\/3\/2022\/03\/AGROVID.png","datePublished":"2022-03-23T06:24:13+00:00","dateModified":"2022-03-23T06:42:49+00:00","author":{"@id":"https:\/\/www.asajacyl.com\/palencia\/#\/schema\/person\/3ab17aeb03527485c317557fae64aab1"},"description":"ASAJA cuenta con stand en Agrovid, la feria del cultivo del vi\u00f1edo, que acoge la Feria de Valladolid desde ayer martes 22 y hasta el jueves 24 de marzo.","breadcrumb":{"@id":"https:\/\/www.asajacyl.com\/palencia\/asaja-palencia-informa\/asaja-anima-a-los-viticultores-a-visitar-agrovid-que-se-inaugura-manana#breadcrumb"},"inLanguage":"es","potentialAction":[{"@type":"ReadAction","target":["https:\/\/www.asajacyl.com\/palencia\/asaja-palencia-informa\/asaja-anima-a-los-viticultores-a-visitar-agrovid-que-se-inaugura-manana"]}]},{"@type":"ImageObject","inLanguage":"es","@id":"https:\/\/www.asajacyl.com\/palencia\/asaja-palencia-informa\/asaja-anima-a-los-viticultores-a-visitar-agrovid-que-se-inaugura-manana#primaryimage","url":"https:\/\/www.asajacyl.com\/palencia\/wp-content\/uploads\/sites\/3\/2022\/03\/AGROVID.png","contentUrl":"https:\/\/www.asajacyl.com\/palencia\/wp-content\/uploads\/sites\/3\/2022\/03\/AGROVID.png","width":1024,"height":1024},{"@type":"BreadcrumbList","@id":"https:\/\/www.asajacyl.com\/palencia\/asaja-palencia-informa\/asaja-anima-a-los-viticultores-a-visitar-agrovid-que-se-inaugura-manana#breadcrumb","itemListElement":[{"@type":"ListItem","position":1,"name":"Portada","item":"https:\/\/www.asajacyl.com\/palencia\/"},{"@type":"ListItem","position":2,"name":"ASAJA anima a los viticultores a visitar Agrovid"}]},{"@type":"WebSite","@id":"https:\/\/www.asajacyl.com\/palencia\/#website","url":"https:\/\/www.asajacyl.com\/palencia\/","name":"ASAJA Palencia","description":"Otro sitio m\u00e1s de Provincias ASAJA Castilla y Le\u00f3n","potentialAction":[{"@type":"SearchAction","target":{"@type":"EntryPoint","urlTemplate":"https:\/\/www.asajacyl.com\/palencia\/?s={search_term_string}"},"query-input":{"@type":"PropertyValueSpecification","valueRequired":true,"valueName":"search_term_string"}}],"inLanguage":"es"},{"@type":"Person","@id":"https:\/\/www.asajacyl.com\/palencia\/#\/schema\/person\/3ab17aeb03527485c317557fae64aab1","name":"Administrador","image":{"@type":"ImageObject","inLanguage":"es","@id":"https:\/\/www.asajacyl.com\/palencia\/#\/schema\/person\/image\/","url":"https:\/\/secure.gravatar.com\/avatar\/517384810d242ca9e38c180f3c9fb973?s=96&d=mm&r=g","contentUrl":"https:\/\/secure.gravatar.com\/avatar\/517384810d242ca9e38c180f3c9fb973?s=96&d=mm&r=g","caption":"Administrador"},"url":"https:\/\/www.asajacyl.com\/palencia\/author\/carlosrm"}]}},"_links":{"self":[{"href":"https:\/\/www.asajacyl.com\/palencia\/wp-json\/wp\/v2\/posts\/10106"}],"collection":[{"href":"https:\/\/www.asajacyl.com\/palencia\/wp-json\/wp\/v2\/posts"}],"about":[{"href":"https:\/\/www.asajacyl.com\/palencia\/wp-json\/wp\/v2\/types\/post"}],"author":[{"embeddable":true,"href":"https:\/\/www.asajacyl.com\/palencia\/wp-json\/wp\/v2\/users\/9"}],"replies":[{"embeddable":true,"href":"https:\/\/www.asajacyl.com\/palencia\/wp-json\/wp\/v2\/comments?post=10106"}],"version-history":[{"count":3,"href":"https:\/\/www.asajacyl.com\/palencia\/wp-json\/wp\/v2\/posts\/10106\/revisions"}],"predecessor-version":[{"id":10111,"href":"https:\/\/www.asajacyl.com\/palencia\/wp-json\/wp\/v2\/posts\/10106\/revisions\/10111"}],"wp:featuredmedia":[{"embeddable":true,"href":"https:\/\/www.asajacyl.com\/palencia\/wp-json\/wp\/v2\/media\/10107"}],"wp:attachment":[{"href":"https:\/\/www.asajacyl.com\/palencia\/wp-json\/wp\/v2\/media?parent=10106"}],"wp:term":[{"taxonomy":"category","embeddable":true,"href":"https:\/\/www.asajacyl.com\/palencia\/wp-json\/wp\/v2\/categories?post=10106"},{"taxonomy":"post_tag","embeddable":true,"href":"https:\/\/www.asajacyl.com\/palencia\/wp-json\/wp\/v2\/tags?post=10106"}],"curies":[{"name":"wp","href":"https:\/\/api.w.org\/{rel}","templated":true}]}}