{"id":10125,"date":"2022-03-29T07:31:31","date_gmt":"2022-03-29T05:31:31","guid":{"rendered":"https:\/\/www.asajacyl.com\/palencia\/?p=10125"},"modified":"2022-03-30T13:05:36","modified_gmt":"2022-03-30T11:05:36","slug":"el-gobierno-frances-toma-medidas-para-fortalecer-al-sector-agrario-ante-el-repunte-energetico","status":"publish","type":"post","link":"https:\/\/www.asajacyl.com\/palencia\/asaja-palencia-informa\/el-gobierno-frances-toma-medidas-para-fortalecer-al-sector-agrario-ante-el-repunte-energetico","title":{"rendered":"El Gobierno franc\u00e9s toma medidas para fortalecer al sector agrario ante el repunte energ\u00e9tico"},"content":{"rendered":"\n<p>Se han presupuestado cuatrocientos 400 millones de euros para ayudar a los ganaderos ante la subida de los precios de los piensos, y distintas medidas para abaratar el precio de los combustibles. Tambi\u00e9n, se destinar\u00e1n 60 millones de euros adicionales al pago de las cotizaciones a la seguridad social a partir de este a\u00f1o.<\/p>\n\n\n\n<p>El Gobierno tambi\u00e9n est\u00e1 planificando un \u00abplan de seguridad de fertilizantes\u00bb, en particular para la campa\u00f1a de oto\u00f1o de 2022. Esto implica, entre otras cosas, adaptar o posponer medidas regulatorias que podr\u00edan afectar la disponibilidad de fertilizantes y desarrollar el uso de fertilizantes org\u00e1nicos producidos en Francia.<\/p>\n\n\n\n<p>Los datos apuntan que la inflaci\u00f3n a un a\u00f1o en Francia podr\u00eda superar el 4% a finales de marzo, con una ca\u00edda paralela del poder adquisitivo. Y la subida de los precios de la energ\u00eda podr\u00eda provocar una mayor p\u00e9rdida de actividad.<\/p>\n\n\n\n<p>Hay que tener en cuenta que la situaci\u00f3n en Espa\u00f1a es a\u00fan peor, puesto que actualmente el IPC interanual supera el 7% y no se est\u00e1 tomando ninguna medida como las realizadas en Francia.<\/p>\n","protected":false},"excerpt":{"rendered":"<p>Se han presupuestado cuatrocientos 400 millones de euros para ayudar a los ganaderos ante la subida de los precios de los piensos, y distintas medidas para abaratar el precio de los combustibles. Tambi\u00e9n, se destinar\u00e1n 60 millones de euros adicionales al pago de las cotizaciones a la seguridad social a partir de este a\u00f1o. El [&hellip;]<\/p>\n","protected":false},"author":9,"featured_media":10126,"comment_status":"open","ping_status":"open","sticky":false,"template":"","format":"standard","meta":{"footnotes":""},"categories":[9,29,28],"tags":[],"yoast_head":"<!-- This site is optimized with the Yoast SEO plugin v24.5 - https:\/\/yoast.com\/wordpress\/plugins\/seo\/ -->\n<title>El Gobierno franc\u00e9s toma medidas para fortalecer al sector agrario ante el repunte energ\u00e9tico - ASAJA Palencia<\/title>\n<meta name=\"description\" content=\"Se han presupuestado cuatrocientos 400 millones de euros para ayudar a los ganaderos ante la subida de los precios de los piensos, y distintas medidas\" \/>\n<meta name=\"robots\" content=\"index, follow, max-snippet:-1, max-image-preview:large, max-video-preview:-1\" \/>\n<link rel=\"canonical\" href=\"https:\/\/www.asajacyl.com\/palencia\/asaja-palencia-informa\/el-gobierno-frances-toma-medidas-para-fortalecer-al-sector-agrario-ante-el-repunte-energetico\" \/>\n<meta property=\"og:locale\" content=\"es_ES\" \/>\n<meta property=\"og:type\" content=\"article\" \/>\n<meta property=\"og:title\" content=\"El Gobierno franc\u00e9s toma medidas para fortalecer al sector agrario ante el repunte energ\u00e9tico - ASAJA Palencia\" \/>\n<meta property=\"og:description\" content=\"Se han presupuestado cuatrocientos 400 millones de euros para ayudar a los ganaderos ante la subida de los precios de los piensos, y distintas medidas\" \/>\n<meta property=\"og:url\" content=\"https:\/\/www.asajacyl.com\/palencia\/asaja-palencia-informa\/el-gobierno-frances-toma-medidas-para-fortalecer-al-sector-agrario-ante-el-repunte-energetico\" \/>\n<meta property=\"og:site_name\" content=\"ASAJA Palencia\" \/>\n<meta property=\"article:published_time\" content=\"2022-03-29T05:31:31+00:00\" \/>\n<meta property=\"article:modified_time\" content=\"2022-03-30T11:05:36+00:00\" \/>\n<meta property=\"og:image\" content=\"https:\/\/www.asajacyl.com\/palencia\/wp-content\/uploads\/sites\/3\/2022\/03\/FRANCIA.jpg\" \/>\n\t<meta property=\"og:image:width\" content=\"900\" \/>\n\t<meta property=\"og:image:height\" content=\"600\" \/>\n\t<meta property=\"og:image:type\" content=\"image\/jpeg\" \/>\n<meta name=\"author\" content=\"Administrador\" \/>\n<meta name=\"twitter:card\" content=\"summary_large_image\" \/>\n<meta name=\"twitter:label1\" content=\"Escrito por\" \/>\n\t<meta name=\"twitter:data1\" content=\"Administrador\" \/>\n\t<meta name=\"twitter:label2\" content=\"Tiempo de lectura\" \/>\n\t<meta name=\"twitter:data2\" content=\"1 minuto\" \/>\n<script type=\"application\/ld+json\" class=\"yoast-schema-graph\">{\"@context\":\"https:\/\/schema.org\",\"@graph\":[{\"@type\":\"WebPage\",\"@id\":\"https:\/\/www.asajacyl.com\/palencia\/asaja-palencia-informa\/el-gobierno-frances-toma-medidas-para-fortalecer-al-sector-agrario-ante-el-repunte-energetico\",\"url\":\"https:\/\/www.asajacyl.com\/palencia\/asaja-palencia-informa\/el-gobierno-frances-toma-medidas-para-fortalecer-al-sector-agrario-ante-el-repunte-energetico\",\"name\":\"El Gobierno franc\u00e9s toma medidas para fortalecer al sector agrario ante el repunte energ\u00e9tico - ASAJA Palencia\",\"isPartOf\":{\"@id\":\"https:\/\/www.asajacyl.com\/palencia\/#website\"},\"primaryImageOfPage\":{\"@id\":\"https:\/\/www.asajacyl.com\/palencia\/asaja-palencia-informa\/el-gobierno-frances-toma-medidas-para-fortalecer-al-sector-agrario-ante-el-repunte-energetico#primaryimage\"},\"image\":{\"@id\":\"https:\/\/www.asajacyl.com\/palencia\/asaja-palencia-informa\/el-gobierno-frances-toma-medidas-para-fortalecer-al-sector-agrario-ante-el-repunte-energetico#primaryimage\"},\"thumbnailUrl\":\"https:\/\/www.asajacyl.com\/palencia\/wp-content\/uploads\/sites\/3\/2022\/03\/FRANCIA.jpg\",\"datePublished\":\"2022-03-29T05:31:31+00:00\",\"dateModified\":\"2022-03-30T11:05:36+00:00\",\"author\":{\"@id\":\"https:\/\/www.asajacyl.com\/palencia\/#\/schema\/person\/3ab17aeb03527485c317557fae64aab1\"},\"description\":\"Se han presupuestado cuatrocientos 400 millones de euros para ayudar a los ganaderos ante la subida de los precios de los piensos, y distintas medidas\",\"breadcrumb\":{\"@id\":\"https:\/\/www.asajacyl.com\/palencia\/asaja-palencia-informa\/el-gobierno-frances-toma-medidas-para-fortalecer-al-sector-agrario-ante-el-repunte-energetico#breadcrumb\"},\"inLanguage\":\"es\",\"potentialAction\":[{\"@type\":\"ReadAction\",\"target\":[\"https:\/\/www.asajacyl.com\/palencia\/asaja-palencia-informa\/el-gobierno-frances-toma-medidas-para-fortalecer-al-sector-agrario-ante-el-repunte-energetico\"]}]},{\"@type\":\"ImageObject\",\"inLanguage\":\"es\",\"@id\":\"https:\/\/www.asajacyl.com\/palencia\/asaja-palencia-informa\/el-gobierno-frances-toma-medidas-para-fortalecer-al-sector-agrario-ante-el-repunte-energetico#primaryimage\",\"url\":\"https:\/\/www.asajacyl.com\/palencia\/wp-content\/uploads\/sites\/3\/2022\/03\/FRANCIA.jpg\",\"contentUrl\":\"https:\/\/www.asajacyl.com\/palencia\/wp-content\/uploads\/sites\/3\/2022\/03\/FRANCIA.jpg\",\"width\":900,\"height\":600},{\"@type\":\"BreadcrumbList\",\"@id\":\"https:\/\/www.asajacyl.com\/palencia\/asaja-palencia-informa\/el-gobierno-frances-toma-medidas-para-fortalecer-al-sector-agrario-ante-el-repunte-energetico#breadcrumb\",\"itemListElement\":[{\"@type\":\"ListItem\",\"position\":1,\"name\":\"Portada\",\"item\":\"https:\/\/www.asajacyl.com\/palencia\/\"},{\"@type\":\"ListItem\",\"position\":2,\"name\":\"El Gobierno franc\u00e9s toma medidas para fortalecer al sector agrario ante el repunte energ\u00e9tico\"}]},{\"@type\":\"WebSite\",\"@id\":\"https:\/\/www.asajacyl.com\/palencia\/#website\",\"url\":\"https:\/\/www.asajacyl.com\/palencia\/\",\"name\":\"ASAJA Palencia\",\"description\":\"Otro sitio m\u00e1s de Provincias ASAJA Castilla y Le\u00f3n\",\"potentialAction\":[{\"@type\":\"SearchAction\",\"target\":{\"@type\":\"EntryPoint\",\"urlTemplate\":\"https:\/\/www.asajacyl.com\/palencia\/?s={search_term_string}\"},\"query-input\":{\"@type\":\"PropertyValueSpecification\",\"valueRequired\":true,\"valueName\":\"search_term_string\"}}],\"inLanguage\":\"es\"},{\"@type\":\"Person\",\"@id\":\"https:\/\/www.asajacyl.com\/palencia\/#\/schema\/person\/3ab17aeb03527485c317557fae64aab1\",\"name\":\"Administrador\",\"image\":{\"@type\":\"ImageObject\",\"inLanguage\":\"es\",\"@id\":\"https:\/\/www.asajacyl.com\/palencia\/#\/schema\/person\/image\/\",\"url\":\"https:\/\/secure.gravatar.com\/avatar\/517384810d242ca9e38c180f3c9fb973?s=96&d=mm&r=g\",\"contentUrl\":\"https:\/\/secure.gravatar.com\/avatar\/517384810d242ca9e38c180f3c9fb973?s=96&d=mm&r=g\",\"caption\":\"Administrador\"},\"url\":\"https:\/\/www.asajacyl.com\/palencia\/author\/carlosrm\"}]}<\/script>\n<!-- \/ Yoast SEO plugin. -->","yoast_head_json":{"title":"El Gobierno franc\u00e9s toma medidas para fortalecer al sector agrario ante el repunte energ\u00e9tico - ASAJA Palencia","description":"Se han presupuestado cuatrocientos 400 millones de euros para ayudar a los ganaderos ante la subida de los precios de los piensos, y distintas medidas","robots":{"index":"index","follow":"follow","max-snippet":"max-snippet:-1","max-image-preview":"max-image-preview:large","max-video-preview":"max-video-preview:-1"},"canonical":"https:\/\/www.asajacyl.com\/palencia\/asaja-palencia-informa\/el-gobierno-frances-toma-medidas-para-fortalecer-al-sector-agrario-ante-el-repunte-energetico","og_locale":"es_ES","og_type":"article","og_title":"El Gobierno franc\u00e9s toma medidas para fortalecer al sector agrario ante el repunte energ\u00e9tico - ASAJA Palencia","og_description":"Se han presupuestado cuatrocientos 400 millones de euros para ayudar a los ganaderos ante la subida de los precios de los piensos, y distintas medidas","og_url":"https:\/\/www.asajacyl.com\/palencia\/asaja-palencia-informa\/el-gobierno-frances-toma-medidas-para-fortalecer-al-sector-agrario-ante-el-repunte-energetico","og_site_name":"ASAJA Palencia","article_published_time":"2022-03-29T05:31:31+00:00","article_modified_time":"2022-03-30T11:05:36+00:00","og_image":[{"width":900,"height":600,"url":"https:\/\/www.asajacyl.com\/palencia\/wp-content\/uploads\/sites\/3\/2022\/03\/FRANCIA.jpg","type":"image\/jpeg"}],"author":"Administrador","twitter_card":"summary_large_image","twitter_misc":{"Escrito por":"Administrador","Tiempo de lectura":"1 minuto"},"schema":{"@context":"https:\/\/schema.org","@graph":[{"@type":"WebPage","@id":"https:\/\/www.asajacyl.com\/palencia\/asaja-palencia-informa\/el-gobierno-frances-toma-medidas-para-fortalecer-al-sector-agrario-ante-el-repunte-energetico","url":"https:\/\/www.asajacyl.com\/palencia\/asaja-palencia-informa\/el-gobierno-frances-toma-medidas-para-fortalecer-al-sector-agrario-ante-el-repunte-energetico","name":"El Gobierno franc\u00e9s toma medidas para fortalecer al sector agrario ante el repunte energ\u00e9tico - ASAJA Palencia","isPartOf":{"@id":"https:\/\/www.asajacyl.com\/palencia\/#website"},"primaryImageOfPage":{"@id":"https:\/\/www.asajacyl.com\/palencia\/asaja-palencia-informa\/el-gobierno-frances-toma-medidas-para-fortalecer-al-sector-agrario-ante-el-repunte-energetico#primaryimage"},"image":{"@id":"https:\/\/www.asajacyl.com\/palencia\/asaja-palencia-informa\/el-gobierno-frances-toma-medidas-para-fortalecer-al-sector-agrario-ante-el-repunte-energetico#primaryimage"},"thumbnailUrl":"https:\/\/www.asajacyl.com\/palencia\/wp-content\/uploads\/sites\/3\/2022\/03\/FRANCIA.jpg","datePublished":"2022-03-29T05:31:31+00:00","dateModified":"2022-03-30T11:05:36+00:00","author":{"@id":"https:\/\/www.asajacyl.com\/palencia\/#\/schema\/person\/3ab17aeb03527485c317557fae64aab1"},"description":"Se han presupuestado cuatrocientos 400 millones de euros para ayudar a los ganaderos ante la subida de los precios de los piensos, y distintas medidas","breadcrumb":{"@id":"https:\/\/www.asajacyl.com\/palencia\/asaja-palencia-informa\/el-gobierno-frances-toma-medidas-para-fortalecer-al-sector-agrario-ante-el-repunte-energetico#breadcrumb"},"inLanguage":"es","potentialAction":[{"@type":"ReadAction","target":["https:\/\/www.asajacyl.com\/palencia\/asaja-palencia-informa\/el-gobierno-frances-toma-medidas-para-fortalecer-al-sector-agrario-ante-el-repunte-energetico"]}]},{"@type":"ImageObject","inLanguage":"es","@id":"https:\/\/www.asajacyl.com\/palencia\/asaja-palencia-informa\/el-gobierno-frances-toma-medidas-para-fortalecer-al-sector-agrario-ante-el-repunte-energetico#primaryimage","url":"https:\/\/www.asajacyl.com\/palencia\/wp-content\/uploads\/sites\/3\/2022\/03\/FRANCIA.jpg","contentUrl":"https:\/\/www.asajacyl.com\/palencia\/wp-content\/uploads\/sites\/3\/2022\/03\/FRANCIA.jpg","width":900,"height":600},{"@type":"BreadcrumbList","@id":"https:\/\/www.asajacyl.com\/palencia\/asaja-palencia-informa\/el-gobierno-frances-toma-medidas-para-fortalecer-al-sector-agrario-ante-el-repunte-energetico#breadcrumb","itemListElement":[{"@type":"ListItem","position":1,"name":"Portada","item":"https:\/\/www.asajacyl.com\/palencia\/"},{"@type":"ListItem","position":2,"name":"El Gobierno franc\u00e9s toma medidas para fortalecer al sector agrario ante el repunte energ\u00e9tico"}]},{"@type":"WebSite","@id":"https:\/\/www.asajacyl.com\/palencia\/#website","url":"https:\/\/www.asajacyl.com\/palencia\/","name":"ASAJA Palencia","description":"Otro sitio m\u00e1s de Provincias ASAJA Castilla y Le\u00f3n","potentialAction":[{"@type":"SearchAction","target":{"@type":"EntryPoint","urlTemplate":"https:\/\/www.asajacyl.com\/palencia\/?s={search_term_string}"},"query-input":{"@type":"PropertyValueSpecification","valueRequired":true,"valueName":"search_term_string"}}],"inLanguage":"es"},{"@type":"Person","@id":"https:\/\/www.asajacyl.com\/palencia\/#\/schema\/person\/3ab17aeb03527485c317557fae64aab1","name":"Administrador","image":{"@type":"ImageObject","inLanguage":"es","@id":"https:\/\/www.asajacyl.com\/palencia\/#\/schema\/person\/image\/","url":"https:\/\/secure.gravatar.com\/avatar\/517384810d242ca9e38c180f3c9fb973?s=96&d=mm&r=g","contentUrl":"https:\/\/secure.gravatar.com\/avatar\/517384810d242ca9e38c180f3c9fb973?s=96&d=mm&r=g","caption":"Administrador"},"url":"https:\/\/www.asajacyl.com\/palencia\/author\/carlosrm"}]}},"_links":{"self":[{"href":"https:\/\/www.asajacyl.com\/palencia\/wp-json\/wp\/v2\/posts\/10125"}],"collection":[{"href":"https:\/\/www.asajacyl.com\/palencia\/wp-json\/wp\/v2\/posts"}],"about":[{"href":"https:\/\/www.asajacyl.com\/palencia\/wp-json\/wp\/v2\/types\/post"}],"author":[{"embeddable":true,"href":"https:\/\/www.asajacyl.com\/palencia\/wp-json\/wp\/v2\/users\/9"}],"replies":[{"embeddable":true,"href":"https:\/\/www.asajacyl.com\/palencia\/wp-json\/wp\/v2\/comments?post=10125"}],"version-history":[{"count":1,"href":"https:\/\/www.asajacyl.com\/palencia\/wp-json\/wp\/v2\/posts\/10125\/revisions"}],"predecessor-version":[{"id":10127,"href":"https:\/\/www.asajacyl.com\/palencia\/wp-json\/wp\/v2\/posts\/10125\/revisions\/10127"}],"wp:featuredmedia":[{"embeddable":true,"href":"https:\/\/www.asajacyl.com\/palencia\/wp-json\/wp\/v2\/media\/10126"}],"wp:attachment":[{"href":"https:\/\/www.asajacyl.com\/palencia\/wp-json\/wp\/v2\/media?parent=10125"}],"wp:term":[{"taxonomy":"category","embeddable":true,"href":"https:\/\/www.asajacyl.com\/palencia\/wp-json\/wp\/v2\/categories?post=10125"},{"taxonomy":"post_tag","embeddable":true,"href":"https:\/\/www.asajacyl.com\/palencia\/wp-json\/wp\/v2\/tags?post=10125"}],"curies":[{"name":"wp","href":"https:\/\/api.w.org\/{rel}","templated":true}]}}