{"id":10128,"date":"2022-03-30T08:21:00","date_gmt":"2022-03-30T06:21:00","guid":{"rendered":"https:\/\/www.asajacyl.com\/palencia\/?p=10128"},"modified":"2022-04-23T15:46:15","modified_gmt":"2022-04-23T13:46:15","slug":"ayuda-de-emergencia-para-el-sector-lacteo","status":"publish","type":"post","link":"https:\/\/www.asajacyl.com\/palencia\/asaja-palencia-informa\/ayuda-de-emergencia-para-el-sector-lacteo","title":{"rendered":"Ayuda de emergencia para el sector l\u00e1cteo"},"content":{"rendered":"\n<p>Hoy se ha publicado una ayuda en el Bolet\u00edn Oficial del Estado enmarcada en las consecuencias econ\u00f3micas que est\u00e1 teniendo la guerra de Ucrania en nuestro pa\u00eds y, una de las medidas busca compensar \u00abel incremento de costes provocados por el aumento del precio de la electricidad, los piensos de alimentaci\u00f3n animal y los combustibles\u00bb en el sector l\u00e1cteo.<\/p>\n\n\n\n<p>Para ello se crear\u00e1 pr\u00f3ximamente una subvenci\u00f3n directa con los siguientes importes:<\/p>\n\n\n\n<ul><li>Vacuno de leche:<ul><li>210 euros\/animal para los primeros 40 animales<\/li><li>140 euros\/animal para los animales que van del n\u00famero 41 al 180<\/li><li>100 euros\/animal para los animales a partir del 181<\/li><\/ul><\/li><li>Ovino de leche: 15 euros por oveja<\/li><li>Caprino: 10 euros por cabra<\/li><\/ul>\n\n\n\n<p>Esta medida puede traer a Palencia unos 2,5 millones de euros al sector del vacuno de leche y 1,8 millones de euros para ovino y caprino, haciendo un total de 4,3 millones de euros que llegar\u00e1n a los ganaderos palentinos. Algo que es de agradecer aunque no resuelve el problema del bajo precio de la leche y elevado de los insumos.<\/p>\n\n\n\n<p>El m\u00e1ximo que puede percibir una explotaci\u00f3n es de 35.000 euros, lo que implica que el dinero llegar\u00e1 a las primeras 250 vacas de leche o a las 2.330 ovejas.<\/p>\n","protected":false},"excerpt":{"rendered":"<p>Hoy se ha publicado una ayuda en el Bolet\u00edn Oficial del Estado enmarcada en las consecuencias econ\u00f3micas que est\u00e1 teniendo la guerra de Ucrania en nuestro pa\u00eds y, una de las medidas busca compensar \u00abel incremento de costes provocados por el aumento del precio de la electricidad, los piensos de alimentaci\u00f3n animal y los combustibles\u00bb [&hellip;]<\/p>\n","protected":false},"author":9,"featured_media":6101,"comment_status":"open","ping_status":"open","sticky":false,"template":"","format":"standard","meta":{"footnotes":""},"categories":[9,29,28],"tags":[],"yoast_head":"<!-- This site is optimized with the Yoast SEO plugin v24.5 - https:\/\/yoast.com\/wordpress\/plugins\/seo\/ -->\n<title>Ayuda de emergencia para el sector l\u00e1cteo - ASAJA Palencia<\/title>\n<meta name=\"description\" content=\"Hoy se ha publicado una ayuda en el Bolet\u00edn Oficial del Estado enmarcada en las consecuencias econ\u00f3micas que est\u00e1 teniendo la guerra de Ucrania en nuestro\" \/>\n<meta name=\"robots\" content=\"index, follow, max-snippet:-1, max-image-preview:large, max-video-preview:-1\" \/>\n<link rel=\"canonical\" href=\"https:\/\/www.asajacyl.com\/palencia\/asaja-palencia-informa\/ayuda-de-emergencia-para-el-sector-lacteo\" \/>\n<meta property=\"og:locale\" content=\"es_ES\" \/>\n<meta property=\"og:type\" content=\"article\" \/>\n<meta property=\"og:title\" content=\"Ayuda de emergencia para el sector l\u00e1cteo - ASAJA Palencia\" \/>\n<meta property=\"og:description\" content=\"Hoy se ha publicado una ayuda en el Bolet\u00edn Oficial del Estado enmarcada en las consecuencias econ\u00f3micas que est\u00e1 teniendo la guerra de Ucrania en nuestro\" \/>\n<meta property=\"og:url\" content=\"https:\/\/www.asajacyl.com\/palencia\/asaja-palencia-informa\/ayuda-de-emergencia-para-el-sector-lacteo\" \/>\n<meta property=\"og:site_name\" content=\"ASAJA Palencia\" \/>\n<meta property=\"article:published_time\" content=\"2022-03-30T06:21:00+00:00\" \/>\n<meta property=\"article:modified_time\" content=\"2022-04-23T13:46:15+00:00\" \/>\n<meta property=\"og:image\" content=\"https:\/\/www.asajacyl.com\/palencia\/wp-content\/uploads\/sites\/3\/2019\/04\/vaca.jpg\" \/>\n\t<meta property=\"og:image:width\" content=\"1220\" \/>\n\t<meta property=\"og:image:height\" content=\"592\" \/>\n\t<meta property=\"og:image:type\" content=\"image\/jpeg\" \/>\n<meta name=\"author\" content=\"Administrador\" \/>\n<meta name=\"twitter:card\" content=\"summary_large_image\" \/>\n<meta name=\"twitter:label1\" content=\"Escrito por\" \/>\n\t<meta name=\"twitter:data1\" content=\"Administrador\" \/>\n\t<meta name=\"twitter:label2\" content=\"Tiempo de lectura\" \/>\n\t<meta name=\"twitter:data2\" content=\"1 minuto\" \/>\n<script type=\"application\/ld+json\" class=\"yoast-schema-graph\">{\"@context\":\"https:\/\/schema.org\",\"@graph\":[{\"@type\":\"WebPage\",\"@id\":\"https:\/\/www.asajacyl.com\/palencia\/asaja-palencia-informa\/ayuda-de-emergencia-para-el-sector-lacteo\",\"url\":\"https:\/\/www.asajacyl.com\/palencia\/asaja-palencia-informa\/ayuda-de-emergencia-para-el-sector-lacteo\",\"name\":\"Ayuda de emergencia para el sector l\u00e1cteo - ASAJA Palencia\",\"isPartOf\":{\"@id\":\"https:\/\/www.asajacyl.com\/palencia\/#website\"},\"primaryImageOfPage\":{\"@id\":\"https:\/\/www.asajacyl.com\/palencia\/asaja-palencia-informa\/ayuda-de-emergencia-para-el-sector-lacteo#primaryimage\"},\"image\":{\"@id\":\"https:\/\/www.asajacyl.com\/palencia\/asaja-palencia-informa\/ayuda-de-emergencia-para-el-sector-lacteo#primaryimage\"},\"thumbnailUrl\":\"https:\/\/www.asajacyl.com\/palencia\/wp-content\/uploads\/sites\/3\/2019\/04\/vaca.jpg\",\"datePublished\":\"2022-03-30T06:21:00+00:00\",\"dateModified\":\"2022-04-23T13:46:15+00:00\",\"author\":{\"@id\":\"https:\/\/www.asajacyl.com\/palencia\/#\/schema\/person\/3ab17aeb03527485c317557fae64aab1\"},\"description\":\"Hoy se ha publicado una ayuda en el Bolet\u00edn Oficial del Estado enmarcada en las consecuencias econ\u00f3micas que est\u00e1 teniendo la guerra de Ucrania en nuestro\",\"breadcrumb\":{\"@id\":\"https:\/\/www.asajacyl.com\/palencia\/asaja-palencia-informa\/ayuda-de-emergencia-para-el-sector-lacteo#breadcrumb\"},\"inLanguage\":\"es\",\"potentialAction\":[{\"@type\":\"ReadAction\",\"target\":[\"https:\/\/www.asajacyl.com\/palencia\/asaja-palencia-informa\/ayuda-de-emergencia-para-el-sector-lacteo\"]}]},{\"@type\":\"ImageObject\",\"inLanguage\":\"es\",\"@id\":\"https:\/\/www.asajacyl.com\/palencia\/asaja-palencia-informa\/ayuda-de-emergencia-para-el-sector-lacteo#primaryimage\",\"url\":\"https:\/\/www.asajacyl.com\/palencia\/wp-content\/uploads\/sites\/3\/2019\/04\/vaca.jpg\",\"contentUrl\":\"https:\/\/www.asajacyl.com\/palencia\/wp-content\/uploads\/sites\/3\/2019\/04\/vaca.jpg\",\"width\":1220,\"height\":592},{\"@type\":\"BreadcrumbList\",\"@id\":\"https:\/\/www.asajacyl.com\/palencia\/asaja-palencia-informa\/ayuda-de-emergencia-para-el-sector-lacteo#breadcrumb\",\"itemListElement\":[{\"@type\":\"ListItem\",\"position\":1,\"name\":\"Portada\",\"item\":\"https:\/\/www.asajacyl.com\/palencia\/\"},{\"@type\":\"ListItem\",\"position\":2,\"name\":\"Ayuda de emergencia para el sector l\u00e1cteo\"}]},{\"@type\":\"WebSite\",\"@id\":\"https:\/\/www.asajacyl.com\/palencia\/#website\",\"url\":\"https:\/\/www.asajacyl.com\/palencia\/\",\"name\":\"ASAJA Palencia\",\"description\":\"Otro sitio m\u00e1s de Provincias ASAJA Castilla y Le\u00f3n\",\"potentialAction\":[{\"@type\":\"SearchAction\",\"target\":{\"@type\":\"EntryPoint\",\"urlTemplate\":\"https:\/\/www.asajacyl.com\/palencia\/?s={search_term_string}\"},\"query-input\":{\"@type\":\"PropertyValueSpecification\",\"valueRequired\":true,\"valueName\":\"search_term_string\"}}],\"inLanguage\":\"es\"},{\"@type\":\"Person\",\"@id\":\"https:\/\/www.asajacyl.com\/palencia\/#\/schema\/person\/3ab17aeb03527485c317557fae64aab1\",\"name\":\"Administrador\",\"image\":{\"@type\":\"ImageObject\",\"inLanguage\":\"es\",\"@id\":\"https:\/\/www.asajacyl.com\/palencia\/#\/schema\/person\/image\/\",\"url\":\"https:\/\/secure.gravatar.com\/avatar\/517384810d242ca9e38c180f3c9fb973?s=96&d=mm&r=g\",\"contentUrl\":\"https:\/\/secure.gravatar.com\/avatar\/517384810d242ca9e38c180f3c9fb973?s=96&d=mm&r=g\",\"caption\":\"Administrador\"},\"url\":\"https:\/\/www.asajacyl.com\/palencia\/author\/carlosrm\"}]}<\/script>\n<!-- \/ Yoast SEO plugin. -->","yoast_head_json":{"title":"Ayuda de emergencia para el sector l\u00e1cteo - ASAJA Palencia","description":"Hoy se ha publicado una ayuda en el Bolet\u00edn Oficial del Estado enmarcada en las consecuencias econ\u00f3micas que est\u00e1 teniendo la guerra de Ucrania en nuestro","robots":{"index":"index","follow":"follow","max-snippet":"max-snippet:-1","max-image-preview":"max-image-preview:large","max-video-preview":"max-video-preview:-1"},"canonical":"https:\/\/www.asajacyl.com\/palencia\/asaja-palencia-informa\/ayuda-de-emergencia-para-el-sector-lacteo","og_locale":"es_ES","og_type":"article","og_title":"Ayuda de emergencia para el sector l\u00e1cteo - ASAJA Palencia","og_description":"Hoy se ha publicado una ayuda en el Bolet\u00edn Oficial del Estado enmarcada en las consecuencias econ\u00f3micas que est\u00e1 teniendo la guerra de Ucrania en nuestro","og_url":"https:\/\/www.asajacyl.com\/palencia\/asaja-palencia-informa\/ayuda-de-emergencia-para-el-sector-lacteo","og_site_name":"ASAJA Palencia","article_published_time":"2022-03-30T06:21:00+00:00","article_modified_time":"2022-04-23T13:46:15+00:00","og_image":[{"width":1220,"height":592,"url":"https:\/\/www.asajacyl.com\/palencia\/wp-content\/uploads\/sites\/3\/2019\/04\/vaca.jpg","type":"image\/jpeg"}],"author":"Administrador","twitter_card":"summary_large_image","twitter_misc":{"Escrito por":"Administrador","Tiempo de lectura":"1 minuto"},"schema":{"@context":"https:\/\/schema.org","@graph":[{"@type":"WebPage","@id":"https:\/\/www.asajacyl.com\/palencia\/asaja-palencia-informa\/ayuda-de-emergencia-para-el-sector-lacteo","url":"https:\/\/www.asajacyl.com\/palencia\/asaja-palencia-informa\/ayuda-de-emergencia-para-el-sector-lacteo","name":"Ayuda de emergencia para el sector l\u00e1cteo - ASAJA Palencia","isPartOf":{"@id":"https:\/\/www.asajacyl.com\/palencia\/#website"},"primaryImageOfPage":{"@id":"https:\/\/www.asajacyl.com\/palencia\/asaja-palencia-informa\/ayuda-de-emergencia-para-el-sector-lacteo#primaryimage"},"image":{"@id":"https:\/\/www.asajacyl.com\/palencia\/asaja-palencia-informa\/ayuda-de-emergencia-para-el-sector-lacteo#primaryimage"},"thumbnailUrl":"https:\/\/www.asajacyl.com\/palencia\/wp-content\/uploads\/sites\/3\/2019\/04\/vaca.jpg","datePublished":"2022-03-30T06:21:00+00:00","dateModified":"2022-04-23T13:46:15+00:00","author":{"@id":"https:\/\/www.asajacyl.com\/palencia\/#\/schema\/person\/3ab17aeb03527485c317557fae64aab1"},"description":"Hoy se ha publicado una ayuda en el Bolet\u00edn Oficial del Estado enmarcada en las consecuencias econ\u00f3micas que est\u00e1 teniendo la guerra de Ucrania en nuestro","breadcrumb":{"@id":"https:\/\/www.asajacyl.com\/palencia\/asaja-palencia-informa\/ayuda-de-emergencia-para-el-sector-lacteo#breadcrumb"},"inLanguage":"es","potentialAction":[{"@type":"ReadAction","target":["https:\/\/www.asajacyl.com\/palencia\/asaja-palencia-informa\/ayuda-de-emergencia-para-el-sector-lacteo"]}]},{"@type":"ImageObject","inLanguage":"es","@id":"https:\/\/www.asajacyl.com\/palencia\/asaja-palencia-informa\/ayuda-de-emergencia-para-el-sector-lacteo#primaryimage","url":"https:\/\/www.asajacyl.com\/palencia\/wp-content\/uploads\/sites\/3\/2019\/04\/vaca.jpg","contentUrl":"https:\/\/www.asajacyl.com\/palencia\/wp-content\/uploads\/sites\/3\/2019\/04\/vaca.jpg","width":1220,"height":592},{"@type":"BreadcrumbList","@id":"https:\/\/www.asajacyl.com\/palencia\/asaja-palencia-informa\/ayuda-de-emergencia-para-el-sector-lacteo#breadcrumb","itemListElement":[{"@type":"ListItem","position":1,"name":"Portada","item":"https:\/\/www.asajacyl.com\/palencia\/"},{"@type":"ListItem","position":2,"name":"Ayuda de emergencia para el sector l\u00e1cteo"}]},{"@type":"WebSite","@id":"https:\/\/www.asajacyl.com\/palencia\/#website","url":"https:\/\/www.asajacyl.com\/palencia\/","name":"ASAJA Palencia","description":"Otro sitio m\u00e1s de Provincias ASAJA Castilla y Le\u00f3n","potentialAction":[{"@type":"SearchAction","target":{"@type":"EntryPoint","urlTemplate":"https:\/\/www.asajacyl.com\/palencia\/?s={search_term_string}"},"query-input":{"@type":"PropertyValueSpecification","valueRequired":true,"valueName":"search_term_string"}}],"inLanguage":"es"},{"@type":"Person","@id":"https:\/\/www.asajacyl.com\/palencia\/#\/schema\/person\/3ab17aeb03527485c317557fae64aab1","name":"Administrador","image":{"@type":"ImageObject","inLanguage":"es","@id":"https:\/\/www.asajacyl.com\/palencia\/#\/schema\/person\/image\/","url":"https:\/\/secure.gravatar.com\/avatar\/517384810d242ca9e38c180f3c9fb973?s=96&d=mm&r=g","contentUrl":"https:\/\/secure.gravatar.com\/avatar\/517384810d242ca9e38c180f3c9fb973?s=96&d=mm&r=g","caption":"Administrador"},"url":"https:\/\/www.asajacyl.com\/palencia\/author\/carlosrm"}]}},"_links":{"self":[{"href":"https:\/\/www.asajacyl.com\/palencia\/wp-json\/wp\/v2\/posts\/10128"}],"collection":[{"href":"https:\/\/www.asajacyl.com\/palencia\/wp-json\/wp\/v2\/posts"}],"about":[{"href":"https:\/\/www.asajacyl.com\/palencia\/wp-json\/wp\/v2\/types\/post"}],"author":[{"embeddable":true,"href":"https:\/\/www.asajacyl.com\/palencia\/wp-json\/wp\/v2\/users\/9"}],"replies":[{"embeddable":true,"href":"https:\/\/www.asajacyl.com\/palencia\/wp-json\/wp\/v2\/comments?post=10128"}],"version-history":[{"count":3,"href":"https:\/\/www.asajacyl.com\/palencia\/wp-json\/wp\/v2\/posts\/10128\/revisions"}],"predecessor-version":[{"id":10331,"href":"https:\/\/www.asajacyl.com\/palencia\/wp-json\/wp\/v2\/posts\/10128\/revisions\/10331"}],"wp:featuredmedia":[{"embeddable":true,"href":"https:\/\/www.asajacyl.com\/palencia\/wp-json\/wp\/v2\/media\/6101"}],"wp:attachment":[{"href":"https:\/\/www.asajacyl.com\/palencia\/wp-json\/wp\/v2\/media?parent=10128"}],"wp:term":[{"taxonomy":"category","embeddable":true,"href":"https:\/\/www.asajacyl.com\/palencia\/wp-json\/wp\/v2\/categories?post=10128"},{"taxonomy":"post_tag","embeddable":true,"href":"https:\/\/www.asajacyl.com\/palencia\/wp-json\/wp\/v2\/tags?post=10128"}],"curies":[{"name":"wp","href":"https:\/\/api.w.org\/{rel}","templated":true}]}}