{"id":10130,"date":"2022-03-30T18:16:14","date_gmt":"2022-03-30T16:16:14","guid":{"rendered":"https:\/\/www.asajacyl.com\/palencia\/?p=10130"},"modified":"2022-03-30T18:16:15","modified_gmt":"2022-03-30T16:16:15","slug":"asaja-da-la-bienvenida-a-gerardo-duenas-como-consejero-de-agricultura-y-ganaderia","status":"publish","type":"post","link":"https:\/\/www.asajacyl.com\/palencia\/asaja-palencia-informa\/asaja-da-la-bienvenida-a-gerardo-duenas-como-consejero-de-agricultura-y-ganaderia","title":{"rendered":"ASAJA da la bienvenida a Gerardo Due\u00f1as como consejero de Agricultura y Ganader\u00eda"},"content":{"rendered":"\n<p>Tras varios d\u00edas de informaciones cruzadas en distintos medios de comunicaci\u00f3n, ayer emit\u00eda Vox una nota en la que confirmaba la elecci\u00f3n de Gerardo Due\u00f1as como pr\u00f3ximo Consejero de Agricultura y Ganader\u00eda de la Junta de Castilla y Le\u00f3n.<\/p>\n\n\n\n<p>Gerardo Due\u00f1as Merino (Palencia, 1967), ingeniero agr\u00f3nomo, fue t\u00e9cnico de ASAJA, primero en Palencia y desde 1997 y hasta 2004 en ASAJA de Castilla y Le\u00f3n, los \u00faltimos de ellos como gerente. Despu\u00e9s decidi\u00f3 desarrollar otros proyectos profesionales en la empresa privada, en la que ha permanecido durante los \u00faltimos 18 a\u00f1os.<\/p>\n\n\n\n<p>ASAJA quiere dar la bienvenida al futuro consejero, al que califica de \u201cgran trabajador, eficaz y conocedor del sector en todas sus ramas\u201d. La OPA se pone a su disposici\u00f3n para trabajar de forma conjunta en defensa de la agricultura y ganader\u00eda profesional, y espera que Due\u00f1as se rodee de un buen equipo que pueda fortalecer una consejer\u00eda vital para la Comunidad aut\u00f3noma.<\/p>\n\n\n\n<p>Por otra parte, ASAJA espera que Alfonso Fern\u00e1ndez Ma\u00f1ueco consolide de forma urgente su equipo de Gobierno, porque son ya tres meses de inacci\u00f3n pol\u00edtica en la Junta, en un momento cr\u00edtico en el que los problemas desbordan tanto el sector primario como el resto de sectores econ\u00f3micos y sociales, y son necesarios pol\u00edticos trabajadores, preparados, comprometidos y dispuestos a pelear por nuestra Comunidad Aut\u00f3noma.<\/p>\n","protected":false},"excerpt":{"rendered":"<p>Tras varios d\u00edas de informaciones cruzadas en distintos medios de comunicaci\u00f3n, ayer emit\u00eda Vox una nota en la que confirmaba la elecci\u00f3n de Gerardo Due\u00f1as como pr\u00f3ximo Consejero de Agricultura y Ganader\u00eda de la Junta de Castilla y Le\u00f3n. Gerardo Due\u00f1as Merino (Palencia, 1967), ingeniero agr\u00f3nomo, fue t\u00e9cnico de ASAJA, primero en Palencia y desde [&hellip;]<\/p>\n","protected":false},"author":9,"featured_media":10131,"comment_status":"open","ping_status":"open","sticky":false,"template":"","format":"standard","meta":{"footnotes":""},"categories":[9,29,28],"tags":[],"yoast_head":"<!-- This site is optimized with the Yoast SEO plugin v24.5 - https:\/\/yoast.com\/wordpress\/plugins\/seo\/ -->\n<title>ASAJA da la bienvenida a Gerardo Due\u00f1as como consejero de Agricultura y Ganader\u00eda - ASAJA Palencia<\/title>\n<meta name=\"description\" content=\"Tras varios d\u00edas de informaciones cruzadas en distintos medios de comunicaci\u00f3n, ayer emit\u00eda Vox una nota en la que confirmaba la elecci\u00f3n de Gerardo\" \/>\n<meta name=\"robots\" content=\"index, follow, max-snippet:-1, max-image-preview:large, max-video-preview:-1\" \/>\n<link rel=\"canonical\" href=\"https:\/\/www.asajacyl.com\/palencia\/asaja-palencia-informa\/asaja-da-la-bienvenida-a-gerardo-duenas-como-consejero-de-agricultura-y-ganaderia\" \/>\n<meta property=\"og:locale\" content=\"es_ES\" \/>\n<meta property=\"og:type\" content=\"article\" \/>\n<meta property=\"og:title\" content=\"ASAJA da la bienvenida a Gerardo Due\u00f1as como consejero de Agricultura y Ganader\u00eda - ASAJA Palencia\" \/>\n<meta property=\"og:description\" content=\"Tras varios d\u00edas de informaciones cruzadas en distintos medios de comunicaci\u00f3n, ayer emit\u00eda Vox una nota en la que confirmaba la elecci\u00f3n de Gerardo\" \/>\n<meta property=\"og:url\" content=\"https:\/\/www.asajacyl.com\/palencia\/asaja-palencia-informa\/asaja-da-la-bienvenida-a-gerardo-duenas-como-consejero-de-agricultura-y-ganaderia\" \/>\n<meta property=\"og:site_name\" content=\"ASAJA Palencia\" \/>\n<meta property=\"article:published_time\" content=\"2022-03-30T16:16:14+00:00\" \/>\n<meta property=\"article:modified_time\" content=\"2022-03-30T16:16:15+00:00\" \/>\n<meta property=\"og:image\" content=\"https:\/\/www.asajacyl.com\/palencia\/wp-content\/uploads\/sites\/3\/2022\/03\/GERARDO.jpg\" \/>\n\t<meta property=\"og:image:width\" content=\"1809\" \/>\n\t<meta property=\"og:image:height\" content=\"1383\" \/>\n\t<meta property=\"og:image:type\" content=\"image\/jpeg\" \/>\n<meta name=\"author\" content=\"Administrador\" \/>\n<meta name=\"twitter:card\" content=\"summary_large_image\" \/>\n<meta name=\"twitter:label1\" content=\"Escrito por\" \/>\n\t<meta name=\"twitter:data1\" content=\"Administrador\" \/>\n\t<meta name=\"twitter:label2\" content=\"Tiempo de lectura\" \/>\n\t<meta name=\"twitter:data2\" content=\"2 minutos\" \/>\n<script type=\"application\/ld+json\" class=\"yoast-schema-graph\">{\"@context\":\"https:\/\/schema.org\",\"@graph\":[{\"@type\":\"WebPage\",\"@id\":\"https:\/\/www.asajacyl.com\/palencia\/asaja-palencia-informa\/asaja-da-la-bienvenida-a-gerardo-duenas-como-consejero-de-agricultura-y-ganaderia\",\"url\":\"https:\/\/www.asajacyl.com\/palencia\/asaja-palencia-informa\/asaja-da-la-bienvenida-a-gerardo-duenas-como-consejero-de-agricultura-y-ganaderia\",\"name\":\"ASAJA da la bienvenida a Gerardo Due\u00f1as como consejero de Agricultura y Ganader\u00eda - ASAJA Palencia\",\"isPartOf\":{\"@id\":\"https:\/\/www.asajacyl.com\/palencia\/#website\"},\"primaryImageOfPage\":{\"@id\":\"https:\/\/www.asajacyl.com\/palencia\/asaja-palencia-informa\/asaja-da-la-bienvenida-a-gerardo-duenas-como-consejero-de-agricultura-y-ganaderia#primaryimage\"},\"image\":{\"@id\":\"https:\/\/www.asajacyl.com\/palencia\/asaja-palencia-informa\/asaja-da-la-bienvenida-a-gerardo-duenas-como-consejero-de-agricultura-y-ganaderia#primaryimage\"},\"thumbnailUrl\":\"https:\/\/www.asajacyl.com\/palencia\/wp-content\/uploads\/sites\/3\/2022\/03\/GERARDO.jpg\",\"datePublished\":\"2022-03-30T16:16:14+00:00\",\"dateModified\":\"2022-03-30T16:16:15+00:00\",\"author\":{\"@id\":\"https:\/\/www.asajacyl.com\/palencia\/#\/schema\/person\/3ab17aeb03527485c317557fae64aab1\"},\"description\":\"Tras varios d\u00edas de informaciones cruzadas en distintos medios de comunicaci\u00f3n, ayer emit\u00eda Vox una nota en la que confirmaba la elecci\u00f3n de Gerardo\",\"breadcrumb\":{\"@id\":\"https:\/\/www.asajacyl.com\/palencia\/asaja-palencia-informa\/asaja-da-la-bienvenida-a-gerardo-duenas-como-consejero-de-agricultura-y-ganaderia#breadcrumb\"},\"inLanguage\":\"es\",\"potentialAction\":[{\"@type\":\"ReadAction\",\"target\":[\"https:\/\/www.asajacyl.com\/palencia\/asaja-palencia-informa\/asaja-da-la-bienvenida-a-gerardo-duenas-como-consejero-de-agricultura-y-ganaderia\"]}]},{\"@type\":\"ImageObject\",\"inLanguage\":\"es\",\"@id\":\"https:\/\/www.asajacyl.com\/palencia\/asaja-palencia-informa\/asaja-da-la-bienvenida-a-gerardo-duenas-como-consejero-de-agricultura-y-ganaderia#primaryimage\",\"url\":\"https:\/\/www.asajacyl.com\/palencia\/wp-content\/uploads\/sites\/3\/2022\/03\/GERARDO.jpg\",\"contentUrl\":\"https:\/\/www.asajacyl.com\/palencia\/wp-content\/uploads\/sites\/3\/2022\/03\/GERARDO.jpg\",\"width\":1809,\"height\":1383},{\"@type\":\"BreadcrumbList\",\"@id\":\"https:\/\/www.asajacyl.com\/palencia\/asaja-palencia-informa\/asaja-da-la-bienvenida-a-gerardo-duenas-como-consejero-de-agricultura-y-ganaderia#breadcrumb\",\"itemListElement\":[{\"@type\":\"ListItem\",\"position\":1,\"name\":\"Portada\",\"item\":\"https:\/\/www.asajacyl.com\/palencia\/\"},{\"@type\":\"ListItem\",\"position\":2,\"name\":\"ASAJA da la bienvenida a Gerardo Due\u00f1as como consejero de Agricultura y Ganader\u00eda\"}]},{\"@type\":\"WebSite\",\"@id\":\"https:\/\/www.asajacyl.com\/palencia\/#website\",\"url\":\"https:\/\/www.asajacyl.com\/palencia\/\",\"name\":\"ASAJA Palencia\",\"description\":\"Otro sitio m\u00e1s de Provincias ASAJA Castilla y Le\u00f3n\",\"potentialAction\":[{\"@type\":\"SearchAction\",\"target\":{\"@type\":\"EntryPoint\",\"urlTemplate\":\"https:\/\/www.asajacyl.com\/palencia\/?s={search_term_string}\"},\"query-input\":{\"@type\":\"PropertyValueSpecification\",\"valueRequired\":true,\"valueName\":\"search_term_string\"}}],\"inLanguage\":\"es\"},{\"@type\":\"Person\",\"@id\":\"https:\/\/www.asajacyl.com\/palencia\/#\/schema\/person\/3ab17aeb03527485c317557fae64aab1\",\"name\":\"Administrador\",\"image\":{\"@type\":\"ImageObject\",\"inLanguage\":\"es\",\"@id\":\"https:\/\/www.asajacyl.com\/palencia\/#\/schema\/person\/image\/\",\"url\":\"https:\/\/secure.gravatar.com\/avatar\/517384810d242ca9e38c180f3c9fb973?s=96&d=mm&r=g\",\"contentUrl\":\"https:\/\/secure.gravatar.com\/avatar\/517384810d242ca9e38c180f3c9fb973?s=96&d=mm&r=g\",\"caption\":\"Administrador\"},\"url\":\"https:\/\/www.asajacyl.com\/palencia\/author\/carlosrm\"}]}<\/script>\n<!-- \/ Yoast SEO plugin. -->","yoast_head_json":{"title":"ASAJA da la bienvenida a Gerardo Due\u00f1as como consejero de Agricultura y Ganader\u00eda - ASAJA Palencia","description":"Tras varios d\u00edas de informaciones cruzadas en distintos medios de comunicaci\u00f3n, ayer emit\u00eda Vox una nota en la que confirmaba la elecci\u00f3n de Gerardo","robots":{"index":"index","follow":"follow","max-snippet":"max-snippet:-1","max-image-preview":"max-image-preview:large","max-video-preview":"max-video-preview:-1"},"canonical":"https:\/\/www.asajacyl.com\/palencia\/asaja-palencia-informa\/asaja-da-la-bienvenida-a-gerardo-duenas-como-consejero-de-agricultura-y-ganaderia","og_locale":"es_ES","og_type":"article","og_title":"ASAJA da la bienvenida a Gerardo Due\u00f1as como consejero de Agricultura y Ganader\u00eda - ASAJA Palencia","og_description":"Tras varios d\u00edas de informaciones cruzadas en distintos medios de comunicaci\u00f3n, ayer emit\u00eda Vox una nota en la que confirmaba la elecci\u00f3n de Gerardo","og_url":"https:\/\/www.asajacyl.com\/palencia\/asaja-palencia-informa\/asaja-da-la-bienvenida-a-gerardo-duenas-como-consejero-de-agricultura-y-ganaderia","og_site_name":"ASAJA Palencia","article_published_time":"2022-03-30T16:16:14+00:00","article_modified_time":"2022-03-30T16:16:15+00:00","og_image":[{"width":1809,"height":1383,"url":"https:\/\/www.asajacyl.com\/palencia\/wp-content\/uploads\/sites\/3\/2022\/03\/GERARDO.jpg","type":"image\/jpeg"}],"author":"Administrador","twitter_card":"summary_large_image","twitter_misc":{"Escrito por":"Administrador","Tiempo de lectura":"2 minutos"},"schema":{"@context":"https:\/\/schema.org","@graph":[{"@type":"WebPage","@id":"https:\/\/www.asajacyl.com\/palencia\/asaja-palencia-informa\/asaja-da-la-bienvenida-a-gerardo-duenas-como-consejero-de-agricultura-y-ganaderia","url":"https:\/\/www.asajacyl.com\/palencia\/asaja-palencia-informa\/asaja-da-la-bienvenida-a-gerardo-duenas-como-consejero-de-agricultura-y-ganaderia","name":"ASAJA da la bienvenida a Gerardo Due\u00f1as como consejero de Agricultura y Ganader\u00eda - ASAJA Palencia","isPartOf":{"@id":"https:\/\/www.asajacyl.com\/palencia\/#website"},"primaryImageOfPage":{"@id":"https:\/\/www.asajacyl.com\/palencia\/asaja-palencia-informa\/asaja-da-la-bienvenida-a-gerardo-duenas-como-consejero-de-agricultura-y-ganaderia#primaryimage"},"image":{"@id":"https:\/\/www.asajacyl.com\/palencia\/asaja-palencia-informa\/asaja-da-la-bienvenida-a-gerardo-duenas-como-consejero-de-agricultura-y-ganaderia#primaryimage"},"thumbnailUrl":"https:\/\/www.asajacyl.com\/palencia\/wp-content\/uploads\/sites\/3\/2022\/03\/GERARDO.jpg","datePublished":"2022-03-30T16:16:14+00:00","dateModified":"2022-03-30T16:16:15+00:00","author":{"@id":"https:\/\/www.asajacyl.com\/palencia\/#\/schema\/person\/3ab17aeb03527485c317557fae64aab1"},"description":"Tras varios d\u00edas de informaciones cruzadas en distintos medios de comunicaci\u00f3n, ayer emit\u00eda Vox una nota en la que confirmaba la elecci\u00f3n de Gerardo","breadcrumb":{"@id":"https:\/\/www.asajacyl.com\/palencia\/asaja-palencia-informa\/asaja-da-la-bienvenida-a-gerardo-duenas-como-consejero-de-agricultura-y-ganaderia#breadcrumb"},"inLanguage":"es","potentialAction":[{"@type":"ReadAction","target":["https:\/\/www.asajacyl.com\/palencia\/asaja-palencia-informa\/asaja-da-la-bienvenida-a-gerardo-duenas-como-consejero-de-agricultura-y-ganaderia"]}]},{"@type":"ImageObject","inLanguage":"es","@id":"https:\/\/www.asajacyl.com\/palencia\/asaja-palencia-informa\/asaja-da-la-bienvenida-a-gerardo-duenas-como-consejero-de-agricultura-y-ganaderia#primaryimage","url":"https:\/\/www.asajacyl.com\/palencia\/wp-content\/uploads\/sites\/3\/2022\/03\/GERARDO.jpg","contentUrl":"https:\/\/www.asajacyl.com\/palencia\/wp-content\/uploads\/sites\/3\/2022\/03\/GERARDO.jpg","width":1809,"height":1383},{"@type":"BreadcrumbList","@id":"https:\/\/www.asajacyl.com\/palencia\/asaja-palencia-informa\/asaja-da-la-bienvenida-a-gerardo-duenas-como-consejero-de-agricultura-y-ganaderia#breadcrumb","itemListElement":[{"@type":"ListItem","position":1,"name":"Portada","item":"https:\/\/www.asajacyl.com\/palencia\/"},{"@type":"ListItem","position":2,"name":"ASAJA da la bienvenida a Gerardo Due\u00f1as como consejero de Agricultura y Ganader\u00eda"}]},{"@type":"WebSite","@id":"https:\/\/www.asajacyl.com\/palencia\/#website","url":"https:\/\/www.asajacyl.com\/palencia\/","name":"ASAJA Palencia","description":"Otro sitio m\u00e1s de Provincias ASAJA Castilla y Le\u00f3n","potentialAction":[{"@type":"SearchAction","target":{"@type":"EntryPoint","urlTemplate":"https:\/\/www.asajacyl.com\/palencia\/?s={search_term_string}"},"query-input":{"@type":"PropertyValueSpecification","valueRequired":true,"valueName":"search_term_string"}}],"inLanguage":"es"},{"@type":"Person","@id":"https:\/\/www.asajacyl.com\/palencia\/#\/schema\/person\/3ab17aeb03527485c317557fae64aab1","name":"Administrador","image":{"@type":"ImageObject","inLanguage":"es","@id":"https:\/\/www.asajacyl.com\/palencia\/#\/schema\/person\/image\/","url":"https:\/\/secure.gravatar.com\/avatar\/517384810d242ca9e38c180f3c9fb973?s=96&d=mm&r=g","contentUrl":"https:\/\/secure.gravatar.com\/avatar\/517384810d242ca9e38c180f3c9fb973?s=96&d=mm&r=g","caption":"Administrador"},"url":"https:\/\/www.asajacyl.com\/palencia\/author\/carlosrm"}]}},"_links":{"self":[{"href":"https:\/\/www.asajacyl.com\/palencia\/wp-json\/wp\/v2\/posts\/10130"}],"collection":[{"href":"https:\/\/www.asajacyl.com\/palencia\/wp-json\/wp\/v2\/posts"}],"about":[{"href":"https:\/\/www.asajacyl.com\/palencia\/wp-json\/wp\/v2\/types\/post"}],"author":[{"embeddable":true,"href":"https:\/\/www.asajacyl.com\/palencia\/wp-json\/wp\/v2\/users\/9"}],"replies":[{"embeddable":true,"href":"https:\/\/www.asajacyl.com\/palencia\/wp-json\/wp\/v2\/comments?post=10130"}],"version-history":[{"count":1,"href":"https:\/\/www.asajacyl.com\/palencia\/wp-json\/wp\/v2\/posts\/10130\/revisions"}],"predecessor-version":[{"id":10132,"href":"https:\/\/www.asajacyl.com\/palencia\/wp-json\/wp\/v2\/posts\/10130\/revisions\/10132"}],"wp:featuredmedia":[{"embeddable":true,"href":"https:\/\/www.asajacyl.com\/palencia\/wp-json\/wp\/v2\/media\/10131"}],"wp:attachment":[{"href":"https:\/\/www.asajacyl.com\/palencia\/wp-json\/wp\/v2\/media?parent=10130"}],"wp:term":[{"taxonomy":"category","embeddable":true,"href":"https:\/\/www.asajacyl.com\/palencia\/wp-json\/wp\/v2\/categories?post=10130"},{"taxonomy":"post_tag","embeddable":true,"href":"https:\/\/www.asajacyl.com\/palencia\/wp-json\/wp\/v2\/tags?post=10130"}],"curies":[{"name":"wp","href":"https:\/\/api.w.org\/{rel}","templated":true}]}}