{"id":10133,"date":"2022-03-30T19:10:09","date_gmt":"2022-03-30T17:10:09","guid":{"rendered":"https:\/\/www.asajacyl.com\/palencia\/?p=10133"},"modified":"2022-03-30T19:10:10","modified_gmt":"2022-03-30T17:10:10","slug":"el-ministerio-permite-producir-en-los-barbechos-y-el-uso-de-fitosanitarios-en-las-sie","status":"publish","type":"post","link":"https:\/\/www.asajacyl.com\/palencia\/sin-categoria\/el-ministerio-permite-producir-en-los-barbechos-y-el-uso-de-fitosanitarios-en-las-sie","title":{"rendered":"El Ministerio permite producir en los  barbechos y el uso de fitosanitarios en las SIE"},"content":{"rendered":"\n<p>El pre\u00e1mbulo del Real Decreto-ley aprobado hoy con el fin de dar respuesta a las consecuencias de la guerra en Ucrania, indica que \u00abmediante las excepciones establecidas para 2022 se podr\u00e1 pastar o sembrar un cultivo en la superficie de barbecho de tal manera que se incremente la capacidad productiva de las explotaciones sin perder el derecho a cobrar la ayuda de ecologizaci\u00f3n\u00bb, algo recogido en una Decisi\u00f3n de Ejecuci\u00f3n de la Comisi\u00f3n Europea.<\/p>\n\n\n\n<p>Posteriormente, en la parte dispositiva refleja que \u00aben el a\u00f1o 2022 [&#8230;] la superficie de barbecho se considerar\u00e1 como superficie de inter\u00e9s ecol\u00f3gico aunque dichas tierras hayan sido:<\/p>\n\n\n\n<ul><li>Aprovechadas por el ganado en forma de pastoreo<\/li><li>La vegetaci\u00f3n presente en ese barbecho sea cosechada con fines de producci\u00f3n o<\/li><li>hayan sido cultivadas.<\/li><\/ul>\n\n\n\n<p>Asimismo [&#8230;] en la campa\u00f1a 2022 se podr\u00e1n utilizar productos fitosanitarios en estas superficies\u00bb.<\/p>\n\n\n\n<p>Con esta actuaci\u00f3n se pretende aumentar la siembra de cultivos en los que Espa\u00f1a es deficitaria y dependiente de las exportaciones ucranianas.<\/p>\n","protected":false},"excerpt":{"rendered":"<p>El pre\u00e1mbulo del Real Decreto-ley aprobado hoy con el fin de dar respuesta a las consecuencias de la guerra en Ucrania, indica que \u00abmediante las excepciones establecidas para 2022 se podr\u00e1 pastar o sembrar un cultivo en la superficie de barbecho de tal manera que se incremente la capacidad productiva de las explotaciones sin perder [&hellip;]<\/p>\n","protected":false},"author":9,"featured_media":9810,"comment_status":"open","ping_status":"open","sticky":false,"template":"","format":"standard","meta":{"footnotes":""},"categories":[9,29,28,1],"tags":[],"yoast_head":"<!-- This site is optimized with the Yoast SEO plugin v24.5 - https:\/\/yoast.com\/wordpress\/plugins\/seo\/ -->\n<title>El Ministerio permite producir en los barbechos y el uso de fitosanitarios en las SIE - ASAJA Palencia<\/title>\n<meta name=\"description\" content=\"El pre\u00e1mbulo del Real Decreto-ley aprobado hoy con el fin de dar respuesta a las consecuencias de la guerra en Ucrania, indica que &quot;mediante las\" \/>\n<meta name=\"robots\" content=\"index, follow, max-snippet:-1, max-image-preview:large, max-video-preview:-1\" \/>\n<link rel=\"canonical\" href=\"https:\/\/www.asajacyl.com\/palencia\/sin-categoria\/el-ministerio-permite-producir-en-los-barbechos-y-el-uso-de-fitosanitarios-en-las-sie\" \/>\n<meta property=\"og:locale\" content=\"es_ES\" \/>\n<meta property=\"og:type\" content=\"article\" \/>\n<meta property=\"og:title\" content=\"El Ministerio permite producir en los barbechos y el uso de fitosanitarios en las SIE - ASAJA Palencia\" \/>\n<meta property=\"og:description\" content=\"El pre\u00e1mbulo del Real Decreto-ley aprobado hoy con el fin de dar respuesta a las consecuencias de la guerra en Ucrania, indica que &quot;mediante las\" \/>\n<meta property=\"og:url\" content=\"https:\/\/www.asajacyl.com\/palencia\/sin-categoria\/el-ministerio-permite-producir-en-los-barbechos-y-el-uso-de-fitosanitarios-en-las-sie\" \/>\n<meta property=\"og:site_name\" content=\"ASAJA Palencia\" \/>\n<meta property=\"article:published_time\" content=\"2022-03-30T17:10:09+00:00\" \/>\n<meta property=\"article:modified_time\" content=\"2022-03-30T17:10:10+00:00\" \/>\n<meta property=\"og:image\" content=\"https:\/\/www.asajacyl.com\/palencia\/wp-content\/uploads\/sites\/3\/2022\/01\/20220129_162516.jpg\" \/>\n\t<meta property=\"og:image:width\" content=\"1875\" \/>\n\t<meta property=\"og:image:height\" content=\"2500\" \/>\n\t<meta property=\"og:image:type\" content=\"image\/jpeg\" \/>\n<meta name=\"author\" content=\"Administrador\" \/>\n<meta name=\"twitter:card\" content=\"summary_large_image\" \/>\n<meta name=\"twitter:label1\" content=\"Escrito por\" \/>\n\t<meta name=\"twitter:data1\" content=\"Administrador\" \/>\n\t<meta name=\"twitter:label2\" content=\"Tiempo de lectura\" \/>\n\t<meta name=\"twitter:data2\" content=\"1 minuto\" \/>\n<script type=\"application\/ld+json\" class=\"yoast-schema-graph\">{\"@context\":\"https:\/\/schema.org\",\"@graph\":[{\"@type\":\"WebPage\",\"@id\":\"https:\/\/www.asajacyl.com\/palencia\/sin-categoria\/el-ministerio-permite-producir-en-los-barbechos-y-el-uso-de-fitosanitarios-en-las-sie\",\"url\":\"https:\/\/www.asajacyl.com\/palencia\/sin-categoria\/el-ministerio-permite-producir-en-los-barbechos-y-el-uso-de-fitosanitarios-en-las-sie\",\"name\":\"El Ministerio permite producir en los barbechos y el uso de fitosanitarios en las SIE - ASAJA Palencia\",\"isPartOf\":{\"@id\":\"https:\/\/www.asajacyl.com\/palencia\/#website\"},\"primaryImageOfPage\":{\"@id\":\"https:\/\/www.asajacyl.com\/palencia\/sin-categoria\/el-ministerio-permite-producir-en-los-barbechos-y-el-uso-de-fitosanitarios-en-las-sie#primaryimage\"},\"image\":{\"@id\":\"https:\/\/www.asajacyl.com\/palencia\/sin-categoria\/el-ministerio-permite-producir-en-los-barbechos-y-el-uso-de-fitosanitarios-en-las-sie#primaryimage\"},\"thumbnailUrl\":\"https:\/\/www.asajacyl.com\/palencia\/wp-content\/uploads\/sites\/3\/2022\/01\/20220129_162516.jpg\",\"datePublished\":\"2022-03-30T17:10:09+00:00\",\"dateModified\":\"2022-03-30T17:10:10+00:00\",\"author\":{\"@id\":\"https:\/\/www.asajacyl.com\/palencia\/#\/schema\/person\/3ab17aeb03527485c317557fae64aab1\"},\"description\":\"El pre\u00e1mbulo del Real Decreto-ley aprobado hoy con el fin de dar respuesta a las consecuencias de la guerra en Ucrania, indica que \\\"mediante las\",\"breadcrumb\":{\"@id\":\"https:\/\/www.asajacyl.com\/palencia\/sin-categoria\/el-ministerio-permite-producir-en-los-barbechos-y-el-uso-de-fitosanitarios-en-las-sie#breadcrumb\"},\"inLanguage\":\"es\",\"potentialAction\":[{\"@type\":\"ReadAction\",\"target\":[\"https:\/\/www.asajacyl.com\/palencia\/sin-categoria\/el-ministerio-permite-producir-en-los-barbechos-y-el-uso-de-fitosanitarios-en-las-sie\"]}]},{\"@type\":\"ImageObject\",\"inLanguage\":\"es\",\"@id\":\"https:\/\/www.asajacyl.com\/palencia\/sin-categoria\/el-ministerio-permite-producir-en-los-barbechos-y-el-uso-de-fitosanitarios-en-las-sie#primaryimage\",\"url\":\"https:\/\/www.asajacyl.com\/palencia\/wp-content\/uploads\/sites\/3\/2022\/01\/20220129_162516.jpg\",\"contentUrl\":\"https:\/\/www.asajacyl.com\/palencia\/wp-content\/uploads\/sites\/3\/2022\/01\/20220129_162516.jpg\",\"width\":1875,\"height\":2500},{\"@type\":\"BreadcrumbList\",\"@id\":\"https:\/\/www.asajacyl.com\/palencia\/sin-categoria\/el-ministerio-permite-producir-en-los-barbechos-y-el-uso-de-fitosanitarios-en-las-sie#breadcrumb\",\"itemListElement\":[{\"@type\":\"ListItem\",\"position\":1,\"name\":\"Portada\",\"item\":\"https:\/\/www.asajacyl.com\/palencia\/\"},{\"@type\":\"ListItem\",\"position\":2,\"name\":\"El Ministerio permite producir en los barbechos y el uso de fitosanitarios en las SIE\"}]},{\"@type\":\"WebSite\",\"@id\":\"https:\/\/www.asajacyl.com\/palencia\/#website\",\"url\":\"https:\/\/www.asajacyl.com\/palencia\/\",\"name\":\"ASAJA Palencia\",\"description\":\"Otro sitio m\u00e1s de Provincias ASAJA Castilla y Le\u00f3n\",\"potentialAction\":[{\"@type\":\"SearchAction\",\"target\":{\"@type\":\"EntryPoint\",\"urlTemplate\":\"https:\/\/www.asajacyl.com\/palencia\/?s={search_term_string}\"},\"query-input\":{\"@type\":\"PropertyValueSpecification\",\"valueRequired\":true,\"valueName\":\"search_term_string\"}}],\"inLanguage\":\"es\"},{\"@type\":\"Person\",\"@id\":\"https:\/\/www.asajacyl.com\/palencia\/#\/schema\/person\/3ab17aeb03527485c317557fae64aab1\",\"name\":\"Administrador\",\"image\":{\"@type\":\"ImageObject\",\"inLanguage\":\"es\",\"@id\":\"https:\/\/www.asajacyl.com\/palencia\/#\/schema\/person\/image\/\",\"url\":\"https:\/\/secure.gravatar.com\/avatar\/517384810d242ca9e38c180f3c9fb973?s=96&d=mm&r=g\",\"contentUrl\":\"https:\/\/secure.gravatar.com\/avatar\/517384810d242ca9e38c180f3c9fb973?s=96&d=mm&r=g\",\"caption\":\"Administrador\"},\"url\":\"https:\/\/www.asajacyl.com\/palencia\/author\/carlosrm\"}]}<\/script>\n<!-- \/ Yoast SEO plugin. -->","yoast_head_json":{"title":"El Ministerio permite producir en los barbechos y el uso de fitosanitarios en las SIE - ASAJA Palencia","description":"El pre\u00e1mbulo del Real Decreto-ley aprobado hoy con el fin de dar respuesta a las consecuencias de la guerra en Ucrania, indica que \"mediante las","robots":{"index":"index","follow":"follow","max-snippet":"max-snippet:-1","max-image-preview":"max-image-preview:large","max-video-preview":"max-video-preview:-1"},"canonical":"https:\/\/www.asajacyl.com\/palencia\/sin-categoria\/el-ministerio-permite-producir-en-los-barbechos-y-el-uso-de-fitosanitarios-en-las-sie","og_locale":"es_ES","og_type":"article","og_title":"El Ministerio permite producir en los barbechos y el uso de fitosanitarios en las SIE - ASAJA Palencia","og_description":"El pre\u00e1mbulo del Real Decreto-ley aprobado hoy con el fin de dar respuesta a las consecuencias de la guerra en Ucrania, indica que \"mediante las","og_url":"https:\/\/www.asajacyl.com\/palencia\/sin-categoria\/el-ministerio-permite-producir-en-los-barbechos-y-el-uso-de-fitosanitarios-en-las-sie","og_site_name":"ASAJA Palencia","article_published_time":"2022-03-30T17:10:09+00:00","article_modified_time":"2022-03-30T17:10:10+00:00","og_image":[{"width":1875,"height":2500,"url":"https:\/\/www.asajacyl.com\/palencia\/wp-content\/uploads\/sites\/3\/2022\/01\/20220129_162516.jpg","type":"image\/jpeg"}],"author":"Administrador","twitter_card":"summary_large_image","twitter_misc":{"Escrito por":"Administrador","Tiempo de lectura":"1 minuto"},"schema":{"@context":"https:\/\/schema.org","@graph":[{"@type":"WebPage","@id":"https:\/\/www.asajacyl.com\/palencia\/sin-categoria\/el-ministerio-permite-producir-en-los-barbechos-y-el-uso-de-fitosanitarios-en-las-sie","url":"https:\/\/www.asajacyl.com\/palencia\/sin-categoria\/el-ministerio-permite-producir-en-los-barbechos-y-el-uso-de-fitosanitarios-en-las-sie","name":"El Ministerio permite producir en los barbechos y el uso de fitosanitarios en las SIE - ASAJA Palencia","isPartOf":{"@id":"https:\/\/www.asajacyl.com\/palencia\/#website"},"primaryImageOfPage":{"@id":"https:\/\/www.asajacyl.com\/palencia\/sin-categoria\/el-ministerio-permite-producir-en-los-barbechos-y-el-uso-de-fitosanitarios-en-las-sie#primaryimage"},"image":{"@id":"https:\/\/www.asajacyl.com\/palencia\/sin-categoria\/el-ministerio-permite-producir-en-los-barbechos-y-el-uso-de-fitosanitarios-en-las-sie#primaryimage"},"thumbnailUrl":"https:\/\/www.asajacyl.com\/palencia\/wp-content\/uploads\/sites\/3\/2022\/01\/20220129_162516.jpg","datePublished":"2022-03-30T17:10:09+00:00","dateModified":"2022-03-30T17:10:10+00:00","author":{"@id":"https:\/\/www.asajacyl.com\/palencia\/#\/schema\/person\/3ab17aeb03527485c317557fae64aab1"},"description":"El pre\u00e1mbulo del Real Decreto-ley aprobado hoy con el fin de dar respuesta a las consecuencias de la guerra en Ucrania, indica que \"mediante las","breadcrumb":{"@id":"https:\/\/www.asajacyl.com\/palencia\/sin-categoria\/el-ministerio-permite-producir-en-los-barbechos-y-el-uso-de-fitosanitarios-en-las-sie#breadcrumb"},"inLanguage":"es","potentialAction":[{"@type":"ReadAction","target":["https:\/\/www.asajacyl.com\/palencia\/sin-categoria\/el-ministerio-permite-producir-en-los-barbechos-y-el-uso-de-fitosanitarios-en-las-sie"]}]},{"@type":"ImageObject","inLanguage":"es","@id":"https:\/\/www.asajacyl.com\/palencia\/sin-categoria\/el-ministerio-permite-producir-en-los-barbechos-y-el-uso-de-fitosanitarios-en-las-sie#primaryimage","url":"https:\/\/www.asajacyl.com\/palencia\/wp-content\/uploads\/sites\/3\/2022\/01\/20220129_162516.jpg","contentUrl":"https:\/\/www.asajacyl.com\/palencia\/wp-content\/uploads\/sites\/3\/2022\/01\/20220129_162516.jpg","width":1875,"height":2500},{"@type":"BreadcrumbList","@id":"https:\/\/www.asajacyl.com\/palencia\/sin-categoria\/el-ministerio-permite-producir-en-los-barbechos-y-el-uso-de-fitosanitarios-en-las-sie#breadcrumb","itemListElement":[{"@type":"ListItem","position":1,"name":"Portada","item":"https:\/\/www.asajacyl.com\/palencia\/"},{"@type":"ListItem","position":2,"name":"El Ministerio permite producir en los barbechos y el uso de fitosanitarios en las SIE"}]},{"@type":"WebSite","@id":"https:\/\/www.asajacyl.com\/palencia\/#website","url":"https:\/\/www.asajacyl.com\/palencia\/","name":"ASAJA Palencia","description":"Otro sitio m\u00e1s de Provincias ASAJA Castilla y Le\u00f3n","potentialAction":[{"@type":"SearchAction","target":{"@type":"EntryPoint","urlTemplate":"https:\/\/www.asajacyl.com\/palencia\/?s={search_term_string}"},"query-input":{"@type":"PropertyValueSpecification","valueRequired":true,"valueName":"search_term_string"}}],"inLanguage":"es"},{"@type":"Person","@id":"https:\/\/www.asajacyl.com\/palencia\/#\/schema\/person\/3ab17aeb03527485c317557fae64aab1","name":"Administrador","image":{"@type":"ImageObject","inLanguage":"es","@id":"https:\/\/www.asajacyl.com\/palencia\/#\/schema\/person\/image\/","url":"https:\/\/secure.gravatar.com\/avatar\/517384810d242ca9e38c180f3c9fb973?s=96&d=mm&r=g","contentUrl":"https:\/\/secure.gravatar.com\/avatar\/517384810d242ca9e38c180f3c9fb973?s=96&d=mm&r=g","caption":"Administrador"},"url":"https:\/\/www.asajacyl.com\/palencia\/author\/carlosrm"}]}},"_links":{"self":[{"href":"https:\/\/www.asajacyl.com\/palencia\/wp-json\/wp\/v2\/posts\/10133"}],"collection":[{"href":"https:\/\/www.asajacyl.com\/palencia\/wp-json\/wp\/v2\/posts"}],"about":[{"href":"https:\/\/www.asajacyl.com\/palencia\/wp-json\/wp\/v2\/types\/post"}],"author":[{"embeddable":true,"href":"https:\/\/www.asajacyl.com\/palencia\/wp-json\/wp\/v2\/users\/9"}],"replies":[{"embeddable":true,"href":"https:\/\/www.asajacyl.com\/palencia\/wp-json\/wp\/v2\/comments?post=10133"}],"version-history":[{"count":2,"href":"https:\/\/www.asajacyl.com\/palencia\/wp-json\/wp\/v2\/posts\/10133\/revisions"}],"predecessor-version":[{"id":10141,"href":"https:\/\/www.asajacyl.com\/palencia\/wp-json\/wp\/v2\/posts\/10133\/revisions\/10141"}],"wp:featuredmedia":[{"embeddable":true,"href":"https:\/\/www.asajacyl.com\/palencia\/wp-json\/wp\/v2\/media\/9810"}],"wp:attachment":[{"href":"https:\/\/www.asajacyl.com\/palencia\/wp-json\/wp\/v2\/media?parent=10133"}],"wp:term":[{"taxonomy":"category","embeddable":true,"href":"https:\/\/www.asajacyl.com\/palencia\/wp-json\/wp\/v2\/categories?post=10133"},{"taxonomy":"post_tag","embeddable":true,"href":"https:\/\/www.asajacyl.com\/palencia\/wp-json\/wp\/v2\/tags?post=10133"}],"curies":[{"name":"wp","href":"https:\/\/api.w.org\/{rel}","templated":true}]}}