{"id":10135,"date":"2022-03-31T18:48:00","date_gmt":"2022-03-31T16:48:00","guid":{"rendered":"https:\/\/www.asajacyl.com\/palencia\/?p=10135"},"modified":"2022-03-30T18:51:22","modified_gmt":"2022-03-30T16:51:22","slug":"la-comision-europea-reconoce-que-la-produccion-agricola-de-la-ue-cumple-una-funcion-estrategica-para-la-seguridad-alimentaria","status":"publish","type":"post","link":"https:\/\/www.asajacyl.com\/palencia\/asaja-palencia-informa\/la-comision-europea-reconoce-que-la-produccion-agricola-de-la-ue-cumple-una-funcion-estrategica-para-la-seguridad-alimentaria","title":{"rendered":"La Comisi\u00f3n Europea reconoce que la producci\u00f3n agr\u00edcola de la UE cumple una funci\u00f3n estrat\u00e9gica para la seguridad alimentaria"},"content":{"rendered":"\n<p>Despu\u00e9s de que se presentara la Declaraci\u00f3n de Versalles, la Comisi\u00f3n Europea ha desvelado hoy una serie de medidas referentes a la seguridad alimentaria y a la resiliencia de nuestros sistemas alimentarios. El Copa y la Cogeca coinciden con el an\u00e1lisis de la Comisi\u00f3n sobre la situaci\u00f3n actual y apoyan el objetivo de potenciar la sostenibilidad de la agricultura de la UE y garantizar al mismo tiempo su capacidad de producci\u00f3n. La comunidad agr\u00edcola europea ve con buenos ojos las soluciones de emergencia y las respuestas temporales que se presentan en esta Comunicaci\u00f3n, empezando por el apoyo a la poblaci\u00f3n y los agricultores de Ucrania.<\/p>\n\n\n\n<p>Hace dos semanas la Comisi\u00f3n Europea ya anunci\u00f3 en la Comunicaci\u00f3n REPowerEU varias acciones en pro de la independencia energ\u00e9tica de la Uni\u00f3n. La pasada semana ha publicado una segunda Comunicaci\u00f3n hist\u00f3rica sobre la seguridad alimentaria y la resiliencia de los sistemas alimentarios. Se trata de un plan de crisis presentado por Valdis Dombrovskis, vicepresidente ejecutivo de la Comisi\u00f3n, y por el comisario de Agricultura, Janusz Wojciechowski, donde se plantean medidas a corto y medio plazo. Este plan toma en consideraci\u00f3n la complejidad de la situaci\u00f3n, y aborda las repercusiones que la guerra en Ucrania tendr\u00e1 para los agricultores del Mercado \u00danico europeo y las poblaciones m\u00e1s vulnerables. Adem\u00e1s, tambi\u00e9n se esbozan algunas medidas que adoptar en Ucrania y el resto del mundo para atajar el \u00abhurac\u00e1n de hambrunas\u00bb al que se refiri\u00f3 el Secretario General de la ONU, Ant\u00f3nio Guterres.<\/p>\n\n\n\n<p>En lo que se refiere a los aspectos humanitarios de esta Comunicaci\u00f3n, el presidente de la Cogeca, Ram\u00f3n Armengol, ha declarado que \u00abes importante [para nosotros] ver que la Comisi\u00f3n Europea apoya las actuaciones para brindar ayuda humanitaria al pueblo de Ucrania, pensando particularmente en nuestros compa\u00f1eros agricultores. Es tranquilizador leer que la Comisi\u00f3n ha entendido los graves efectos que la invasi\u00f3n de Ucrania provocar\u00e1 en los mercados agr\u00edcolas y que haya reconocido la funci\u00f3n geoestrat\u00e9gica del sector agr\u00edcola europeo para desplegar una coraza alimentaria que proteja a los m\u00e1s vulnerables. Las cooperativas agrarias europeas ser\u00e1n aliados clave en los pr\u00f3ximos meses, que proporcionar\u00e1n alimentos tanto en la Uni\u00f3n Europea como en terceros pa\u00edses. A corto plazo, es fundamental garantizar la liquidez de los agricultores y las cooperativas, ante el vertiginoso y continuo incremento de los precios de los insumos. Todav\u00eda necesitamos que los Estados miembro tomen medidas concretas relativas al sector agroalimentario en el nuevo marco sobre ayudas estatales.\u00bb<\/p>\n\n\n\n<p>El Copa y la Cogeca aplauden las medidas extraordinarias y las exenciones inmediatas referentes a las superficies de inter\u00e9s ecol\u00f3gico, como la permisi\u00f3n de cultivar las tierras en barbecho durante la siembra de primavera en 2022, adem\u00e1s de la relajaci\u00f3n temporal de algunas medidas relacionadas con el abastecimiento de piensos. Sin embargo, ambas organizaciones lamentan la absoluta ausencia de propuestas para aliviar a corto plazo la tensi\u00f3n en el mercado de los fertilizantes. Este mercado sufre unas perturbaciones sin precedentes: con los precios en cotas m\u00e1ximas hist\u00f3ricas cabe el riesgo real de que falten suministros para la pr\u00f3xima campa\u00f1a. El \u00abMecanismo europeo de preparaci\u00f3n y respuesta ante las crisis de seguridad alimentaria\u00bb tiene que atajar este problema de inmediato. A la luz de los precios exorbitados de los insumos, la comunidad agr\u00edcola europea aplaude que se utilice la reserva de crisis de la PAC, que se anticipen los pagos directos, que se establezca un marco temporal de crisis para las ayudas estatales y que se dediquen esfuerzos a preservar el buen funcionamiento del Mercado \u00danico.<\/p>\n\n\n\n<p>Desde una perspectiva a medio plazo, la Comisi\u00f3n reconoce la importancia de no poner en jaque la productividad de la agricultura europea y reorientar el modelo agr\u00edcola europeo. La presidenta del Copa, Christiane Lambert, se ha pronunciado al respecto en las siguientes declaraciones: \u00abPese a la imagen caricaturesca y la tergiversaci\u00f3n de nuestra opini\u00f3n durante los \u00faltimos meses, especialmente en lo relativo a la Estrategia \u2018De la granja a la mesa\u2019, nosotros siempre hemos apoyado un planteamiento sostenible en la agricultura y la alimentaci\u00f3n, porque es necesario. En Europa debemos seguir produciendo cantidades suficientes de alimentos de calidad y asequibles, y estoy convencida de que podemos producirlos de una forma cada vez m\u00e1s sostenible. La acumulaci\u00f3n de distintas crisis nos ha ense\u00f1ado a considerar muy en serio nuestra dependencia de los fertilizantes, los piensos y los combustibles f\u00f3siles. En la agricultura existen alternativas y soluciones que demuestran que se puede conciliar la productividad y la sostenibilidad.\u00bb<\/p>\n\n\n\n<p>En la Comunicaci\u00f3n de la Comisi\u00f3n se recogen algunas soluciones concretas a medio plazo que permitir\u00edan aumentar la producci\u00f3n agr\u00edcola en la UE y garantizar un mayor grado de sostenibilidad e independencia, a saber: la comercializaci\u00f3n de productos fitosanitarios a base de sustancias activas biol\u00f3gicas, las nuevas t\u00e9cnicas gen\u00f3micas, los productos alternativos a los fertilizantes minerales, las t\u00e9cnicas de la agricultura de precisi\u00f3n, el fomento del plan de prote\u00ednas vegetales en la UE, y un mayor uso de energ\u00eda y gas de fuentes renovables. Pese a ello, y a diferencia de la Comunicaci\u00f3n REPowerEU, lamentamos que no se incluyan detalles sobre los mecanismos de inversi\u00f3n que podr\u00edan estimular la producci\u00f3n agr\u00edcola sostenible y mejorar la resiliencia del sector primario.<\/p>\n\n\n\n<p>Al igual que durante los peores momentos de la pandemia de COVID-19, los agricultores europeos y sus cooperativas, ante la crisis actual, se comprometen a respaldar la estrategia que se propone para estimular el crecimiento sostenible de la producci\u00f3n agr\u00edcola europea.<\/p>\n","protected":false},"excerpt":{"rendered":"<p>Despu\u00e9s de que se presentara la Declaraci\u00f3n de Versalles, la Comisi\u00f3n Europea ha desvelado hoy una serie de medidas referentes a la seguridad alimentaria y a la resiliencia de nuestros sistemas alimentarios. El Copa y la Cogeca coinciden con el an\u00e1lisis de la Comisi\u00f3n sobre la situaci\u00f3n actual y apoyan el objetivo de potenciar la [&hellip;]<\/p>\n","protected":false},"author":9,"featured_media":8194,"comment_status":"open","ping_status":"open","sticky":false,"template":"","format":"standard","meta":{"footnotes":""},"categories":[9,29,28],"tags":[],"yoast_head":"<!-- This site is optimized with the Yoast SEO plugin v24.5 - https:\/\/yoast.com\/wordpress\/plugins\/seo\/ -->\n<title>La Comisi\u00f3n Europea reconoce que la producci\u00f3n agr\u00edcola de la UE cumple una funci\u00f3n estrat\u00e9gica para la seguridad alimentaria - ASAJA Palencia<\/title>\n<meta name=\"description\" content=\"Despu\u00e9s de que se presentara la Declaraci\u00f3n de Versalles, la Comisi\u00f3n Europea ha desvelado hoy una serie de medidas referentes a la seguridad alimentaria\" \/>\n<meta name=\"robots\" content=\"index, follow, max-snippet:-1, max-image-preview:large, max-video-preview:-1\" \/>\n<link rel=\"canonical\" href=\"https:\/\/www.asajacyl.com\/palencia\/asaja-palencia-informa\/la-comision-europea-reconoce-que-la-produccion-agricola-de-la-ue-cumple-una-funcion-estrategica-para-la-seguridad-alimentaria\" \/>\n<meta property=\"og:locale\" content=\"es_ES\" \/>\n<meta property=\"og:type\" content=\"article\" \/>\n<meta property=\"og:title\" content=\"La Comisi\u00f3n Europea reconoce que la producci\u00f3n agr\u00edcola de la UE cumple una funci\u00f3n estrat\u00e9gica para la seguridad alimentaria - ASAJA Palencia\" \/>\n<meta property=\"og:description\" content=\"Despu\u00e9s de que se presentara la Declaraci\u00f3n de Versalles, la Comisi\u00f3n Europea ha desvelado hoy una serie de medidas referentes a la seguridad alimentaria\" \/>\n<meta property=\"og:url\" content=\"https:\/\/www.asajacyl.com\/palencia\/asaja-palencia-informa\/la-comision-europea-reconoce-que-la-produccion-agricola-de-la-ue-cumple-una-funcion-estrategica-para-la-seguridad-alimentaria\" \/>\n<meta property=\"og:site_name\" content=\"ASAJA Palencia\" \/>\n<meta property=\"article:published_time\" content=\"2022-03-31T16:48:00+00:00\" \/>\n<meta property=\"og:image\" content=\"https:\/\/www.asajacyl.com\/palencia\/wp-content\/uploads\/sites\/3\/2021\/04\/COPACOGECA.jpg\" \/>\n\t<meta property=\"og:image:width\" content=\"1280\" \/>\n\t<meta property=\"og:image:height\" content=\"693\" \/>\n\t<meta property=\"og:image:type\" content=\"image\/jpeg\" \/>\n<meta name=\"author\" content=\"Administrador\" \/>\n<meta name=\"twitter:card\" content=\"summary_large_image\" \/>\n<meta name=\"twitter:label1\" content=\"Escrito por\" \/>\n\t<meta name=\"twitter:data1\" content=\"Administrador\" \/>\n\t<meta name=\"twitter:label2\" content=\"Tiempo de lectura\" \/>\n\t<meta name=\"twitter:data2\" content=\"5 minutos\" \/>\n<script type=\"application\/ld+json\" class=\"yoast-schema-graph\">{\"@context\":\"https:\/\/schema.org\",\"@graph\":[{\"@type\":\"WebPage\",\"@id\":\"https:\/\/www.asajacyl.com\/palencia\/asaja-palencia-informa\/la-comision-europea-reconoce-que-la-produccion-agricola-de-la-ue-cumple-una-funcion-estrategica-para-la-seguridad-alimentaria\",\"url\":\"https:\/\/www.asajacyl.com\/palencia\/asaja-palencia-informa\/la-comision-europea-reconoce-que-la-produccion-agricola-de-la-ue-cumple-una-funcion-estrategica-para-la-seguridad-alimentaria\",\"name\":\"La Comisi\u00f3n Europea reconoce que la producci\u00f3n agr\u00edcola de la UE cumple una funci\u00f3n estrat\u00e9gica para la seguridad alimentaria - ASAJA Palencia\",\"isPartOf\":{\"@id\":\"https:\/\/www.asajacyl.com\/palencia\/#website\"},\"primaryImageOfPage\":{\"@id\":\"https:\/\/www.asajacyl.com\/palencia\/asaja-palencia-informa\/la-comision-europea-reconoce-que-la-produccion-agricola-de-la-ue-cumple-una-funcion-estrategica-para-la-seguridad-alimentaria#primaryimage\"},\"image\":{\"@id\":\"https:\/\/www.asajacyl.com\/palencia\/asaja-palencia-informa\/la-comision-europea-reconoce-que-la-produccion-agricola-de-la-ue-cumple-una-funcion-estrategica-para-la-seguridad-alimentaria#primaryimage\"},\"thumbnailUrl\":\"https:\/\/www.asajacyl.com\/palencia\/wp-content\/uploads\/sites\/3\/2021\/04\/COPACOGECA.jpg\",\"datePublished\":\"2022-03-31T16:48:00+00:00\",\"author\":{\"@id\":\"https:\/\/www.asajacyl.com\/palencia\/#\/schema\/person\/3ab17aeb03527485c317557fae64aab1\"},\"description\":\"Despu\u00e9s de que se presentara la Declaraci\u00f3n de Versalles, la Comisi\u00f3n Europea ha desvelado hoy una serie de medidas referentes a la seguridad alimentaria\",\"breadcrumb\":{\"@id\":\"https:\/\/www.asajacyl.com\/palencia\/asaja-palencia-informa\/la-comision-europea-reconoce-que-la-produccion-agricola-de-la-ue-cumple-una-funcion-estrategica-para-la-seguridad-alimentaria#breadcrumb\"},\"inLanguage\":\"es\",\"potentialAction\":[{\"@type\":\"ReadAction\",\"target\":[\"https:\/\/www.asajacyl.com\/palencia\/asaja-palencia-informa\/la-comision-europea-reconoce-que-la-produccion-agricola-de-la-ue-cumple-una-funcion-estrategica-para-la-seguridad-alimentaria\"]}]},{\"@type\":\"ImageObject\",\"inLanguage\":\"es\",\"@id\":\"https:\/\/www.asajacyl.com\/palencia\/asaja-palencia-informa\/la-comision-europea-reconoce-que-la-produccion-agricola-de-la-ue-cumple-una-funcion-estrategica-para-la-seguridad-alimentaria#primaryimage\",\"url\":\"https:\/\/www.asajacyl.com\/palencia\/wp-content\/uploads\/sites\/3\/2021\/04\/COPACOGECA.jpg\",\"contentUrl\":\"https:\/\/www.asajacyl.com\/palencia\/wp-content\/uploads\/sites\/3\/2021\/04\/COPACOGECA.jpg\",\"width\":1280,\"height\":693},{\"@type\":\"BreadcrumbList\",\"@id\":\"https:\/\/www.asajacyl.com\/palencia\/asaja-palencia-informa\/la-comision-europea-reconoce-que-la-produccion-agricola-de-la-ue-cumple-una-funcion-estrategica-para-la-seguridad-alimentaria#breadcrumb\",\"itemListElement\":[{\"@type\":\"ListItem\",\"position\":1,\"name\":\"Portada\",\"item\":\"https:\/\/www.asajacyl.com\/palencia\/\"},{\"@type\":\"ListItem\",\"position\":2,\"name\":\"La Comisi\u00f3n Europea reconoce que la producci\u00f3n agr\u00edcola de la UE cumple una funci\u00f3n estrat\u00e9gica para la seguridad alimentaria\"}]},{\"@type\":\"WebSite\",\"@id\":\"https:\/\/www.asajacyl.com\/palencia\/#website\",\"url\":\"https:\/\/www.asajacyl.com\/palencia\/\",\"name\":\"ASAJA Palencia\",\"description\":\"Otro sitio m\u00e1s de Provincias ASAJA Castilla y Le\u00f3n\",\"potentialAction\":[{\"@type\":\"SearchAction\",\"target\":{\"@type\":\"EntryPoint\",\"urlTemplate\":\"https:\/\/www.asajacyl.com\/palencia\/?s={search_term_string}\"},\"query-input\":{\"@type\":\"PropertyValueSpecification\",\"valueRequired\":true,\"valueName\":\"search_term_string\"}}],\"inLanguage\":\"es\"},{\"@type\":\"Person\",\"@id\":\"https:\/\/www.asajacyl.com\/palencia\/#\/schema\/person\/3ab17aeb03527485c317557fae64aab1\",\"name\":\"Administrador\",\"image\":{\"@type\":\"ImageObject\",\"inLanguage\":\"es\",\"@id\":\"https:\/\/www.asajacyl.com\/palencia\/#\/schema\/person\/image\/\",\"url\":\"https:\/\/secure.gravatar.com\/avatar\/517384810d242ca9e38c180f3c9fb973?s=96&d=mm&r=g\",\"contentUrl\":\"https:\/\/secure.gravatar.com\/avatar\/517384810d242ca9e38c180f3c9fb973?s=96&d=mm&r=g\",\"caption\":\"Administrador\"},\"url\":\"https:\/\/www.asajacyl.com\/palencia\/author\/carlosrm\"}]}<\/script>\n<!-- \/ Yoast SEO plugin. -->","yoast_head_json":{"title":"La Comisi\u00f3n Europea reconoce que la producci\u00f3n agr\u00edcola de la UE cumple una funci\u00f3n estrat\u00e9gica para la seguridad alimentaria - ASAJA Palencia","description":"Despu\u00e9s de que se presentara la Declaraci\u00f3n de Versalles, la Comisi\u00f3n Europea ha desvelado hoy una serie de medidas referentes a la seguridad alimentaria","robots":{"index":"index","follow":"follow","max-snippet":"max-snippet:-1","max-image-preview":"max-image-preview:large","max-video-preview":"max-video-preview:-1"},"canonical":"https:\/\/www.asajacyl.com\/palencia\/asaja-palencia-informa\/la-comision-europea-reconoce-que-la-produccion-agricola-de-la-ue-cumple-una-funcion-estrategica-para-la-seguridad-alimentaria","og_locale":"es_ES","og_type":"article","og_title":"La Comisi\u00f3n Europea reconoce que la producci\u00f3n agr\u00edcola de la UE cumple una funci\u00f3n estrat\u00e9gica para la seguridad alimentaria - ASAJA Palencia","og_description":"Despu\u00e9s de que se presentara la Declaraci\u00f3n de Versalles, la Comisi\u00f3n Europea ha desvelado hoy una serie de medidas referentes a la seguridad alimentaria","og_url":"https:\/\/www.asajacyl.com\/palencia\/asaja-palencia-informa\/la-comision-europea-reconoce-que-la-produccion-agricola-de-la-ue-cumple-una-funcion-estrategica-para-la-seguridad-alimentaria","og_site_name":"ASAJA Palencia","article_published_time":"2022-03-31T16:48:00+00:00","og_image":[{"width":1280,"height":693,"url":"https:\/\/www.asajacyl.com\/palencia\/wp-content\/uploads\/sites\/3\/2021\/04\/COPACOGECA.jpg","type":"image\/jpeg"}],"author":"Administrador","twitter_card":"summary_large_image","twitter_misc":{"Escrito por":"Administrador","Tiempo de lectura":"5 minutos"},"schema":{"@context":"https:\/\/schema.org","@graph":[{"@type":"WebPage","@id":"https:\/\/www.asajacyl.com\/palencia\/asaja-palencia-informa\/la-comision-europea-reconoce-que-la-produccion-agricola-de-la-ue-cumple-una-funcion-estrategica-para-la-seguridad-alimentaria","url":"https:\/\/www.asajacyl.com\/palencia\/asaja-palencia-informa\/la-comision-europea-reconoce-que-la-produccion-agricola-de-la-ue-cumple-una-funcion-estrategica-para-la-seguridad-alimentaria","name":"La Comisi\u00f3n Europea reconoce que la producci\u00f3n agr\u00edcola de la UE cumple una funci\u00f3n estrat\u00e9gica para la seguridad alimentaria - ASAJA Palencia","isPartOf":{"@id":"https:\/\/www.asajacyl.com\/palencia\/#website"},"primaryImageOfPage":{"@id":"https:\/\/www.asajacyl.com\/palencia\/asaja-palencia-informa\/la-comision-europea-reconoce-que-la-produccion-agricola-de-la-ue-cumple-una-funcion-estrategica-para-la-seguridad-alimentaria#primaryimage"},"image":{"@id":"https:\/\/www.asajacyl.com\/palencia\/asaja-palencia-informa\/la-comision-europea-reconoce-que-la-produccion-agricola-de-la-ue-cumple-una-funcion-estrategica-para-la-seguridad-alimentaria#primaryimage"},"thumbnailUrl":"https:\/\/www.asajacyl.com\/palencia\/wp-content\/uploads\/sites\/3\/2021\/04\/COPACOGECA.jpg","datePublished":"2022-03-31T16:48:00+00:00","author":{"@id":"https:\/\/www.asajacyl.com\/palencia\/#\/schema\/person\/3ab17aeb03527485c317557fae64aab1"},"description":"Despu\u00e9s de que se presentara la Declaraci\u00f3n de Versalles, la Comisi\u00f3n Europea ha desvelado hoy una serie de medidas referentes a la seguridad alimentaria","breadcrumb":{"@id":"https:\/\/www.asajacyl.com\/palencia\/asaja-palencia-informa\/la-comision-europea-reconoce-que-la-produccion-agricola-de-la-ue-cumple-una-funcion-estrategica-para-la-seguridad-alimentaria#breadcrumb"},"inLanguage":"es","potentialAction":[{"@type":"ReadAction","target":["https:\/\/www.asajacyl.com\/palencia\/asaja-palencia-informa\/la-comision-europea-reconoce-que-la-produccion-agricola-de-la-ue-cumple-una-funcion-estrategica-para-la-seguridad-alimentaria"]}]},{"@type":"ImageObject","inLanguage":"es","@id":"https:\/\/www.asajacyl.com\/palencia\/asaja-palencia-informa\/la-comision-europea-reconoce-que-la-produccion-agricola-de-la-ue-cumple-una-funcion-estrategica-para-la-seguridad-alimentaria#primaryimage","url":"https:\/\/www.asajacyl.com\/palencia\/wp-content\/uploads\/sites\/3\/2021\/04\/COPACOGECA.jpg","contentUrl":"https:\/\/www.asajacyl.com\/palencia\/wp-content\/uploads\/sites\/3\/2021\/04\/COPACOGECA.jpg","width":1280,"height":693},{"@type":"BreadcrumbList","@id":"https:\/\/www.asajacyl.com\/palencia\/asaja-palencia-informa\/la-comision-europea-reconoce-que-la-produccion-agricola-de-la-ue-cumple-una-funcion-estrategica-para-la-seguridad-alimentaria#breadcrumb","itemListElement":[{"@type":"ListItem","position":1,"name":"Portada","item":"https:\/\/www.asajacyl.com\/palencia\/"},{"@type":"ListItem","position":2,"name":"La Comisi\u00f3n Europea reconoce que la producci\u00f3n agr\u00edcola de la UE cumple una funci\u00f3n estrat\u00e9gica para la seguridad alimentaria"}]},{"@type":"WebSite","@id":"https:\/\/www.asajacyl.com\/palencia\/#website","url":"https:\/\/www.asajacyl.com\/palencia\/","name":"ASAJA Palencia","description":"Otro sitio m\u00e1s de Provincias ASAJA Castilla y Le\u00f3n","potentialAction":[{"@type":"SearchAction","target":{"@type":"EntryPoint","urlTemplate":"https:\/\/www.asajacyl.com\/palencia\/?s={search_term_string}"},"query-input":{"@type":"PropertyValueSpecification","valueRequired":true,"valueName":"search_term_string"}}],"inLanguage":"es"},{"@type":"Person","@id":"https:\/\/www.asajacyl.com\/palencia\/#\/schema\/person\/3ab17aeb03527485c317557fae64aab1","name":"Administrador","image":{"@type":"ImageObject","inLanguage":"es","@id":"https:\/\/www.asajacyl.com\/palencia\/#\/schema\/person\/image\/","url":"https:\/\/secure.gravatar.com\/avatar\/517384810d242ca9e38c180f3c9fb973?s=96&d=mm&r=g","contentUrl":"https:\/\/secure.gravatar.com\/avatar\/517384810d242ca9e38c180f3c9fb973?s=96&d=mm&r=g","caption":"Administrador"},"url":"https:\/\/www.asajacyl.com\/palencia\/author\/carlosrm"}]}},"_links":{"self":[{"href":"https:\/\/www.asajacyl.com\/palencia\/wp-json\/wp\/v2\/posts\/10135"}],"collection":[{"href":"https:\/\/www.asajacyl.com\/palencia\/wp-json\/wp\/v2\/posts"}],"about":[{"href":"https:\/\/www.asajacyl.com\/palencia\/wp-json\/wp\/v2\/types\/post"}],"author":[{"embeddable":true,"href":"https:\/\/www.asajacyl.com\/palencia\/wp-json\/wp\/v2\/users\/9"}],"replies":[{"embeddable":true,"href":"https:\/\/www.asajacyl.com\/palencia\/wp-json\/wp\/v2\/comments?post=10135"}],"version-history":[{"count":1,"href":"https:\/\/www.asajacyl.com\/palencia\/wp-json\/wp\/v2\/posts\/10135\/revisions"}],"predecessor-version":[{"id":10136,"href":"https:\/\/www.asajacyl.com\/palencia\/wp-json\/wp\/v2\/posts\/10135\/revisions\/10136"}],"wp:featuredmedia":[{"embeddable":true,"href":"https:\/\/www.asajacyl.com\/palencia\/wp-json\/wp\/v2\/media\/8194"}],"wp:attachment":[{"href":"https:\/\/www.asajacyl.com\/palencia\/wp-json\/wp\/v2\/media?parent=10135"}],"wp:term":[{"taxonomy":"category","embeddable":true,"href":"https:\/\/www.asajacyl.com\/palencia\/wp-json\/wp\/v2\/categories?post=10135"},{"taxonomy":"post_tag","embeddable":true,"href":"https:\/\/www.asajacyl.com\/palencia\/wp-json\/wp\/v2\/tags?post=10135"}],"curies":[{"name":"wp","href":"https:\/\/api.w.org\/{rel}","templated":true}]}}