{"id":10139,"date":"2022-04-04T18:58:00","date_gmt":"2022-04-04T16:58:00","guid":{"rendered":"https:\/\/www.asajacyl.com\/palencia\/?p=10139"},"modified":"2022-04-03T00:53:20","modified_gmt":"2022-04-02T22:53:20","slug":"el-parlamento-europeo-reconoce-que-la-ue-debe-actuar-imperiosamente-en-pro-de-la-seguridad-alimentaria","status":"publish","type":"post","link":"https:\/\/www.asajacyl.com\/palencia\/asaja-palencia-informa\/el-parlamento-europeo-reconoce-que-la-ue-debe-actuar-imperiosamente-en-pro-de-la-seguridad-alimentaria","title":{"rendered":"El Parlamento Europeo reconoce que la UE debe actuar imperiosamente en pro de la seguridad alimentaria"},"content":{"rendered":"\n<p>El Copa y la Cogeca aplauden la propuesta de resoluci\u00f3n com\u00fan que ha aprobado hoy una amplia mayor\u00eda del Parlamento Europeo, en la que se exhorta a la UE a adoptar urgentemente un plan de acci\u00f3n para salvaguardar la seguridad alimentaria tanto dentro como fuera de la Uni\u00f3n Europea, en vista de la invasi\u00f3n de Ucrania por parte de Rusia. Esta propuesta de resoluci\u00f3n est\u00e1 en consonancia con la Declaraci\u00f3n de Versalles que adoptaron los Jefes de Estado, y con la Comunicaci\u00f3n publicada ayer por la Comisi\u00f3n Europea.<\/p>\n\n\n\n<p>Resulta tranquilizador que diferentes partidos pol\u00edticos hayan llegado a un consenso respecto a una cuesti\u00f3n tan esencial como la seguridad alimentaria, especialmente a la luz de las repercusiones de la crisis desencadenada por la invasi\u00f3n de Ucrania. Tal y como se recuerda en la propuesta, la seguridad alimentaria no solo implica garantizar el suministro de alimentos, sino tambi\u00e9n su disponibilidad a precios asequibles, pensando particularmente en los segmentos de la sociedad con menos ingresos. La Uni\u00f3n Europea es un actor internacional prominente, y como tal, tiene la responsabilidad de garantizar la seguridad alimentaria en tiempos de crisis, tanto dentro como fuera de sus fronteras, y de ayudar a los necesitados movilizando su producci\u00f3n interior y aportando apoyo humanitario y financiero.<\/p>\n\n\n\n<p>Asimismo, la propuesta contiene otro importante llamamiento a redoblar los esfuerzos para salvar la pr\u00f3xima temporada de siembra y producci\u00f3n agr\u00edcola en Ucrania. Los miembros del Copa y la Cogeca est\u00e1n listos para ayudar en este \u00e1mbito junto a su organizaci\u00f3n colaboradora, el Foro Agrario Nacional de Ucrania.<\/p>\n\n\n\n<p>Los agricultores europeos y las cooperativas agrarias acogen con satisfacci\u00f3n el llamamiento a favor de medidas temporales urgentes para incrementar la producci\u00f3n agr\u00edcola de la UE en la campa\u00f1a 2022, con el fin de reforzar la seguridad alimentaria europea. Tambi\u00e9n aplauden que se preste una atenci\u00f3n especial a la p\u00e9sima situaci\u00f3n que viven los agricultores de la Uni\u00f3n debido al vertiginoso aumento de los precios de los fertilizantes y la energ\u00eda.<\/p>\n\n\n\n<p>El Copa y la Cogeca valoran la rapidez y la eficiencia con las que los diputados del Parlamento Europeo han preparado esta resoluci\u00f3n, as\u00ed como su dedicaci\u00f3n en pro del fortalecimiento de la autonom\u00eda estrat\u00e9gica europea en el plano de la alimentaci\u00f3n humana y animal, en consonancia con los objetivos del Pacto Verde.<\/p>\n","protected":false},"excerpt":{"rendered":"<p>El Copa y la Cogeca aplauden la propuesta de resoluci\u00f3n com\u00fan que ha aprobado hoy una amplia mayor\u00eda del Parlamento Europeo, en la que se exhorta a la UE a adoptar urgentemente un plan de acci\u00f3n para salvaguardar la seguridad alimentaria tanto dentro como fuera de la Uni\u00f3n Europea, en vista de la invasi\u00f3n de [&hellip;]<\/p>\n","protected":false},"author":9,"featured_media":8194,"comment_status":"open","ping_status":"open","sticky":false,"template":"","format":"standard","meta":{"footnotes":""},"categories":[9,29,28],"tags":[],"yoast_head":"<!-- This site is optimized with the Yoast SEO plugin v24.5 - https:\/\/yoast.com\/wordpress\/plugins\/seo\/ -->\n<title>El Parlamento Europeo reconoce que la UE debe actuar imperiosamente en pro de la seguridad alimentaria - ASAJA Palencia<\/title>\n<meta name=\"description\" content=\"El Copa y la Cogeca aplauden la propuesta de resoluci\u00f3n com\u00fan que ha aprobado hoy una amplia mayor\u00eda del Parlamento Europeo, en la que se exhorta a la UE\" \/>\n<meta name=\"robots\" content=\"index, follow, max-snippet:-1, max-image-preview:large, max-video-preview:-1\" \/>\n<link rel=\"canonical\" href=\"https:\/\/www.asajacyl.com\/palencia\/asaja-palencia-informa\/el-parlamento-europeo-reconoce-que-la-ue-debe-actuar-imperiosamente-en-pro-de-la-seguridad-alimentaria\" \/>\n<meta property=\"og:locale\" content=\"es_ES\" \/>\n<meta property=\"og:type\" content=\"article\" \/>\n<meta property=\"og:title\" content=\"El Parlamento Europeo reconoce que la UE debe actuar imperiosamente en pro de la seguridad alimentaria - ASAJA Palencia\" \/>\n<meta property=\"og:description\" content=\"El Copa y la Cogeca aplauden la propuesta de resoluci\u00f3n com\u00fan que ha aprobado hoy una amplia mayor\u00eda del Parlamento Europeo, en la que se exhorta a la UE\" \/>\n<meta property=\"og:url\" content=\"https:\/\/www.asajacyl.com\/palencia\/asaja-palencia-informa\/el-parlamento-europeo-reconoce-que-la-ue-debe-actuar-imperiosamente-en-pro-de-la-seguridad-alimentaria\" \/>\n<meta property=\"og:site_name\" content=\"ASAJA Palencia\" \/>\n<meta property=\"article:published_time\" content=\"2022-04-04T16:58:00+00:00\" \/>\n<meta property=\"og:image\" content=\"https:\/\/www.asajacyl.com\/palencia\/wp-content\/uploads\/sites\/3\/2021\/04\/COPACOGECA.jpg\" \/>\n\t<meta property=\"og:image:width\" content=\"1280\" \/>\n\t<meta property=\"og:image:height\" content=\"693\" \/>\n\t<meta property=\"og:image:type\" content=\"image\/jpeg\" \/>\n<meta name=\"author\" content=\"Administrador\" \/>\n<meta name=\"twitter:card\" content=\"summary_large_image\" \/>\n<meta name=\"twitter:label1\" content=\"Escrito por\" \/>\n\t<meta name=\"twitter:data1\" content=\"Administrador\" \/>\n\t<meta name=\"twitter:label2\" content=\"Tiempo de lectura\" \/>\n\t<meta name=\"twitter:data2\" content=\"2 minutos\" \/>\n<script type=\"application\/ld+json\" class=\"yoast-schema-graph\">{\"@context\":\"https:\/\/schema.org\",\"@graph\":[{\"@type\":\"WebPage\",\"@id\":\"https:\/\/www.asajacyl.com\/palencia\/asaja-palencia-informa\/el-parlamento-europeo-reconoce-que-la-ue-debe-actuar-imperiosamente-en-pro-de-la-seguridad-alimentaria\",\"url\":\"https:\/\/www.asajacyl.com\/palencia\/asaja-palencia-informa\/el-parlamento-europeo-reconoce-que-la-ue-debe-actuar-imperiosamente-en-pro-de-la-seguridad-alimentaria\",\"name\":\"El Parlamento Europeo reconoce que la UE debe actuar imperiosamente en pro de la seguridad alimentaria - ASAJA Palencia\",\"isPartOf\":{\"@id\":\"https:\/\/www.asajacyl.com\/palencia\/#website\"},\"primaryImageOfPage\":{\"@id\":\"https:\/\/www.asajacyl.com\/palencia\/asaja-palencia-informa\/el-parlamento-europeo-reconoce-que-la-ue-debe-actuar-imperiosamente-en-pro-de-la-seguridad-alimentaria#primaryimage\"},\"image\":{\"@id\":\"https:\/\/www.asajacyl.com\/palencia\/asaja-palencia-informa\/el-parlamento-europeo-reconoce-que-la-ue-debe-actuar-imperiosamente-en-pro-de-la-seguridad-alimentaria#primaryimage\"},\"thumbnailUrl\":\"https:\/\/www.asajacyl.com\/palencia\/wp-content\/uploads\/sites\/3\/2021\/04\/COPACOGECA.jpg\",\"datePublished\":\"2022-04-04T16:58:00+00:00\",\"author\":{\"@id\":\"https:\/\/www.asajacyl.com\/palencia\/#\/schema\/person\/3ab17aeb03527485c317557fae64aab1\"},\"description\":\"El Copa y la Cogeca aplauden la propuesta de resoluci\u00f3n com\u00fan que ha aprobado hoy una amplia mayor\u00eda del Parlamento Europeo, en la que se exhorta a la UE\",\"breadcrumb\":{\"@id\":\"https:\/\/www.asajacyl.com\/palencia\/asaja-palencia-informa\/el-parlamento-europeo-reconoce-que-la-ue-debe-actuar-imperiosamente-en-pro-de-la-seguridad-alimentaria#breadcrumb\"},\"inLanguage\":\"es\",\"potentialAction\":[{\"@type\":\"ReadAction\",\"target\":[\"https:\/\/www.asajacyl.com\/palencia\/asaja-palencia-informa\/el-parlamento-europeo-reconoce-que-la-ue-debe-actuar-imperiosamente-en-pro-de-la-seguridad-alimentaria\"]}]},{\"@type\":\"ImageObject\",\"inLanguage\":\"es\",\"@id\":\"https:\/\/www.asajacyl.com\/palencia\/asaja-palencia-informa\/el-parlamento-europeo-reconoce-que-la-ue-debe-actuar-imperiosamente-en-pro-de-la-seguridad-alimentaria#primaryimage\",\"url\":\"https:\/\/www.asajacyl.com\/palencia\/wp-content\/uploads\/sites\/3\/2021\/04\/COPACOGECA.jpg\",\"contentUrl\":\"https:\/\/www.asajacyl.com\/palencia\/wp-content\/uploads\/sites\/3\/2021\/04\/COPACOGECA.jpg\",\"width\":1280,\"height\":693},{\"@type\":\"BreadcrumbList\",\"@id\":\"https:\/\/www.asajacyl.com\/palencia\/asaja-palencia-informa\/el-parlamento-europeo-reconoce-que-la-ue-debe-actuar-imperiosamente-en-pro-de-la-seguridad-alimentaria#breadcrumb\",\"itemListElement\":[{\"@type\":\"ListItem\",\"position\":1,\"name\":\"Portada\",\"item\":\"https:\/\/www.asajacyl.com\/palencia\/\"},{\"@type\":\"ListItem\",\"position\":2,\"name\":\"El Parlamento Europeo reconoce que la UE debe actuar imperiosamente en pro de la seguridad alimentaria\"}]},{\"@type\":\"WebSite\",\"@id\":\"https:\/\/www.asajacyl.com\/palencia\/#website\",\"url\":\"https:\/\/www.asajacyl.com\/palencia\/\",\"name\":\"ASAJA Palencia\",\"description\":\"Otro sitio m\u00e1s de Provincias ASAJA Castilla y Le\u00f3n\",\"potentialAction\":[{\"@type\":\"SearchAction\",\"target\":{\"@type\":\"EntryPoint\",\"urlTemplate\":\"https:\/\/www.asajacyl.com\/palencia\/?s={search_term_string}\"},\"query-input\":{\"@type\":\"PropertyValueSpecification\",\"valueRequired\":true,\"valueName\":\"search_term_string\"}}],\"inLanguage\":\"es\"},{\"@type\":\"Person\",\"@id\":\"https:\/\/www.asajacyl.com\/palencia\/#\/schema\/person\/3ab17aeb03527485c317557fae64aab1\",\"name\":\"Administrador\",\"image\":{\"@type\":\"ImageObject\",\"inLanguage\":\"es\",\"@id\":\"https:\/\/www.asajacyl.com\/palencia\/#\/schema\/person\/image\/\",\"url\":\"https:\/\/secure.gravatar.com\/avatar\/517384810d242ca9e38c180f3c9fb973?s=96&d=mm&r=g\",\"contentUrl\":\"https:\/\/secure.gravatar.com\/avatar\/517384810d242ca9e38c180f3c9fb973?s=96&d=mm&r=g\",\"caption\":\"Administrador\"},\"url\":\"https:\/\/www.asajacyl.com\/palencia\/author\/carlosrm\"}]}<\/script>\n<!-- \/ Yoast SEO plugin. -->","yoast_head_json":{"title":"El Parlamento Europeo reconoce que la UE debe actuar imperiosamente en pro de la seguridad alimentaria - ASAJA Palencia","description":"El Copa y la Cogeca aplauden la propuesta de resoluci\u00f3n com\u00fan que ha aprobado hoy una amplia mayor\u00eda del Parlamento Europeo, en la que se exhorta a la UE","robots":{"index":"index","follow":"follow","max-snippet":"max-snippet:-1","max-image-preview":"max-image-preview:large","max-video-preview":"max-video-preview:-1"},"canonical":"https:\/\/www.asajacyl.com\/palencia\/asaja-palencia-informa\/el-parlamento-europeo-reconoce-que-la-ue-debe-actuar-imperiosamente-en-pro-de-la-seguridad-alimentaria","og_locale":"es_ES","og_type":"article","og_title":"El Parlamento Europeo reconoce que la UE debe actuar imperiosamente en pro de la seguridad alimentaria - ASAJA Palencia","og_description":"El Copa y la Cogeca aplauden la propuesta de resoluci\u00f3n com\u00fan que ha aprobado hoy una amplia mayor\u00eda del Parlamento Europeo, en la que se exhorta a la UE","og_url":"https:\/\/www.asajacyl.com\/palencia\/asaja-palencia-informa\/el-parlamento-europeo-reconoce-que-la-ue-debe-actuar-imperiosamente-en-pro-de-la-seguridad-alimentaria","og_site_name":"ASAJA Palencia","article_published_time":"2022-04-04T16:58:00+00:00","og_image":[{"width":1280,"height":693,"url":"https:\/\/www.asajacyl.com\/palencia\/wp-content\/uploads\/sites\/3\/2021\/04\/COPACOGECA.jpg","type":"image\/jpeg"}],"author":"Administrador","twitter_card":"summary_large_image","twitter_misc":{"Escrito por":"Administrador","Tiempo de lectura":"2 minutos"},"schema":{"@context":"https:\/\/schema.org","@graph":[{"@type":"WebPage","@id":"https:\/\/www.asajacyl.com\/palencia\/asaja-palencia-informa\/el-parlamento-europeo-reconoce-que-la-ue-debe-actuar-imperiosamente-en-pro-de-la-seguridad-alimentaria","url":"https:\/\/www.asajacyl.com\/palencia\/asaja-palencia-informa\/el-parlamento-europeo-reconoce-que-la-ue-debe-actuar-imperiosamente-en-pro-de-la-seguridad-alimentaria","name":"El Parlamento Europeo reconoce que la UE debe actuar imperiosamente en pro de la seguridad alimentaria - ASAJA Palencia","isPartOf":{"@id":"https:\/\/www.asajacyl.com\/palencia\/#website"},"primaryImageOfPage":{"@id":"https:\/\/www.asajacyl.com\/palencia\/asaja-palencia-informa\/el-parlamento-europeo-reconoce-que-la-ue-debe-actuar-imperiosamente-en-pro-de-la-seguridad-alimentaria#primaryimage"},"image":{"@id":"https:\/\/www.asajacyl.com\/palencia\/asaja-palencia-informa\/el-parlamento-europeo-reconoce-que-la-ue-debe-actuar-imperiosamente-en-pro-de-la-seguridad-alimentaria#primaryimage"},"thumbnailUrl":"https:\/\/www.asajacyl.com\/palencia\/wp-content\/uploads\/sites\/3\/2021\/04\/COPACOGECA.jpg","datePublished":"2022-04-04T16:58:00+00:00","author":{"@id":"https:\/\/www.asajacyl.com\/palencia\/#\/schema\/person\/3ab17aeb03527485c317557fae64aab1"},"description":"El Copa y la Cogeca aplauden la propuesta de resoluci\u00f3n com\u00fan que ha aprobado hoy una amplia mayor\u00eda del Parlamento Europeo, en la que se exhorta a la UE","breadcrumb":{"@id":"https:\/\/www.asajacyl.com\/palencia\/asaja-palencia-informa\/el-parlamento-europeo-reconoce-que-la-ue-debe-actuar-imperiosamente-en-pro-de-la-seguridad-alimentaria#breadcrumb"},"inLanguage":"es","potentialAction":[{"@type":"ReadAction","target":["https:\/\/www.asajacyl.com\/palencia\/asaja-palencia-informa\/el-parlamento-europeo-reconoce-que-la-ue-debe-actuar-imperiosamente-en-pro-de-la-seguridad-alimentaria"]}]},{"@type":"ImageObject","inLanguage":"es","@id":"https:\/\/www.asajacyl.com\/palencia\/asaja-palencia-informa\/el-parlamento-europeo-reconoce-que-la-ue-debe-actuar-imperiosamente-en-pro-de-la-seguridad-alimentaria#primaryimage","url":"https:\/\/www.asajacyl.com\/palencia\/wp-content\/uploads\/sites\/3\/2021\/04\/COPACOGECA.jpg","contentUrl":"https:\/\/www.asajacyl.com\/palencia\/wp-content\/uploads\/sites\/3\/2021\/04\/COPACOGECA.jpg","width":1280,"height":693},{"@type":"BreadcrumbList","@id":"https:\/\/www.asajacyl.com\/palencia\/asaja-palencia-informa\/el-parlamento-europeo-reconoce-que-la-ue-debe-actuar-imperiosamente-en-pro-de-la-seguridad-alimentaria#breadcrumb","itemListElement":[{"@type":"ListItem","position":1,"name":"Portada","item":"https:\/\/www.asajacyl.com\/palencia\/"},{"@type":"ListItem","position":2,"name":"El Parlamento Europeo reconoce que la UE debe actuar imperiosamente en pro de la seguridad alimentaria"}]},{"@type":"WebSite","@id":"https:\/\/www.asajacyl.com\/palencia\/#website","url":"https:\/\/www.asajacyl.com\/palencia\/","name":"ASAJA Palencia","description":"Otro sitio m\u00e1s de Provincias ASAJA Castilla y Le\u00f3n","potentialAction":[{"@type":"SearchAction","target":{"@type":"EntryPoint","urlTemplate":"https:\/\/www.asajacyl.com\/palencia\/?s={search_term_string}"},"query-input":{"@type":"PropertyValueSpecification","valueRequired":true,"valueName":"search_term_string"}}],"inLanguage":"es"},{"@type":"Person","@id":"https:\/\/www.asajacyl.com\/palencia\/#\/schema\/person\/3ab17aeb03527485c317557fae64aab1","name":"Administrador","image":{"@type":"ImageObject","inLanguage":"es","@id":"https:\/\/www.asajacyl.com\/palencia\/#\/schema\/person\/image\/","url":"https:\/\/secure.gravatar.com\/avatar\/517384810d242ca9e38c180f3c9fb973?s=96&d=mm&r=g","contentUrl":"https:\/\/secure.gravatar.com\/avatar\/517384810d242ca9e38c180f3c9fb973?s=96&d=mm&r=g","caption":"Administrador"},"url":"https:\/\/www.asajacyl.com\/palencia\/author\/carlosrm"}]}},"_links":{"self":[{"href":"https:\/\/www.asajacyl.com\/palencia\/wp-json\/wp\/v2\/posts\/10139"}],"collection":[{"href":"https:\/\/www.asajacyl.com\/palencia\/wp-json\/wp\/v2\/posts"}],"about":[{"href":"https:\/\/www.asajacyl.com\/palencia\/wp-json\/wp\/v2\/types\/post"}],"author":[{"embeddable":true,"href":"https:\/\/www.asajacyl.com\/palencia\/wp-json\/wp\/v2\/users\/9"}],"replies":[{"embeddable":true,"href":"https:\/\/www.asajacyl.com\/palencia\/wp-json\/wp\/v2\/comments?post=10139"}],"version-history":[{"count":1,"href":"https:\/\/www.asajacyl.com\/palencia\/wp-json\/wp\/v2\/posts\/10139\/revisions"}],"predecessor-version":[{"id":10140,"href":"https:\/\/www.asajacyl.com\/palencia\/wp-json\/wp\/v2\/posts\/10139\/revisions\/10140"}],"wp:featuredmedia":[{"embeddable":true,"href":"https:\/\/www.asajacyl.com\/palencia\/wp-json\/wp\/v2\/media\/8194"}],"wp:attachment":[{"href":"https:\/\/www.asajacyl.com\/palencia\/wp-json\/wp\/v2\/media?parent=10139"}],"wp:term":[{"taxonomy":"category","embeddable":true,"href":"https:\/\/www.asajacyl.com\/palencia\/wp-json\/wp\/v2\/categories?post=10139"},{"taxonomy":"post_tag","embeddable":true,"href":"https:\/\/www.asajacyl.com\/palencia\/wp-json\/wp\/v2\/tags?post=10139"}],"curies":[{"name":"wp","href":"https:\/\/api.w.org\/{rel}","templated":true}]}}