{"id":10148,"date":"2022-04-02T09:55:00","date_gmt":"2022-04-02T07:55:00","guid":{"rendered":"https:\/\/www.asajacyl.com\/palencia\/?p=10148"},"modified":"2022-04-01T10:17:13","modified_gmt":"2022-04-01T08:17:13","slug":"ilusion-a-raudales","status":"publish","type":"post","link":"https:\/\/www.asajacyl.com\/palencia\/asaja-palencia-informa\/ilusion-a-raudales","title":{"rendered":"Ilusi\u00f3n a raudales"},"content":{"rendered":"\n<p><strong>Jos\u00e9 Luis Marcos. Presidente de ASAJA-Palencia<\/strong><\/p>\n\n\n\n<p>Llego a la presidencia de ASAJA-Palencia en un momento m\u00e1s que complicado para nuestro pa\u00eds pero con toda la ilusi\u00f3n del mundo. S\u00e9 que la empresa es dif\u00edcil porque el anterior presidente ha puesto el list\u00f3n muy alto y mantener la altura de ese list\u00f3n es el objetivo principal que me he marcado para que nuestra asociaci\u00f3n siga siendo el referente que es a nivel provincial, regional y nacional.<\/p>\n\n\n\n<p>Para acometer este mandato de cuatro a\u00f1os me he rodeado en el Comit\u00e9 Ejecutivo de personas de mi total confianza. Personas que, como yo, est\u00e1n dispuestas a entregar su tiempo a la causa com\u00fan que es ASAJA y a empatizar con los problemas que agricultores y ganaderos de la provincia ya nos est\u00e1n haciendo llegar. Los cinco pondremos todo de nuestra parte y nos comprometemos a hacerlo lo mejor que podamos.<\/p>\n\n\n\n<p>Entrando en harina, me gustar\u00eda recordar que el vigente Tratado de Funcionamiento de la Uni\u00f3n Europea indica que los objetivos de la pol\u00edtica agr\u00edcola com\u00fan son: incrementar la productividad agr\u00edcola, garantizar un nivel de vida equitativo a la poblaci\u00f3n agr\u00edcola, estabilizar los mercados, garantizar la seguridad de los abastecimientos y asegurar al consumidor suministros a precios razonables. La pena es que con el paso de los a\u00f1os se ha convertido en papel mojado. Se ve que a los pol\u00edticos europeos no les obligan a leer el manual de instrucciones de la m\u00e1quina que van a manejar, y menos a\u00fan a cumplir lo que en \u00e9l indica.<\/p>\n\n\n\n<p>Hemos pecado tanto de egocentrismo, pensando que \u00e9ramos el ombligo del mundo, que cuando Rusia ha iniciado la barbarie en que nos encontramos nos hemos dado cuenta de que estamos a merced del resto de pa\u00edses del planeta.<\/p>\n\n\n\n<p>Como dice el refr\u00e1n, no hay peor sordo que el que no quiere o\u00edr y ah\u00ed tenemos al selecto club de los que mandan en la agricultura y ganader\u00eda europea huyendo hacia delante, obviando la situaci\u00f3n y queriendo que la funesta estrategia \u201cDe la granja a la mesa\u201d \u201350% de reducci\u00f3n en el uso de plaguicidas y 20% en fertilizantes-, siga siendo la base de la pr\u00f3xima PAC.<\/p>\n\n\n\n<p>Ideolog\u00edas aparte, creo que no se puede estar en contra de los objetivos del Tratado pero el caso es que no se puede estar en misa y repicando y esta PAC que nos van a imponer es totalmente contraria al mismo, como ya nos ha recordado la universidad de la rama agraria m\u00e1s importante del mundo y alg\u00fan otro ente como el USDA \u2013Ministerio de Agricultura de Estados Unidos-, que parece conocer Europa mejor que los propios europeos.<\/p>\n\n\n\n<p>No podemos seguir viviendo en la inopia, Europa debe tener soberan\u00eda en todos los \u00e1mbitos y la fundamental es la alimentaci\u00f3n. Produzcamos todo lo que necesitemos en nuestra querida Uni\u00f3n Europea, facilitemos a los agricultores y ganaderos su actividad, bajemos de las nubes al terreno y aprovechemos la producci\u00f3n que pueden dar nuestras tierras y nuestros animales. Renunciar a ello es depender de los dem\u00e1s para comer, por cierto, m\u00e1s caro y de peor calidad, y eso es algo a lo que la sociedad en su conjunto debe negarse porque hipotecar\u00e1 el futuro de las pr\u00f3ximas generaciones. Tenemos un ej\u00e9rcito insuperable de agricultores y  ganaderos enamorados de su profesi\u00f3n y con una profesionalidad incomparable, aprovech\u00e9moslo y no los convirtamos en jardineros y cuidadores de mascotas, como se pretende desde las instancias europeas. Y ya de paso, d\u00e9jese en paz a los que amamos y cuidamos el medio rural porque, como demostramos en Madrid, el pasado 20 de marzo, estamos hartos de aguantar la criminalizaci\u00f3n de las actividades agr\u00edcolas, ganaderas y cineg\u00e9ticas.<\/p>\n\n\n\n<p>No quiero terminar mi primer art\u00edculo sin acordarme de mi familia y la de los miembros del Comit\u00e9 Ejecutivo. Han apoyado sin reservas nuestra decisi\u00f3n de optar a dirigir los designios de ASAJA-Palencia pese a que les vamos a restar atenci\u00f3n estos a\u00f1os. Pero no seamos dram\u00e1ticos, lo cierto es que ha sido bastante sencillo convencerlos porque, como gente de campo que tambi\u00e9n son, entienden el privilegio de representar a esta gran organizaci\u00f3n.<\/p>\n","protected":false},"excerpt":{"rendered":"<p>Jos\u00e9 Luis Marcos. Presidente de ASAJA-Palencia Llego a la presidencia de ASAJA-Palencia en un momento m\u00e1s que complicado para nuestro pa\u00eds pero con toda la ilusi\u00f3n del mundo. S\u00e9 que la empresa es dif\u00edcil porque el anterior presidente ha puesto el list\u00f3n muy alto y mantener la altura de ese list\u00f3n es el objetivo principal [&hellip;]<\/p>\n","protected":false},"author":9,"featured_media":8911,"comment_status":"open","ping_status":"open","sticky":false,"template":"","format":"standard","meta":{"footnotes":""},"categories":[9,30],"tags":[],"yoast_head":"<!-- This site is optimized with the Yoast SEO plugin v24.5 - https:\/\/yoast.com\/wordpress\/plugins\/seo\/ -->\n<title>Ilusi\u00f3n a raudales - ASAJA Palencia<\/title>\n<meta name=\"description\" content=\"Jos\u00e9 Luis Marcos. Presidente de ASAJA-Palencia Llego a la presidencia de ASAJA-Palencia en un momento m\u00e1s que complicado para nuestro pa\u00eds pero con toda\" \/>\n<meta name=\"robots\" content=\"index, follow, max-snippet:-1, max-image-preview:large, max-video-preview:-1\" \/>\n<link rel=\"canonical\" href=\"https:\/\/www.asajacyl.com\/palencia\/asaja-palencia-informa\/ilusion-a-raudales\" \/>\n<meta property=\"og:locale\" content=\"es_ES\" \/>\n<meta property=\"og:type\" content=\"article\" \/>\n<meta property=\"og:title\" content=\"Ilusi\u00f3n a raudales - ASAJA Palencia\" \/>\n<meta property=\"og:description\" content=\"Jos\u00e9 Luis Marcos. Presidente de ASAJA-Palencia Llego a la presidencia de ASAJA-Palencia en un momento m\u00e1s que complicado para nuestro pa\u00eds pero con toda\" \/>\n<meta property=\"og:url\" content=\"https:\/\/www.asajacyl.com\/palencia\/asaja-palencia-informa\/ilusion-a-raudales\" \/>\n<meta property=\"og:site_name\" content=\"ASAJA Palencia\" \/>\n<meta property=\"article:published_time\" content=\"2022-04-02T07:55:00+00:00\" \/>\n<meta property=\"og:image\" content=\"https:\/\/www.asajacyl.com\/palencia\/wp-content\/uploads\/sites\/3\/2021\/09\/JOSE-LUIS-MARCOS.jpg\" \/>\n\t<meta property=\"og:image:width\" content=\"2016\" \/>\n\t<meta property=\"og:image:height\" content=\"1512\" \/>\n\t<meta property=\"og:image:type\" content=\"image\/jpeg\" \/>\n<meta name=\"author\" content=\"Administrador\" \/>\n<meta name=\"twitter:card\" content=\"summary_large_image\" \/>\n<meta name=\"twitter:label1\" content=\"Escrito por\" \/>\n\t<meta name=\"twitter:data1\" content=\"Administrador\" \/>\n\t<meta name=\"twitter:label2\" content=\"Tiempo de lectura\" \/>\n\t<meta name=\"twitter:data2\" content=\"4 minutos\" \/>\n<script type=\"application\/ld+json\" class=\"yoast-schema-graph\">{\"@context\":\"https:\/\/schema.org\",\"@graph\":[{\"@type\":\"WebPage\",\"@id\":\"https:\/\/www.asajacyl.com\/palencia\/asaja-palencia-informa\/ilusion-a-raudales\",\"url\":\"https:\/\/www.asajacyl.com\/palencia\/asaja-palencia-informa\/ilusion-a-raudales\",\"name\":\"Ilusi\u00f3n a raudales - ASAJA Palencia\",\"isPartOf\":{\"@id\":\"https:\/\/www.asajacyl.com\/palencia\/#website\"},\"primaryImageOfPage\":{\"@id\":\"https:\/\/www.asajacyl.com\/palencia\/asaja-palencia-informa\/ilusion-a-raudales#primaryimage\"},\"image\":{\"@id\":\"https:\/\/www.asajacyl.com\/palencia\/asaja-palencia-informa\/ilusion-a-raudales#primaryimage\"},\"thumbnailUrl\":\"https:\/\/www.asajacyl.com\/palencia\/wp-content\/uploads\/sites\/3\/2021\/09\/JOSE-LUIS-MARCOS.jpg\",\"datePublished\":\"2022-04-02T07:55:00+00:00\",\"author\":{\"@id\":\"https:\/\/www.asajacyl.com\/palencia\/#\/schema\/person\/3ab17aeb03527485c317557fae64aab1\"},\"description\":\"Jos\u00e9 Luis Marcos. Presidente de ASAJA-Palencia Llego a la presidencia de ASAJA-Palencia en un momento m\u00e1s que complicado para nuestro pa\u00eds pero con toda\",\"breadcrumb\":{\"@id\":\"https:\/\/www.asajacyl.com\/palencia\/asaja-palencia-informa\/ilusion-a-raudales#breadcrumb\"},\"inLanguage\":\"es\",\"potentialAction\":[{\"@type\":\"ReadAction\",\"target\":[\"https:\/\/www.asajacyl.com\/palencia\/asaja-palencia-informa\/ilusion-a-raudales\"]}]},{\"@type\":\"ImageObject\",\"inLanguage\":\"es\",\"@id\":\"https:\/\/www.asajacyl.com\/palencia\/asaja-palencia-informa\/ilusion-a-raudales#primaryimage\",\"url\":\"https:\/\/www.asajacyl.com\/palencia\/wp-content\/uploads\/sites\/3\/2021\/09\/JOSE-LUIS-MARCOS.jpg\",\"contentUrl\":\"https:\/\/www.asajacyl.com\/palencia\/wp-content\/uploads\/sites\/3\/2021\/09\/JOSE-LUIS-MARCOS.jpg\",\"width\":2016,\"height\":1512},{\"@type\":\"BreadcrumbList\",\"@id\":\"https:\/\/www.asajacyl.com\/palencia\/asaja-palencia-informa\/ilusion-a-raudales#breadcrumb\",\"itemListElement\":[{\"@type\":\"ListItem\",\"position\":1,\"name\":\"Portada\",\"item\":\"https:\/\/www.asajacyl.com\/palencia\/\"},{\"@type\":\"ListItem\",\"position\":2,\"name\":\"Ilusi\u00f3n a raudales\"}]},{\"@type\":\"WebSite\",\"@id\":\"https:\/\/www.asajacyl.com\/palencia\/#website\",\"url\":\"https:\/\/www.asajacyl.com\/palencia\/\",\"name\":\"ASAJA Palencia\",\"description\":\"Otro sitio m\u00e1s de Provincias ASAJA Castilla y Le\u00f3n\",\"potentialAction\":[{\"@type\":\"SearchAction\",\"target\":{\"@type\":\"EntryPoint\",\"urlTemplate\":\"https:\/\/www.asajacyl.com\/palencia\/?s={search_term_string}\"},\"query-input\":{\"@type\":\"PropertyValueSpecification\",\"valueRequired\":true,\"valueName\":\"search_term_string\"}}],\"inLanguage\":\"es\"},{\"@type\":\"Person\",\"@id\":\"https:\/\/www.asajacyl.com\/palencia\/#\/schema\/person\/3ab17aeb03527485c317557fae64aab1\",\"name\":\"Administrador\",\"image\":{\"@type\":\"ImageObject\",\"inLanguage\":\"es\",\"@id\":\"https:\/\/www.asajacyl.com\/palencia\/#\/schema\/person\/image\/\",\"url\":\"https:\/\/secure.gravatar.com\/avatar\/517384810d242ca9e38c180f3c9fb973?s=96&d=mm&r=g\",\"contentUrl\":\"https:\/\/secure.gravatar.com\/avatar\/517384810d242ca9e38c180f3c9fb973?s=96&d=mm&r=g\",\"caption\":\"Administrador\"},\"url\":\"https:\/\/www.asajacyl.com\/palencia\/author\/carlosrm\"}]}<\/script>\n<!-- \/ Yoast SEO plugin. -->","yoast_head_json":{"title":"Ilusi\u00f3n a raudales - ASAJA Palencia","description":"Jos\u00e9 Luis Marcos. Presidente de ASAJA-Palencia Llego a la presidencia de ASAJA-Palencia en un momento m\u00e1s que complicado para nuestro pa\u00eds pero con toda","robots":{"index":"index","follow":"follow","max-snippet":"max-snippet:-1","max-image-preview":"max-image-preview:large","max-video-preview":"max-video-preview:-1"},"canonical":"https:\/\/www.asajacyl.com\/palencia\/asaja-palencia-informa\/ilusion-a-raudales","og_locale":"es_ES","og_type":"article","og_title":"Ilusi\u00f3n a raudales - ASAJA Palencia","og_description":"Jos\u00e9 Luis Marcos. Presidente de ASAJA-Palencia Llego a la presidencia de ASAJA-Palencia en un momento m\u00e1s que complicado para nuestro pa\u00eds pero con toda","og_url":"https:\/\/www.asajacyl.com\/palencia\/asaja-palencia-informa\/ilusion-a-raudales","og_site_name":"ASAJA Palencia","article_published_time":"2022-04-02T07:55:00+00:00","og_image":[{"width":2016,"height":1512,"url":"https:\/\/www.asajacyl.com\/palencia\/wp-content\/uploads\/sites\/3\/2021\/09\/JOSE-LUIS-MARCOS.jpg","type":"image\/jpeg"}],"author":"Administrador","twitter_card":"summary_large_image","twitter_misc":{"Escrito por":"Administrador","Tiempo de lectura":"4 minutos"},"schema":{"@context":"https:\/\/schema.org","@graph":[{"@type":"WebPage","@id":"https:\/\/www.asajacyl.com\/palencia\/asaja-palencia-informa\/ilusion-a-raudales","url":"https:\/\/www.asajacyl.com\/palencia\/asaja-palencia-informa\/ilusion-a-raudales","name":"Ilusi\u00f3n a raudales - ASAJA Palencia","isPartOf":{"@id":"https:\/\/www.asajacyl.com\/palencia\/#website"},"primaryImageOfPage":{"@id":"https:\/\/www.asajacyl.com\/palencia\/asaja-palencia-informa\/ilusion-a-raudales#primaryimage"},"image":{"@id":"https:\/\/www.asajacyl.com\/palencia\/asaja-palencia-informa\/ilusion-a-raudales#primaryimage"},"thumbnailUrl":"https:\/\/www.asajacyl.com\/palencia\/wp-content\/uploads\/sites\/3\/2021\/09\/JOSE-LUIS-MARCOS.jpg","datePublished":"2022-04-02T07:55:00+00:00","author":{"@id":"https:\/\/www.asajacyl.com\/palencia\/#\/schema\/person\/3ab17aeb03527485c317557fae64aab1"},"description":"Jos\u00e9 Luis Marcos. Presidente de ASAJA-Palencia Llego a la presidencia de ASAJA-Palencia en un momento m\u00e1s que complicado para nuestro pa\u00eds pero con toda","breadcrumb":{"@id":"https:\/\/www.asajacyl.com\/palencia\/asaja-palencia-informa\/ilusion-a-raudales#breadcrumb"},"inLanguage":"es","potentialAction":[{"@type":"ReadAction","target":["https:\/\/www.asajacyl.com\/palencia\/asaja-palencia-informa\/ilusion-a-raudales"]}]},{"@type":"ImageObject","inLanguage":"es","@id":"https:\/\/www.asajacyl.com\/palencia\/asaja-palencia-informa\/ilusion-a-raudales#primaryimage","url":"https:\/\/www.asajacyl.com\/palencia\/wp-content\/uploads\/sites\/3\/2021\/09\/JOSE-LUIS-MARCOS.jpg","contentUrl":"https:\/\/www.asajacyl.com\/palencia\/wp-content\/uploads\/sites\/3\/2021\/09\/JOSE-LUIS-MARCOS.jpg","width":2016,"height":1512},{"@type":"BreadcrumbList","@id":"https:\/\/www.asajacyl.com\/palencia\/asaja-palencia-informa\/ilusion-a-raudales#breadcrumb","itemListElement":[{"@type":"ListItem","position":1,"name":"Portada","item":"https:\/\/www.asajacyl.com\/palencia\/"},{"@type":"ListItem","position":2,"name":"Ilusi\u00f3n a raudales"}]},{"@type":"WebSite","@id":"https:\/\/www.asajacyl.com\/palencia\/#website","url":"https:\/\/www.asajacyl.com\/palencia\/","name":"ASAJA Palencia","description":"Otro sitio m\u00e1s de Provincias ASAJA Castilla y Le\u00f3n","potentialAction":[{"@type":"SearchAction","target":{"@type":"EntryPoint","urlTemplate":"https:\/\/www.asajacyl.com\/palencia\/?s={search_term_string}"},"query-input":{"@type":"PropertyValueSpecification","valueRequired":true,"valueName":"search_term_string"}}],"inLanguage":"es"},{"@type":"Person","@id":"https:\/\/www.asajacyl.com\/palencia\/#\/schema\/person\/3ab17aeb03527485c317557fae64aab1","name":"Administrador","image":{"@type":"ImageObject","inLanguage":"es","@id":"https:\/\/www.asajacyl.com\/palencia\/#\/schema\/person\/image\/","url":"https:\/\/secure.gravatar.com\/avatar\/517384810d242ca9e38c180f3c9fb973?s=96&d=mm&r=g","contentUrl":"https:\/\/secure.gravatar.com\/avatar\/517384810d242ca9e38c180f3c9fb973?s=96&d=mm&r=g","caption":"Administrador"},"url":"https:\/\/www.asajacyl.com\/palencia\/author\/carlosrm"}]}},"_links":{"self":[{"href":"https:\/\/www.asajacyl.com\/palencia\/wp-json\/wp\/v2\/posts\/10148"}],"collection":[{"href":"https:\/\/www.asajacyl.com\/palencia\/wp-json\/wp\/v2\/posts"}],"about":[{"href":"https:\/\/www.asajacyl.com\/palencia\/wp-json\/wp\/v2\/types\/post"}],"author":[{"embeddable":true,"href":"https:\/\/www.asajacyl.com\/palencia\/wp-json\/wp\/v2\/users\/9"}],"replies":[{"embeddable":true,"href":"https:\/\/www.asajacyl.com\/palencia\/wp-json\/wp\/v2\/comments?post=10148"}],"version-history":[{"count":4,"href":"https:\/\/www.asajacyl.com\/palencia\/wp-json\/wp\/v2\/posts\/10148\/revisions"}],"predecessor-version":[{"id":10153,"href":"https:\/\/www.asajacyl.com\/palencia\/wp-json\/wp\/v2\/posts\/10148\/revisions\/10153"}],"wp:featuredmedia":[{"embeddable":true,"href":"https:\/\/www.asajacyl.com\/palencia\/wp-json\/wp\/v2\/media\/8911"}],"wp:attachment":[{"href":"https:\/\/www.asajacyl.com\/palencia\/wp-json\/wp\/v2\/media?parent=10148"}],"wp:term":[{"taxonomy":"category","embeddable":true,"href":"https:\/\/www.asajacyl.com\/palencia\/wp-json\/wp\/v2\/categories?post=10148"},{"taxonomy":"post_tag","embeddable":true,"href":"https:\/\/www.asajacyl.com\/palencia\/wp-json\/wp\/v2\/tags?post=10148"}],"curies":[{"name":"wp","href":"https:\/\/api.w.org\/{rel}","templated":true}]}}