{"id":10163,"date":"2022-04-03T00:54:00","date_gmt":"2022-04-02T22:54:00","guid":{"rendered":"https:\/\/www.asajacyl.com\/palencia\/?p=10163"},"modified":"2022-04-02T00:57:07","modified_gmt":"2022-04-01T22:57:07","slug":"asaja-pide-un-aplazamiento-del-consejo-del-agua-en-el-que-se-decidira-el-futuro-plan-hidrologico-del-duero","status":"publish","type":"post","link":"https:\/\/www.asajacyl.com\/palencia\/asaja-palencia-informa\/asaja-pide-un-aplazamiento-del-consejo-del-agua-en-el-que-se-decidira-el-futuro-plan-hidrologico-del-duero","title":{"rendered":"ASAJA pide un aplazamiento del Consejo del Agua en el que se decidir\u00e1 el futuro Plan Hidrol\u00f3gico del Duero"},"content":{"rendered":"\n<p>ASAJA Castilla y Le\u00f3n ha remitido sendas cartas a los titulares de la Consejer\u00eda de Agricultura, Ganader\u00eda y Desarrollo Rural y de la Consejer\u00eda de Fomento y Medio Ambiente para pedirles que soliciten un aplazamiento del pr\u00f3ximo pleno Consejo del Agua del Duero, convocado para el 8 de abril, en el que est\u00e1 prevista la aprobaci\u00f3n del pr\u00f3ximo Plan Hidrol\u00f3gico de Duero.<\/p>\n\n\n\n<p>Dada la relevancia de este documento, que regular\u00e1 todos los usos de la cuenca para los pr\u00f3ximos a\u00f1os, y que la propuesta de la Confederaci\u00f3n Hidrogr\u00e1fica choca de forma frontal con los intereses de Castilla y Le\u00f3n, y muy especialmente los agrarios, ASAJA considera que en este decisivo pleno el Gobierno auton\u00f3mico \u201cdebe estar s\u00f3lidamente representado, y dados los plazos en los que nos encontramos, casi con toda probabilidad los equipos de las consejer\u00edas se encontrar\u00e1n el 8 de abril en estado de interinidad\u201d.<\/p>\n\n\n\n<p>ASAJA Castilla y Le\u00f3n ha rechazado de plano la propuesta del Plan Hidrol\u00f3gico del Duero, y ha presentado una bater\u00eda de alegaciones contra un documento que se quiere imponer sin consenso en nuestro territorio. Un territorio en el que hay solo un 15 por ciento de superficie de regad\u00edo, cuando la media espa\u00f1ola est\u00e1 en un 23 por ciento, y en comunidades aut\u00f3nomas con mucha menos capacidad h\u00eddrica, como Andaluc\u00eda, llega al 28 por ciento. Si hoy Castilla y Le\u00f3n cuenta con 550.000 hect\u00e1reas de riego, en buena l\u00f3gica el objetivo deber\u00eda ser alcanzar 850.000 hect\u00e1reas, para igualarnos a la media espa\u00f1ola. Pero la propuesta de PHD propone justo lo contrario.<\/p>\n\n\n\n<p>Para ASAJA, tratar de debilitar el regad\u00edo en Castilla y Le\u00f3n revela el profundo desconocimiento de la realidad de nuestras explotaciones, que soportan un grave problema de rentabilidad, y para las que el regad\u00edo es una promesa de sostenibilidad y futuro, como se prueba en que son precisamente los n\u00facleos con regad\u00edo en los que se asienta m\u00e1s poblaci\u00f3n joven: dos de cada tres de los j\u00f3venes que se incorporan a la agricultura lo hacen en explotaciones de regad\u00edo. Eso sin olvidar los problemas de abastecimiento de alimentos que implicar\u00eda mermar la superficie de regad\u00edo, justo la m\u00e1s productiva.<\/p>\n","protected":false},"excerpt":{"rendered":"<p>ASAJA Castilla y Le\u00f3n ha remitido sendas cartas a los titulares de la Consejer\u00eda de Agricultura, Ganader\u00eda y Desarrollo Rural y de la Consejer\u00eda de Fomento y Medio Ambiente para pedirles que soliciten un aplazamiento del pr\u00f3ximo pleno Consejo del Agua del Duero, convocado para el 8 de abril, en el que est\u00e1 prevista la [&hellip;]<\/p>\n","protected":false},"author":9,"featured_media":9949,"comment_status":"open","ping_status":"open","sticky":false,"template":"","format":"standard","meta":{"footnotes":""},"categories":[9,29,28],"tags":[],"yoast_head":"<!-- This site is optimized with the Yoast SEO plugin v24.5 - https:\/\/yoast.com\/wordpress\/plugins\/seo\/ -->\n<title>ASAJA pide un aplazamiento del Consejo del Agua en el que se decidir\u00e1 el futuro Plan Hidrol\u00f3gico del Duero - ASAJA Palencia<\/title>\n<meta name=\"description\" content=\"ASAJA Castilla y Le\u00f3n ha remitido sendas cartas a los titulares de la Consejer\u00eda de Agricultura, Ganader\u00eda y Desarrollo Rural y de la Consejer\u00eda de\" \/>\n<meta name=\"robots\" content=\"index, follow, max-snippet:-1, max-image-preview:large, max-video-preview:-1\" \/>\n<link rel=\"canonical\" href=\"https:\/\/www.asajacyl.com\/palencia\/asaja-palencia-informa\/asaja-pide-un-aplazamiento-del-consejo-del-agua-en-el-que-se-decidira-el-futuro-plan-hidrologico-del-duero\" \/>\n<meta property=\"og:locale\" content=\"es_ES\" \/>\n<meta property=\"og:type\" content=\"article\" \/>\n<meta property=\"og:title\" content=\"ASAJA pide un aplazamiento del Consejo del Agua en el que se decidir\u00e1 el futuro Plan Hidrol\u00f3gico del Duero - ASAJA Palencia\" \/>\n<meta property=\"og:description\" content=\"ASAJA Castilla y Le\u00f3n ha remitido sendas cartas a los titulares de la Consejer\u00eda de Agricultura, Ganader\u00eda y Desarrollo Rural y de la Consejer\u00eda de\" \/>\n<meta property=\"og:url\" content=\"https:\/\/www.asajacyl.com\/palencia\/asaja-palencia-informa\/asaja-pide-un-aplazamiento-del-consejo-del-agua-en-el-que-se-decidira-el-futuro-plan-hidrologico-del-duero\" \/>\n<meta property=\"og:site_name\" content=\"ASAJA Palencia\" \/>\n<meta property=\"article:published_time\" content=\"2022-04-02T22:54:00+00:00\" \/>\n<meta property=\"og:image\" content=\"https:\/\/www.asajacyl.com\/palencia\/wp-content\/uploads\/sites\/3\/2022\/02\/image0.jpeg\" \/>\n\t<meta property=\"og:image:width\" content=\"2500\" \/>\n\t<meta property=\"og:image:height\" content=\"1875\" \/>\n\t<meta property=\"og:image:type\" content=\"image\/jpeg\" \/>\n<meta name=\"author\" content=\"Administrador\" \/>\n<meta name=\"twitter:card\" content=\"summary_large_image\" \/>\n<meta name=\"twitter:label1\" content=\"Escrito por\" \/>\n\t<meta name=\"twitter:data1\" content=\"Administrador\" \/>\n\t<meta name=\"twitter:label2\" content=\"Tiempo de lectura\" \/>\n\t<meta name=\"twitter:data2\" content=\"2 minutos\" \/>\n<script type=\"application\/ld+json\" class=\"yoast-schema-graph\">{\"@context\":\"https:\/\/schema.org\",\"@graph\":[{\"@type\":\"WebPage\",\"@id\":\"https:\/\/www.asajacyl.com\/palencia\/asaja-palencia-informa\/asaja-pide-un-aplazamiento-del-consejo-del-agua-en-el-que-se-decidira-el-futuro-plan-hidrologico-del-duero\",\"url\":\"https:\/\/www.asajacyl.com\/palencia\/asaja-palencia-informa\/asaja-pide-un-aplazamiento-del-consejo-del-agua-en-el-que-se-decidira-el-futuro-plan-hidrologico-del-duero\",\"name\":\"ASAJA pide un aplazamiento del Consejo del Agua en el que se decidir\u00e1 el futuro Plan Hidrol\u00f3gico del Duero - ASAJA Palencia\",\"isPartOf\":{\"@id\":\"https:\/\/www.asajacyl.com\/palencia\/#website\"},\"primaryImageOfPage\":{\"@id\":\"https:\/\/www.asajacyl.com\/palencia\/asaja-palencia-informa\/asaja-pide-un-aplazamiento-del-consejo-del-agua-en-el-que-se-decidira-el-futuro-plan-hidrologico-del-duero#primaryimage\"},\"image\":{\"@id\":\"https:\/\/www.asajacyl.com\/palencia\/asaja-palencia-informa\/asaja-pide-un-aplazamiento-del-consejo-del-agua-en-el-que-se-decidira-el-futuro-plan-hidrologico-del-duero#primaryimage\"},\"thumbnailUrl\":\"https:\/\/www.asajacyl.com\/palencia\/wp-content\/uploads\/sites\/3\/2022\/02\/image0.jpeg\",\"datePublished\":\"2022-04-02T22:54:00+00:00\",\"author\":{\"@id\":\"https:\/\/www.asajacyl.com\/palencia\/#\/schema\/person\/3ab17aeb03527485c317557fae64aab1\"},\"description\":\"ASAJA Castilla y Le\u00f3n ha remitido sendas cartas a los titulares de la Consejer\u00eda de Agricultura, Ganader\u00eda y Desarrollo Rural y de la Consejer\u00eda de\",\"breadcrumb\":{\"@id\":\"https:\/\/www.asajacyl.com\/palencia\/asaja-palencia-informa\/asaja-pide-un-aplazamiento-del-consejo-del-agua-en-el-que-se-decidira-el-futuro-plan-hidrologico-del-duero#breadcrumb\"},\"inLanguage\":\"es\",\"potentialAction\":[{\"@type\":\"ReadAction\",\"target\":[\"https:\/\/www.asajacyl.com\/palencia\/asaja-palencia-informa\/asaja-pide-un-aplazamiento-del-consejo-del-agua-en-el-que-se-decidira-el-futuro-plan-hidrologico-del-duero\"]}]},{\"@type\":\"ImageObject\",\"inLanguage\":\"es\",\"@id\":\"https:\/\/www.asajacyl.com\/palencia\/asaja-palencia-informa\/asaja-pide-un-aplazamiento-del-consejo-del-agua-en-el-que-se-decidira-el-futuro-plan-hidrologico-del-duero#primaryimage\",\"url\":\"https:\/\/www.asajacyl.com\/palencia\/wp-content\/uploads\/sites\/3\/2022\/02\/image0.jpeg\",\"contentUrl\":\"https:\/\/www.asajacyl.com\/palencia\/wp-content\/uploads\/sites\/3\/2022\/02\/image0.jpeg\",\"width\":2500,\"height\":1875},{\"@type\":\"BreadcrumbList\",\"@id\":\"https:\/\/www.asajacyl.com\/palencia\/asaja-palencia-informa\/asaja-pide-un-aplazamiento-del-consejo-del-agua-en-el-que-se-decidira-el-futuro-plan-hidrologico-del-duero#breadcrumb\",\"itemListElement\":[{\"@type\":\"ListItem\",\"position\":1,\"name\":\"Portada\",\"item\":\"https:\/\/www.asajacyl.com\/palencia\/\"},{\"@type\":\"ListItem\",\"position\":2,\"name\":\"ASAJA pide un aplazamiento del Consejo del Agua en el que se decidir\u00e1 el futuro Plan Hidrol\u00f3gico del Duero\"}]},{\"@type\":\"WebSite\",\"@id\":\"https:\/\/www.asajacyl.com\/palencia\/#website\",\"url\":\"https:\/\/www.asajacyl.com\/palencia\/\",\"name\":\"ASAJA Palencia\",\"description\":\"Otro sitio m\u00e1s de Provincias ASAJA Castilla y Le\u00f3n\",\"potentialAction\":[{\"@type\":\"SearchAction\",\"target\":{\"@type\":\"EntryPoint\",\"urlTemplate\":\"https:\/\/www.asajacyl.com\/palencia\/?s={search_term_string}\"},\"query-input\":{\"@type\":\"PropertyValueSpecification\",\"valueRequired\":true,\"valueName\":\"search_term_string\"}}],\"inLanguage\":\"es\"},{\"@type\":\"Person\",\"@id\":\"https:\/\/www.asajacyl.com\/palencia\/#\/schema\/person\/3ab17aeb03527485c317557fae64aab1\",\"name\":\"Administrador\",\"image\":{\"@type\":\"ImageObject\",\"inLanguage\":\"es\",\"@id\":\"https:\/\/www.asajacyl.com\/palencia\/#\/schema\/person\/image\/\",\"url\":\"https:\/\/secure.gravatar.com\/avatar\/517384810d242ca9e38c180f3c9fb973?s=96&d=mm&r=g\",\"contentUrl\":\"https:\/\/secure.gravatar.com\/avatar\/517384810d242ca9e38c180f3c9fb973?s=96&d=mm&r=g\",\"caption\":\"Administrador\"},\"url\":\"https:\/\/www.asajacyl.com\/palencia\/author\/carlosrm\"}]}<\/script>\n<!-- \/ Yoast SEO plugin. -->","yoast_head_json":{"title":"ASAJA pide un aplazamiento del Consejo del Agua en el que se decidir\u00e1 el futuro Plan Hidrol\u00f3gico del Duero - ASAJA Palencia","description":"ASAJA Castilla y Le\u00f3n ha remitido sendas cartas a los titulares de la Consejer\u00eda de Agricultura, Ganader\u00eda y Desarrollo Rural y de la Consejer\u00eda de","robots":{"index":"index","follow":"follow","max-snippet":"max-snippet:-1","max-image-preview":"max-image-preview:large","max-video-preview":"max-video-preview:-1"},"canonical":"https:\/\/www.asajacyl.com\/palencia\/asaja-palencia-informa\/asaja-pide-un-aplazamiento-del-consejo-del-agua-en-el-que-se-decidira-el-futuro-plan-hidrologico-del-duero","og_locale":"es_ES","og_type":"article","og_title":"ASAJA pide un aplazamiento del Consejo del Agua en el que se decidir\u00e1 el futuro Plan Hidrol\u00f3gico del Duero - ASAJA Palencia","og_description":"ASAJA Castilla y Le\u00f3n ha remitido sendas cartas a los titulares de la Consejer\u00eda de Agricultura, Ganader\u00eda y Desarrollo Rural y de la Consejer\u00eda de","og_url":"https:\/\/www.asajacyl.com\/palencia\/asaja-palencia-informa\/asaja-pide-un-aplazamiento-del-consejo-del-agua-en-el-que-se-decidira-el-futuro-plan-hidrologico-del-duero","og_site_name":"ASAJA Palencia","article_published_time":"2022-04-02T22:54:00+00:00","og_image":[{"width":2500,"height":1875,"url":"https:\/\/www.asajacyl.com\/palencia\/wp-content\/uploads\/sites\/3\/2022\/02\/image0.jpeg","type":"image\/jpeg"}],"author":"Administrador","twitter_card":"summary_large_image","twitter_misc":{"Escrito por":"Administrador","Tiempo de lectura":"2 minutos"},"schema":{"@context":"https:\/\/schema.org","@graph":[{"@type":"WebPage","@id":"https:\/\/www.asajacyl.com\/palencia\/asaja-palencia-informa\/asaja-pide-un-aplazamiento-del-consejo-del-agua-en-el-que-se-decidira-el-futuro-plan-hidrologico-del-duero","url":"https:\/\/www.asajacyl.com\/palencia\/asaja-palencia-informa\/asaja-pide-un-aplazamiento-del-consejo-del-agua-en-el-que-se-decidira-el-futuro-plan-hidrologico-del-duero","name":"ASAJA pide un aplazamiento del Consejo del Agua en el que se decidir\u00e1 el futuro Plan Hidrol\u00f3gico del Duero - ASAJA Palencia","isPartOf":{"@id":"https:\/\/www.asajacyl.com\/palencia\/#website"},"primaryImageOfPage":{"@id":"https:\/\/www.asajacyl.com\/palencia\/asaja-palencia-informa\/asaja-pide-un-aplazamiento-del-consejo-del-agua-en-el-que-se-decidira-el-futuro-plan-hidrologico-del-duero#primaryimage"},"image":{"@id":"https:\/\/www.asajacyl.com\/palencia\/asaja-palencia-informa\/asaja-pide-un-aplazamiento-del-consejo-del-agua-en-el-que-se-decidira-el-futuro-plan-hidrologico-del-duero#primaryimage"},"thumbnailUrl":"https:\/\/www.asajacyl.com\/palencia\/wp-content\/uploads\/sites\/3\/2022\/02\/image0.jpeg","datePublished":"2022-04-02T22:54:00+00:00","author":{"@id":"https:\/\/www.asajacyl.com\/palencia\/#\/schema\/person\/3ab17aeb03527485c317557fae64aab1"},"description":"ASAJA Castilla y Le\u00f3n ha remitido sendas cartas a los titulares de la Consejer\u00eda de Agricultura, Ganader\u00eda y Desarrollo Rural y de la Consejer\u00eda de","breadcrumb":{"@id":"https:\/\/www.asajacyl.com\/palencia\/asaja-palencia-informa\/asaja-pide-un-aplazamiento-del-consejo-del-agua-en-el-que-se-decidira-el-futuro-plan-hidrologico-del-duero#breadcrumb"},"inLanguage":"es","potentialAction":[{"@type":"ReadAction","target":["https:\/\/www.asajacyl.com\/palencia\/asaja-palencia-informa\/asaja-pide-un-aplazamiento-del-consejo-del-agua-en-el-que-se-decidira-el-futuro-plan-hidrologico-del-duero"]}]},{"@type":"ImageObject","inLanguage":"es","@id":"https:\/\/www.asajacyl.com\/palencia\/asaja-palencia-informa\/asaja-pide-un-aplazamiento-del-consejo-del-agua-en-el-que-se-decidira-el-futuro-plan-hidrologico-del-duero#primaryimage","url":"https:\/\/www.asajacyl.com\/palencia\/wp-content\/uploads\/sites\/3\/2022\/02\/image0.jpeg","contentUrl":"https:\/\/www.asajacyl.com\/palencia\/wp-content\/uploads\/sites\/3\/2022\/02\/image0.jpeg","width":2500,"height":1875},{"@type":"BreadcrumbList","@id":"https:\/\/www.asajacyl.com\/palencia\/asaja-palencia-informa\/asaja-pide-un-aplazamiento-del-consejo-del-agua-en-el-que-se-decidira-el-futuro-plan-hidrologico-del-duero#breadcrumb","itemListElement":[{"@type":"ListItem","position":1,"name":"Portada","item":"https:\/\/www.asajacyl.com\/palencia\/"},{"@type":"ListItem","position":2,"name":"ASAJA pide un aplazamiento del Consejo del Agua en el que se decidir\u00e1 el futuro Plan Hidrol\u00f3gico del Duero"}]},{"@type":"WebSite","@id":"https:\/\/www.asajacyl.com\/palencia\/#website","url":"https:\/\/www.asajacyl.com\/palencia\/","name":"ASAJA Palencia","description":"Otro sitio m\u00e1s de Provincias ASAJA Castilla y Le\u00f3n","potentialAction":[{"@type":"SearchAction","target":{"@type":"EntryPoint","urlTemplate":"https:\/\/www.asajacyl.com\/palencia\/?s={search_term_string}"},"query-input":{"@type":"PropertyValueSpecification","valueRequired":true,"valueName":"search_term_string"}}],"inLanguage":"es"},{"@type":"Person","@id":"https:\/\/www.asajacyl.com\/palencia\/#\/schema\/person\/3ab17aeb03527485c317557fae64aab1","name":"Administrador","image":{"@type":"ImageObject","inLanguage":"es","@id":"https:\/\/www.asajacyl.com\/palencia\/#\/schema\/person\/image\/","url":"https:\/\/secure.gravatar.com\/avatar\/517384810d242ca9e38c180f3c9fb973?s=96&d=mm&r=g","contentUrl":"https:\/\/secure.gravatar.com\/avatar\/517384810d242ca9e38c180f3c9fb973?s=96&d=mm&r=g","caption":"Administrador"},"url":"https:\/\/www.asajacyl.com\/palencia\/author\/carlosrm"}]}},"_links":{"self":[{"href":"https:\/\/www.asajacyl.com\/palencia\/wp-json\/wp\/v2\/posts\/10163"}],"collection":[{"href":"https:\/\/www.asajacyl.com\/palencia\/wp-json\/wp\/v2\/posts"}],"about":[{"href":"https:\/\/www.asajacyl.com\/palencia\/wp-json\/wp\/v2\/types\/post"}],"author":[{"embeddable":true,"href":"https:\/\/www.asajacyl.com\/palencia\/wp-json\/wp\/v2\/users\/9"}],"replies":[{"embeddable":true,"href":"https:\/\/www.asajacyl.com\/palencia\/wp-json\/wp\/v2\/comments?post=10163"}],"version-history":[{"count":1,"href":"https:\/\/www.asajacyl.com\/palencia\/wp-json\/wp\/v2\/posts\/10163\/revisions"}],"predecessor-version":[{"id":10164,"href":"https:\/\/www.asajacyl.com\/palencia\/wp-json\/wp\/v2\/posts\/10163\/revisions\/10164"}],"wp:featuredmedia":[{"embeddable":true,"href":"https:\/\/www.asajacyl.com\/palencia\/wp-json\/wp\/v2\/media\/9949"}],"wp:attachment":[{"href":"https:\/\/www.asajacyl.com\/palencia\/wp-json\/wp\/v2\/media?parent=10163"}],"wp:term":[{"taxonomy":"category","embeddable":true,"href":"https:\/\/www.asajacyl.com\/palencia\/wp-json\/wp\/v2\/categories?post=10163"},{"taxonomy":"post_tag","embeddable":true,"href":"https:\/\/www.asajacyl.com\/palencia\/wp-json\/wp\/v2\/tags?post=10163"}],"curies":[{"name":"wp","href":"https:\/\/api.w.org\/{rel}","templated":true}]}}