{"id":10168,"date":"2022-04-03T01:09:30","date_gmt":"2022-04-02T23:09:30","guid":{"rendered":"https:\/\/www.asajacyl.com\/palencia\/?p=10168"},"modified":"2022-04-03T01:16:37","modified_gmt":"2022-04-02T23:16:37","slug":"menos-produccion-de-leche-en-la-ue-y-mas-en-espana","status":"publish","type":"post","link":"https:\/\/www.asajacyl.com\/palencia\/asaja-palencia-informa\/menos-produccion-de-leche-en-la-ue-y-mas-en-espana","title":{"rendered":"Menos producci\u00f3n de leche en la UE y m\u00e1s en Espa\u00f1a"},"content":{"rendered":"\n<p>La producci\u00f3n de leche de vaca en Europa ha disminuido un 0,7% mientras que en Espa\u00f1a ha aumentado un 1,8%, seg\u00fan los datos de enero de 2022 respecto a enero del a\u00f1o anterior facilitados por el Observatorio de la Leche Europeo.<\/p>\n\n\n\n<p>Este organismo europeo ha certificado que se han entregado a las industrias l\u00e1cteas 82.000 toneladas menos de leche, liderando la bajada de la producci\u00f3n pa\u00edses como Irlanda, Pa\u00edses Bajos y los dos principales productores l\u00e1cteos de la Uni\u00f3n Europea, Francia y Alemania.<\/p>\n\n\n\n<p>En cambio, pa\u00edses como Espa\u00f1a, Italia y Polonia han incrementado sus producciones. En el caso de Espa\u00f1a el aumento ha sido de 11.000 toneladas, siendo m\u00e1s rese\u00f1able el caso de Polonia con un notorio aumento de 29.000 toneladas de leche.<\/p>\n","protected":false},"excerpt":{"rendered":"<p>La producci\u00f3n de leche de vaca en Europa ha disminuido un 0,7% mientras que en Espa\u00f1a ha aumentado un 1,8%, seg\u00fan los datos de enero de 2022 respecto a enero del a\u00f1o anterior facilitados por el Observatorio de la Leche Europeo. Este organismo europeo ha certificado que se han entregado a las industrias l\u00e1cteas 82.000 [&hellip;]<\/p>\n","protected":false},"author":9,"featured_media":6074,"comment_status":"open","ping_status":"open","sticky":false,"template":"","format":"standard","meta":{"footnotes":""},"categories":[9,29,28],"tags":[],"yoast_head":"<!-- This site is optimized with the Yoast SEO plugin v24.5 - https:\/\/yoast.com\/wordpress\/plugins\/seo\/ -->\n<title>Menos producci\u00f3n de leche en la UE y m\u00e1s en Espa\u00f1a - ASAJA Palencia<\/title>\n<meta name=\"description\" content=\"La producci\u00f3n de leche de vaca en Europa ha disminuido un 0,7% mientras que en Espa\u00f1a ha aumentado un 1,8%, seg\u00fan los datos de enero de 2022 respecto a\" \/>\n<meta name=\"robots\" content=\"index, follow, max-snippet:-1, max-image-preview:large, max-video-preview:-1\" \/>\n<link rel=\"canonical\" href=\"https:\/\/www.asajacyl.com\/palencia\/asaja-palencia-informa\/menos-produccion-de-leche-en-la-ue-y-mas-en-espana\" \/>\n<meta property=\"og:locale\" content=\"es_ES\" \/>\n<meta property=\"og:type\" content=\"article\" \/>\n<meta property=\"og:title\" content=\"Menos producci\u00f3n de leche en la UE y m\u00e1s en Espa\u00f1a - ASAJA Palencia\" \/>\n<meta property=\"og:description\" content=\"La producci\u00f3n de leche de vaca en Europa ha disminuido un 0,7% mientras que en Espa\u00f1a ha aumentado un 1,8%, seg\u00fan los datos de enero de 2022 respecto a\" \/>\n<meta property=\"og:url\" content=\"https:\/\/www.asajacyl.com\/palencia\/asaja-palencia-informa\/menos-produccion-de-leche-en-la-ue-y-mas-en-espana\" \/>\n<meta property=\"og:site_name\" content=\"ASAJA Palencia\" \/>\n<meta property=\"article:published_time\" content=\"2022-04-02T23:09:30+00:00\" \/>\n<meta property=\"article:modified_time\" content=\"2022-04-02T23:16:37+00:00\" \/>\n<meta property=\"og:image\" content=\"https:\/\/www.asajacyl.com\/palencia\/wp-content\/uploads\/sites\/3\/2019\/03\/vacas-monta\u00f1a.jpg\" \/>\n\t<meta property=\"og:image:width\" content=\"1155\" \/>\n\t<meta property=\"og:image:height\" content=\"457\" \/>\n\t<meta property=\"og:image:type\" content=\"image\/jpeg\" \/>\n<meta name=\"author\" content=\"Administrador\" \/>\n<meta name=\"twitter:card\" content=\"summary_large_image\" \/>\n<meta name=\"twitter:label1\" content=\"Escrito por\" \/>\n\t<meta name=\"twitter:data1\" content=\"Administrador\" \/>\n\t<meta name=\"twitter:label2\" content=\"Tiempo de lectura\" \/>\n\t<meta name=\"twitter:data2\" content=\"1 minuto\" \/>\n<script type=\"application\/ld+json\" class=\"yoast-schema-graph\">{\"@context\":\"https:\/\/schema.org\",\"@graph\":[{\"@type\":\"WebPage\",\"@id\":\"https:\/\/www.asajacyl.com\/palencia\/asaja-palencia-informa\/menos-produccion-de-leche-en-la-ue-y-mas-en-espana\",\"url\":\"https:\/\/www.asajacyl.com\/palencia\/asaja-palencia-informa\/menos-produccion-de-leche-en-la-ue-y-mas-en-espana\",\"name\":\"Menos producci\u00f3n de leche en la UE y m\u00e1s en Espa\u00f1a - ASAJA Palencia\",\"isPartOf\":{\"@id\":\"https:\/\/www.asajacyl.com\/palencia\/#website\"},\"primaryImageOfPage\":{\"@id\":\"https:\/\/www.asajacyl.com\/palencia\/asaja-palencia-informa\/menos-produccion-de-leche-en-la-ue-y-mas-en-espana#primaryimage\"},\"image\":{\"@id\":\"https:\/\/www.asajacyl.com\/palencia\/asaja-palencia-informa\/menos-produccion-de-leche-en-la-ue-y-mas-en-espana#primaryimage\"},\"thumbnailUrl\":\"https:\/\/www.asajacyl.com\/palencia\/wp-content\/uploads\/sites\/3\/2019\/03\/vacas-monta\u00f1a.jpg\",\"datePublished\":\"2022-04-02T23:09:30+00:00\",\"dateModified\":\"2022-04-02T23:16:37+00:00\",\"author\":{\"@id\":\"https:\/\/www.asajacyl.com\/palencia\/#\/schema\/person\/3ab17aeb03527485c317557fae64aab1\"},\"description\":\"La producci\u00f3n de leche de vaca en Europa ha disminuido un 0,7% mientras que en Espa\u00f1a ha aumentado un 1,8%, seg\u00fan los datos de enero de 2022 respecto a\",\"breadcrumb\":{\"@id\":\"https:\/\/www.asajacyl.com\/palencia\/asaja-palencia-informa\/menos-produccion-de-leche-en-la-ue-y-mas-en-espana#breadcrumb\"},\"inLanguage\":\"es\",\"potentialAction\":[{\"@type\":\"ReadAction\",\"target\":[\"https:\/\/www.asajacyl.com\/palencia\/asaja-palencia-informa\/menos-produccion-de-leche-en-la-ue-y-mas-en-espana\"]}]},{\"@type\":\"ImageObject\",\"inLanguage\":\"es\",\"@id\":\"https:\/\/www.asajacyl.com\/palencia\/asaja-palencia-informa\/menos-produccion-de-leche-en-la-ue-y-mas-en-espana#primaryimage\",\"url\":\"https:\/\/www.asajacyl.com\/palencia\/wp-content\/uploads\/sites\/3\/2019\/03\/vacas-monta\u00f1a.jpg\",\"contentUrl\":\"https:\/\/www.asajacyl.com\/palencia\/wp-content\/uploads\/sites\/3\/2019\/03\/vacas-monta\u00f1a.jpg\",\"width\":1155,\"height\":457},{\"@type\":\"BreadcrumbList\",\"@id\":\"https:\/\/www.asajacyl.com\/palencia\/asaja-palencia-informa\/menos-produccion-de-leche-en-la-ue-y-mas-en-espana#breadcrumb\",\"itemListElement\":[{\"@type\":\"ListItem\",\"position\":1,\"name\":\"Portada\",\"item\":\"https:\/\/www.asajacyl.com\/palencia\/\"},{\"@type\":\"ListItem\",\"position\":2,\"name\":\"Menos producci\u00f3n de leche en la UE y m\u00e1s en Espa\u00f1a\"}]},{\"@type\":\"WebSite\",\"@id\":\"https:\/\/www.asajacyl.com\/palencia\/#website\",\"url\":\"https:\/\/www.asajacyl.com\/palencia\/\",\"name\":\"ASAJA Palencia\",\"description\":\"Otro sitio m\u00e1s de Provincias ASAJA Castilla y Le\u00f3n\",\"potentialAction\":[{\"@type\":\"SearchAction\",\"target\":{\"@type\":\"EntryPoint\",\"urlTemplate\":\"https:\/\/www.asajacyl.com\/palencia\/?s={search_term_string}\"},\"query-input\":{\"@type\":\"PropertyValueSpecification\",\"valueRequired\":true,\"valueName\":\"search_term_string\"}}],\"inLanguage\":\"es\"},{\"@type\":\"Person\",\"@id\":\"https:\/\/www.asajacyl.com\/palencia\/#\/schema\/person\/3ab17aeb03527485c317557fae64aab1\",\"name\":\"Administrador\",\"image\":{\"@type\":\"ImageObject\",\"inLanguage\":\"es\",\"@id\":\"https:\/\/www.asajacyl.com\/palencia\/#\/schema\/person\/image\/\",\"url\":\"https:\/\/secure.gravatar.com\/avatar\/517384810d242ca9e38c180f3c9fb973?s=96&d=mm&r=g\",\"contentUrl\":\"https:\/\/secure.gravatar.com\/avatar\/517384810d242ca9e38c180f3c9fb973?s=96&d=mm&r=g\",\"caption\":\"Administrador\"},\"url\":\"https:\/\/www.asajacyl.com\/palencia\/author\/carlosrm\"}]}<\/script>\n<!-- \/ Yoast SEO plugin. -->","yoast_head_json":{"title":"Menos producci\u00f3n de leche en la UE y m\u00e1s en Espa\u00f1a - ASAJA Palencia","description":"La producci\u00f3n de leche de vaca en Europa ha disminuido un 0,7% mientras que en Espa\u00f1a ha aumentado un 1,8%, seg\u00fan los datos de enero de 2022 respecto a","robots":{"index":"index","follow":"follow","max-snippet":"max-snippet:-1","max-image-preview":"max-image-preview:large","max-video-preview":"max-video-preview:-1"},"canonical":"https:\/\/www.asajacyl.com\/palencia\/asaja-palencia-informa\/menos-produccion-de-leche-en-la-ue-y-mas-en-espana","og_locale":"es_ES","og_type":"article","og_title":"Menos producci\u00f3n de leche en la UE y m\u00e1s en Espa\u00f1a - ASAJA Palencia","og_description":"La producci\u00f3n de leche de vaca en Europa ha disminuido un 0,7% mientras que en Espa\u00f1a ha aumentado un 1,8%, seg\u00fan los datos de enero de 2022 respecto a","og_url":"https:\/\/www.asajacyl.com\/palencia\/asaja-palencia-informa\/menos-produccion-de-leche-en-la-ue-y-mas-en-espana","og_site_name":"ASAJA Palencia","article_published_time":"2022-04-02T23:09:30+00:00","article_modified_time":"2022-04-02T23:16:37+00:00","og_image":[{"width":1155,"height":457,"url":"https:\/\/www.asajacyl.com\/palencia\/wp-content\/uploads\/sites\/3\/2019\/03\/vacas-monta\u00f1a.jpg","type":"image\/jpeg"}],"author":"Administrador","twitter_card":"summary_large_image","twitter_misc":{"Escrito por":"Administrador","Tiempo de lectura":"1 minuto"},"schema":{"@context":"https:\/\/schema.org","@graph":[{"@type":"WebPage","@id":"https:\/\/www.asajacyl.com\/palencia\/asaja-palencia-informa\/menos-produccion-de-leche-en-la-ue-y-mas-en-espana","url":"https:\/\/www.asajacyl.com\/palencia\/asaja-palencia-informa\/menos-produccion-de-leche-en-la-ue-y-mas-en-espana","name":"Menos producci\u00f3n de leche en la UE y m\u00e1s en Espa\u00f1a - ASAJA Palencia","isPartOf":{"@id":"https:\/\/www.asajacyl.com\/palencia\/#website"},"primaryImageOfPage":{"@id":"https:\/\/www.asajacyl.com\/palencia\/asaja-palencia-informa\/menos-produccion-de-leche-en-la-ue-y-mas-en-espana#primaryimage"},"image":{"@id":"https:\/\/www.asajacyl.com\/palencia\/asaja-palencia-informa\/menos-produccion-de-leche-en-la-ue-y-mas-en-espana#primaryimage"},"thumbnailUrl":"https:\/\/www.asajacyl.com\/palencia\/wp-content\/uploads\/sites\/3\/2019\/03\/vacas-monta\u00f1a.jpg","datePublished":"2022-04-02T23:09:30+00:00","dateModified":"2022-04-02T23:16:37+00:00","author":{"@id":"https:\/\/www.asajacyl.com\/palencia\/#\/schema\/person\/3ab17aeb03527485c317557fae64aab1"},"description":"La producci\u00f3n de leche de vaca en Europa ha disminuido un 0,7% mientras que en Espa\u00f1a ha aumentado un 1,8%, seg\u00fan los datos de enero de 2022 respecto a","breadcrumb":{"@id":"https:\/\/www.asajacyl.com\/palencia\/asaja-palencia-informa\/menos-produccion-de-leche-en-la-ue-y-mas-en-espana#breadcrumb"},"inLanguage":"es","potentialAction":[{"@type":"ReadAction","target":["https:\/\/www.asajacyl.com\/palencia\/asaja-palencia-informa\/menos-produccion-de-leche-en-la-ue-y-mas-en-espana"]}]},{"@type":"ImageObject","inLanguage":"es","@id":"https:\/\/www.asajacyl.com\/palencia\/asaja-palencia-informa\/menos-produccion-de-leche-en-la-ue-y-mas-en-espana#primaryimage","url":"https:\/\/www.asajacyl.com\/palencia\/wp-content\/uploads\/sites\/3\/2019\/03\/vacas-monta\u00f1a.jpg","contentUrl":"https:\/\/www.asajacyl.com\/palencia\/wp-content\/uploads\/sites\/3\/2019\/03\/vacas-monta\u00f1a.jpg","width":1155,"height":457},{"@type":"BreadcrumbList","@id":"https:\/\/www.asajacyl.com\/palencia\/asaja-palencia-informa\/menos-produccion-de-leche-en-la-ue-y-mas-en-espana#breadcrumb","itemListElement":[{"@type":"ListItem","position":1,"name":"Portada","item":"https:\/\/www.asajacyl.com\/palencia\/"},{"@type":"ListItem","position":2,"name":"Menos producci\u00f3n de leche en la UE y m\u00e1s en Espa\u00f1a"}]},{"@type":"WebSite","@id":"https:\/\/www.asajacyl.com\/palencia\/#website","url":"https:\/\/www.asajacyl.com\/palencia\/","name":"ASAJA Palencia","description":"Otro sitio m\u00e1s de Provincias ASAJA Castilla y Le\u00f3n","potentialAction":[{"@type":"SearchAction","target":{"@type":"EntryPoint","urlTemplate":"https:\/\/www.asajacyl.com\/palencia\/?s={search_term_string}"},"query-input":{"@type":"PropertyValueSpecification","valueRequired":true,"valueName":"search_term_string"}}],"inLanguage":"es"},{"@type":"Person","@id":"https:\/\/www.asajacyl.com\/palencia\/#\/schema\/person\/3ab17aeb03527485c317557fae64aab1","name":"Administrador","image":{"@type":"ImageObject","inLanguage":"es","@id":"https:\/\/www.asajacyl.com\/palencia\/#\/schema\/person\/image\/","url":"https:\/\/secure.gravatar.com\/avatar\/517384810d242ca9e38c180f3c9fb973?s=96&d=mm&r=g","contentUrl":"https:\/\/secure.gravatar.com\/avatar\/517384810d242ca9e38c180f3c9fb973?s=96&d=mm&r=g","caption":"Administrador"},"url":"https:\/\/www.asajacyl.com\/palencia\/author\/carlosrm"}]}},"_links":{"self":[{"href":"https:\/\/www.asajacyl.com\/palencia\/wp-json\/wp\/v2\/posts\/10168"}],"collection":[{"href":"https:\/\/www.asajacyl.com\/palencia\/wp-json\/wp\/v2\/posts"}],"about":[{"href":"https:\/\/www.asajacyl.com\/palencia\/wp-json\/wp\/v2\/types\/post"}],"author":[{"embeddable":true,"href":"https:\/\/www.asajacyl.com\/palencia\/wp-json\/wp\/v2\/users\/9"}],"replies":[{"embeddable":true,"href":"https:\/\/www.asajacyl.com\/palencia\/wp-json\/wp\/v2\/comments?post=10168"}],"version-history":[{"count":1,"href":"https:\/\/www.asajacyl.com\/palencia\/wp-json\/wp\/v2\/posts\/10168\/revisions"}],"predecessor-version":[{"id":10169,"href":"https:\/\/www.asajacyl.com\/palencia\/wp-json\/wp\/v2\/posts\/10168\/revisions\/10169"}],"wp:featuredmedia":[{"embeddable":true,"href":"https:\/\/www.asajacyl.com\/palencia\/wp-json\/wp\/v2\/media\/6074"}],"wp:attachment":[{"href":"https:\/\/www.asajacyl.com\/palencia\/wp-json\/wp\/v2\/media?parent=10168"}],"wp:term":[{"taxonomy":"category","embeddable":true,"href":"https:\/\/www.asajacyl.com\/palencia\/wp-json\/wp\/v2\/categories?post=10168"},{"taxonomy":"post_tag","embeddable":true,"href":"https:\/\/www.asajacyl.com\/palencia\/wp-json\/wp\/v2\/tags?post=10168"}],"curies":[{"name":"wp","href":"https:\/\/api.w.org\/{rel}","templated":true}]}}