{"id":10223,"date":"2022-04-09T02:20:44","date_gmt":"2022-04-09T00:20:44","guid":{"rendered":"https:\/\/www.asajacyl.com\/palencia\/?p=10223"},"modified":"2022-04-09T02:20:46","modified_gmt":"2022-04-09T00:20:46","slug":"el-consejo-del-agua-desaprueba-el-proyecto-de-plan-hidrologico-del-duero-propuesto-por-la-confederacion","status":"publish","type":"post","link":"https:\/\/www.asajacyl.com\/palencia\/asaja-palencia-informa\/el-consejo-del-agua-desaprueba-el-proyecto-de-plan-hidrologico-del-duero-propuesto-por-la-confederacion","title":{"rendered":"El Consejo del Agua desaprueba el proyecto de Plan Hidrol\u00f3gico del Duero propuesto por la Confederaci\u00f3n"},"content":{"rendered":"\n<p>Hoy se ha celebrado el Consejo del Agua de la demarcaci\u00f3n hidrogr\u00e1fica del Duero, convocado por la Confederaci\u00f3n Hidrogr\u00e1fica del Duero para presentar el informe sobre el Proyecto del Plan Hidrol\u00f3gico del Duero antes de ser elevado al Gobierno para su aprobaci\u00f3n. Sometido a la votaci\u00f3n, ha sido rechazado por los vocales del Consejo, con un resultado de 42 votos en contra y 34 a favor. Se trata de un rechazo in\u00e9dito en la historia de los planes hidrol\u00f3gicos del Duero, que siempre hab\u00edan recibido el apoyo mayoritario del Consejo del Agua.<\/p>\n\n\n\n<p>ASAJA de Castilla y Le\u00f3n ha votado en contra, postura que ya hab\u00eda anunciado desde el primer momento, por considerar que el nuevo Plan Hidrol\u00f3gico del Duero atenta frontalmente contra los intereses del sector agrario. A su rechazo al proyecto se han sumado el resto de los vocales de las organizaciones agrarias, y tambi\u00e9n comunidades de regantes. Especialmente significativo es el voto negativo de la Junta de Castilla y Le\u00f3n, la administraci\u00f3n que ejerce las competencias agrarias y medioambientales. Tambi\u00e9n han votado en contra la CEOE, en representaci\u00f3n de los empresarios de la Comunidad Aut\u00f3noma, y, por razones distintas, Comisiones Obreras y parte de los colectivos ecologistas.<\/p>\n\n\n\n<p>Para ASAJA, resulta significativo que el proyecto de PHD defendido por la Confederaci\u00f3n Hidrogr\u00e1fica del Duero -y por tanto del Ministerio de Transici\u00f3n Ecol\u00f3gica, del que depende el organismo- haya contado con el apoyo sin fisuras de los representantes de las empresas hidroel\u00e9ctricas. ASAJA cree que \u201cuna vez m\u00e1s resulta evidente el alto grado de desconexi\u00f3n de la realidad que tiene el Gobierno en temas b\u00e1sicos para nuestra tierra, as\u00ed como su nula capacidad de escuchar a las partes afectadas y conciliar intereses\u201d.<\/p>\n\n\n\n<p>Lo cierto es que, pese al rechazo mayoritario del proyecto de PHD, es facultad de la Confederaci\u00f3n elevarlo al Gobierno, a trav\u00e9s del Ministerio de Transici\u00f3n Ecol\u00f3gica, para que si as\u00ed lo decide se apruebe como Real Decreto, \u201cpero tendr\u00e1n que arrastrar el voto negativo del Consejo del Agua, algo que nunca hab\u00eda ocurrido y que deber\u00eda hacerles reflexionar y rectificar\u201d, apunta ASAJA.<\/p>\n","protected":false},"excerpt":{"rendered":"<p>Hoy se ha celebrado el Consejo del Agua de la demarcaci\u00f3n hidrogr\u00e1fica del Duero, convocado por la Confederaci\u00f3n Hidrogr\u00e1fica del Duero para presentar el informe sobre el Proyecto del Plan Hidrol\u00f3gico del Duero antes de ser elevado al Gobierno para su aprobaci\u00f3n. Sometido a la votaci\u00f3n, ha sido rechazado por los vocales del Consejo, con [&hellip;]<\/p>\n","protected":false},"author":9,"featured_media":8254,"comment_status":"open","ping_status":"open","sticky":false,"template":"","format":"standard","meta":{"footnotes":""},"categories":[9,29,28],"tags":[],"yoast_head":"<!-- This site is optimized with the Yoast SEO plugin v24.5 - https:\/\/yoast.com\/wordpress\/plugins\/seo\/ -->\n<title>El Consejo del Agua desaprueba el proyecto de Plan Hidrol\u00f3gico del Duero propuesto por la Confederaci\u00f3n - ASAJA Palencia<\/title>\n<meta name=\"description\" content=\"Hoy se ha celebrado el Consejo del Agua de la demarcaci\u00f3n hidrogr\u00e1fica del Duero, convocado por la Confederaci\u00f3n Hidrogr\u00e1fica del Duero para presentar el\" \/>\n<meta name=\"robots\" content=\"index, follow, max-snippet:-1, max-image-preview:large, max-video-preview:-1\" \/>\n<link rel=\"canonical\" href=\"https:\/\/www.asajacyl.com\/palencia\/asaja-palencia-informa\/el-consejo-del-agua-desaprueba-el-proyecto-de-plan-hidrologico-del-duero-propuesto-por-la-confederacion\" \/>\n<meta property=\"og:locale\" content=\"es_ES\" \/>\n<meta property=\"og:type\" content=\"article\" \/>\n<meta property=\"og:title\" content=\"El Consejo del Agua desaprueba el proyecto de Plan Hidrol\u00f3gico del Duero propuesto por la Confederaci\u00f3n - ASAJA Palencia\" \/>\n<meta property=\"og:description\" content=\"Hoy se ha celebrado el Consejo del Agua de la demarcaci\u00f3n hidrogr\u00e1fica del Duero, convocado por la Confederaci\u00f3n Hidrogr\u00e1fica del Duero para presentar el\" \/>\n<meta property=\"og:url\" content=\"https:\/\/www.asajacyl.com\/palencia\/asaja-palencia-informa\/el-consejo-del-agua-desaprueba-el-proyecto-de-plan-hidrologico-del-duero-propuesto-por-la-confederacion\" \/>\n<meta property=\"og:site_name\" content=\"ASAJA Palencia\" \/>\n<meta property=\"article:published_time\" content=\"2022-04-09T00:20:44+00:00\" \/>\n<meta property=\"article:modified_time\" content=\"2022-04-09T00:20:46+00:00\" \/>\n<meta property=\"og:image\" content=\"https:\/\/www.asajacyl.com\/palencia\/wp-content\/uploads\/sites\/3\/2021\/05\/EMBALSE-AGUILAR-2.jpg\" \/>\n\t<meta property=\"og:image:width\" content=\"1512\" \/>\n\t<meta property=\"og:image:height\" content=\"2016\" \/>\n\t<meta property=\"og:image:type\" content=\"image\/jpeg\" \/>\n<meta name=\"author\" content=\"Administrador\" \/>\n<meta name=\"twitter:card\" content=\"summary_large_image\" \/>\n<meta name=\"twitter:label1\" content=\"Escrito por\" \/>\n\t<meta name=\"twitter:data1\" content=\"Administrador\" \/>\n\t<meta name=\"twitter:label2\" content=\"Tiempo de lectura\" \/>\n\t<meta name=\"twitter:data2\" content=\"2 minutos\" \/>\n<script type=\"application\/ld+json\" class=\"yoast-schema-graph\">{\"@context\":\"https:\/\/schema.org\",\"@graph\":[{\"@type\":\"WebPage\",\"@id\":\"https:\/\/www.asajacyl.com\/palencia\/asaja-palencia-informa\/el-consejo-del-agua-desaprueba-el-proyecto-de-plan-hidrologico-del-duero-propuesto-por-la-confederacion\",\"url\":\"https:\/\/www.asajacyl.com\/palencia\/asaja-palencia-informa\/el-consejo-del-agua-desaprueba-el-proyecto-de-plan-hidrologico-del-duero-propuesto-por-la-confederacion\",\"name\":\"El Consejo del Agua desaprueba el proyecto de Plan Hidrol\u00f3gico del Duero propuesto por la Confederaci\u00f3n - ASAJA Palencia\",\"isPartOf\":{\"@id\":\"https:\/\/www.asajacyl.com\/palencia\/#website\"},\"primaryImageOfPage\":{\"@id\":\"https:\/\/www.asajacyl.com\/palencia\/asaja-palencia-informa\/el-consejo-del-agua-desaprueba-el-proyecto-de-plan-hidrologico-del-duero-propuesto-por-la-confederacion#primaryimage\"},\"image\":{\"@id\":\"https:\/\/www.asajacyl.com\/palencia\/asaja-palencia-informa\/el-consejo-del-agua-desaprueba-el-proyecto-de-plan-hidrologico-del-duero-propuesto-por-la-confederacion#primaryimage\"},\"thumbnailUrl\":\"https:\/\/www.asajacyl.com\/palencia\/wp-content\/uploads\/sites\/3\/2021\/05\/EMBALSE-AGUILAR-2.jpg\",\"datePublished\":\"2022-04-09T00:20:44+00:00\",\"dateModified\":\"2022-04-09T00:20:46+00:00\",\"author\":{\"@id\":\"https:\/\/www.asajacyl.com\/palencia\/#\/schema\/person\/3ab17aeb03527485c317557fae64aab1\"},\"description\":\"Hoy se ha celebrado el Consejo del Agua de la demarcaci\u00f3n hidrogr\u00e1fica del Duero, convocado por la Confederaci\u00f3n Hidrogr\u00e1fica del Duero para presentar el\",\"breadcrumb\":{\"@id\":\"https:\/\/www.asajacyl.com\/palencia\/asaja-palencia-informa\/el-consejo-del-agua-desaprueba-el-proyecto-de-plan-hidrologico-del-duero-propuesto-por-la-confederacion#breadcrumb\"},\"inLanguage\":\"es\",\"potentialAction\":[{\"@type\":\"ReadAction\",\"target\":[\"https:\/\/www.asajacyl.com\/palencia\/asaja-palencia-informa\/el-consejo-del-agua-desaprueba-el-proyecto-de-plan-hidrologico-del-duero-propuesto-por-la-confederacion\"]}]},{\"@type\":\"ImageObject\",\"inLanguage\":\"es\",\"@id\":\"https:\/\/www.asajacyl.com\/palencia\/asaja-palencia-informa\/el-consejo-del-agua-desaprueba-el-proyecto-de-plan-hidrologico-del-duero-propuesto-por-la-confederacion#primaryimage\",\"url\":\"https:\/\/www.asajacyl.com\/palencia\/wp-content\/uploads\/sites\/3\/2021\/05\/EMBALSE-AGUILAR-2.jpg\",\"contentUrl\":\"https:\/\/www.asajacyl.com\/palencia\/wp-content\/uploads\/sites\/3\/2021\/05\/EMBALSE-AGUILAR-2.jpg\",\"width\":1512,\"height\":2016},{\"@type\":\"BreadcrumbList\",\"@id\":\"https:\/\/www.asajacyl.com\/palencia\/asaja-palencia-informa\/el-consejo-del-agua-desaprueba-el-proyecto-de-plan-hidrologico-del-duero-propuesto-por-la-confederacion#breadcrumb\",\"itemListElement\":[{\"@type\":\"ListItem\",\"position\":1,\"name\":\"Portada\",\"item\":\"https:\/\/www.asajacyl.com\/palencia\/\"},{\"@type\":\"ListItem\",\"position\":2,\"name\":\"El Consejo del Agua desaprueba el proyecto de Plan Hidrol\u00f3gico del Duero propuesto por la Confederaci\u00f3n\"}]},{\"@type\":\"WebSite\",\"@id\":\"https:\/\/www.asajacyl.com\/palencia\/#website\",\"url\":\"https:\/\/www.asajacyl.com\/palencia\/\",\"name\":\"ASAJA Palencia\",\"description\":\"Otro sitio m\u00e1s de Provincias ASAJA Castilla y Le\u00f3n\",\"potentialAction\":[{\"@type\":\"SearchAction\",\"target\":{\"@type\":\"EntryPoint\",\"urlTemplate\":\"https:\/\/www.asajacyl.com\/palencia\/?s={search_term_string}\"},\"query-input\":{\"@type\":\"PropertyValueSpecification\",\"valueRequired\":true,\"valueName\":\"search_term_string\"}}],\"inLanguage\":\"es\"},{\"@type\":\"Person\",\"@id\":\"https:\/\/www.asajacyl.com\/palencia\/#\/schema\/person\/3ab17aeb03527485c317557fae64aab1\",\"name\":\"Administrador\",\"image\":{\"@type\":\"ImageObject\",\"inLanguage\":\"es\",\"@id\":\"https:\/\/www.asajacyl.com\/palencia\/#\/schema\/person\/image\/\",\"url\":\"https:\/\/secure.gravatar.com\/avatar\/517384810d242ca9e38c180f3c9fb973?s=96&d=mm&r=g\",\"contentUrl\":\"https:\/\/secure.gravatar.com\/avatar\/517384810d242ca9e38c180f3c9fb973?s=96&d=mm&r=g\",\"caption\":\"Administrador\"},\"url\":\"https:\/\/www.asajacyl.com\/palencia\/author\/carlosrm\"}]}<\/script>\n<!-- \/ Yoast SEO plugin. -->","yoast_head_json":{"title":"El Consejo del Agua desaprueba el proyecto de Plan Hidrol\u00f3gico del Duero propuesto por la Confederaci\u00f3n - ASAJA Palencia","description":"Hoy se ha celebrado el Consejo del Agua de la demarcaci\u00f3n hidrogr\u00e1fica del Duero, convocado por la Confederaci\u00f3n Hidrogr\u00e1fica del Duero para presentar el","robots":{"index":"index","follow":"follow","max-snippet":"max-snippet:-1","max-image-preview":"max-image-preview:large","max-video-preview":"max-video-preview:-1"},"canonical":"https:\/\/www.asajacyl.com\/palencia\/asaja-palencia-informa\/el-consejo-del-agua-desaprueba-el-proyecto-de-plan-hidrologico-del-duero-propuesto-por-la-confederacion","og_locale":"es_ES","og_type":"article","og_title":"El Consejo del Agua desaprueba el proyecto de Plan Hidrol\u00f3gico del Duero propuesto por la Confederaci\u00f3n - ASAJA Palencia","og_description":"Hoy se ha celebrado el Consejo del Agua de la demarcaci\u00f3n hidrogr\u00e1fica del Duero, convocado por la Confederaci\u00f3n Hidrogr\u00e1fica del Duero para presentar el","og_url":"https:\/\/www.asajacyl.com\/palencia\/asaja-palencia-informa\/el-consejo-del-agua-desaprueba-el-proyecto-de-plan-hidrologico-del-duero-propuesto-por-la-confederacion","og_site_name":"ASAJA Palencia","article_published_time":"2022-04-09T00:20:44+00:00","article_modified_time":"2022-04-09T00:20:46+00:00","og_image":[{"width":1512,"height":2016,"url":"https:\/\/www.asajacyl.com\/palencia\/wp-content\/uploads\/sites\/3\/2021\/05\/EMBALSE-AGUILAR-2.jpg","type":"image\/jpeg"}],"author":"Administrador","twitter_card":"summary_large_image","twitter_misc":{"Escrito por":"Administrador","Tiempo de lectura":"2 minutos"},"schema":{"@context":"https:\/\/schema.org","@graph":[{"@type":"WebPage","@id":"https:\/\/www.asajacyl.com\/palencia\/asaja-palencia-informa\/el-consejo-del-agua-desaprueba-el-proyecto-de-plan-hidrologico-del-duero-propuesto-por-la-confederacion","url":"https:\/\/www.asajacyl.com\/palencia\/asaja-palencia-informa\/el-consejo-del-agua-desaprueba-el-proyecto-de-plan-hidrologico-del-duero-propuesto-por-la-confederacion","name":"El Consejo del Agua desaprueba el proyecto de Plan Hidrol\u00f3gico del Duero propuesto por la Confederaci\u00f3n - ASAJA Palencia","isPartOf":{"@id":"https:\/\/www.asajacyl.com\/palencia\/#website"},"primaryImageOfPage":{"@id":"https:\/\/www.asajacyl.com\/palencia\/asaja-palencia-informa\/el-consejo-del-agua-desaprueba-el-proyecto-de-plan-hidrologico-del-duero-propuesto-por-la-confederacion#primaryimage"},"image":{"@id":"https:\/\/www.asajacyl.com\/palencia\/asaja-palencia-informa\/el-consejo-del-agua-desaprueba-el-proyecto-de-plan-hidrologico-del-duero-propuesto-por-la-confederacion#primaryimage"},"thumbnailUrl":"https:\/\/www.asajacyl.com\/palencia\/wp-content\/uploads\/sites\/3\/2021\/05\/EMBALSE-AGUILAR-2.jpg","datePublished":"2022-04-09T00:20:44+00:00","dateModified":"2022-04-09T00:20:46+00:00","author":{"@id":"https:\/\/www.asajacyl.com\/palencia\/#\/schema\/person\/3ab17aeb03527485c317557fae64aab1"},"description":"Hoy se ha celebrado el Consejo del Agua de la demarcaci\u00f3n hidrogr\u00e1fica del Duero, convocado por la Confederaci\u00f3n Hidrogr\u00e1fica del Duero para presentar el","breadcrumb":{"@id":"https:\/\/www.asajacyl.com\/palencia\/asaja-palencia-informa\/el-consejo-del-agua-desaprueba-el-proyecto-de-plan-hidrologico-del-duero-propuesto-por-la-confederacion#breadcrumb"},"inLanguage":"es","potentialAction":[{"@type":"ReadAction","target":["https:\/\/www.asajacyl.com\/palencia\/asaja-palencia-informa\/el-consejo-del-agua-desaprueba-el-proyecto-de-plan-hidrologico-del-duero-propuesto-por-la-confederacion"]}]},{"@type":"ImageObject","inLanguage":"es","@id":"https:\/\/www.asajacyl.com\/palencia\/asaja-palencia-informa\/el-consejo-del-agua-desaprueba-el-proyecto-de-plan-hidrologico-del-duero-propuesto-por-la-confederacion#primaryimage","url":"https:\/\/www.asajacyl.com\/palencia\/wp-content\/uploads\/sites\/3\/2021\/05\/EMBALSE-AGUILAR-2.jpg","contentUrl":"https:\/\/www.asajacyl.com\/palencia\/wp-content\/uploads\/sites\/3\/2021\/05\/EMBALSE-AGUILAR-2.jpg","width":1512,"height":2016},{"@type":"BreadcrumbList","@id":"https:\/\/www.asajacyl.com\/palencia\/asaja-palencia-informa\/el-consejo-del-agua-desaprueba-el-proyecto-de-plan-hidrologico-del-duero-propuesto-por-la-confederacion#breadcrumb","itemListElement":[{"@type":"ListItem","position":1,"name":"Portada","item":"https:\/\/www.asajacyl.com\/palencia\/"},{"@type":"ListItem","position":2,"name":"El Consejo del Agua desaprueba el proyecto de Plan Hidrol\u00f3gico del Duero propuesto por la Confederaci\u00f3n"}]},{"@type":"WebSite","@id":"https:\/\/www.asajacyl.com\/palencia\/#website","url":"https:\/\/www.asajacyl.com\/palencia\/","name":"ASAJA Palencia","description":"Otro sitio m\u00e1s de Provincias ASAJA Castilla y Le\u00f3n","potentialAction":[{"@type":"SearchAction","target":{"@type":"EntryPoint","urlTemplate":"https:\/\/www.asajacyl.com\/palencia\/?s={search_term_string}"},"query-input":{"@type":"PropertyValueSpecification","valueRequired":true,"valueName":"search_term_string"}}],"inLanguage":"es"},{"@type":"Person","@id":"https:\/\/www.asajacyl.com\/palencia\/#\/schema\/person\/3ab17aeb03527485c317557fae64aab1","name":"Administrador","image":{"@type":"ImageObject","inLanguage":"es","@id":"https:\/\/www.asajacyl.com\/palencia\/#\/schema\/person\/image\/","url":"https:\/\/secure.gravatar.com\/avatar\/517384810d242ca9e38c180f3c9fb973?s=96&d=mm&r=g","contentUrl":"https:\/\/secure.gravatar.com\/avatar\/517384810d242ca9e38c180f3c9fb973?s=96&d=mm&r=g","caption":"Administrador"},"url":"https:\/\/www.asajacyl.com\/palencia\/author\/carlosrm"}]}},"_links":{"self":[{"href":"https:\/\/www.asajacyl.com\/palencia\/wp-json\/wp\/v2\/posts\/10223"}],"collection":[{"href":"https:\/\/www.asajacyl.com\/palencia\/wp-json\/wp\/v2\/posts"}],"about":[{"href":"https:\/\/www.asajacyl.com\/palencia\/wp-json\/wp\/v2\/types\/post"}],"author":[{"embeddable":true,"href":"https:\/\/www.asajacyl.com\/palencia\/wp-json\/wp\/v2\/users\/9"}],"replies":[{"embeddable":true,"href":"https:\/\/www.asajacyl.com\/palencia\/wp-json\/wp\/v2\/comments?post=10223"}],"version-history":[{"count":1,"href":"https:\/\/www.asajacyl.com\/palencia\/wp-json\/wp\/v2\/posts\/10223\/revisions"}],"predecessor-version":[{"id":10224,"href":"https:\/\/www.asajacyl.com\/palencia\/wp-json\/wp\/v2\/posts\/10223\/revisions\/10224"}],"wp:featuredmedia":[{"embeddable":true,"href":"https:\/\/www.asajacyl.com\/palencia\/wp-json\/wp\/v2\/media\/8254"}],"wp:attachment":[{"href":"https:\/\/www.asajacyl.com\/palencia\/wp-json\/wp\/v2\/media?parent=10223"}],"wp:term":[{"taxonomy":"category","embeddable":true,"href":"https:\/\/www.asajacyl.com\/palencia\/wp-json\/wp\/v2\/categories?post=10223"},{"taxonomy":"post_tag","embeddable":true,"href":"https:\/\/www.asajacyl.com\/palencia\/wp-json\/wp\/v2\/tags?post=10223"}],"curies":[{"name":"wp","href":"https:\/\/api.w.org\/{rel}","templated":true}]}}